{"id":700,"date":"2013-09-24T09:15:59","date_gmt":"2013-09-24T08:15:59","guid":{"rendered":"http:\/\/dev.revue-rsr.com\/?p=700"},"modified":"2025-01-10T12:19:51","modified_gmt":"2025-01-10T11:19:51","slug":"lexperience-chretienne-sollicitee","status":"publish","type":"post","link":"https:\/\/dev.centtreize.com\/rsr\/edito\/lexperience-chretienne-sollicitee\/","title":{"rendered":"C&rsquo;est \u00e0 une crise culturelle sans pr\u00e9c\u00e9dent&#8230;"},"content":{"rendered":"<p><em>C\u2019est \u00e0 une crise culturelle sans pr\u00e9c\u00e9dent que le christianisme europ\u00e9en se\u00a0trouve aujourd\u2019hui confront\u00e9, et particuli\u00e8rement dans le champ de l\u2019anthropologie. Jusqu\u2019\u00e0 une \u00e9poque r\u00e9cente, les contestations dont il faisait l\u2019objet n\u2019emp\u00eachaient pas&nbsp;\u2013 du moins de fa\u00e7on g\u00e9n\u00e9rale&nbsp;\u2013 un certain consensus de fond&nbsp;: sur les repr\u00e9sentations \u00e9l\u00e9mentaires de l\u2019\u00eatre humain, de la diff\u00e9rence homme-femme, de la vie en soci\u00e9t\u00e9, ou encore du rapport \u00e0 la nature. D\u00e9sormais, nous sommes dans un monde o\u00f9 ces repr\u00e9sentations ne vont plus de soi pour un certain nombre de nos contemporains, personnes ou groupes. Ce ne sont pas simplement des&nbsp;\u00ab&nbsp;valeurs&nbsp;\u00bb traditionnelles qui seraient concurrenc\u00e9es par de nouveaux id\u00e9aux. Sont en cause les grandes symboliques qui ont puissamment contribu\u00e9 \u00e0 fa\u00e7onner la soci\u00e9t\u00e9 europ\u00e9enne. Or, ces symboliques sont largement redevables de la tradition jud\u00e9o-chr\u00e9tienne et des traditions gr\u00e9co-romaines (ou plus pr\u00e9cis\u00e9ment du travail pluris\u00e9culaire que la tradition jud\u00e9o-chr\u00e9tienne a op\u00e9r\u00e9 sur ces traditions gr\u00e9co-romaines). Ainsi, des valeurs essentielles \u00e0 la modernit\u00e9 occidentale \u00e9taient elles-m\u00eames tributaires, et dans une large mesure, de la tradition jud\u00e9o-chr\u00e9tienne. <\/em><br \/>\n<em> \u00c0 ce titre, deux exemples sont particuli\u00e8rement significatifs, celui de la diff\u00e9rence homme-femme et celui du rapport \u00e0 la nature. \u00c0 propos du premier, la tradition non seulement jud\u00e9o-chr\u00e9tienne mais humaniste de l\u2019Occident se trouve d\u00e9sormais aux prises avec les th\u00e9ories du gender, et, surtout, avec des pratiques sociales et culturelles qui \u00e9branlent bien des repr\u00e9sentations h\u00e9rit\u00e9es. Certes, on est ici en pr\u00e9sence de positions tr\u00e8s diverses, plus ou moins radicales selon les cas. Le christianisme est en tout cas interrog\u00e9&nbsp;: comment rendre compte, dans ce contexte, d\u2019une tradition qui a toujours donn\u00e9 une grande place \u00e0 la diff\u00e9rence homme-femme&nbsp;? L\u2019autre exemple, celui du rapport \u00e0 la nature, et sp\u00e9cialement de la place de l\u2019homme dans la nature, pr\u00e9sente des \u00e9volutions qui tendent \u00e0 relativiser cette place au nom d\u2019arguments eux-m\u00eames tr\u00e8s divers. Ici encore, le christianisme, et plus largement la tradition jud\u00e9o-chr\u00e9tienne, se trouve interrog\u00e9, compte tenu de son insistance sur la sp\u00e9cificit\u00e9 de l\u2019\u00eatre humain et sur sa destin\u00e9e unique. <\/em><br \/>\n<em>Face \u00e0 ces d\u00e9fis, le colloque des RSR en novembre prochain, se propose plusieurs objectifs&nbsp;: tenter d\u2019abord d\u2019identifier la sp\u00e9cifique nouveaut\u00e9 de notre situation culturelle, en privil\u00e9giant la th\u00e9matique de la diff\u00e9rence, ou plut\u00f4t, de ce qui \u00e9branle aujourd\u2019hui la compr\u00e9hension traditionnelle de la diff\u00e9rence, que ce soit dans le cas de la diff\u00e9rence homme-femme, ou \u00e0 propos de l\u2019\u00ab&nbsp;exception humaine&nbsp;\u00bb dans le monde&nbsp;; discuter ensuite des tentatives th\u00e9ologiques qui, jusqu\u2019\u00e0 un certain point, s\u2019efforcent d\u2019int\u00e9grer les nouvelles repr\u00e9sentations de la relation homme-femme ou du rapport \u00e0 la nature (les th\u00e9ologies f\u00e9ministes, elles-m\u00eames tr\u00e8s diverses&nbsp;; les th\u00e9ologies \u00e9cologiques\u2026)&nbsp;; et surtout, s\u2019interroger sur ce qui, par rapport \u00e0 toutes ces \u00e9volutions, peut servir de rep\u00e8re ou de&nbsp;\u00ab&nbsp;boussole&nbsp;\u00bb. <\/em><br \/>\n<em> Plus fondamentalement, \u00e0 quoi la tradition chr\u00e9tienne peut-elle ou doit-elle \u00eatre l\u00e9gitimement rattach\u00e9e dans ce contexte&nbsp;? Compte tenu de l\u2019histoire qui est la sienne et de la conscience historique qu\u2019elle a ainsi d\u00e9velopp\u00e9e, qu\u2019est-ce qu\u2019il para\u00eet vital de tenir, non seulement pour l\u2019avenir du christianisme, mais d\u2019abord pour celui m\u00eame de la soci\u00e9t\u00e9&nbsp;? Comment, dans ce contexte, d\u00e9velopper une&nbsp;\u00ab&nbsp;anthropologie de la diff\u00e9rence&nbsp;\u00bb qui soit fond\u00e9e du point de vue chr\u00e9tien en m\u00eame temps qu\u2019audible dans la situation culturelle de notre temps&nbsp;?<\/em><\/p>\n<p><em> Tout en mesurant l\u2019importance de la rupture culturelle intervenue en Europe, l\u2019enjeu est donc de faire appara\u00eetre les ressources dont le christianisme lui-m\u00eame est porteur, pouvant lui permettre de faire entendre sa voix dans le contexte pr\u00e9sent&nbsp;\u2013 tant \u00e0 partir de ses \u00c9critures que de sa tradition dogmatique. Les quatre articles de ce num\u00e9ro pr\u00e9paratoire ont pour objectif de pr\u00e9ciser les contours de cette probl\u00e9matique et d\u2019en proposer une premi\u00e8re exploration. Les deux premiers se situent dans le champ de la philosophie et de l\u2019anthropologie culturelle. Tout en mettant en place les cat\u00e9gories d\u2019&nbsp;\u00ab&nbsp;alt\u00e9rit\u00e9&nbsp;\u00bb et de&nbsp;\u00ab&nbsp;diff\u00e9rence&nbsp;\u00bb, Olivier Rey traverse les deux terrains o\u00f9 elles sont plus particuli\u00e8rement en jeu&nbsp;: la diff\u00e9rence entre&nbsp;\u00ab&nbsp;l\u2019humain&nbsp;\u00bb et le&nbsp;\u00ab&nbsp;non humain&nbsp;\u00bb, et la diff\u00e9rence entre homme et femme. Sur cette base, il analyse la mise en cause, \u00e0 l\u2019\u00e9poque moderne, de l\u2019importance structurante de la diff\u00e9rence des sexes pour les soci\u00e9t\u00e9s humaines et s\u2019interroge sur les motifs qui nourrissent sa contestation. Nos soci\u00e9t\u00e9s contemporaines se trouvent en tout cas devant une difficult\u00e9 fondamentale qui est celle de g\u00e9rer le conflit entre la demande de reconnaissance de toutes les diff\u00e9rences, et l\u2019exigence<\/em><br \/>\n<em> concomitante d\u2019\u00e9galit\u00e9&nbsp;; difficult\u00e9 qui risque de se transformer en contradiction, et qui, en tout cas, ne peut trouver de solution que par des&nbsp;\u00ab&nbsp;accommodements raisonnables&nbsp;\u00bb.<\/em><br \/>\n<em> Jean-Marie Donegani se situe sur le m\u00eame terrain, mais r\u00e9fl\u00e9chit davantage en sociologue et anthropologue \u00e0 la crise interne \u00e0 la modernit\u00e9, cette crise qui\u00a0est li\u00e9e pour une large part \u00e0 l\u2019ind\u00e9termination des fins politiques&nbsp;; d\u2019o\u00f9 la difficult\u00e9\u00a0de nos d\u00e9mocraties lib\u00e9rales \u00e0 la g\u00e9rer de mani\u00e8re pragmatique. Priv\u00e9es par\u00a0principe de tout fondement absolu, elles sont travers\u00e9es par le pluralisme radical\u00a0des convictions et repr\u00e9sentations du monde. Le diagnostic de la crise d\u2019identit\u00e9,\u00a0voire du&nbsp;\u00ab&nbsp;d\u00e9clin&nbsp;\u00bb ou, selon certains, du&nbsp;\u00ab&nbsp;suicide culturel&nbsp;\u00bb de l\u2019Europe, est alors fr\u00e9quemment pos\u00e9 sous l\u2019\u00e9gide d\u2019une critique de ce caract\u00e8re ind\u00e9termin\u00e9 et immanent de notre organisation politique, quoi qu\u2019il en soit de la r\u00e9f\u00e9rence au patrimoine religieux et chr\u00e9tien de l\u2019Occident. Or l\u2019universalisme religieux et chr\u00e9tien<\/em><br \/>\n<em> s\u2019av\u00e8re d\u00e9sormais radicalement particularis\u00e9 face \u00e0 la prise en compte d\u2019autres types d\u2019humanit\u00e9. Ainsi se dessine une configuration fortement conflictuelle et en quelque sorte binaire, que Donegani d\u00e9cline en traversant la&nbsp;\u00ab&nbsp;crise du sujet&nbsp;\u00bb, la&nbsp;\u00ab&nbsp;crise de la diff\u00e9rence&nbsp;\u00bb (avec la question du gender) et la&nbsp;\u00ab&nbsp;crise de l\u2019universel&nbsp;\u00bb, le catholicisme \u00e9tant affront\u00e9, dans cette situation, \u00e0 la tentation du retrait&nbsp;\u00ab&nbsp;communautariste\u00bb, et \u00e0 une crispation, en son sein, sur une anthropologie ramass\u00e9e sur le paradigme de la diff\u00e9rence sexuelle.<\/em><br \/>\n<em> D\u00e8s ces premiers articles, s\u2019affirment des positions diff\u00e9rentes, l\u2019une argumentant (en incluant des arguments linguistiques) en faveur de&nbsp;\u00ab&nbsp;l\u2019importance structurante de la diff\u00e9rence des sexes pour les soci\u00e9t\u00e9s humaines&nbsp;\u00bb, et l\u2019autre mettant en lumi\u00e8re les contradictions internes des magist\u00e8res religieux et analytiques , surtout quand ils s\u2019opposent au nominalisme et \u00e0 l\u2019artificialisme des Modernes et militent pour un pacte de confiance entre les mots et les choses, entre l\u2019ordre r\u00e9f\u00e9rentiel et celui du langage. Les contours du d\u00e9bat qui aura lieu pendant le colloque sont donc dessin\u00e9s, la terminologie de la&nbsp;\u00ab&nbsp;grammaire de l\u2019humain&nbsp;\u00bb offrant peut-\u00eatre un terrain possible d\u2019entente, \u00e0 condition de ne pas confondre la structure grammaticale d\u2019un texte et le contenu textuel g\u00e9n\u00e9r\u00e9 par cette grammaire. Les deux articles suivants amorcent la question des ressources dont disposent nos traditions pour affronter cette nouvelle situation culturelle. Il a sembl\u00e9 n\u00e9cessaire d\u2019honorer d\u2019embl\u00e9e la pluralit\u00e9 des traditions et d\u2019adopter \u00e9galement un point<\/em><br \/>\n<em> de vue extra-europ\u00e9en. Ainsi sommes- nous renvoy\u00e9s, de mani\u00e8re nouvelle, \u00e0 notre propre vision des choses, aux acquis et aux incertitudes de notre identit\u00e9 europ\u00e9enne, chr\u00e9tienne, \u00e0 faire entrer dans un processus nouveau d\u2019apprentissage. <\/em><br \/>\n<em> Dans cette perspective Jacques Scheuer analyse en sp\u00e9cialiste de l\u2019hindouisme, l\u2019univers diff\u00e9renci\u00e9 et ritualis\u00e9 du dharma avec ses classes, castes et \u00e9tapes de vie qui engagent \u00e9galement les relations entre sexes comme avec le monde animal et le monde du divin. L\u2019\u00e9mergence de la figure du renon\u00e7ant fait surgir un paradoxe, rep\u00e9r\u00e9 pour la premi\u00e8re fois par l\u2019anthropologue Louis Dumont et d\u00e9j\u00e0 cit\u00e9 par Olivier Rey, au sujet du conflit entre reconnaissance des diff\u00e9rences et \u00e9galit\u00e9.\u00a0\u00c0 ce paradoxe l\u2019occidental est particuli\u00e8rement sensible&nbsp;:&nbsp;\u00ab&nbsp;En quittant le monde, le renon\u00e7ant s\u2019est vu soudain pourvu d\u2019une individualit\u00e9, incommode sans doute, qu\u2019il lui faut transcender ou \u00e9teindre. Sa pens\u00e9e est celle d\u2019un individu. C\u2019est le trait essentiel qui l\u2019oppose \u00e0 l\u2019homme-dans-le-monde.&nbsp;\u00bb (Homo hierarchicus, p. 336). La fin de l\u2019article fait alors intervenir l\u2019Inde moderne, montrant bri\u00e8vement comment les exacerbations du syst\u00e8me de diff\u00e9rences et ses ressources internes permettent des recompositions \u00e0 la fois souples et non pourvues d\u2019ambigu\u00eft\u00e9s, voire de violences, pas tr\u00e8s \u00e9loign\u00e9es de ce que nous pouvons d\u00e9signer en Occident comme des&nbsp;\u00ab&nbsp;accommodements raisonnables&nbsp;\u00bb.<\/em><br \/>\n<em> Le dernier article de ce num\u00e9ro pr\u00e9paratoire se tourne alors vers la tradition biblique, et plus particuli\u00e8rement vers l\u2019Ancien Testament. Andr\u00e9 W\u00e9nin rappelle que, sur les deux questions, la diff\u00e9rence entre l\u2019humain et la nature comme entre l\u2019homme et la femme, les r\u00e9cits de la Gen\u00e8se et leurs reprises v\u00e9t\u00e9rotestamentaires sont bien plus complexes et subtils que ne le laissent percevoir leur interpr\u00e9tation n\u00e9otestamentaire et, surtout, leur utilisation ult\u00e9rieure pour fonder une anthropologie essentialiste. L\u2019article amorce donc un travail de r\u00e9interpr\u00e9tation de la tradition chr\u00e9tienne, rendu possible gr\u00e2ce \u00e0 un questionnement nouveau en fonction d\u2019autres probl\u00e9matiques, gr\u00e2ce au prisme d\u2019autres cultures, et moyennant de nouvelles approches m\u00e9thodologiques. L\u2019enjeu de ces textes n\u2019est pas tant de savoir ce qu\u2019est&nbsp;\u00ab&nbsp;l\u2019homme&nbsp;\u00bb et&nbsp;\u00ab&nbsp;la femme&nbsp;\u00bb au sein de la nature, mais de penser comment telle ou tel vont conjuguer leurs singularit\u00e9s dans le contexte d\u2019alt\u00e9rit\u00e9s multiples.<\/em><br \/>\n<em> C\u2019est par cette relecture critique de la tradition chr\u00e9tienne que d\u00e9butera le colloque, le but \u00e9tant de repenser, dans une perspective \u00e0 la fois biblique et philosophique, les ressources propres du christianisme en soulignant plus particuli\u00e8rement l\u2019orientation eschatologique de cette tradition. C\u2019est \u00e0 partir de cette relecture que nous reviendrons au diagnostic&nbsp;\u2013 controvers\u00e9&nbsp;\u2013 de la crise culturelle de l\u2019Europe, avant d\u2019engager une r\u00e9flexion sur la&nbsp;\u00ab&nbsp;grammaire de l\u2019humain&nbsp;\u00bb qui s\u2019inspire du point de vue chr\u00e9tien, tout en voulant rester audible dans la situation culturelle de notre temps.<\/em><\/p>\n","protected":false},"excerpt":{"rendered":"<p>C\u2019est \u00e0 une crise culturelle sans pr\u00e9c\u00e9dent que le christianisme europ\u00e9en se\u00a0trouve aujourd\u2019hui confront\u00e9, et particuli\u00e8rement dans le champ de l\u2019anthropologie. Jusqu\u2019\u00e0 une \u00e9poque r\u00e9cente, les contestations dont il faisait l\u2019objet n\u2019emp\u00eachaient pas&nbsp;\u2013 du moins de fa\u00e7on g\u00e9n\u00e9rale&nbsp;\u2013 un certain consensus de fond&nbsp;: sur les repr\u00e9sentations \u00e9l\u00e9mentaires de l\u2019\u00eatre humain, de la diff\u00e9rence homme-femme, de la vie en soci\u00e9t\u00e9, ou encore du rapport \u00e0 la nature. D\u00e9sormais, nous sommes dans un monde o\u00f9 ces repr\u00e9sentations ne vont plus de soi pour un certain nombre de nos contemporains, personnes ou groupes. Ce ne sont pas simplement des&nbsp;\u00ab&nbsp;valeurs&nbsp;\u00bb traditionnelles qui seraient concurrenc\u00e9es par de nouveaux id\u00e9aux. Sont en cause les grandes symboliques qui ont puissamment contribu\u00e9 \u00e0 fa\u00e7onner la soci\u00e9t\u00e9 europ\u00e9enne. Or, ces symboliques sont largement redevables de la tradition jud\u00e9o-chr\u00e9tienne et des traditions gr\u00e9co-romaines (ou plus pr\u00e9cis\u00e9ment du travail pluris\u00e9culaire que la tradition jud\u00e9o-chr\u00e9tienne a op\u00e9r\u00e9 sur ces traditions gr\u00e9co-romaines). Ainsi, des valeurs essentielles \u00e0 la modernit\u00e9 occidentale \u00e9taient elles-m\u00eames tributaires,<a class=\"read-more\" href=\"https:\/\/dev.centtreize.com\/rsr\/edito\/lexperience-chretienne-sollicitee\/\"><\/a><\/p>\n","protected":false},"author":2,"featured_media":0,"comment_status":"closed","ping_status":"closed","sticky":false,"template":"","format":"standard","meta":{"_acf_changed":false,"footnotes":""},"categories":[8],"tags":[31,1094,23,30],"keywords":[],"class_list":["post-700","post","type-post","status-publish","format-standard","hentry","category-edito","tag-christianisme","tag-colloque","tag-crise","tag-difference"],"acf":[],"yoast_head":"<!-- This site is optimized with the Yoast SEO plugin v27.2 - https:\/\/yoast.com\/product\/yoast-seo-wordpress\/ -->\n<title>C&#039;est \u00e0 une crise culturelle sans pr\u00e9c\u00e9dent... - Recherches de Science Religieuse<\/title>\n<meta name=\"robots\" content=\"index, follow, max-snippet:-1, max-image-preview:large, max-video-preview:-1\" \/>\n<link rel=\"canonical\" href=\"https:\/\/dev.centtreize.com\/rsr\/edito\/lexperience-chretienne-sollicitee\/\" \/>\n<meta property=\"og:locale\" content=\"fr_FR\" \/>\n<meta property=\"og:type\" content=\"article\" \/>\n<meta property=\"og:title\" content=\"C&#039;est \u00e0 une crise culturelle sans pr\u00e9c\u00e9dent... - Recherches de Science Religieuse\" \/>\n<meta property=\"og:description\" content=\"C\u2019est \u00e0 une crise culturelle sans pr\u00e9c\u00e9dent que le christianisme europ\u00e9en se\u00a0trouve aujourd\u2019hui confront\u00e9, et particuli\u00e8rement dans le champ de l\u2019anthropologie. Jusqu\u2019\u00e0 une \u00e9poque r\u00e9cente, les contestations dont il faisait l\u2019objet n\u2019emp\u00eachaient pas&nbsp;\u2013 du moins de fa\u00e7on g\u00e9n\u00e9rale&nbsp;\u2013 un certain consensus de fond&nbsp;: sur les repr\u00e9sentations \u00e9l\u00e9mentaires de l\u2019\u00eatre humain, de la diff\u00e9rence homme-femme, de la vie en soci\u00e9t\u00e9, ou encore du rapport \u00e0 la nature. D\u00e9sormais, nous sommes dans un monde o\u00f9 ces repr\u00e9sentations ne vont plus de soi pour un certain nombre de nos contemporains, personnes ou groupes. Ce ne sont pas simplement des&nbsp;\u00ab&nbsp;valeurs&nbsp;\u00bb traditionnelles qui seraient concurrenc\u00e9es par de nouveaux id\u00e9aux. Sont en cause les grandes symboliques qui ont puissamment contribu\u00e9 \u00e0 fa\u00e7onner la soci\u00e9t\u00e9 europ\u00e9enne. Or, ces symboliques sont largement redevables de la tradition jud\u00e9o-chr\u00e9tienne et des traditions gr\u00e9co-romaines (ou plus pr\u00e9cis\u00e9ment du travail pluris\u00e9culaire que la tradition jud\u00e9o-chr\u00e9tienne a op\u00e9r\u00e9 sur ces traditions gr\u00e9co-romaines). Ainsi, des valeurs essentielles \u00e0 la modernit\u00e9 occidentale \u00e9taient elles-m\u00eames tributaires,\" \/>\n<meta property=\"og:url\" content=\"https:\/\/dev.centtreize.com\/rsr\/edito\/lexperience-chretienne-sollicitee\/\" \/>\n<meta property=\"og:site_name\" content=\"Recherches de Science Religieuse\" \/>\n<meta property=\"article:published_time\" content=\"2013-09-24T08:15:59+00:00\" \/>\n<meta property=\"article:modified_time\" content=\"2025-01-10T11:19:51+00:00\" \/>\n<meta name=\"author\" content=\"H\u00e9l\u00e8ne\" \/>\n<meta name=\"twitter:card\" content=\"summary_large_image\" \/>\n<meta name=\"twitter:label1\" content=\"\u00c9crit par\" \/>\n\t<meta name=\"twitter:data1\" content=\"H\u00e9l\u00e8ne\" \/>\n\t<meta name=\"twitter:label2\" content=\"Dur\u00e9e de lecture estim\u00e9e\" \/>\n\t<meta name=\"twitter:data2\" content=\"9 minutes\" \/>\n<script type=\"application\/ld+json\" class=\"yoast-schema-graph\">{\"@context\":\"https:\/\/schema.org\",\"@graph\":[{\"@type\":\"Article\",\"@id\":\"https:\/\/dev.centtreize.com\/rsr\/edito\/lexperience-chretienne-sollicitee\/#article\",\"isPartOf\":{\"@id\":\"https:\/\/dev.centtreize.com\/rsr\/edito\/lexperience-chretienne-sollicitee\/\"},\"author\":{\"name\":\"H\u00e9l\u00e8ne\",\"@id\":\"https:\/\/dev.centtreize.com\/rsr\/#\/schema\/person\/eb039ce63dcbc3fec0a6b81e43e29ad3\"},\"headline\":\"C&rsquo;est \u00e0 une crise culturelle sans pr\u00e9c\u00e9dent&#8230;\",\"datePublished\":\"2013-09-24T08:15:59+00:00\",\"dateModified\":\"2025-01-10T11:19:51+00:00\",\"mainEntityOfPage\":{\"@id\":\"https:\/\/dev.centtreize.com\/rsr\/edito\/lexperience-chretienne-sollicitee\/\"},\"wordCount\":1805,\"publisher\":{\"@id\":\"https:\/\/dev.centtreize.com\/rsr\/#organization\"},\"keywords\":[\"christianisme\",\"colloque\",\"crise\",\"diff\u00e9rence\"],\"articleSection\":[\"edito\"],\"inLanguage\":\"fr-FR\"},{\"@type\":\"WebPage\",\"@id\":\"https:\/\/dev.centtreize.com\/rsr\/edito\/lexperience-chretienne-sollicitee\/\",\"url\":\"https:\/\/dev.centtreize.com\/rsr\/edito\/lexperience-chretienne-sollicitee\/\",\"name\":\"C'est \u00e0 une crise culturelle sans pr\u00e9c\u00e9dent... - Recherches de Science Religieuse\",\"isPartOf\":{\"@id\":\"https:\/\/dev.centtreize.com\/rsr\/#website\"},\"datePublished\":\"2013-09-24T08:15:59+00:00\",\"dateModified\":\"2025-01-10T11:19:51+00:00\",\"breadcrumb\":{\"@id\":\"https:\/\/dev.centtreize.com\/rsr\/edito\/lexperience-chretienne-sollicitee\/#breadcrumb\"},\"inLanguage\":\"fr-FR\",\"potentialAction\":[{\"@type\":\"ReadAction\",\"target\":[\"https:\/\/dev.centtreize.com\/rsr\/edito\/lexperience-chretienne-sollicitee\/\"]}]},{\"@type\":\"BreadcrumbList\",\"@id\":\"https:\/\/dev.centtreize.com\/rsr\/edito\/lexperience-chretienne-sollicitee\/#breadcrumb\",\"itemListElement\":[{\"@type\":\"ListItem\",\"position\":1,\"name\":\"Accueil\",\"item\":\"https:\/\/dev.centtreize.com\/rsr\/\"},{\"@type\":\"ListItem\",\"position\":2,\"name\":\"C&rsquo;est \u00e0 une crise culturelle sans pr\u00e9c\u00e9dent&#8230;\"}]},{\"@type\":\"WebSite\",\"@id\":\"https:\/\/dev.centtreize.com\/rsr\/#website\",\"url\":\"https:\/\/dev.centtreize.com\/rsr\/\",\"name\":\"Recherches de Science Religieuse\",\"description\":\"Recherches de Science Religieuse\",\"publisher\":{\"@id\":\"https:\/\/dev.centtreize.com\/rsr\/#organization\"},\"potentialAction\":[{\"@type\":\"SearchAction\",\"target\":{\"@type\":\"EntryPoint\",\"urlTemplate\":\"https:\/\/dev.centtreize.com\/rsr\/?s={search_term_string}\"},\"query-input\":{\"@type\":\"PropertyValueSpecification\",\"valueRequired\":true,\"valueName\":\"search_term_string\"}}],\"inLanguage\":\"fr-FR\"},{\"@type\":\"Organization\",\"@id\":\"https:\/\/dev.centtreize.com\/rsr\/#organization\",\"name\":\"Recherches de Science Religieuse\",\"url\":\"https:\/\/dev.centtreize.com\/rsr\/\",\"logo\":{\"@type\":\"ImageObject\",\"inLanguage\":\"fr-FR\",\"@id\":\"https:\/\/dev.centtreize.com\/rsr\/#\/schema\/logo\/image\/\",\"url\":\"https:\/\/dev.centtreize.com\/rsr\/wp-content\/uploads\/2024\/10\/logo_rsr.png\",\"contentUrl\":\"https:\/\/dev.centtreize.com\/rsr\/wp-content\/uploads\/2024\/10\/logo_rsr.png\",\"width\":300,\"height\":225,\"caption\":\"Recherches de Science Religieuse\"},\"image\":{\"@id\":\"https:\/\/dev.centtreize.com\/rsr\/#\/schema\/logo\/image\/\"}},{\"@type\":\"Person\",\"@id\":\"https:\/\/dev.centtreize.com\/rsr\/#\/schema\/person\/eb039ce63dcbc3fec0a6b81e43e29ad3\",\"name\":\"H\u00e9l\u00e8ne\",\"url\":\"https:\/\/dev.centtreize.com\/rsr\/author\/rsr\/\"}]}<\/script>\n<!-- \/ Yoast SEO plugin. -->","yoast_head_json":{"title":"C'est \u00e0 une crise culturelle sans pr\u00e9c\u00e9dent... - Recherches de Science Religieuse","robots":{"index":"index","follow":"follow","max-snippet":"max-snippet:-1","max-image-preview":"max-image-preview:large","max-video-preview":"max-video-preview:-1"},"canonical":"https:\/\/dev.centtreize.com\/rsr\/edito\/lexperience-chretienne-sollicitee\/","og_locale":"fr_FR","og_type":"article","og_title":"C'est \u00e0 une crise culturelle sans pr\u00e9c\u00e9dent... - Recherches de Science Religieuse","og_description":"C\u2019est \u00e0 une crise culturelle sans pr\u00e9c\u00e9dent que le christianisme europ\u00e9en se\u00a0trouve aujourd\u2019hui confront\u00e9, et particuli\u00e8rement dans le champ de l\u2019anthropologie. Jusqu\u2019\u00e0 une \u00e9poque r\u00e9cente, les contestations dont il faisait l\u2019objet n\u2019emp\u00eachaient pas&nbsp;\u2013 du moins de fa\u00e7on g\u00e9n\u00e9rale&nbsp;\u2013 un certain consensus de fond&nbsp;: sur les repr\u00e9sentations \u00e9l\u00e9mentaires de l\u2019\u00eatre humain, de la diff\u00e9rence homme-femme, de la vie en soci\u00e9t\u00e9, ou encore du rapport \u00e0 la nature. D\u00e9sormais, nous sommes dans un monde o\u00f9 ces repr\u00e9sentations ne vont plus de soi pour un certain nombre de nos contemporains, personnes ou groupes. Ce ne sont pas simplement des&nbsp;\u00ab&nbsp;valeurs&nbsp;\u00bb traditionnelles qui seraient concurrenc\u00e9es par de nouveaux id\u00e9aux. Sont en cause les grandes symboliques qui ont puissamment contribu\u00e9 \u00e0 fa\u00e7onner la soci\u00e9t\u00e9 europ\u00e9enne. Or, ces symboliques sont largement redevables de la tradition jud\u00e9o-chr\u00e9tienne et des traditions gr\u00e9co-romaines (ou plus pr\u00e9cis\u00e9ment du travail pluris\u00e9culaire que la tradition jud\u00e9o-chr\u00e9tienne a op\u00e9r\u00e9 sur ces traditions gr\u00e9co-romaines). Ainsi, des valeurs essentielles \u00e0 la modernit\u00e9 occidentale \u00e9taient elles-m\u00eames tributaires,","og_url":"https:\/\/dev.centtreize.com\/rsr\/edito\/lexperience-chretienne-sollicitee\/","og_site_name":"Recherches de Science Religieuse","article_published_time":"2013-09-24T08:15:59+00:00","article_modified_time":"2025-01-10T11:19:51+00:00","author":"H\u00e9l\u00e8ne","twitter_card":"summary_large_image","twitter_misc":{"\u00c9crit par":"H\u00e9l\u00e8ne","Dur\u00e9e de lecture estim\u00e9e":"9 minutes"},"schema":{"@context":"https:\/\/schema.org","@graph":[{"@type":"Article","@id":"https:\/\/dev.centtreize.com\/rsr\/edito\/lexperience-chretienne-sollicitee\/#article","isPartOf":{"@id":"https:\/\/dev.centtreize.com\/rsr\/edito\/lexperience-chretienne-sollicitee\/"},"author":{"name":"H\u00e9l\u00e8ne","@id":"https:\/\/dev.centtreize.com\/rsr\/#\/schema\/person\/eb039ce63dcbc3fec0a6b81e43e29ad3"},"headline":"C&rsquo;est \u00e0 une crise culturelle sans pr\u00e9c\u00e9dent&#8230;","datePublished":"2013-09-24T08:15:59+00:00","dateModified":"2025-01-10T11:19:51+00:00","mainEntityOfPage":{"@id":"https:\/\/dev.centtreize.com\/rsr\/edito\/lexperience-chretienne-sollicitee\/"},"wordCount":1805,"publisher":{"@id":"https:\/\/dev.centtreize.com\/rsr\/#organization"},"keywords":["christianisme","colloque","crise","diff\u00e9rence"],"articleSection":["edito"],"inLanguage":"fr-FR"},{"@type":"WebPage","@id":"https:\/\/dev.centtreize.com\/rsr\/edito\/lexperience-chretienne-sollicitee\/","url":"https:\/\/dev.centtreize.com\/rsr\/edito\/lexperience-chretienne-sollicitee\/","name":"C'est \u00e0 une crise culturelle sans pr\u00e9c\u00e9dent... - Recherches de Science Religieuse","isPartOf":{"@id":"https:\/\/dev.centtreize.com\/rsr\/#website"},"datePublished":"2013-09-24T08:15:59+00:00","dateModified":"2025-01-10T11:19:51+00:00","breadcrumb":{"@id":"https:\/\/dev.centtreize.com\/rsr\/edito\/lexperience-chretienne-sollicitee\/#breadcrumb"},"inLanguage":"fr-FR","potentialAction":[{"@type":"ReadAction","target":["https:\/\/dev.centtreize.com\/rsr\/edito\/lexperience-chretienne-sollicitee\/"]}]},{"@type":"BreadcrumbList","@id":"https:\/\/dev.centtreize.com\/rsr\/edito\/lexperience-chretienne-sollicitee\/#breadcrumb","itemListElement":[{"@type":"ListItem","position":1,"name":"Accueil","item":"https:\/\/dev.centtreize.com\/rsr\/"},{"@type":"ListItem","position":2,"name":"C&rsquo;est \u00e0 une crise culturelle sans pr\u00e9c\u00e9dent&#8230;"}]},{"@type":"WebSite","@id":"https:\/\/dev.centtreize.com\/rsr\/#website","url":"https:\/\/dev.centtreize.com\/rsr\/","name":"Recherches de Science Religieuse","description":"Recherches de Science Religieuse","publisher":{"@id":"https:\/\/dev.centtreize.com\/rsr\/#organization"},"potentialAction":[{"@type":"SearchAction","target":{"@type":"EntryPoint","urlTemplate":"https:\/\/dev.centtreize.com\/rsr\/?s={search_term_string}"},"query-input":{"@type":"PropertyValueSpecification","valueRequired":true,"valueName":"search_term_string"}}],"inLanguage":"fr-FR"},{"@type":"Organization","@id":"https:\/\/dev.centtreize.com\/rsr\/#organization","name":"Recherches de Science Religieuse","url":"https:\/\/dev.centtreize.com\/rsr\/","logo":{"@type":"ImageObject","inLanguage":"fr-FR","@id":"https:\/\/dev.centtreize.com\/rsr\/#\/schema\/logo\/image\/","url":"https:\/\/dev.centtreize.com\/rsr\/wp-content\/uploads\/2024\/10\/logo_rsr.png","contentUrl":"https:\/\/dev.centtreize.com\/rsr\/wp-content\/uploads\/2024\/10\/logo_rsr.png","width":300,"height":225,"caption":"Recherches de Science Religieuse"},"image":{"@id":"https:\/\/dev.centtreize.com\/rsr\/#\/schema\/logo\/image\/"}},{"@type":"Person","@id":"https:\/\/dev.centtreize.com\/rsr\/#\/schema\/person\/eb039ce63dcbc3fec0a6b81e43e29ad3","name":"H\u00e9l\u00e8ne","url":"https:\/\/dev.centtreize.com\/rsr\/author\/rsr\/"}]}},"_links":{"self":[{"href":"https:\/\/dev.centtreize.com\/rsr\/wp-json\/wp\/v2\/posts\/700","targetHints":{"allow":["GET"]}}],"collection":[{"href":"https:\/\/dev.centtreize.com\/rsr\/wp-json\/wp\/v2\/posts"}],"about":[{"href":"https:\/\/dev.centtreize.com\/rsr\/wp-json\/wp\/v2\/types\/post"}],"author":[{"embeddable":true,"href":"https:\/\/dev.centtreize.com\/rsr\/wp-json\/wp\/v2\/users\/2"}],"replies":[{"embeddable":true,"href":"https:\/\/dev.centtreize.com\/rsr\/wp-json\/wp\/v2\/comments?post=700"}],"version-history":[{"count":10,"href":"https:\/\/dev.centtreize.com\/rsr\/wp-json\/wp\/v2\/posts\/700\/revisions"}],"predecessor-version":[{"id":19159,"href":"https:\/\/dev.centtreize.com\/rsr\/wp-json\/wp\/v2\/posts\/700\/revisions\/19159"}],"wp:attachment":[{"href":"https:\/\/dev.centtreize.com\/rsr\/wp-json\/wp\/v2\/media?parent=700"}],"wp:term":[{"taxonomy":"category","embeddable":true,"href":"https:\/\/dev.centtreize.com\/rsr\/wp-json\/wp\/v2\/categories?post=700"},{"taxonomy":"post_tag","embeddable":true,"href":"https:\/\/dev.centtreize.com\/rsr\/wp-json\/wp\/v2\/tags?post=700"},{"taxonomy":"keywords","embeddable":true,"href":"https:\/\/dev.centtreize.com\/rsr\/wp-json\/wp\/v2\/keywords?post=700"}],"curies":[{"name":"wp","href":"https:\/\/api.w.org\/{rel}","templated":true}]}}