{"id":53,"date":"2013-09-26T14:00:01","date_gmt":"2013-09-26T13:00:01","guid":{"rendered":"http:\/\/dev.revue-rsr.com\/?p=53"},"modified":"2025-06-13T07:18:21","modified_gmt":"2025-06-13T06:18:21","slug":"quo-vadis","status":"publish","type":"post","link":"https:\/\/dev.centtreize.com\/rsr\/article\/quo-vadis\/","title":{"rendered":"Quo Vadis ? Au sujet de l\u2019importance du Concile Vatican II &#8230;"},"content":{"rendered":"<p>Cinquante ans apr\u00e8s le d\u00e9but de Vatican II , la discussion intellectuelle au sujet du concile et de ses textes perdure, dans une grande diversit\u00e9 des approches et, avant tout, un d\u00e9bat contradictoire quant \u00e0 son \u00e9valuation fondamentale et son importance. Dans ce cadre, se pose la question de l\u2019\u00e9valuation des affirmations du concile Vatican II sous l\u2019angle de lav\u00e9rit\u00e9 enseign\u00e9e et du caract\u00e8re obligatoire des documents qu\u2019il a produits. L\u2019auteur de cet article, partie prenante du grand commentaire de Herder, a pos\u00e9 la question du statut du discours que portent les textes du concile. Le cinqui\u00e8me volume du commentaire propose ainsi une cl\u00e9, en d\u00e9finissant le corpus des textes de Vatican II comme un&nbsp;\u00ab&nbsp;texte constitutionnel de la foi&nbsp;\u00bb. En tant que tel, il a un caract\u00e8re magist\u00e9riel obligatoire, mais reste aussi fondamentalement ouvert, tributaire de sa traduction concr\u00e8te dans la praxis croyante du peuple de Dieu, de la gouvernance eccl\u00e9siale, du travail th\u00e9ologico-canonique, et de la formulation des r\u00e8gles.<\/p>\n","protected":false},"excerpt":{"rendered":"<p>Cinquante ans apr\u00e8s le d\u00e9but de Vatican II , la discussion intellectuelle au sujet du concile et de ses textes perdure, dans une grande diversit\u00e9 des approches et, avant tout, un d\u00e9bat contradictoire quant \u00e0 son \u00e9valuation fondamentale et son importance. Dans ce cadre, se pose la question de l\u2019\u00e9valuation des affirmations du concile Vatican II sous l\u2019angle de lav\u00e9rit\u00e9 enseign\u00e9e et du caract\u00e8re obligatoire des documents qu\u2019il a produits. L\u2019auteur de cet article, partie prenante du grand commentaire de Herder, a pos\u00e9 la question du statut du discours que portent les textes du concile. Le cinqui\u00e8me volume du commentaire propose ainsi une cl\u00e9, en d\u00e9finissant le corpus des textes de Vatican II comme un&nbsp;\u00ab&nbsp;texte constitutionnel de la foi&nbsp;\u00bb. En tant que tel, il a un caract\u00e8re magist\u00e9riel obligatoire, mais reste aussi fondamentalement ouvert, tributaire de sa traduction concr\u00e8te dans la praxis croyante du peuple de Dieu, de la gouvernance eccl\u00e9siale, du travail th\u00e9ologico-canonique, et de la formulation des r\u00e8gles.<\/p>\n","protected":false},"author":1,"featured_media":0,"comment_status":"closed","ping_status":"closed","sticky":false,"template":"","format":"standard","meta":{"_acf_changed":false,"footnotes":""},"categories":[6],"tags":[4,3],"keywords":[1137,1140,1159],"class_list":["post-53","post","type-post","status-publish","format-standard","hentry","category-article","tag-concile","tag-vatican-ii","keywords-eglise","keywords-vatican-ii","keywords-oecumenisme"],"acf":[],"yoast_head":"<!-- This site is optimized with the Yoast SEO plugin v27.2 - https:\/\/yoast.com\/product\/yoast-seo-wordpress\/ -->\n<title>Quo Vadis ? Au sujet de l\u2019importance du Concile Vatican II ... - Recherches de Science Religieuse<\/title>\n<meta name=\"robots\" content=\"index, follow, max-snippet:-1, max-image-preview:large, max-video-preview:-1\" \/>\n<link rel=\"canonical\" href=\"https:\/\/dev.centtreize.com\/rsr\/article\/quo-vadis\/\" \/>\n<meta property=\"og:locale\" content=\"fr_FR\" \/>\n<meta property=\"og:type\" content=\"article\" \/>\n<meta property=\"og:title\" content=\"Quo Vadis ? Au sujet de l\u2019importance du Concile Vatican II ... - Recherches de Science Religieuse\" \/>\n<meta property=\"og:description\" content=\"Cinquante ans apr\u00e8s le d\u00e9but de Vatican II , la discussion intellectuelle au sujet du concile et de ses textes perdure, dans une grande diversit\u00e9 des approches et, avant tout, un d\u00e9bat contradictoire quant \u00e0 son \u00e9valuation fondamentale et son importance. Dans ce cadre, se pose la question de l\u2019\u00e9valuation des affirmations du concile Vatican II sous l\u2019angle de lav\u00e9rit\u00e9 enseign\u00e9e et du caract\u00e8re obligatoire des documents qu\u2019il a produits. L\u2019auteur de cet article, partie prenante du grand commentaire de Herder, a pos\u00e9 la question du statut du discours que portent les textes du concile. Le cinqui\u00e8me volume du commentaire propose ainsi une cl\u00e9, en d\u00e9finissant le corpus des textes de Vatican II comme un&nbsp;\u00ab&nbsp;texte constitutionnel de la foi&nbsp;\u00bb. En tant que tel, il a un caract\u00e8re magist\u00e9riel obligatoire, mais reste aussi fondamentalement ouvert, tributaire de sa traduction concr\u00e8te dans la praxis croyante du peuple de Dieu, de la gouvernance eccl\u00e9siale, du travail th\u00e9ologico-canonique, et de la formulation des r\u00e8gles.\" \/>\n<meta property=\"og:url\" content=\"https:\/\/dev.centtreize.com\/rsr\/article\/quo-vadis\/\" \/>\n<meta property=\"og:site_name\" content=\"Recherches de Science Religieuse\" \/>\n<meta property=\"article:published_time\" content=\"2013-09-26T13:00:01+00:00\" \/>\n<meta property=\"article:modified_time\" content=\"2025-06-13T06:18:21+00:00\" \/>\n<meta name=\"author\" content=\"revue@dmin\" \/>\n<meta name=\"twitter:card\" content=\"summary_large_image\" \/>\n<meta name=\"twitter:label1\" content=\"\u00c9crit par\" \/>\n\t<meta name=\"twitter:data1\" content=\"revue@dmin\" \/>\n\t<meta name=\"twitter:label2\" content=\"Dur\u00e9e de lecture estim\u00e9e\" \/>\n\t<meta name=\"twitter:data2\" content=\"1 minute\" \/>\n<script type=\"application\/ld+json\" class=\"yoast-schema-graph\">{\"@context\":\"https:\/\/schema.org\",\"@graph\":[{\"@type\":\"Article\",\"@id\":\"https:\/\/dev.centtreize.com\/rsr\/article\/quo-vadis\/#article\",\"isPartOf\":{\"@id\":\"https:\/\/dev.centtreize.com\/rsr\/article\/quo-vadis\/\"},\"author\":{\"name\":\"revue@dmin\",\"@id\":\"https:\/\/dev.centtreize.com\/rsr\/#\/schema\/person\/9f242145bf00253a95a38d0e33921be1\"},\"headline\":\"Quo Vadis ? Au sujet de l\u2019importance du Concile Vatican II &#8230;\",\"datePublished\":\"2013-09-26T13:00:01+00:00\",\"dateModified\":\"2025-06-13T06:18:21+00:00\",\"mainEntityOfPage\":{\"@id\":\"https:\/\/dev.centtreize.com\/rsr\/article\/quo-vadis\/\"},\"wordCount\":188,\"publisher\":{\"@id\":\"https:\/\/dev.centtreize.com\/rsr\/#organization\"},\"keywords\":[\"Concile\",\"Vatican II\"],\"articleSection\":[\"article\"],\"inLanguage\":\"fr-FR\"},{\"@type\":\"WebPage\",\"@id\":\"https:\/\/dev.centtreize.com\/rsr\/article\/quo-vadis\/\",\"url\":\"https:\/\/dev.centtreize.com\/rsr\/article\/quo-vadis\/\",\"name\":\"Quo Vadis ? Au sujet de l\u2019importance du Concile Vatican II ... - Recherches de Science Religieuse\",\"isPartOf\":{\"@id\":\"https:\/\/dev.centtreize.com\/rsr\/#website\"},\"datePublished\":\"2013-09-26T13:00:01+00:00\",\"dateModified\":\"2025-06-13T06:18:21+00:00\",\"breadcrumb\":{\"@id\":\"https:\/\/dev.centtreize.com\/rsr\/article\/quo-vadis\/#breadcrumb\"},\"inLanguage\":\"fr-FR\",\"potentialAction\":[{\"@type\":\"ReadAction\",\"target\":[\"https:\/\/dev.centtreize.com\/rsr\/article\/quo-vadis\/\"]}]},{\"@type\":\"BreadcrumbList\",\"@id\":\"https:\/\/dev.centtreize.com\/rsr\/article\/quo-vadis\/#breadcrumb\",\"itemListElement\":[{\"@type\":\"ListItem\",\"position\":1,\"name\":\"Accueil\",\"item\":\"https:\/\/dev.centtreize.com\/rsr\/\"},{\"@type\":\"ListItem\",\"position\":2,\"name\":\"Quo Vadis ? Au sujet de l\u2019importance du Concile Vatican II &#8230;\"}]},{\"@type\":\"WebSite\",\"@id\":\"https:\/\/dev.centtreize.com\/rsr\/#website\",\"url\":\"https:\/\/dev.centtreize.com\/rsr\/\",\"name\":\"Recherches de Science Religieuse\",\"description\":\"Recherches de Science Religieuse\",\"publisher\":{\"@id\":\"https:\/\/dev.centtreize.com\/rsr\/#organization\"},\"potentialAction\":[{\"@type\":\"SearchAction\",\"target\":{\"@type\":\"EntryPoint\",\"urlTemplate\":\"https:\/\/dev.centtreize.com\/rsr\/?s={search_term_string}\"},\"query-input\":{\"@type\":\"PropertyValueSpecification\",\"valueRequired\":true,\"valueName\":\"search_term_string\"}}],\"inLanguage\":\"fr-FR\"},{\"@type\":\"Organization\",\"@id\":\"https:\/\/dev.centtreize.com\/rsr\/#organization\",\"name\":\"Recherches de Science Religieuse\",\"url\":\"https:\/\/dev.centtreize.com\/rsr\/\",\"logo\":{\"@type\":\"ImageObject\",\"inLanguage\":\"fr-FR\",\"@id\":\"https:\/\/dev.centtreize.com\/rsr\/#\/schema\/logo\/image\/\",\"url\":\"https:\/\/dev.centtreize.com\/rsr\/wp-content\/uploads\/2024\/10\/logo_rsr.png\",\"contentUrl\":\"https:\/\/dev.centtreize.com\/rsr\/wp-content\/uploads\/2024\/10\/logo_rsr.png\",\"width\":300,\"height\":225,\"caption\":\"Recherches de Science Religieuse\"},\"image\":{\"@id\":\"https:\/\/dev.centtreize.com\/rsr\/#\/schema\/logo\/image\/\"}},{\"@type\":\"Person\",\"@id\":\"https:\/\/dev.centtreize.com\/rsr\/#\/schema\/person\/9f242145bf00253a95a38d0e33921be1\",\"name\":\"revue@dmin\",\"url\":\"https:\/\/dev.centtreize.com\/rsr\/author\/revuedmin\/\"}]}<\/script>\n<!-- \/ Yoast SEO plugin. -->","yoast_head_json":{"title":"Quo Vadis ? Au sujet de l\u2019importance du Concile Vatican II ... - Recherches de Science Religieuse","robots":{"index":"index","follow":"follow","max-snippet":"max-snippet:-1","max-image-preview":"max-image-preview:large","max-video-preview":"max-video-preview:-1"},"canonical":"https:\/\/dev.centtreize.com\/rsr\/article\/quo-vadis\/","og_locale":"fr_FR","og_type":"article","og_title":"Quo Vadis ? Au sujet de l\u2019importance du Concile Vatican II ... - Recherches de Science Religieuse","og_description":"Cinquante ans apr\u00e8s le d\u00e9but de Vatican II , la discussion intellectuelle au sujet du concile et de ses textes perdure, dans une grande diversit\u00e9 des approches et, avant tout, un d\u00e9bat contradictoire quant \u00e0 son \u00e9valuation fondamentale et son importance. Dans ce cadre, se pose la question de l\u2019\u00e9valuation des affirmations du concile Vatican II sous l\u2019angle de lav\u00e9rit\u00e9 enseign\u00e9e et du caract\u00e8re obligatoire des documents qu\u2019il a produits. L\u2019auteur de cet article, partie prenante du grand commentaire de Herder, a pos\u00e9 la question du statut du discours que portent les textes du concile. Le cinqui\u00e8me volume du commentaire propose ainsi une cl\u00e9, en d\u00e9finissant le corpus des textes de Vatican II comme un&nbsp;\u00ab&nbsp;texte constitutionnel de la foi&nbsp;\u00bb. En tant que tel, il a un caract\u00e8re magist\u00e9riel obligatoire, mais reste aussi fondamentalement ouvert, tributaire de sa traduction concr\u00e8te dans la praxis croyante du peuple de Dieu, de la gouvernance eccl\u00e9siale, du travail th\u00e9ologico-canonique, et de la formulation des r\u00e8gles.","og_url":"https:\/\/dev.centtreize.com\/rsr\/article\/quo-vadis\/","og_site_name":"Recherches de Science Religieuse","article_published_time":"2013-09-26T13:00:01+00:00","article_modified_time":"2025-06-13T06:18:21+00:00","author":"revue@dmin","twitter_card":"summary_large_image","twitter_misc":{"\u00c9crit par":"revue@dmin","Dur\u00e9e de lecture estim\u00e9e":"1 minute"},"schema":{"@context":"https:\/\/schema.org","@graph":[{"@type":"Article","@id":"https:\/\/dev.centtreize.com\/rsr\/article\/quo-vadis\/#article","isPartOf":{"@id":"https:\/\/dev.centtreize.com\/rsr\/article\/quo-vadis\/"},"author":{"name":"revue@dmin","@id":"https:\/\/dev.centtreize.com\/rsr\/#\/schema\/person\/9f242145bf00253a95a38d0e33921be1"},"headline":"Quo Vadis ? Au sujet de l\u2019importance du Concile Vatican II &#8230;","datePublished":"2013-09-26T13:00:01+00:00","dateModified":"2025-06-13T06:18:21+00:00","mainEntityOfPage":{"@id":"https:\/\/dev.centtreize.com\/rsr\/article\/quo-vadis\/"},"wordCount":188,"publisher":{"@id":"https:\/\/dev.centtreize.com\/rsr\/#organization"},"keywords":["Concile","Vatican II"],"articleSection":["article"],"inLanguage":"fr-FR"},{"@type":"WebPage","@id":"https:\/\/dev.centtreize.com\/rsr\/article\/quo-vadis\/","url":"https:\/\/dev.centtreize.com\/rsr\/article\/quo-vadis\/","name":"Quo Vadis ? Au sujet de l\u2019importance du Concile Vatican II ... - Recherches de Science Religieuse","isPartOf":{"@id":"https:\/\/dev.centtreize.com\/rsr\/#website"},"datePublished":"2013-09-26T13:00:01+00:00","dateModified":"2025-06-13T06:18:21+00:00","breadcrumb":{"@id":"https:\/\/dev.centtreize.com\/rsr\/article\/quo-vadis\/#breadcrumb"},"inLanguage":"fr-FR","potentialAction":[{"@type":"ReadAction","target":["https:\/\/dev.centtreize.com\/rsr\/article\/quo-vadis\/"]}]},{"@type":"BreadcrumbList","@id":"https:\/\/dev.centtreize.com\/rsr\/article\/quo-vadis\/#breadcrumb","itemListElement":[{"@type":"ListItem","position":1,"name":"Accueil","item":"https:\/\/dev.centtreize.com\/rsr\/"},{"@type":"ListItem","position":2,"name":"Quo Vadis ? Au sujet de l\u2019importance du Concile Vatican II &#8230;"}]},{"@type":"WebSite","@id":"https:\/\/dev.centtreize.com\/rsr\/#website","url":"https:\/\/dev.centtreize.com\/rsr\/","name":"Recherches de Science Religieuse","description":"Recherches de Science Religieuse","publisher":{"@id":"https:\/\/dev.centtreize.com\/rsr\/#organization"},"potentialAction":[{"@type":"SearchAction","target":{"@type":"EntryPoint","urlTemplate":"https:\/\/dev.centtreize.com\/rsr\/?s={search_term_string}"},"query-input":{"@type":"PropertyValueSpecification","valueRequired":true,"valueName":"search_term_string"}}],"inLanguage":"fr-FR"},{"@type":"Organization","@id":"https:\/\/dev.centtreize.com\/rsr\/#organization","name":"Recherches de Science Religieuse","url":"https:\/\/dev.centtreize.com\/rsr\/","logo":{"@type":"ImageObject","inLanguage":"fr-FR","@id":"https:\/\/dev.centtreize.com\/rsr\/#\/schema\/logo\/image\/","url":"https:\/\/dev.centtreize.com\/rsr\/wp-content\/uploads\/2024\/10\/logo_rsr.png","contentUrl":"https:\/\/dev.centtreize.com\/rsr\/wp-content\/uploads\/2024\/10\/logo_rsr.png","width":300,"height":225,"caption":"Recherches de Science Religieuse"},"image":{"@id":"https:\/\/dev.centtreize.com\/rsr\/#\/schema\/logo\/image\/"}},{"@type":"Person","@id":"https:\/\/dev.centtreize.com\/rsr\/#\/schema\/person\/9f242145bf00253a95a38d0e33921be1","name":"revue@dmin","url":"https:\/\/dev.centtreize.com\/rsr\/author\/revuedmin\/"}]}},"_links":{"self":[{"href":"https:\/\/dev.centtreize.com\/rsr\/wp-json\/wp\/v2\/posts\/53","targetHints":{"allow":["GET"]}}],"collection":[{"href":"https:\/\/dev.centtreize.com\/rsr\/wp-json\/wp\/v2\/posts"}],"about":[{"href":"https:\/\/dev.centtreize.com\/rsr\/wp-json\/wp\/v2\/types\/post"}],"author":[{"embeddable":true,"href":"https:\/\/dev.centtreize.com\/rsr\/wp-json\/wp\/v2\/users\/1"}],"replies":[{"embeddable":true,"href":"https:\/\/dev.centtreize.com\/rsr\/wp-json\/wp\/v2\/comments?post=53"}],"version-history":[{"count":8,"href":"https:\/\/dev.centtreize.com\/rsr\/wp-json\/wp\/v2\/posts\/53\/revisions"}],"predecessor-version":[{"id":17437,"href":"https:\/\/dev.centtreize.com\/rsr\/wp-json\/wp\/v2\/posts\/53\/revisions\/17437"}],"wp:attachment":[{"href":"https:\/\/dev.centtreize.com\/rsr\/wp-json\/wp\/v2\/media?parent=53"}],"wp:term":[{"taxonomy":"category","embeddable":true,"href":"https:\/\/dev.centtreize.com\/rsr\/wp-json\/wp\/v2\/categories?post=53"},{"taxonomy":"post_tag","embeddable":true,"href":"https:\/\/dev.centtreize.com\/rsr\/wp-json\/wp\/v2\/tags?post=53"},{"taxonomy":"keywords","embeddable":true,"href":"https:\/\/dev.centtreize.com\/rsr\/wp-json\/wp\/v2\/keywords?post=53"}],"curies":[{"name":"wp","href":"https:\/\/api.w.org\/{rel}","templated":true}]}}