{"id":48,"date":"2013-09-26T14:24:17","date_gmt":"2013-09-26T13:24:17","guid":{"rendered":"http:\/\/dev.revue-rsr.com\/?p=48"},"modified":"2025-06-13T07:17:50","modified_gmt":"2025-06-13T06:17:50","slug":"lofficinal-bolognese-et-vatican-ii","status":"publish","type":"post","link":"https:\/\/dev.centtreize.com\/rsr\/article\/lofficinal-bolognese-et-vatican-ii\/","title":{"rendered":"L\u2019officinal Bolognese et Vatican II"},"content":{"rendered":"<p>L\u2019<em class=\"marquage italique\">Officina bolognese<\/em>\u00a0n\u2019est pas \u00e0 proprement parler une \u00e9cole th\u00e9ologique, m\u00eame si l\u2019Institut pour les Sciences Religieuses de Bologne re\u00e7oit souvent, surtout de la part des th\u00e9ologiens, la d\u00e9nomination d\u2019\u00ab\u00a0\u00e9cole de Bologne\u00a0\u00bb. En effet, on n\u2019y enseigne pas la th\u00e9ologie, m\u00eame si, depuis le d\u00e9but, des th\u00e9ologiens professionnels y ont \u0153uvr\u00e9. C\u2019est simplement un lieu de recherche plurielle sur l\u2019histoire du christianisme, conduite selon les canons actuels de la recherche historico-critique. \u00c9videmment, dans la mesure o\u00f9 la r\u00e9flexion th\u00e9ologique fait partie de la dimension historique du christianisme, elle aussi devient objet de recherche. Le terme&nbsp;\u00ab\u00a0officina\u00a0\u00bb (en fran\u00e7ais?: atelier) \u00e9voque plut\u00f4t un lieu de travail commun. L\u2019Institut pour les Sciences Religieuses fut fond\u00e9 en 1953 par Giuseppe Dossetti (1913-1996) et dirig\u00e9 ensuite, \u00e0 partir de 1959, par Giuseppe Alberigo (1926-2007). D\u00e8s le commencement, les chercheurs de l\u2019Institut ont cultiv\u00e9 l\u2019int\u00e9r\u00eat pour l\u2019histoire des conciles. Le fruit le plus connu de cet int\u00e9r\u00eat est l\u2019\u00e9dition critique des d\u00e9crets des conciles \u0153cum\u00e9niques (<em class=\"marquage italique\">Conciliorum Oecumenicorum Decreta)<\/em>\u202fqui va \u00eatre r\u00e9\u00e9dit\u00e9e chez Brepols dans une version augment\u00e9e qui inclura aussi les conciles les plus importants de toutes les \u00c9glises chr\u00e9tiennes?: <em class=\"marquage italique\">Conciliorum Oecumenicorum Generaliumque Decreta<\/em>.<\/p>\n","protected":false},"excerpt":{"rendered":"<p>L\u2019Officina bolognese\u00a0n\u2019est pas \u00e0 proprement parler une \u00e9cole th\u00e9ologique, m\u00eame si l\u2019Institut pour les Sciences Religieuses de Bologne re\u00e7oit souvent, surtout de la part des th\u00e9ologiens, la d\u00e9nomination d\u2019\u00ab\u00a0\u00e9cole de Bologne\u00a0\u00bb. En effet, on n\u2019y enseigne pas la th\u00e9ologie, m\u00eame si, depuis le d\u00e9but, des th\u00e9ologiens professionnels y ont \u0153uvr\u00e9. C\u2019est simplement un lieu de recherche plurielle sur l\u2019histoire du christianisme, conduite selon les canons actuels de la recherche historico-critique. \u00c9videmment, dans la mesure o\u00f9 la r\u00e9flexion th\u00e9ologique fait partie de la dimension historique du christianisme, elle aussi devient objet de recherche. Le terme&nbsp;\u00ab\u00a0officina\u00a0\u00bb (en fran\u00e7ais?: atelier) \u00e9voque plut\u00f4t un lieu de travail commun. L\u2019Institut pour les Sciences Religieuses fut fond\u00e9 en 1953 par Giuseppe Dossetti (1913-1996) et dirig\u00e9 ensuite, \u00e0 partir de 1959, par Giuseppe Alberigo (1926-2007). D\u00e8s le commencement, les chercheurs de l\u2019Institut ont cultiv\u00e9 l\u2019int\u00e9r\u00eat pour l\u2019histoire des conciles. Le fruit le plus connu de cet int\u00e9r\u00eat est l\u2019\u00e9dition critique des d\u00e9crets des conciles \u0153cum\u00e9niques (Conciliorum Oecumenicorum<a class=\"read-more\" href=\"https:\/\/dev.centtreize.com\/rsr\/article\/lofficinal-bolognese-et-vatican-ii\/\"><\/a><\/p>\n","protected":false},"author":1,"featured_media":0,"comment_status":"closed","ping_status":"closed","sticky":false,"template":"","format":"standard","meta":{"_acf_changed":false,"footnotes":""},"categories":[6],"tags":[4,3],"keywords":[1137,1126,1158,1140],"class_list":["post-48","post","type-post","status-publish","format-standard","hentry","category-article","tag-concile","tag-vatican-ii","keywords-eglise","keywords-hermeneutique","keywords-jean-xxiii","keywords-vatican-ii"],"acf":[],"yoast_head":"<!-- This site is optimized with the Yoast SEO plugin v27.2 - https:\/\/yoast.com\/product\/yoast-seo-wordpress\/ -->\n<title>L\u2019officinal Bolognese et Vatican II - Recherches de Science Religieuse<\/title>\n<meta name=\"robots\" content=\"index, follow, max-snippet:-1, max-image-preview:large, max-video-preview:-1\" \/>\n<link rel=\"canonical\" href=\"https:\/\/dev.centtreize.com\/rsr\/article\/lofficinal-bolognese-et-vatican-ii\/\" \/>\n<meta property=\"og:locale\" content=\"fr_FR\" \/>\n<meta property=\"og:type\" content=\"article\" \/>\n<meta property=\"og:title\" content=\"L\u2019officinal Bolognese et Vatican II - Recherches de Science Religieuse\" \/>\n<meta property=\"og:description\" content=\"L\u2019Officina bolognese\u00a0n\u2019est pas \u00e0 proprement parler une \u00e9cole th\u00e9ologique, m\u00eame si l\u2019Institut pour les Sciences Religieuses de Bologne re\u00e7oit souvent, surtout de la part des th\u00e9ologiens, la d\u00e9nomination d\u2019\u00ab\u00a0\u00e9cole de Bologne\u00a0\u00bb. En effet, on n\u2019y enseigne pas la th\u00e9ologie, m\u00eame si, depuis le d\u00e9but, des th\u00e9ologiens professionnels y ont \u0153uvr\u00e9. C\u2019est simplement un lieu de recherche plurielle sur l\u2019histoire du christianisme, conduite selon les canons actuels de la recherche historico-critique. \u00c9videmment, dans la mesure o\u00f9 la r\u00e9flexion th\u00e9ologique fait partie de la dimension historique du christianisme, elle aussi devient objet de recherche. Le terme&nbsp;\u00ab\u00a0officina\u00a0\u00bb (en fran\u00e7ais?: atelier) \u00e9voque plut\u00f4t un lieu de travail commun. L\u2019Institut pour les Sciences Religieuses fut fond\u00e9 en 1953 par Giuseppe Dossetti (1913-1996) et dirig\u00e9 ensuite, \u00e0 partir de 1959, par Giuseppe Alberigo (1926-2007). D\u00e8s le commencement, les chercheurs de l\u2019Institut ont cultiv\u00e9 l\u2019int\u00e9r\u00eat pour l\u2019histoire des conciles. Le fruit le plus connu de cet int\u00e9r\u00eat est l\u2019\u00e9dition critique des d\u00e9crets des conciles \u0153cum\u00e9niques (Conciliorum Oecumenicorum\" \/>\n<meta property=\"og:url\" content=\"https:\/\/dev.centtreize.com\/rsr\/article\/lofficinal-bolognese-et-vatican-ii\/\" \/>\n<meta property=\"og:site_name\" content=\"Recherches de Science Religieuse\" \/>\n<meta property=\"article:published_time\" content=\"2013-09-26T13:24:17+00:00\" \/>\n<meta property=\"article:modified_time\" content=\"2025-06-13T06:17:50+00:00\" \/>\n<meta name=\"author\" content=\"revue@dmin\" \/>\n<meta name=\"twitter:card\" content=\"summary_large_image\" \/>\n<meta name=\"twitter:label1\" content=\"\u00c9crit par\" \/>\n\t<meta name=\"twitter:data1\" content=\"revue@dmin\" \/>\n\t<meta name=\"twitter:label2\" content=\"Dur\u00e9e de lecture estim\u00e9e\" \/>\n\t<meta name=\"twitter:data2\" content=\"1 minute\" \/>\n<script type=\"application\/ld+json\" class=\"yoast-schema-graph\">{\"@context\":\"https:\/\/schema.org\",\"@graph\":[{\"@type\":\"Article\",\"@id\":\"https:\/\/dev.centtreize.com\/rsr\/article\/lofficinal-bolognese-et-vatican-ii\/#article\",\"isPartOf\":{\"@id\":\"https:\/\/dev.centtreize.com\/rsr\/article\/lofficinal-bolognese-et-vatican-ii\/\"},\"author\":{\"name\":\"revue@dmin\",\"@id\":\"https:\/\/dev.centtreize.com\/rsr\/#\/schema\/person\/9f242145bf00253a95a38d0e33921be1\"},\"headline\":\"L\u2019officinal Bolognese et Vatican II\",\"datePublished\":\"2013-09-26T13:24:17+00:00\",\"dateModified\":\"2025-06-13T06:17:50+00:00\",\"mainEntityOfPage\":{\"@id\":\"https:\/\/dev.centtreize.com\/rsr\/article\/lofficinal-bolognese-et-vatican-ii\/\"},\"wordCount\":228,\"publisher\":{\"@id\":\"https:\/\/dev.centtreize.com\/rsr\/#organization\"},\"keywords\":[\"Concile\",\"Vatican II\"],\"articleSection\":[\"article\"],\"inLanguage\":\"fr-FR\"},{\"@type\":\"WebPage\",\"@id\":\"https:\/\/dev.centtreize.com\/rsr\/article\/lofficinal-bolognese-et-vatican-ii\/\",\"url\":\"https:\/\/dev.centtreize.com\/rsr\/article\/lofficinal-bolognese-et-vatican-ii\/\",\"name\":\"L\u2019officinal Bolognese et Vatican II - Recherches de Science Religieuse\",\"isPartOf\":{\"@id\":\"https:\/\/dev.centtreize.com\/rsr\/#website\"},\"datePublished\":\"2013-09-26T13:24:17+00:00\",\"dateModified\":\"2025-06-13T06:17:50+00:00\",\"breadcrumb\":{\"@id\":\"https:\/\/dev.centtreize.com\/rsr\/article\/lofficinal-bolognese-et-vatican-ii\/#breadcrumb\"},\"inLanguage\":\"fr-FR\",\"potentialAction\":[{\"@type\":\"ReadAction\",\"target\":[\"https:\/\/dev.centtreize.com\/rsr\/article\/lofficinal-bolognese-et-vatican-ii\/\"]}]},{\"@type\":\"BreadcrumbList\",\"@id\":\"https:\/\/dev.centtreize.com\/rsr\/article\/lofficinal-bolognese-et-vatican-ii\/#breadcrumb\",\"itemListElement\":[{\"@type\":\"ListItem\",\"position\":1,\"name\":\"Accueil\",\"item\":\"https:\/\/dev.centtreize.com\/rsr\/\"},{\"@type\":\"ListItem\",\"position\":2,\"name\":\"L\u2019officinal Bolognese et Vatican II\"}]},{\"@type\":\"WebSite\",\"@id\":\"https:\/\/dev.centtreize.com\/rsr\/#website\",\"url\":\"https:\/\/dev.centtreize.com\/rsr\/\",\"name\":\"Recherches de Science Religieuse\",\"description\":\"Recherches de Science Religieuse\",\"publisher\":{\"@id\":\"https:\/\/dev.centtreize.com\/rsr\/#organization\"},\"potentialAction\":[{\"@type\":\"SearchAction\",\"target\":{\"@type\":\"EntryPoint\",\"urlTemplate\":\"https:\/\/dev.centtreize.com\/rsr\/?s={search_term_string}\"},\"query-input\":{\"@type\":\"PropertyValueSpecification\",\"valueRequired\":true,\"valueName\":\"search_term_string\"}}],\"inLanguage\":\"fr-FR\"},{\"@type\":\"Organization\",\"@id\":\"https:\/\/dev.centtreize.com\/rsr\/#organization\",\"name\":\"Recherches de Science Religieuse\",\"url\":\"https:\/\/dev.centtreize.com\/rsr\/\",\"logo\":{\"@type\":\"ImageObject\",\"inLanguage\":\"fr-FR\",\"@id\":\"https:\/\/dev.centtreize.com\/rsr\/#\/schema\/logo\/image\/\",\"url\":\"https:\/\/dev.centtreize.com\/rsr\/wp-content\/uploads\/2024\/10\/logo_rsr.png\",\"contentUrl\":\"https:\/\/dev.centtreize.com\/rsr\/wp-content\/uploads\/2024\/10\/logo_rsr.png\",\"width\":300,\"height\":225,\"caption\":\"Recherches de Science Religieuse\"},\"image\":{\"@id\":\"https:\/\/dev.centtreize.com\/rsr\/#\/schema\/logo\/image\/\"}},{\"@type\":\"Person\",\"@id\":\"https:\/\/dev.centtreize.com\/rsr\/#\/schema\/person\/9f242145bf00253a95a38d0e33921be1\",\"name\":\"revue@dmin\",\"url\":\"https:\/\/dev.centtreize.com\/rsr\/author\/revuedmin\/\"}]}<\/script>\n<!-- \/ Yoast SEO plugin. -->","yoast_head_json":{"title":"L\u2019officinal Bolognese et Vatican II - Recherches de Science Religieuse","robots":{"index":"index","follow":"follow","max-snippet":"max-snippet:-1","max-image-preview":"max-image-preview:large","max-video-preview":"max-video-preview:-1"},"canonical":"https:\/\/dev.centtreize.com\/rsr\/article\/lofficinal-bolognese-et-vatican-ii\/","og_locale":"fr_FR","og_type":"article","og_title":"L\u2019officinal Bolognese et Vatican II - Recherches de Science Religieuse","og_description":"L\u2019Officina bolognese\u00a0n\u2019est pas \u00e0 proprement parler une \u00e9cole th\u00e9ologique, m\u00eame si l\u2019Institut pour les Sciences Religieuses de Bologne re\u00e7oit souvent, surtout de la part des th\u00e9ologiens, la d\u00e9nomination d\u2019\u00ab\u00a0\u00e9cole de Bologne\u00a0\u00bb. En effet, on n\u2019y enseigne pas la th\u00e9ologie, m\u00eame si, depuis le d\u00e9but, des th\u00e9ologiens professionnels y ont \u0153uvr\u00e9. C\u2019est simplement un lieu de recherche plurielle sur l\u2019histoire du christianisme, conduite selon les canons actuels de la recherche historico-critique. \u00c9videmment, dans la mesure o\u00f9 la r\u00e9flexion th\u00e9ologique fait partie de la dimension historique du christianisme, elle aussi devient objet de recherche. Le terme&nbsp;\u00ab\u00a0officina\u00a0\u00bb (en fran\u00e7ais?: atelier) \u00e9voque plut\u00f4t un lieu de travail commun. L\u2019Institut pour les Sciences Religieuses fut fond\u00e9 en 1953 par Giuseppe Dossetti (1913-1996) et dirig\u00e9 ensuite, \u00e0 partir de 1959, par Giuseppe Alberigo (1926-2007). D\u00e8s le commencement, les chercheurs de l\u2019Institut ont cultiv\u00e9 l\u2019int\u00e9r\u00eat pour l\u2019histoire des conciles. Le fruit le plus connu de cet int\u00e9r\u00eat est l\u2019\u00e9dition critique des d\u00e9crets des conciles \u0153cum\u00e9niques (Conciliorum Oecumenicorum","og_url":"https:\/\/dev.centtreize.com\/rsr\/article\/lofficinal-bolognese-et-vatican-ii\/","og_site_name":"Recherches de Science Religieuse","article_published_time":"2013-09-26T13:24:17+00:00","article_modified_time":"2025-06-13T06:17:50+00:00","author":"revue@dmin","twitter_card":"summary_large_image","twitter_misc":{"\u00c9crit par":"revue@dmin","Dur\u00e9e de lecture estim\u00e9e":"1 minute"},"schema":{"@context":"https:\/\/schema.org","@graph":[{"@type":"Article","@id":"https:\/\/dev.centtreize.com\/rsr\/article\/lofficinal-bolognese-et-vatican-ii\/#article","isPartOf":{"@id":"https:\/\/dev.centtreize.com\/rsr\/article\/lofficinal-bolognese-et-vatican-ii\/"},"author":{"name":"revue@dmin","@id":"https:\/\/dev.centtreize.com\/rsr\/#\/schema\/person\/9f242145bf00253a95a38d0e33921be1"},"headline":"L\u2019officinal Bolognese et Vatican II","datePublished":"2013-09-26T13:24:17+00:00","dateModified":"2025-06-13T06:17:50+00:00","mainEntityOfPage":{"@id":"https:\/\/dev.centtreize.com\/rsr\/article\/lofficinal-bolognese-et-vatican-ii\/"},"wordCount":228,"publisher":{"@id":"https:\/\/dev.centtreize.com\/rsr\/#organization"},"keywords":["Concile","Vatican II"],"articleSection":["article"],"inLanguage":"fr-FR"},{"@type":"WebPage","@id":"https:\/\/dev.centtreize.com\/rsr\/article\/lofficinal-bolognese-et-vatican-ii\/","url":"https:\/\/dev.centtreize.com\/rsr\/article\/lofficinal-bolognese-et-vatican-ii\/","name":"L\u2019officinal Bolognese et Vatican II - Recherches de Science Religieuse","isPartOf":{"@id":"https:\/\/dev.centtreize.com\/rsr\/#website"},"datePublished":"2013-09-26T13:24:17+00:00","dateModified":"2025-06-13T06:17:50+00:00","breadcrumb":{"@id":"https:\/\/dev.centtreize.com\/rsr\/article\/lofficinal-bolognese-et-vatican-ii\/#breadcrumb"},"inLanguage":"fr-FR","potentialAction":[{"@type":"ReadAction","target":["https:\/\/dev.centtreize.com\/rsr\/article\/lofficinal-bolognese-et-vatican-ii\/"]}]},{"@type":"BreadcrumbList","@id":"https:\/\/dev.centtreize.com\/rsr\/article\/lofficinal-bolognese-et-vatican-ii\/#breadcrumb","itemListElement":[{"@type":"ListItem","position":1,"name":"Accueil","item":"https:\/\/dev.centtreize.com\/rsr\/"},{"@type":"ListItem","position":2,"name":"L\u2019officinal Bolognese et Vatican II"}]},{"@type":"WebSite","@id":"https:\/\/dev.centtreize.com\/rsr\/#website","url":"https:\/\/dev.centtreize.com\/rsr\/","name":"Recherches de Science Religieuse","description":"Recherches de Science Religieuse","publisher":{"@id":"https:\/\/dev.centtreize.com\/rsr\/#organization"},"potentialAction":[{"@type":"SearchAction","target":{"@type":"EntryPoint","urlTemplate":"https:\/\/dev.centtreize.com\/rsr\/?s={search_term_string}"},"query-input":{"@type":"PropertyValueSpecification","valueRequired":true,"valueName":"search_term_string"}}],"inLanguage":"fr-FR"},{"@type":"Organization","@id":"https:\/\/dev.centtreize.com\/rsr\/#organization","name":"Recherches de Science Religieuse","url":"https:\/\/dev.centtreize.com\/rsr\/","logo":{"@type":"ImageObject","inLanguage":"fr-FR","@id":"https:\/\/dev.centtreize.com\/rsr\/#\/schema\/logo\/image\/","url":"https:\/\/dev.centtreize.com\/rsr\/wp-content\/uploads\/2024\/10\/logo_rsr.png","contentUrl":"https:\/\/dev.centtreize.com\/rsr\/wp-content\/uploads\/2024\/10\/logo_rsr.png","width":300,"height":225,"caption":"Recherches de Science Religieuse"},"image":{"@id":"https:\/\/dev.centtreize.com\/rsr\/#\/schema\/logo\/image\/"}},{"@type":"Person","@id":"https:\/\/dev.centtreize.com\/rsr\/#\/schema\/person\/9f242145bf00253a95a38d0e33921be1","name":"revue@dmin","url":"https:\/\/dev.centtreize.com\/rsr\/author\/revuedmin\/"}]}},"_links":{"self":[{"href":"https:\/\/dev.centtreize.com\/rsr\/wp-json\/wp\/v2\/posts\/48","targetHints":{"allow":["GET"]}}],"collection":[{"href":"https:\/\/dev.centtreize.com\/rsr\/wp-json\/wp\/v2\/posts"}],"about":[{"href":"https:\/\/dev.centtreize.com\/rsr\/wp-json\/wp\/v2\/types\/post"}],"author":[{"embeddable":true,"href":"https:\/\/dev.centtreize.com\/rsr\/wp-json\/wp\/v2\/users\/1"}],"replies":[{"embeddable":true,"href":"https:\/\/dev.centtreize.com\/rsr\/wp-json\/wp\/v2\/comments?post=48"}],"version-history":[{"count":3,"href":"https:\/\/dev.centtreize.com\/rsr\/wp-json\/wp\/v2\/posts\/48\/revisions"}],"predecessor-version":[{"id":19630,"href":"https:\/\/dev.centtreize.com\/rsr\/wp-json\/wp\/v2\/posts\/48\/revisions\/19630"}],"wp:attachment":[{"href":"https:\/\/dev.centtreize.com\/rsr\/wp-json\/wp\/v2\/media?parent=48"}],"wp:term":[{"taxonomy":"category","embeddable":true,"href":"https:\/\/dev.centtreize.com\/rsr\/wp-json\/wp\/v2\/categories?post=48"},{"taxonomy":"post_tag","embeddable":true,"href":"https:\/\/dev.centtreize.com\/rsr\/wp-json\/wp\/v2\/tags?post=48"},{"taxonomy":"keywords","embeddable":true,"href":"https:\/\/dev.centtreize.com\/rsr\/wp-json\/wp\/v2\/keywords?post=48"}],"curies":[{"name":"wp","href":"https:\/\/api.w.org\/{rel}","templated":true}]}}