{"id":2930,"date":"2014-05-23T12:23:36","date_gmt":"2014-05-23T11:23:36","guid":{"rendered":"http:\/\/www.revue-rsr.com\/?p=2930"},"modified":"2025-06-13T07:10:17","modified_gmt":"2025-06-13T06:10:17","slug":"precarite-institutionnelle-de-leglise-et-radicalite-du-royaume","status":"publish","type":"post","link":"https:\/\/dev.centtreize.com\/rsr\/article\/precarite-institutionnelle-de-leglise-et-radicalite-du-royaume\/","title":{"rendered":"Pr\u00e9carit\u00e9 institutionnelle de l\u2019\u00c9glise et radicalit\u00e9 du Royaume"},"content":{"rendered":"<p>L\u2019\u00c9glise de J\u00e9sus-Christ, sous sa forme visible et institutionnelle, \u00e0 la fois plurielle et une, n\u2019est pas une fin en soi et, m\u00eame dans l\u2019ordre du salut, garde un caract\u00e8re second et instrumental. Chez Calvin, l\u2019\u00c9glise, comme \u00c9glise invisible, doit son existence \u00e0 l\u2019\u00e9lection de Dieu. Mais la distinction entre \u00c9glise visible et \u00c9glise invisible prend son origine, chez le R\u00e9formateur, dans la n\u00e9cessit\u00e9 de justifier la critique th\u00e9ologique et pratique de l\u2019\u00c9glise romaine. Nous sommes donc ici \u00e0 un carrefour entre la fondation th\u00e9ologique de l\u2019eccl\u00e9siologie et sa condition historique. \u00c0 terme, c\u2019est-\u00e0-dire \u00e0 l\u2019aune de l\u2019esp\u00e9rance de la venue du Royaume de Dieu et de la communion des saints, la distinction entre \u00c9glise visible et \u00c9glise invisible s\u2019estompe, non en faveur de la seconde, mais en fonction du r\u00e8gne universel et final de Dieu, lequel transcende les limites de toute forme d\u2019eccl\u00e9sialit\u00e9. Mais cette d\u00e9limitation claire entre l\u2019\u00c9glise et le Royaume de Dieu, ou, exprim\u00e9 d\u2019une autre mani\u00e8re, entre la vie croyante sur terre et la communion \u00e9ternelle en Dieu, n\u2019a pas pour effet de d\u00e9nier la n\u00e9cessit\u00e9 de m\u00e9diations humaines, notamment juridiques, dans l\u2019organisation concr\u00e8te des \u00c9glises visibles sur cette terre. C\u2019est de cette tension productive entre eschatologie, eccl\u00e9siologie et droit qu\u2019il va \u00eatre question dans la suite de cet expos\u00e9, d\u2019un point de vue protestant, mais en faisant r\u00e9f\u00e9rence \u00e0 quelques dossiers th\u00e9ologiques significatifs.<\/p>\n","protected":false},"excerpt":{"rendered":"<p>L\u2019\u00c9glise de J\u00e9sus-Christ, sous sa forme visible et institutionnelle, \u00e0 la fois plurielle et une, n\u2019est pas une fin en soi et, m\u00eame dans l\u2019ordre du salut, garde un caract\u00e8re second et instrumental. Chez Calvin, l\u2019\u00c9glise, comme \u00c9glise invisible, doit son existence \u00e0 l\u2019\u00e9lection de Dieu. Mais la distinction entre \u00c9glise visible et \u00c9glise invisible prend son origine, chez le R\u00e9formateur, dans la n\u00e9cessit\u00e9 de justifier la critique th\u00e9ologique et pratique de l\u2019\u00c9glise romaine. Nous sommes donc ici \u00e0 un carrefour entre la fondation th\u00e9ologique de l\u2019eccl\u00e9siologie et sa condition historique. \u00c0 terme, c\u2019est-\u00e0-dire \u00e0 l\u2019aune de l\u2019esp\u00e9rance de la venue du Royaume de Dieu et de la communion des saints, la distinction entre \u00c9glise visible et \u00c9glise invisible s\u2019estompe, non en faveur de la seconde, mais en fonction du r\u00e8gne universel et final de Dieu, lequel transcende les limites de toute forme d\u2019eccl\u00e9sialit\u00e9. Mais cette d\u00e9limitation claire entre l\u2019\u00c9glise et le Royaume de Dieu, ou, exprim\u00e9 d\u2019une autre mani\u00e8re,<a class=\"read-more\" href=\"https:\/\/dev.centtreize.com\/rsr\/article\/precarite-institutionnelle-de-leglise-et-radicalite-du-royaume\/\"><\/a><\/p>\n","protected":false},"author":2,"featured_media":0,"comment_status":"closed","ping_status":"closed","sticky":false,"template":"","format":"standard","meta":{"_acf_changed":false,"footnotes":""},"categories":[6],"tags":[],"keywords":[1137,1143,1145,1142,1138,1144],"class_list":["post-2930","post","type-post","status-publish","format-standard","hentry","category-article","keywords-eglise","keywords-eschatologie-fins-dernieres","keywords-loisy-alfred","keywords-protestantisme","keywords-royaume","keywords-troeltsch-ernst"],"acf":[],"yoast_head":"<!-- This site is optimized with the Yoast SEO plugin v27.2 - https:\/\/yoast.com\/product\/yoast-seo-wordpress\/ -->\n<title>Pr\u00e9carit\u00e9 institutionnelle de l\u2019\u00c9glise et radicalit\u00e9 du Royaume - Recherches de Science Religieuse<\/title>\n<meta name=\"robots\" content=\"index, follow, max-snippet:-1, max-image-preview:large, max-video-preview:-1\" \/>\n<link rel=\"canonical\" href=\"https:\/\/dev.centtreize.com\/rsr\/article\/precarite-institutionnelle-de-leglise-et-radicalite-du-royaume\/\" \/>\n<meta property=\"og:locale\" content=\"fr_FR\" \/>\n<meta property=\"og:type\" content=\"article\" \/>\n<meta property=\"og:title\" content=\"Pr\u00e9carit\u00e9 institutionnelle de l\u2019\u00c9glise et radicalit\u00e9 du Royaume - Recherches de Science Religieuse\" \/>\n<meta property=\"og:description\" content=\"L\u2019\u00c9glise de J\u00e9sus-Christ, sous sa forme visible et institutionnelle, \u00e0 la fois plurielle et une, n\u2019est pas une fin en soi et, m\u00eame dans l\u2019ordre du salut, garde un caract\u00e8re second et instrumental. Chez Calvin, l\u2019\u00c9glise, comme \u00c9glise invisible, doit son existence \u00e0 l\u2019\u00e9lection de Dieu. Mais la distinction entre \u00c9glise visible et \u00c9glise invisible prend son origine, chez le R\u00e9formateur, dans la n\u00e9cessit\u00e9 de justifier la critique th\u00e9ologique et pratique de l\u2019\u00c9glise romaine. Nous sommes donc ici \u00e0 un carrefour entre la fondation th\u00e9ologique de l\u2019eccl\u00e9siologie et sa condition historique. \u00c0 terme, c\u2019est-\u00e0-dire \u00e0 l\u2019aune de l\u2019esp\u00e9rance de la venue du Royaume de Dieu et de la communion des saints, la distinction entre \u00c9glise visible et \u00c9glise invisible s\u2019estompe, non en faveur de la seconde, mais en fonction du r\u00e8gne universel et final de Dieu, lequel transcende les limites de toute forme d\u2019eccl\u00e9sialit\u00e9. Mais cette d\u00e9limitation claire entre l\u2019\u00c9glise et le Royaume de Dieu, ou, exprim\u00e9 d\u2019une autre mani\u00e8re,\" \/>\n<meta property=\"og:url\" content=\"https:\/\/dev.centtreize.com\/rsr\/article\/precarite-institutionnelle-de-leglise-et-radicalite-du-royaume\/\" \/>\n<meta property=\"og:site_name\" content=\"Recherches de Science Religieuse\" \/>\n<meta property=\"article:published_time\" content=\"2014-05-23T11:23:36+00:00\" \/>\n<meta property=\"article:modified_time\" content=\"2025-06-13T06:10:17+00:00\" \/>\n<meta name=\"author\" content=\"H\u00e9l\u00e8ne\" \/>\n<meta name=\"twitter:card\" content=\"summary_large_image\" \/>\n<meta name=\"twitter:label1\" content=\"\u00c9crit par\" \/>\n\t<meta name=\"twitter:data1\" content=\"H\u00e9l\u00e8ne\" \/>\n\t<meta name=\"twitter:label2\" content=\"Dur\u00e9e de lecture estim\u00e9e\" \/>\n\t<meta name=\"twitter:data2\" content=\"1 minute\" \/>\n<script type=\"application\/ld+json\" class=\"yoast-schema-graph\">{\"@context\":\"https:\/\/schema.org\",\"@graph\":[{\"@type\":\"Article\",\"@id\":\"https:\/\/dev.centtreize.com\/rsr\/article\/precarite-institutionnelle-de-leglise-et-radicalite-du-royaume\/#article\",\"isPartOf\":{\"@id\":\"https:\/\/dev.centtreize.com\/rsr\/article\/precarite-institutionnelle-de-leglise-et-radicalite-du-royaume\/\"},\"author\":{\"name\":\"H\u00e9l\u00e8ne\",\"@id\":\"https:\/\/dev.centtreize.com\/rsr\/#\/schema\/person\/eb039ce63dcbc3fec0a6b81e43e29ad3\"},\"headline\":\"Pr\u00e9carit\u00e9 institutionnelle de l\u2019\u00c9glise et radicalit\u00e9 du Royaume\",\"datePublished\":\"2014-05-23T11:23:36+00:00\",\"dateModified\":\"2025-06-13T06:10:17+00:00\",\"mainEntityOfPage\":{\"@id\":\"https:\/\/dev.centtreize.com\/rsr\/article\/precarite-institutionnelle-de-leglise-et-radicalite-du-royaume\/\"},\"wordCount\":273,\"publisher\":{\"@id\":\"https:\/\/dev.centtreize.com\/rsr\/#organization\"},\"articleSection\":[\"article\"],\"inLanguage\":\"fr-FR\"},{\"@type\":\"WebPage\",\"@id\":\"https:\/\/dev.centtreize.com\/rsr\/article\/precarite-institutionnelle-de-leglise-et-radicalite-du-royaume\/\",\"url\":\"https:\/\/dev.centtreize.com\/rsr\/article\/precarite-institutionnelle-de-leglise-et-radicalite-du-royaume\/\",\"name\":\"Pr\u00e9carit\u00e9 institutionnelle de l\u2019\u00c9glise et radicalit\u00e9 du Royaume - Recherches de Science Religieuse\",\"isPartOf\":{\"@id\":\"https:\/\/dev.centtreize.com\/rsr\/#website\"},\"datePublished\":\"2014-05-23T11:23:36+00:00\",\"dateModified\":\"2025-06-13T06:10:17+00:00\",\"breadcrumb\":{\"@id\":\"https:\/\/dev.centtreize.com\/rsr\/article\/precarite-institutionnelle-de-leglise-et-radicalite-du-royaume\/#breadcrumb\"},\"inLanguage\":\"fr-FR\",\"potentialAction\":[{\"@type\":\"ReadAction\",\"target\":[\"https:\/\/dev.centtreize.com\/rsr\/article\/precarite-institutionnelle-de-leglise-et-radicalite-du-royaume\/\"]}]},{\"@type\":\"BreadcrumbList\",\"@id\":\"https:\/\/dev.centtreize.com\/rsr\/article\/precarite-institutionnelle-de-leglise-et-radicalite-du-royaume\/#breadcrumb\",\"itemListElement\":[{\"@type\":\"ListItem\",\"position\":1,\"name\":\"Accueil\",\"item\":\"https:\/\/dev.centtreize.com\/rsr\/\"},{\"@type\":\"ListItem\",\"position\":2,\"name\":\"Pr\u00e9carit\u00e9 institutionnelle de l\u2019\u00c9glise et radicalit\u00e9 du Royaume\"}]},{\"@type\":\"WebSite\",\"@id\":\"https:\/\/dev.centtreize.com\/rsr\/#website\",\"url\":\"https:\/\/dev.centtreize.com\/rsr\/\",\"name\":\"Recherches de Science Religieuse\",\"description\":\"Recherches de Science Religieuse\",\"publisher\":{\"@id\":\"https:\/\/dev.centtreize.com\/rsr\/#organization\"},\"potentialAction\":[{\"@type\":\"SearchAction\",\"target\":{\"@type\":\"EntryPoint\",\"urlTemplate\":\"https:\/\/dev.centtreize.com\/rsr\/?s={search_term_string}\"},\"query-input\":{\"@type\":\"PropertyValueSpecification\",\"valueRequired\":true,\"valueName\":\"search_term_string\"}}],\"inLanguage\":\"fr-FR\"},{\"@type\":\"Organization\",\"@id\":\"https:\/\/dev.centtreize.com\/rsr\/#organization\",\"name\":\"Recherches de Science Religieuse\",\"url\":\"https:\/\/dev.centtreize.com\/rsr\/\",\"logo\":{\"@type\":\"ImageObject\",\"inLanguage\":\"fr-FR\",\"@id\":\"https:\/\/dev.centtreize.com\/rsr\/#\/schema\/logo\/image\/\",\"url\":\"https:\/\/dev.centtreize.com\/rsr\/wp-content\/uploads\/2024\/10\/logo_rsr.png\",\"contentUrl\":\"https:\/\/dev.centtreize.com\/rsr\/wp-content\/uploads\/2024\/10\/logo_rsr.png\",\"width\":300,\"height\":225,\"caption\":\"Recherches de Science Religieuse\"},\"image\":{\"@id\":\"https:\/\/dev.centtreize.com\/rsr\/#\/schema\/logo\/image\/\"}},{\"@type\":\"Person\",\"@id\":\"https:\/\/dev.centtreize.com\/rsr\/#\/schema\/person\/eb039ce63dcbc3fec0a6b81e43e29ad3\",\"name\":\"H\u00e9l\u00e8ne\",\"url\":\"https:\/\/dev.centtreize.com\/rsr\/author\/rsr\/\"}]}<\/script>\n<!-- \/ Yoast SEO plugin. -->","yoast_head_json":{"title":"Pr\u00e9carit\u00e9 institutionnelle de l\u2019\u00c9glise et radicalit\u00e9 du Royaume - Recherches de Science Religieuse","robots":{"index":"index","follow":"follow","max-snippet":"max-snippet:-1","max-image-preview":"max-image-preview:large","max-video-preview":"max-video-preview:-1"},"canonical":"https:\/\/dev.centtreize.com\/rsr\/article\/precarite-institutionnelle-de-leglise-et-radicalite-du-royaume\/","og_locale":"fr_FR","og_type":"article","og_title":"Pr\u00e9carit\u00e9 institutionnelle de l\u2019\u00c9glise et radicalit\u00e9 du Royaume - Recherches de Science Religieuse","og_description":"L\u2019\u00c9glise de J\u00e9sus-Christ, sous sa forme visible et institutionnelle, \u00e0 la fois plurielle et une, n\u2019est pas une fin en soi et, m\u00eame dans l\u2019ordre du salut, garde un caract\u00e8re second et instrumental. Chez Calvin, l\u2019\u00c9glise, comme \u00c9glise invisible, doit son existence \u00e0 l\u2019\u00e9lection de Dieu. Mais la distinction entre \u00c9glise visible et \u00c9glise invisible prend son origine, chez le R\u00e9formateur, dans la n\u00e9cessit\u00e9 de justifier la critique th\u00e9ologique et pratique de l\u2019\u00c9glise romaine. Nous sommes donc ici \u00e0 un carrefour entre la fondation th\u00e9ologique de l\u2019eccl\u00e9siologie et sa condition historique. \u00c0 terme, c\u2019est-\u00e0-dire \u00e0 l\u2019aune de l\u2019esp\u00e9rance de la venue du Royaume de Dieu et de la communion des saints, la distinction entre \u00c9glise visible et \u00c9glise invisible s\u2019estompe, non en faveur de la seconde, mais en fonction du r\u00e8gne universel et final de Dieu, lequel transcende les limites de toute forme d\u2019eccl\u00e9sialit\u00e9. Mais cette d\u00e9limitation claire entre l\u2019\u00c9glise et le Royaume de Dieu, ou, exprim\u00e9 d\u2019une autre mani\u00e8re,","og_url":"https:\/\/dev.centtreize.com\/rsr\/article\/precarite-institutionnelle-de-leglise-et-radicalite-du-royaume\/","og_site_name":"Recherches de Science Religieuse","article_published_time":"2014-05-23T11:23:36+00:00","article_modified_time":"2025-06-13T06:10:17+00:00","author":"H\u00e9l\u00e8ne","twitter_card":"summary_large_image","twitter_misc":{"\u00c9crit par":"H\u00e9l\u00e8ne","Dur\u00e9e de lecture estim\u00e9e":"1 minute"},"schema":{"@context":"https:\/\/schema.org","@graph":[{"@type":"Article","@id":"https:\/\/dev.centtreize.com\/rsr\/article\/precarite-institutionnelle-de-leglise-et-radicalite-du-royaume\/#article","isPartOf":{"@id":"https:\/\/dev.centtreize.com\/rsr\/article\/precarite-institutionnelle-de-leglise-et-radicalite-du-royaume\/"},"author":{"name":"H\u00e9l\u00e8ne","@id":"https:\/\/dev.centtreize.com\/rsr\/#\/schema\/person\/eb039ce63dcbc3fec0a6b81e43e29ad3"},"headline":"Pr\u00e9carit\u00e9 institutionnelle de l\u2019\u00c9glise et radicalit\u00e9 du Royaume","datePublished":"2014-05-23T11:23:36+00:00","dateModified":"2025-06-13T06:10:17+00:00","mainEntityOfPage":{"@id":"https:\/\/dev.centtreize.com\/rsr\/article\/precarite-institutionnelle-de-leglise-et-radicalite-du-royaume\/"},"wordCount":273,"publisher":{"@id":"https:\/\/dev.centtreize.com\/rsr\/#organization"},"articleSection":["article"],"inLanguage":"fr-FR"},{"@type":"WebPage","@id":"https:\/\/dev.centtreize.com\/rsr\/article\/precarite-institutionnelle-de-leglise-et-radicalite-du-royaume\/","url":"https:\/\/dev.centtreize.com\/rsr\/article\/precarite-institutionnelle-de-leglise-et-radicalite-du-royaume\/","name":"Pr\u00e9carit\u00e9 institutionnelle de l\u2019\u00c9glise et radicalit\u00e9 du Royaume - Recherches de Science Religieuse","isPartOf":{"@id":"https:\/\/dev.centtreize.com\/rsr\/#website"},"datePublished":"2014-05-23T11:23:36+00:00","dateModified":"2025-06-13T06:10:17+00:00","breadcrumb":{"@id":"https:\/\/dev.centtreize.com\/rsr\/article\/precarite-institutionnelle-de-leglise-et-radicalite-du-royaume\/#breadcrumb"},"inLanguage":"fr-FR","potentialAction":[{"@type":"ReadAction","target":["https:\/\/dev.centtreize.com\/rsr\/article\/precarite-institutionnelle-de-leglise-et-radicalite-du-royaume\/"]}]},{"@type":"BreadcrumbList","@id":"https:\/\/dev.centtreize.com\/rsr\/article\/precarite-institutionnelle-de-leglise-et-radicalite-du-royaume\/#breadcrumb","itemListElement":[{"@type":"ListItem","position":1,"name":"Accueil","item":"https:\/\/dev.centtreize.com\/rsr\/"},{"@type":"ListItem","position":2,"name":"Pr\u00e9carit\u00e9 institutionnelle de l\u2019\u00c9glise et radicalit\u00e9 du Royaume"}]},{"@type":"WebSite","@id":"https:\/\/dev.centtreize.com\/rsr\/#website","url":"https:\/\/dev.centtreize.com\/rsr\/","name":"Recherches de Science Religieuse","description":"Recherches de Science Religieuse","publisher":{"@id":"https:\/\/dev.centtreize.com\/rsr\/#organization"},"potentialAction":[{"@type":"SearchAction","target":{"@type":"EntryPoint","urlTemplate":"https:\/\/dev.centtreize.com\/rsr\/?s={search_term_string}"},"query-input":{"@type":"PropertyValueSpecification","valueRequired":true,"valueName":"search_term_string"}}],"inLanguage":"fr-FR"},{"@type":"Organization","@id":"https:\/\/dev.centtreize.com\/rsr\/#organization","name":"Recherches de Science Religieuse","url":"https:\/\/dev.centtreize.com\/rsr\/","logo":{"@type":"ImageObject","inLanguage":"fr-FR","@id":"https:\/\/dev.centtreize.com\/rsr\/#\/schema\/logo\/image\/","url":"https:\/\/dev.centtreize.com\/rsr\/wp-content\/uploads\/2024\/10\/logo_rsr.png","contentUrl":"https:\/\/dev.centtreize.com\/rsr\/wp-content\/uploads\/2024\/10\/logo_rsr.png","width":300,"height":225,"caption":"Recherches de Science Religieuse"},"image":{"@id":"https:\/\/dev.centtreize.com\/rsr\/#\/schema\/logo\/image\/"}},{"@type":"Person","@id":"https:\/\/dev.centtreize.com\/rsr\/#\/schema\/person\/eb039ce63dcbc3fec0a6b81e43e29ad3","name":"H\u00e9l\u00e8ne","url":"https:\/\/dev.centtreize.com\/rsr\/author\/rsr\/"}]}},"_links":{"self":[{"href":"https:\/\/dev.centtreize.com\/rsr\/wp-json\/wp\/v2\/posts\/2930","targetHints":{"allow":["GET"]}}],"collection":[{"href":"https:\/\/dev.centtreize.com\/rsr\/wp-json\/wp\/v2\/posts"}],"about":[{"href":"https:\/\/dev.centtreize.com\/rsr\/wp-json\/wp\/v2\/types\/post"}],"author":[{"embeddable":true,"href":"https:\/\/dev.centtreize.com\/rsr\/wp-json\/wp\/v2\/users\/2"}],"replies":[{"embeddable":true,"href":"https:\/\/dev.centtreize.com\/rsr\/wp-json\/wp\/v2\/comments?post=2930"}],"version-history":[{"count":5,"href":"https:\/\/dev.centtreize.com\/rsr\/wp-json\/wp\/v2\/posts\/2930\/revisions"}],"predecessor-version":[{"id":17426,"href":"https:\/\/dev.centtreize.com\/rsr\/wp-json\/wp\/v2\/posts\/2930\/revisions\/17426"}],"wp:attachment":[{"href":"https:\/\/dev.centtreize.com\/rsr\/wp-json\/wp\/v2\/media?parent=2930"}],"wp:term":[{"taxonomy":"category","embeddable":true,"href":"https:\/\/dev.centtreize.com\/rsr\/wp-json\/wp\/v2\/categories?post=2930"},{"taxonomy":"post_tag","embeddable":true,"href":"https:\/\/dev.centtreize.com\/rsr\/wp-json\/wp\/v2\/tags?post=2930"},{"taxonomy":"keywords","embeddable":true,"href":"https:\/\/dev.centtreize.com\/rsr\/wp-json\/wp\/v2\/keywords?post=2930"}],"curies":[{"name":"wp","href":"https:\/\/api.w.org\/{rel}","templated":true}]}}