{"id":2927,"date":"2014-05-23T12:20:21","date_gmt":"2014-05-23T11:20:21","guid":{"rendered":"http:\/\/www.revue-rsr.com\/?p=2927"},"modified":"2025-06-13T07:10:08","modified_gmt":"2025-06-13T06:10:08","slug":"la-distinction-incorpore-a-ordonne-a-dans-lumen-gentium","status":"publish","type":"post","link":"https:\/\/dev.centtreize.com\/rsr\/article\/la-distinction-incorpore-a-ordonne-a-dans-lumen-gentium\/","title":{"rendered":"La distinction \u00ab incorpor\u00e9 \u00e0 \u00bb \/ \u00ab ordonn\u00e9 \u00e0 \u00bb dans Lumen gentium"},"content":{"rendered":"<p>La r\u00e9partition habituelle des trait\u00e9s en th\u00e9ologie laisse souvent l\u2019eccl\u00e9siologie \u00e0 distance des questions touchant au pluralisme religieux et c\u2019est davantage le christologue ou le sp\u00e9cialiste de la th\u00e9ologie fondamentale qui sont sollicit\u00e9s. Pourtant, les d\u00e9bats ayant trait \u00e0 cette question ne sont pas sans r\u00e9percussions sur l\u2019eccl\u00e9siologie et sp\u00e9cialement sur l\u2019articulation entre l\u2019\u00c9glise et le R\u00e8gne de Dieu. Dans cette perspective, il est utile de revenir sur deux expressions qui qualifient le lien \u00e0 l\u2019\u00c9glise au concile Vatican II , \u00e0 savoir&nbsp;\u00ab&nbsp;incorpor\u00e9 \u00e0&nbsp;\u00bb (LG 14) qui qualifie l\u2019appartenance des catholiques \u00e0 leur \u00c9glise et l\u2019expression&nbsp;\u00ab&nbsp;ordonn\u00e9s \u00e0 (\u2026) l\u2019unit\u00e9 du Peuple de Dieu&nbsp;\u00bb qui s\u2019applique \u00e0&nbsp;\u00ab&nbsp;ceux qui n\u2019ont pas encore re\u00e7u l\u2019\u00c9vangile&nbsp;\u00bb. Cette fa\u00e7on dont le concile a d\u00e9crit le lien entre l\u2019\u00c9glise et ceux qui n\u2019en font pas partie appelait \u00e0 pr\u00e9ciser \u00e0 son tour le lien entre l\u2019\u00c9glise et le R\u00e8gne de Dieu. Sur ce point, une \u00e9tude g\u00e9n\u00e9alogique permettra de percevoir l\u2019importance de l\u2019\u00e9volution op\u00e9r\u00e9e par le Magist\u00e8re et la th\u00e9ologie \u00e0 la lumi\u00e8re d\u2019une r\u00e9flexion sur le dialogue interreligieux. De Mystici corporis (1943) \u00e0 Redemptoris Missio (1990) se met en place un abandon progressif de la probl\u00e9matique de&nbsp;\u00ab&nbsp;l\u2019ordination \u00e0&nbsp;\u00bb pour traiter de&nbsp;\u00ab&nbsp;ceux qui n\u2019ont pas encore re\u00e7u l\u2019\u00c9vangile&nbsp;\u00bb, au profit d\u2019une articulation dynamique entre \u00c9glise et R\u00e8gne de Dieu. Cette \u00e9volution ouvre des pistes \u00e0 la fois pour le dialogue interreligieux, mais \u00e9galement pour l\u2019eccl\u00e9siologie.<\/p>\n","protected":false},"excerpt":{"rendered":"<p>La r\u00e9partition habituelle des trait\u00e9s en th\u00e9ologie laisse souvent l\u2019eccl\u00e9siologie \u00e0 distance des questions touchant au pluralisme religieux et c\u2019est davantage le christologue ou le sp\u00e9cialiste de la th\u00e9ologie fondamentale qui sont sollicit\u00e9s. Pourtant, les d\u00e9bats ayant trait \u00e0 cette question ne sont pas sans r\u00e9percussions sur l\u2019eccl\u00e9siologie et sp\u00e9cialement sur l\u2019articulation entre l\u2019\u00c9glise et le R\u00e8gne de Dieu. Dans cette perspective, il est utile de revenir sur deux expressions qui qualifient le lien \u00e0 l\u2019\u00c9glise au concile Vatican II , \u00e0 savoir&nbsp;\u00ab&nbsp;incorpor\u00e9 \u00e0&nbsp;\u00bb (LG 14) qui qualifie l\u2019appartenance des catholiques \u00e0 leur \u00c9glise et l\u2019expression&nbsp;\u00ab&nbsp;ordonn\u00e9s \u00e0 (\u2026) l\u2019unit\u00e9 du Peuple de Dieu&nbsp;\u00bb qui s\u2019applique \u00e0&nbsp;\u00ab&nbsp;ceux qui n\u2019ont pas encore re\u00e7u l\u2019\u00c9vangile&nbsp;\u00bb. Cette fa\u00e7on dont le concile a d\u00e9crit le lien entre l\u2019\u00c9glise et ceux qui n\u2019en font pas partie appelait \u00e0 pr\u00e9ciser \u00e0 son tour le lien entre l\u2019\u00c9glise et le R\u00e8gne de Dieu. Sur ce point, une \u00e9tude g\u00e9n\u00e9alogique permettra de percevoir l\u2019importance de l\u2019\u00e9volution op\u00e9r\u00e9e par le<a class=\"read-more\" href=\"https:\/\/dev.centtreize.com\/rsr\/article\/la-distinction-incorpore-a-ordonne-a-dans-lumen-gentium\/\"><\/a><\/p>\n","protected":false},"author":2,"featured_media":0,"comment_status":"closed","ping_status":"closed","sticky":false,"template":"","format":"standard","meta":{"_acf_changed":false,"footnotes":""},"categories":[6],"tags":[],"keywords":[1141,1137,1138,1140],"class_list":["post-2927","post","type-post","status-publish","format-standard","hentry","category-article","keywords-dialogue-interreligieux","keywords-eglise","keywords-royaume","keywords-vatican-ii"],"acf":[],"yoast_head":"<!-- This site is optimized with the Yoast SEO plugin v27.2 - https:\/\/yoast.com\/product\/yoast-seo-wordpress\/ -->\n<title>La distinction \u00ab incorpor\u00e9 \u00e0 \u00bb \/ \u00ab ordonn\u00e9 \u00e0 \u00bb dans Lumen gentium - Recherches de Science Religieuse<\/title>\n<meta name=\"robots\" content=\"index, follow, max-snippet:-1, max-image-preview:large, max-video-preview:-1\" \/>\n<link rel=\"canonical\" href=\"https:\/\/dev.centtreize.com\/rsr\/article\/la-distinction-incorpore-a-ordonne-a-dans-lumen-gentium\/\" \/>\n<meta property=\"og:locale\" content=\"fr_FR\" \/>\n<meta property=\"og:type\" content=\"article\" \/>\n<meta property=\"og:title\" content=\"La distinction \u00ab incorpor\u00e9 \u00e0 \u00bb \/ \u00ab ordonn\u00e9 \u00e0 \u00bb dans Lumen gentium - Recherches de Science Religieuse\" \/>\n<meta property=\"og:description\" content=\"La r\u00e9partition habituelle des trait\u00e9s en th\u00e9ologie laisse souvent l\u2019eccl\u00e9siologie \u00e0 distance des questions touchant au pluralisme religieux et c\u2019est davantage le christologue ou le sp\u00e9cialiste de la th\u00e9ologie fondamentale qui sont sollicit\u00e9s. Pourtant, les d\u00e9bats ayant trait \u00e0 cette question ne sont pas sans r\u00e9percussions sur l\u2019eccl\u00e9siologie et sp\u00e9cialement sur l\u2019articulation entre l\u2019\u00c9glise et le R\u00e8gne de Dieu. Dans cette perspective, il est utile de revenir sur deux expressions qui qualifient le lien \u00e0 l\u2019\u00c9glise au concile Vatican II , \u00e0 savoir&nbsp;\u00ab&nbsp;incorpor\u00e9 \u00e0&nbsp;\u00bb (LG 14) qui qualifie l\u2019appartenance des catholiques \u00e0 leur \u00c9glise et l\u2019expression&nbsp;\u00ab&nbsp;ordonn\u00e9s \u00e0 (\u2026) l\u2019unit\u00e9 du Peuple de Dieu&nbsp;\u00bb qui s\u2019applique \u00e0&nbsp;\u00ab&nbsp;ceux qui n\u2019ont pas encore re\u00e7u l\u2019\u00c9vangile&nbsp;\u00bb. Cette fa\u00e7on dont le concile a d\u00e9crit le lien entre l\u2019\u00c9glise et ceux qui n\u2019en font pas partie appelait \u00e0 pr\u00e9ciser \u00e0 son tour le lien entre l\u2019\u00c9glise et le R\u00e8gne de Dieu. Sur ce point, une \u00e9tude g\u00e9n\u00e9alogique permettra de percevoir l\u2019importance de l\u2019\u00e9volution op\u00e9r\u00e9e par le\" \/>\n<meta property=\"og:url\" content=\"https:\/\/dev.centtreize.com\/rsr\/article\/la-distinction-incorpore-a-ordonne-a-dans-lumen-gentium\/\" \/>\n<meta property=\"og:site_name\" content=\"Recherches de Science Religieuse\" \/>\n<meta property=\"article:published_time\" content=\"2014-05-23T11:20:21+00:00\" \/>\n<meta property=\"article:modified_time\" content=\"2025-06-13T06:10:08+00:00\" \/>\n<meta name=\"author\" content=\"H\u00e9l\u00e8ne\" \/>\n<meta name=\"twitter:card\" content=\"summary_large_image\" \/>\n<meta name=\"twitter:label1\" content=\"\u00c9crit par\" \/>\n\t<meta name=\"twitter:data1\" content=\"H\u00e9l\u00e8ne\" \/>\n\t<meta name=\"twitter:label2\" content=\"Dur\u00e9e de lecture estim\u00e9e\" \/>\n\t<meta name=\"twitter:data2\" content=\"1 minute\" \/>\n<script type=\"application\/ld+json\" class=\"yoast-schema-graph\">{\"@context\":\"https:\/\/schema.org\",\"@graph\":[{\"@type\":\"Article\",\"@id\":\"https:\/\/dev.centtreize.com\/rsr\/article\/la-distinction-incorpore-a-ordonne-a-dans-lumen-gentium\/#article\",\"isPartOf\":{\"@id\":\"https:\/\/dev.centtreize.com\/rsr\/article\/la-distinction-incorpore-a-ordonne-a-dans-lumen-gentium\/\"},\"author\":{\"name\":\"H\u00e9l\u00e8ne\",\"@id\":\"https:\/\/dev.centtreize.com\/rsr\/#\/schema\/person\/eb039ce63dcbc3fec0a6b81e43e29ad3\"},\"headline\":\"La distinction \u00ab incorpor\u00e9 \u00e0 \u00bb \/ \u00ab ordonn\u00e9 \u00e0 \u00bb dans Lumen gentium\",\"datePublished\":\"2014-05-23T11:20:21+00:00\",\"dateModified\":\"2025-06-13T06:10:08+00:00\",\"mainEntityOfPage\":{\"@id\":\"https:\/\/dev.centtreize.com\/rsr\/article\/la-distinction-incorpore-a-ordonne-a-dans-lumen-gentium\/\"},\"wordCount\":275,\"publisher\":{\"@id\":\"https:\/\/dev.centtreize.com\/rsr\/#organization\"},\"articleSection\":[\"article\"],\"inLanguage\":\"fr-FR\"},{\"@type\":\"WebPage\",\"@id\":\"https:\/\/dev.centtreize.com\/rsr\/article\/la-distinction-incorpore-a-ordonne-a-dans-lumen-gentium\/\",\"url\":\"https:\/\/dev.centtreize.com\/rsr\/article\/la-distinction-incorpore-a-ordonne-a-dans-lumen-gentium\/\",\"name\":\"La distinction \u00ab incorpor\u00e9 \u00e0 \u00bb \/ \u00ab ordonn\u00e9 \u00e0 \u00bb dans Lumen gentium - Recherches de Science Religieuse\",\"isPartOf\":{\"@id\":\"https:\/\/dev.centtreize.com\/rsr\/#website\"},\"datePublished\":\"2014-05-23T11:20:21+00:00\",\"dateModified\":\"2025-06-13T06:10:08+00:00\",\"breadcrumb\":{\"@id\":\"https:\/\/dev.centtreize.com\/rsr\/article\/la-distinction-incorpore-a-ordonne-a-dans-lumen-gentium\/#breadcrumb\"},\"inLanguage\":\"fr-FR\",\"potentialAction\":[{\"@type\":\"ReadAction\",\"target\":[\"https:\/\/dev.centtreize.com\/rsr\/article\/la-distinction-incorpore-a-ordonne-a-dans-lumen-gentium\/\"]}]},{\"@type\":\"BreadcrumbList\",\"@id\":\"https:\/\/dev.centtreize.com\/rsr\/article\/la-distinction-incorpore-a-ordonne-a-dans-lumen-gentium\/#breadcrumb\",\"itemListElement\":[{\"@type\":\"ListItem\",\"position\":1,\"name\":\"Accueil\",\"item\":\"https:\/\/dev.centtreize.com\/rsr\/\"},{\"@type\":\"ListItem\",\"position\":2,\"name\":\"La distinction \u00ab incorpor\u00e9 \u00e0 \u00bb \/ \u00ab ordonn\u00e9 \u00e0 \u00bb dans Lumen gentium\"}]},{\"@type\":\"WebSite\",\"@id\":\"https:\/\/dev.centtreize.com\/rsr\/#website\",\"url\":\"https:\/\/dev.centtreize.com\/rsr\/\",\"name\":\"Recherches de Science Religieuse\",\"description\":\"Recherches de Science Religieuse\",\"publisher\":{\"@id\":\"https:\/\/dev.centtreize.com\/rsr\/#organization\"},\"potentialAction\":[{\"@type\":\"SearchAction\",\"target\":{\"@type\":\"EntryPoint\",\"urlTemplate\":\"https:\/\/dev.centtreize.com\/rsr\/?s={search_term_string}\"},\"query-input\":{\"@type\":\"PropertyValueSpecification\",\"valueRequired\":true,\"valueName\":\"search_term_string\"}}],\"inLanguage\":\"fr-FR\"},{\"@type\":\"Organization\",\"@id\":\"https:\/\/dev.centtreize.com\/rsr\/#organization\",\"name\":\"Recherches de Science Religieuse\",\"url\":\"https:\/\/dev.centtreize.com\/rsr\/\",\"logo\":{\"@type\":\"ImageObject\",\"inLanguage\":\"fr-FR\",\"@id\":\"https:\/\/dev.centtreize.com\/rsr\/#\/schema\/logo\/image\/\",\"url\":\"https:\/\/dev.centtreize.com\/rsr\/wp-content\/uploads\/2024\/10\/logo_rsr.png\",\"contentUrl\":\"https:\/\/dev.centtreize.com\/rsr\/wp-content\/uploads\/2024\/10\/logo_rsr.png\",\"width\":300,\"height\":225,\"caption\":\"Recherches de Science Religieuse\"},\"image\":{\"@id\":\"https:\/\/dev.centtreize.com\/rsr\/#\/schema\/logo\/image\/\"}},{\"@type\":\"Person\",\"@id\":\"https:\/\/dev.centtreize.com\/rsr\/#\/schema\/person\/eb039ce63dcbc3fec0a6b81e43e29ad3\",\"name\":\"H\u00e9l\u00e8ne\",\"url\":\"https:\/\/dev.centtreize.com\/rsr\/author\/rsr\/\"}]}<\/script>\n<!-- \/ Yoast SEO plugin. -->","yoast_head_json":{"title":"La distinction \u00ab incorpor\u00e9 \u00e0 \u00bb \/ \u00ab ordonn\u00e9 \u00e0 \u00bb dans Lumen gentium - Recherches de Science Religieuse","robots":{"index":"index","follow":"follow","max-snippet":"max-snippet:-1","max-image-preview":"max-image-preview:large","max-video-preview":"max-video-preview:-1"},"canonical":"https:\/\/dev.centtreize.com\/rsr\/article\/la-distinction-incorpore-a-ordonne-a-dans-lumen-gentium\/","og_locale":"fr_FR","og_type":"article","og_title":"La distinction \u00ab incorpor\u00e9 \u00e0 \u00bb \/ \u00ab ordonn\u00e9 \u00e0 \u00bb dans Lumen gentium - Recherches de Science Religieuse","og_description":"La r\u00e9partition habituelle des trait\u00e9s en th\u00e9ologie laisse souvent l\u2019eccl\u00e9siologie \u00e0 distance des questions touchant au pluralisme religieux et c\u2019est davantage le christologue ou le sp\u00e9cialiste de la th\u00e9ologie fondamentale qui sont sollicit\u00e9s. Pourtant, les d\u00e9bats ayant trait \u00e0 cette question ne sont pas sans r\u00e9percussions sur l\u2019eccl\u00e9siologie et sp\u00e9cialement sur l\u2019articulation entre l\u2019\u00c9glise et le R\u00e8gne de Dieu. Dans cette perspective, il est utile de revenir sur deux expressions qui qualifient le lien \u00e0 l\u2019\u00c9glise au concile Vatican II , \u00e0 savoir&nbsp;\u00ab&nbsp;incorpor\u00e9 \u00e0&nbsp;\u00bb (LG 14) qui qualifie l\u2019appartenance des catholiques \u00e0 leur \u00c9glise et l\u2019expression&nbsp;\u00ab&nbsp;ordonn\u00e9s \u00e0 (\u2026) l\u2019unit\u00e9 du Peuple de Dieu&nbsp;\u00bb qui s\u2019applique \u00e0&nbsp;\u00ab&nbsp;ceux qui n\u2019ont pas encore re\u00e7u l\u2019\u00c9vangile&nbsp;\u00bb. Cette fa\u00e7on dont le concile a d\u00e9crit le lien entre l\u2019\u00c9glise et ceux qui n\u2019en font pas partie appelait \u00e0 pr\u00e9ciser \u00e0 son tour le lien entre l\u2019\u00c9glise et le R\u00e8gne de Dieu. Sur ce point, une \u00e9tude g\u00e9n\u00e9alogique permettra de percevoir l\u2019importance de l\u2019\u00e9volution op\u00e9r\u00e9e par le","og_url":"https:\/\/dev.centtreize.com\/rsr\/article\/la-distinction-incorpore-a-ordonne-a-dans-lumen-gentium\/","og_site_name":"Recherches de Science Religieuse","article_published_time":"2014-05-23T11:20:21+00:00","article_modified_time":"2025-06-13T06:10:08+00:00","author":"H\u00e9l\u00e8ne","twitter_card":"summary_large_image","twitter_misc":{"\u00c9crit par":"H\u00e9l\u00e8ne","Dur\u00e9e de lecture estim\u00e9e":"1 minute"},"schema":{"@context":"https:\/\/schema.org","@graph":[{"@type":"Article","@id":"https:\/\/dev.centtreize.com\/rsr\/article\/la-distinction-incorpore-a-ordonne-a-dans-lumen-gentium\/#article","isPartOf":{"@id":"https:\/\/dev.centtreize.com\/rsr\/article\/la-distinction-incorpore-a-ordonne-a-dans-lumen-gentium\/"},"author":{"name":"H\u00e9l\u00e8ne","@id":"https:\/\/dev.centtreize.com\/rsr\/#\/schema\/person\/eb039ce63dcbc3fec0a6b81e43e29ad3"},"headline":"La distinction \u00ab incorpor\u00e9 \u00e0 \u00bb \/ \u00ab ordonn\u00e9 \u00e0 \u00bb dans Lumen gentium","datePublished":"2014-05-23T11:20:21+00:00","dateModified":"2025-06-13T06:10:08+00:00","mainEntityOfPage":{"@id":"https:\/\/dev.centtreize.com\/rsr\/article\/la-distinction-incorpore-a-ordonne-a-dans-lumen-gentium\/"},"wordCount":275,"publisher":{"@id":"https:\/\/dev.centtreize.com\/rsr\/#organization"},"articleSection":["article"],"inLanguage":"fr-FR"},{"@type":"WebPage","@id":"https:\/\/dev.centtreize.com\/rsr\/article\/la-distinction-incorpore-a-ordonne-a-dans-lumen-gentium\/","url":"https:\/\/dev.centtreize.com\/rsr\/article\/la-distinction-incorpore-a-ordonne-a-dans-lumen-gentium\/","name":"La distinction \u00ab incorpor\u00e9 \u00e0 \u00bb \/ \u00ab ordonn\u00e9 \u00e0 \u00bb dans Lumen gentium - Recherches de Science Religieuse","isPartOf":{"@id":"https:\/\/dev.centtreize.com\/rsr\/#website"},"datePublished":"2014-05-23T11:20:21+00:00","dateModified":"2025-06-13T06:10:08+00:00","breadcrumb":{"@id":"https:\/\/dev.centtreize.com\/rsr\/article\/la-distinction-incorpore-a-ordonne-a-dans-lumen-gentium\/#breadcrumb"},"inLanguage":"fr-FR","potentialAction":[{"@type":"ReadAction","target":["https:\/\/dev.centtreize.com\/rsr\/article\/la-distinction-incorpore-a-ordonne-a-dans-lumen-gentium\/"]}]},{"@type":"BreadcrumbList","@id":"https:\/\/dev.centtreize.com\/rsr\/article\/la-distinction-incorpore-a-ordonne-a-dans-lumen-gentium\/#breadcrumb","itemListElement":[{"@type":"ListItem","position":1,"name":"Accueil","item":"https:\/\/dev.centtreize.com\/rsr\/"},{"@type":"ListItem","position":2,"name":"La distinction \u00ab incorpor\u00e9 \u00e0 \u00bb \/ \u00ab ordonn\u00e9 \u00e0 \u00bb dans Lumen gentium"}]},{"@type":"WebSite","@id":"https:\/\/dev.centtreize.com\/rsr\/#website","url":"https:\/\/dev.centtreize.com\/rsr\/","name":"Recherches de Science Religieuse","description":"Recherches de Science Religieuse","publisher":{"@id":"https:\/\/dev.centtreize.com\/rsr\/#organization"},"potentialAction":[{"@type":"SearchAction","target":{"@type":"EntryPoint","urlTemplate":"https:\/\/dev.centtreize.com\/rsr\/?s={search_term_string}"},"query-input":{"@type":"PropertyValueSpecification","valueRequired":true,"valueName":"search_term_string"}}],"inLanguage":"fr-FR"},{"@type":"Organization","@id":"https:\/\/dev.centtreize.com\/rsr\/#organization","name":"Recherches de Science Religieuse","url":"https:\/\/dev.centtreize.com\/rsr\/","logo":{"@type":"ImageObject","inLanguage":"fr-FR","@id":"https:\/\/dev.centtreize.com\/rsr\/#\/schema\/logo\/image\/","url":"https:\/\/dev.centtreize.com\/rsr\/wp-content\/uploads\/2024\/10\/logo_rsr.png","contentUrl":"https:\/\/dev.centtreize.com\/rsr\/wp-content\/uploads\/2024\/10\/logo_rsr.png","width":300,"height":225,"caption":"Recherches de Science Religieuse"},"image":{"@id":"https:\/\/dev.centtreize.com\/rsr\/#\/schema\/logo\/image\/"}},{"@type":"Person","@id":"https:\/\/dev.centtreize.com\/rsr\/#\/schema\/person\/eb039ce63dcbc3fec0a6b81e43e29ad3","name":"H\u00e9l\u00e8ne","url":"https:\/\/dev.centtreize.com\/rsr\/author\/rsr\/"}]}},"_links":{"self":[{"href":"https:\/\/dev.centtreize.com\/rsr\/wp-json\/wp\/v2\/posts\/2927","targetHints":{"allow":["GET"]}}],"collection":[{"href":"https:\/\/dev.centtreize.com\/rsr\/wp-json\/wp\/v2\/posts"}],"about":[{"href":"https:\/\/dev.centtreize.com\/rsr\/wp-json\/wp\/v2\/types\/post"}],"author":[{"embeddable":true,"href":"https:\/\/dev.centtreize.com\/rsr\/wp-json\/wp\/v2\/users\/2"}],"replies":[{"embeddable":true,"href":"https:\/\/dev.centtreize.com\/rsr\/wp-json\/wp\/v2\/comments?post=2927"}],"version-history":[{"count":7,"href":"https:\/\/dev.centtreize.com\/rsr\/wp-json\/wp\/v2\/posts\/2927\/revisions"}],"predecessor-version":[{"id":17425,"href":"https:\/\/dev.centtreize.com\/rsr\/wp-json\/wp\/v2\/posts\/2927\/revisions\/17425"}],"wp:attachment":[{"href":"https:\/\/dev.centtreize.com\/rsr\/wp-json\/wp\/v2\/media?parent=2927"}],"wp:term":[{"taxonomy":"category","embeddable":true,"href":"https:\/\/dev.centtreize.com\/rsr\/wp-json\/wp\/v2\/categories?post=2927"},{"taxonomy":"post_tag","embeddable":true,"href":"https:\/\/dev.centtreize.com\/rsr\/wp-json\/wp\/v2\/tags?post=2927"},{"taxonomy":"keywords","embeddable":true,"href":"https:\/\/dev.centtreize.com\/rsr\/wp-json\/wp\/v2\/keywords?post=2927"}],"curies":[{"name":"wp","href":"https:\/\/api.w.org\/{rel}","templated":true}]}}