{"id":2901,"date":"2014-05-23T11:09:24","date_gmt":"2014-05-23T10:09:24","guid":{"rendered":"http:\/\/www.revue-rsr.com\/?p=2901"},"modified":"2024-10-02T03:17:45","modified_gmt":"2024-10-02T02:17:45","slug":"du-nouveau-dans-la-recherche-sur-le-modernisme","status":"publish","type":"post","link":"https:\/\/dev.centtreize.com\/rsr\/chronique\/du-nouveau-dans-la-recherche-sur-le-modernisme\/","title":{"rendered":"Du nouveau dans la recherche sur le \u00ab modernisme \u00bb"},"content":{"rendered":"<p>L\u2019\u00e9valuation historique et th\u00e9ologique de ce qu\u2019il est convenu d\u2019appeler le&nbsp;\u00ab&nbsp;modernisme&nbsp;\u00bb a \u00e9t\u00e9 p\u00e9riodiquement relanc\u00e9e par l\u2019exploration approfondie de documents jusqu\u2019alors inaccessibles ou non publi\u00e9s. Ces derni\u00e8res ann\u00e9es, notre connaissance de cette&nbsp;\u00ab&nbsp;crise&nbsp;\u00bb s\u2019est \u00e0 nouveau enrichie, en aval et en amont. En aval, en raison de la publication des expertises et d\u00e9bats des congr\u00e9gations romaines de l\u2019Index et du Saint Office, pr\u00e9paratoires \u00e0 la censure de quelques oeuvres d\u2019Alfred Loisy (1903) et au d\u00e9cret Lamentabili sane exitu (1907). En amont, par l\u2019\u00e9dition de ses Essais d\u2019histoire et de philosophie religieuses (1899), jamais publi\u00e9s du vivant de son auteur mais utilis\u00e9s par lui comme&nbsp;\u00ab&nbsp;carri\u00e8re&nbsp;\u00bb pour la composition de ses c\u00e9l\u00e8bres articles de la Revue du Clerg\u00e9 Fran\u00e7ais. Certes, l\u2019importance d\u00e9cisive de telle circonstance, de telle intervention ou de telle personnalit\u00e9 para\u00eet ainsi dans une lumi\u00e8re plus vive&nbsp;; mais l\u2019enjeu majeur de ces parutions est l\u2019\u00e9valuation \u00e0 long terme de la&nbsp;\u00ab&nbsp;crise moderniste&nbsp;\u00bb.<\/p>\n","protected":false},"excerpt":{"rendered":"<p>L\u2019\u00e9valuation historique et th\u00e9ologique de ce qu\u2019il est convenu d\u2019appeler le&nbsp;\u00ab&nbsp;modernisme&nbsp;\u00bb a \u00e9t\u00e9 p\u00e9riodiquement relanc\u00e9e par l\u2019exploration approfondie de documents jusqu\u2019alors inaccessibles ou non publi\u00e9s. Ces derni\u00e8res ann\u00e9es, notre connaissance de cette&nbsp;\u00ab&nbsp;crise&nbsp;\u00bb s\u2019est \u00e0 nouveau enrichie, en aval et en amont. En aval, en raison de la publication des expertises et d\u00e9bats des congr\u00e9gations romaines de l\u2019Index et du Saint Office, pr\u00e9paratoires \u00e0 la censure de quelques oeuvres d\u2019Alfred Loisy (1903) et au d\u00e9cret Lamentabili sane exitu (1907). En amont, par l\u2019\u00e9dition de ses Essais d\u2019histoire et de philosophie religieuses (1899), jamais publi\u00e9s du vivant de son auteur mais utilis\u00e9s par lui comme&nbsp;\u00ab&nbsp;carri\u00e8re&nbsp;\u00bb pour la composition de ses c\u00e9l\u00e8bres articles de la Revue du Clerg\u00e9 Fran\u00e7ais. Certes, l\u2019importance d\u00e9cisive de telle circonstance, de telle intervention ou de telle personnalit\u00e9 para\u00eet ainsi dans une lumi\u00e8re plus vive&nbsp;; mais l\u2019enjeu majeur de ces parutions est l\u2019\u00e9valuation \u00e0 long terme de la&nbsp;\u00ab&nbsp;crise moderniste&nbsp;\u00bb.<\/p>\n","protected":false},"author":2,"featured_media":0,"comment_status":"closed","ping_status":"closed","sticky":false,"template":"","format":"standard","meta":{"_acf_changed":false,"footnotes":""},"categories":[19],"tags":[4,3],"keywords":[],"class_list":["post-2901","post","type-post","status-publish","format-standard","hentry","category-chronique","tag-concile","tag-vatican-ii"],"acf":[],"yoast_head":"<!-- This site is optimized with the Yoast SEO plugin v27.2 - https:\/\/yoast.com\/product\/yoast-seo-wordpress\/ -->\n<title>Du nouveau dans la recherche sur le \u00ab modernisme \u00bb - Recherches de Science Religieuse<\/title>\n<meta name=\"robots\" content=\"index, follow, max-snippet:-1, max-image-preview:large, max-video-preview:-1\" \/>\n<link rel=\"canonical\" href=\"https:\/\/dev.centtreize.com\/rsr\/chronique\/du-nouveau-dans-la-recherche-sur-le-modernisme\/\" \/>\n<meta property=\"og:locale\" content=\"fr_FR\" \/>\n<meta property=\"og:type\" content=\"article\" \/>\n<meta property=\"og:title\" content=\"Du nouveau dans la recherche sur le \u00ab modernisme \u00bb - Recherches de Science Religieuse\" \/>\n<meta property=\"og:description\" content=\"L\u2019\u00e9valuation historique et th\u00e9ologique de ce qu\u2019il est convenu d\u2019appeler le&nbsp;\u00ab&nbsp;modernisme&nbsp;\u00bb a \u00e9t\u00e9 p\u00e9riodiquement relanc\u00e9e par l\u2019exploration approfondie de documents jusqu\u2019alors inaccessibles ou non publi\u00e9s. Ces derni\u00e8res ann\u00e9es, notre connaissance de cette&nbsp;\u00ab&nbsp;crise&nbsp;\u00bb s\u2019est \u00e0 nouveau enrichie, en aval et en amont. En aval, en raison de la publication des expertises et d\u00e9bats des congr\u00e9gations romaines de l\u2019Index et du Saint Office, pr\u00e9paratoires \u00e0 la censure de quelques oeuvres d\u2019Alfred Loisy (1903) et au d\u00e9cret Lamentabili sane exitu (1907). En amont, par l\u2019\u00e9dition de ses Essais d\u2019histoire et de philosophie religieuses (1899), jamais publi\u00e9s du vivant de son auteur mais utilis\u00e9s par lui comme&nbsp;\u00ab&nbsp;carri\u00e8re&nbsp;\u00bb pour la composition de ses c\u00e9l\u00e8bres articles de la Revue du Clerg\u00e9 Fran\u00e7ais. Certes, l\u2019importance d\u00e9cisive de telle circonstance, de telle intervention ou de telle personnalit\u00e9 para\u00eet ainsi dans une lumi\u00e8re plus vive&nbsp;; mais l\u2019enjeu majeur de ces parutions est l\u2019\u00e9valuation \u00e0 long terme de la&nbsp;\u00ab&nbsp;crise moderniste&nbsp;\u00bb.\" \/>\n<meta property=\"og:url\" content=\"https:\/\/dev.centtreize.com\/rsr\/chronique\/du-nouveau-dans-la-recherche-sur-le-modernisme\/\" \/>\n<meta property=\"og:site_name\" content=\"Recherches de Science Religieuse\" \/>\n<meta property=\"article:published_time\" content=\"2014-05-23T10:09:24+00:00\" \/>\n<meta property=\"article:modified_time\" content=\"2024-10-02T02:17:45+00:00\" \/>\n<meta name=\"author\" content=\"H\u00e9l\u00e8ne\" \/>\n<meta name=\"twitter:card\" content=\"summary_large_image\" \/>\n<meta name=\"twitter:label1\" content=\"\u00c9crit par\" \/>\n\t<meta name=\"twitter:data1\" content=\"H\u00e9l\u00e8ne\" \/>\n\t<meta name=\"twitter:label2\" content=\"Dur\u00e9e de lecture estim\u00e9e\" \/>\n\t<meta name=\"twitter:data2\" content=\"1 minute\" \/>\n<script type=\"application\/ld+json\" class=\"yoast-schema-graph\">{\"@context\":\"https:\/\/schema.org\",\"@graph\":[{\"@type\":\"Article\",\"@id\":\"https:\/\/dev.centtreize.com\/rsr\/chronique\/du-nouveau-dans-la-recherche-sur-le-modernisme\/#article\",\"isPartOf\":{\"@id\":\"https:\/\/dev.centtreize.com\/rsr\/chronique\/du-nouveau-dans-la-recherche-sur-le-modernisme\/\"},\"author\":{\"name\":\"H\u00e9l\u00e8ne\",\"@id\":\"https:\/\/dev.centtreize.com\/rsr\/#\/schema\/person\/eb039ce63dcbc3fec0a6b81e43e29ad3\"},\"headline\":\"Du nouveau dans la recherche sur le \u00ab modernisme \u00bb\",\"datePublished\":\"2014-05-23T10:09:24+00:00\",\"dateModified\":\"2024-10-02T02:17:45+00:00\",\"mainEntityOfPage\":{\"@id\":\"https:\/\/dev.centtreize.com\/rsr\/chronique\/du-nouveau-dans-la-recherche-sur-le-modernisme\/\"},\"wordCount\":188,\"publisher\":{\"@id\":\"https:\/\/dev.centtreize.com\/rsr\/#organization\"},\"keywords\":[\"Concile\",\"Vatican II\"],\"articleSection\":[\"chronique\"],\"inLanguage\":\"fr-FR\"},{\"@type\":\"WebPage\",\"@id\":\"https:\/\/dev.centtreize.com\/rsr\/chronique\/du-nouveau-dans-la-recherche-sur-le-modernisme\/\",\"url\":\"https:\/\/dev.centtreize.com\/rsr\/chronique\/du-nouveau-dans-la-recherche-sur-le-modernisme\/\",\"name\":\"Du nouveau dans la recherche sur le \u00ab modernisme \u00bb - Recherches de Science Religieuse\",\"isPartOf\":{\"@id\":\"https:\/\/dev.centtreize.com\/rsr\/#website\"},\"datePublished\":\"2014-05-23T10:09:24+00:00\",\"dateModified\":\"2024-10-02T02:17:45+00:00\",\"breadcrumb\":{\"@id\":\"https:\/\/dev.centtreize.com\/rsr\/chronique\/du-nouveau-dans-la-recherche-sur-le-modernisme\/#breadcrumb\"},\"inLanguage\":\"fr-FR\",\"potentialAction\":[{\"@type\":\"ReadAction\",\"target\":[\"https:\/\/dev.centtreize.com\/rsr\/chronique\/du-nouveau-dans-la-recherche-sur-le-modernisme\/\"]}]},{\"@type\":\"BreadcrumbList\",\"@id\":\"https:\/\/dev.centtreize.com\/rsr\/chronique\/du-nouveau-dans-la-recherche-sur-le-modernisme\/#breadcrumb\",\"itemListElement\":[{\"@type\":\"ListItem\",\"position\":1,\"name\":\"Accueil\",\"item\":\"https:\/\/dev.centtreize.com\/rsr\/\"},{\"@type\":\"ListItem\",\"position\":2,\"name\":\"Du nouveau dans la recherche sur le \u00ab modernisme \u00bb\"}]},{\"@type\":\"WebSite\",\"@id\":\"https:\/\/dev.centtreize.com\/rsr\/#website\",\"url\":\"https:\/\/dev.centtreize.com\/rsr\/\",\"name\":\"Recherches de Science Religieuse\",\"description\":\"Recherches de Science Religieuse\",\"publisher\":{\"@id\":\"https:\/\/dev.centtreize.com\/rsr\/#organization\"},\"potentialAction\":[{\"@type\":\"SearchAction\",\"target\":{\"@type\":\"EntryPoint\",\"urlTemplate\":\"https:\/\/dev.centtreize.com\/rsr\/?s={search_term_string}\"},\"query-input\":{\"@type\":\"PropertyValueSpecification\",\"valueRequired\":true,\"valueName\":\"search_term_string\"}}],\"inLanguage\":\"fr-FR\"},{\"@type\":\"Organization\",\"@id\":\"https:\/\/dev.centtreize.com\/rsr\/#organization\",\"name\":\"Recherches de Science Religieuse\",\"url\":\"https:\/\/dev.centtreize.com\/rsr\/\",\"logo\":{\"@type\":\"ImageObject\",\"inLanguage\":\"fr-FR\",\"@id\":\"https:\/\/dev.centtreize.com\/rsr\/#\/schema\/logo\/image\/\",\"url\":\"https:\/\/dev.centtreize.com\/rsr\/wp-content\/uploads\/2024\/10\/logo_rsr.png\",\"contentUrl\":\"https:\/\/dev.centtreize.com\/rsr\/wp-content\/uploads\/2024\/10\/logo_rsr.png\",\"width\":300,\"height\":225,\"caption\":\"Recherches de Science Religieuse\"},\"image\":{\"@id\":\"https:\/\/dev.centtreize.com\/rsr\/#\/schema\/logo\/image\/\"}},{\"@type\":\"Person\",\"@id\":\"https:\/\/dev.centtreize.com\/rsr\/#\/schema\/person\/eb039ce63dcbc3fec0a6b81e43e29ad3\",\"name\":\"H\u00e9l\u00e8ne\",\"url\":\"https:\/\/dev.centtreize.com\/rsr\/author\/rsr\/\"}]}<\/script>\n<!-- \/ Yoast SEO plugin. -->","yoast_head_json":{"title":"Du nouveau dans la recherche sur le \u00ab modernisme \u00bb - Recherches de Science Religieuse","robots":{"index":"index","follow":"follow","max-snippet":"max-snippet:-1","max-image-preview":"max-image-preview:large","max-video-preview":"max-video-preview:-1"},"canonical":"https:\/\/dev.centtreize.com\/rsr\/chronique\/du-nouveau-dans-la-recherche-sur-le-modernisme\/","og_locale":"fr_FR","og_type":"article","og_title":"Du nouveau dans la recherche sur le \u00ab modernisme \u00bb - Recherches de Science Religieuse","og_description":"L\u2019\u00e9valuation historique et th\u00e9ologique de ce qu\u2019il est convenu d\u2019appeler le&nbsp;\u00ab&nbsp;modernisme&nbsp;\u00bb a \u00e9t\u00e9 p\u00e9riodiquement relanc\u00e9e par l\u2019exploration approfondie de documents jusqu\u2019alors inaccessibles ou non publi\u00e9s. Ces derni\u00e8res ann\u00e9es, notre connaissance de cette&nbsp;\u00ab&nbsp;crise&nbsp;\u00bb s\u2019est \u00e0 nouveau enrichie, en aval et en amont. En aval, en raison de la publication des expertises et d\u00e9bats des congr\u00e9gations romaines de l\u2019Index et du Saint Office, pr\u00e9paratoires \u00e0 la censure de quelques oeuvres d\u2019Alfred Loisy (1903) et au d\u00e9cret Lamentabili sane exitu (1907). En amont, par l\u2019\u00e9dition de ses Essais d\u2019histoire et de philosophie religieuses (1899), jamais publi\u00e9s du vivant de son auteur mais utilis\u00e9s par lui comme&nbsp;\u00ab&nbsp;carri\u00e8re&nbsp;\u00bb pour la composition de ses c\u00e9l\u00e8bres articles de la Revue du Clerg\u00e9 Fran\u00e7ais. Certes, l\u2019importance d\u00e9cisive de telle circonstance, de telle intervention ou de telle personnalit\u00e9 para\u00eet ainsi dans une lumi\u00e8re plus vive&nbsp;; mais l\u2019enjeu majeur de ces parutions est l\u2019\u00e9valuation \u00e0 long terme de la&nbsp;\u00ab&nbsp;crise moderniste&nbsp;\u00bb.","og_url":"https:\/\/dev.centtreize.com\/rsr\/chronique\/du-nouveau-dans-la-recherche-sur-le-modernisme\/","og_site_name":"Recherches de Science Religieuse","article_published_time":"2014-05-23T10:09:24+00:00","article_modified_time":"2024-10-02T02:17:45+00:00","author":"H\u00e9l\u00e8ne","twitter_card":"summary_large_image","twitter_misc":{"\u00c9crit par":"H\u00e9l\u00e8ne","Dur\u00e9e de lecture estim\u00e9e":"1 minute"},"schema":{"@context":"https:\/\/schema.org","@graph":[{"@type":"Article","@id":"https:\/\/dev.centtreize.com\/rsr\/chronique\/du-nouveau-dans-la-recherche-sur-le-modernisme\/#article","isPartOf":{"@id":"https:\/\/dev.centtreize.com\/rsr\/chronique\/du-nouveau-dans-la-recherche-sur-le-modernisme\/"},"author":{"name":"H\u00e9l\u00e8ne","@id":"https:\/\/dev.centtreize.com\/rsr\/#\/schema\/person\/eb039ce63dcbc3fec0a6b81e43e29ad3"},"headline":"Du nouveau dans la recherche sur le \u00ab modernisme \u00bb","datePublished":"2014-05-23T10:09:24+00:00","dateModified":"2024-10-02T02:17:45+00:00","mainEntityOfPage":{"@id":"https:\/\/dev.centtreize.com\/rsr\/chronique\/du-nouveau-dans-la-recherche-sur-le-modernisme\/"},"wordCount":188,"publisher":{"@id":"https:\/\/dev.centtreize.com\/rsr\/#organization"},"keywords":["Concile","Vatican II"],"articleSection":["chronique"],"inLanguage":"fr-FR"},{"@type":"WebPage","@id":"https:\/\/dev.centtreize.com\/rsr\/chronique\/du-nouveau-dans-la-recherche-sur-le-modernisme\/","url":"https:\/\/dev.centtreize.com\/rsr\/chronique\/du-nouveau-dans-la-recherche-sur-le-modernisme\/","name":"Du nouveau dans la recherche sur le \u00ab modernisme \u00bb - Recherches de Science Religieuse","isPartOf":{"@id":"https:\/\/dev.centtreize.com\/rsr\/#website"},"datePublished":"2014-05-23T10:09:24+00:00","dateModified":"2024-10-02T02:17:45+00:00","breadcrumb":{"@id":"https:\/\/dev.centtreize.com\/rsr\/chronique\/du-nouveau-dans-la-recherche-sur-le-modernisme\/#breadcrumb"},"inLanguage":"fr-FR","potentialAction":[{"@type":"ReadAction","target":["https:\/\/dev.centtreize.com\/rsr\/chronique\/du-nouveau-dans-la-recherche-sur-le-modernisme\/"]}]},{"@type":"BreadcrumbList","@id":"https:\/\/dev.centtreize.com\/rsr\/chronique\/du-nouveau-dans-la-recherche-sur-le-modernisme\/#breadcrumb","itemListElement":[{"@type":"ListItem","position":1,"name":"Accueil","item":"https:\/\/dev.centtreize.com\/rsr\/"},{"@type":"ListItem","position":2,"name":"Du nouveau dans la recherche sur le \u00ab modernisme \u00bb"}]},{"@type":"WebSite","@id":"https:\/\/dev.centtreize.com\/rsr\/#website","url":"https:\/\/dev.centtreize.com\/rsr\/","name":"Recherches de Science Religieuse","description":"Recherches de Science Religieuse","publisher":{"@id":"https:\/\/dev.centtreize.com\/rsr\/#organization"},"potentialAction":[{"@type":"SearchAction","target":{"@type":"EntryPoint","urlTemplate":"https:\/\/dev.centtreize.com\/rsr\/?s={search_term_string}"},"query-input":{"@type":"PropertyValueSpecification","valueRequired":true,"valueName":"search_term_string"}}],"inLanguage":"fr-FR"},{"@type":"Organization","@id":"https:\/\/dev.centtreize.com\/rsr\/#organization","name":"Recherches de Science Religieuse","url":"https:\/\/dev.centtreize.com\/rsr\/","logo":{"@type":"ImageObject","inLanguage":"fr-FR","@id":"https:\/\/dev.centtreize.com\/rsr\/#\/schema\/logo\/image\/","url":"https:\/\/dev.centtreize.com\/rsr\/wp-content\/uploads\/2024\/10\/logo_rsr.png","contentUrl":"https:\/\/dev.centtreize.com\/rsr\/wp-content\/uploads\/2024\/10\/logo_rsr.png","width":300,"height":225,"caption":"Recherches de Science Religieuse"},"image":{"@id":"https:\/\/dev.centtreize.com\/rsr\/#\/schema\/logo\/image\/"}},{"@type":"Person","@id":"https:\/\/dev.centtreize.com\/rsr\/#\/schema\/person\/eb039ce63dcbc3fec0a6b81e43e29ad3","name":"H\u00e9l\u00e8ne","url":"https:\/\/dev.centtreize.com\/rsr\/author\/rsr\/"}]}},"_links":{"self":[{"href":"https:\/\/dev.centtreize.com\/rsr\/wp-json\/wp\/v2\/posts\/2901","targetHints":{"allow":["GET"]}}],"collection":[{"href":"https:\/\/dev.centtreize.com\/rsr\/wp-json\/wp\/v2\/posts"}],"about":[{"href":"https:\/\/dev.centtreize.com\/rsr\/wp-json\/wp\/v2\/types\/post"}],"author":[{"embeddable":true,"href":"https:\/\/dev.centtreize.com\/rsr\/wp-json\/wp\/v2\/users\/2"}],"replies":[{"embeddable":true,"href":"https:\/\/dev.centtreize.com\/rsr\/wp-json\/wp\/v2\/comments?post=2901"}],"version-history":[{"count":6,"href":"https:\/\/dev.centtreize.com\/rsr\/wp-json\/wp\/v2\/posts\/2901\/revisions"}],"predecessor-version":[{"id":17436,"href":"https:\/\/dev.centtreize.com\/rsr\/wp-json\/wp\/v2\/posts\/2901\/revisions\/17436"}],"wp:attachment":[{"href":"https:\/\/dev.centtreize.com\/rsr\/wp-json\/wp\/v2\/media?parent=2901"}],"wp:term":[{"taxonomy":"category","embeddable":true,"href":"https:\/\/dev.centtreize.com\/rsr\/wp-json\/wp\/v2\/categories?post=2901"},{"taxonomy":"post_tag","embeddable":true,"href":"https:\/\/dev.centtreize.com\/rsr\/wp-json\/wp\/v2\/tags?post=2901"},{"taxonomy":"keywords","embeddable":true,"href":"https:\/\/dev.centtreize.com\/rsr\/wp-json\/wp\/v2\/keywords?post=2901"}],"curies":[{"name":"wp","href":"https:\/\/api.w.org\/{rel}","templated":true}]}}