{"id":2899,"date":"2014-05-23T11:03:34","date_gmt":"2014-05-23T10:03:34","guid":{"rendered":"http:\/\/www.revue-rsr.com\/?p=2899"},"modified":"2025-06-13T07:12:35","modified_gmt":"2025-06-13T06:12:35","slug":"jesus-et-lhistoire-a-propos-des-travaux-de-john-p-meier","status":"publish","type":"post","link":"https:\/\/dev.centtreize.com\/rsr\/article\/jesus-et-lhistoire-a-propos-des-travaux-de-john-p-meier\/","title":{"rendered":"J\u00e9sus et l\u2019histoire. \u00c0 propos des travaux de John P. Meier"},"content":{"rendered":"<p>Comment aborder le personnage de J\u00e9sus de Nazareth selon une perspective strictement historique&nbsp;? Pour bien comprendre et r\u00e9pondre \u00e0 cette question, on propose ici de distinguer de mani\u00e8re claire et tranch\u00e9e le point de vue de l\u2019histoire en milieu scientifique et celui de l\u2019histoire en milieu th\u00e9ologique. Les travaux de John P. Meier, qui serviront d\u2019exemple significatif, posent la question suivante&nbsp;: sa recherche sur J\u00e9sus rel\u00e8ve-t-elle de l\u2019histoire en science ou de l\u2019histoire en th\u00e9ologie&nbsp;? Apr\u00e8s avoir rappel\u00e9 et pr\u00e9cis\u00e9 les attendus et m\u00e9thodes de la recherche historique sur J\u00e9sus de Nazareth en milieu th\u00e9ologique puis en milieu scientifique, l\u2019auteur voudrait plaider ici pour une \u00e9pist\u00e9mologie de la recherche sur J\u00e9sus de Nazareth en histoire.<\/p>\n","protected":false},"excerpt":{"rendered":"<p>Comment aborder le personnage de J\u00e9sus de Nazareth selon une perspective strictement historique&nbsp;? Pour bien comprendre et r\u00e9pondre \u00e0 cette question, on propose ici de distinguer de mani\u00e8re claire et tranch\u00e9e le point de vue de l\u2019histoire en milieu scientifique et celui de l\u2019histoire en milieu th\u00e9ologique. Les travaux de John P. Meier, qui serviront d\u2019exemple significatif, posent la question suivante&nbsp;: sa recherche sur J\u00e9sus rel\u00e8ve-t-elle de l\u2019histoire en science ou de l\u2019histoire en th\u00e9ologie&nbsp;? Apr\u00e8s avoir rappel\u00e9 et pr\u00e9cis\u00e9 les attendus et m\u00e9thodes de la recherche historique sur J\u00e9sus de Nazareth en milieu th\u00e9ologique puis en milieu scientifique, l\u2019auteur voudrait plaider ici pour une \u00e9pist\u00e9mologie de la recherche sur J\u00e9sus de Nazareth en histoire.<\/p>\n","protected":false},"author":2,"featured_media":0,"comment_status":"closed","ping_status":"closed","sticky":false,"template":"","format":"standard","meta":{"_acf_changed":false,"footnotes":""},"categories":[6],"tags":[4,3],"keywords":[1125,1122,1154,1155],"class_list":["post-2899","post","type-post","status-publish","format-standard","hentry","category-article","tag-concile","tag-vatican-ii","keywords-exegese","keywords-histoire","keywords-jesus","keywords-meier-jp"],"acf":[],"yoast_head":"<!-- This site is optimized with the Yoast SEO plugin v27.2 - https:\/\/yoast.com\/product\/yoast-seo-wordpress\/ -->\n<title>J\u00e9sus et l\u2019histoire. \u00c0 propos des travaux de John P. Meier - Recherches de Science Religieuse<\/title>\n<meta name=\"robots\" content=\"index, follow, max-snippet:-1, max-image-preview:large, max-video-preview:-1\" \/>\n<link rel=\"canonical\" href=\"https:\/\/dev.centtreize.com\/rsr\/article\/jesus-et-lhistoire-a-propos-des-travaux-de-john-p-meier\/\" \/>\n<meta property=\"og:locale\" content=\"fr_FR\" \/>\n<meta property=\"og:type\" content=\"article\" \/>\n<meta property=\"og:title\" content=\"J\u00e9sus et l\u2019histoire. \u00c0 propos des travaux de John P. Meier - Recherches de Science Religieuse\" \/>\n<meta property=\"og:description\" content=\"Comment aborder le personnage de J\u00e9sus de Nazareth selon une perspective strictement historique&nbsp;? Pour bien comprendre et r\u00e9pondre \u00e0 cette question, on propose ici de distinguer de mani\u00e8re claire et tranch\u00e9e le point de vue de l\u2019histoire en milieu scientifique et celui de l\u2019histoire en milieu th\u00e9ologique. Les travaux de John P. Meier, qui serviront d\u2019exemple significatif, posent la question suivante&nbsp;: sa recherche sur J\u00e9sus rel\u00e8ve-t-elle de l\u2019histoire en science ou de l\u2019histoire en th\u00e9ologie&nbsp;? Apr\u00e8s avoir rappel\u00e9 et pr\u00e9cis\u00e9 les attendus et m\u00e9thodes de la recherche historique sur J\u00e9sus de Nazareth en milieu th\u00e9ologique puis en milieu scientifique, l\u2019auteur voudrait plaider ici pour une \u00e9pist\u00e9mologie de la recherche sur J\u00e9sus de Nazareth en histoire.\" \/>\n<meta property=\"og:url\" content=\"https:\/\/dev.centtreize.com\/rsr\/article\/jesus-et-lhistoire-a-propos-des-travaux-de-john-p-meier\/\" \/>\n<meta property=\"og:site_name\" content=\"Recherches de Science Religieuse\" \/>\n<meta property=\"article:published_time\" content=\"2014-05-23T10:03:34+00:00\" \/>\n<meta property=\"article:modified_time\" content=\"2025-06-13T06:12:35+00:00\" \/>\n<meta name=\"author\" content=\"H\u00e9l\u00e8ne\" \/>\n<meta name=\"twitter:card\" content=\"summary_large_image\" \/>\n<meta name=\"twitter:label1\" content=\"\u00c9crit par\" \/>\n\t<meta name=\"twitter:data1\" content=\"H\u00e9l\u00e8ne\" \/>\n\t<meta name=\"twitter:label2\" content=\"Dur\u00e9e de lecture estim\u00e9e\" \/>\n\t<meta name=\"twitter:data2\" content=\"1 minute\" \/>\n<script type=\"application\/ld+json\" class=\"yoast-schema-graph\">{\"@context\":\"https:\/\/schema.org\",\"@graph\":[{\"@type\":\"Article\",\"@id\":\"https:\/\/dev.centtreize.com\/rsr\/article\/jesus-et-lhistoire-a-propos-des-travaux-de-john-p-meier\/#article\",\"isPartOf\":{\"@id\":\"https:\/\/dev.centtreize.com\/rsr\/article\/jesus-et-lhistoire-a-propos-des-travaux-de-john-p-meier\/\"},\"author\":{\"name\":\"H\u00e9l\u00e8ne\",\"@id\":\"https:\/\/dev.centtreize.com\/rsr\/#\/schema\/person\/eb039ce63dcbc3fec0a6b81e43e29ad3\"},\"headline\":\"J\u00e9sus et l\u2019histoire. \u00c0 propos des travaux de John P. Meier\",\"datePublished\":\"2014-05-23T10:03:34+00:00\",\"dateModified\":\"2025-06-13T06:12:35+00:00\",\"mainEntityOfPage\":{\"@id\":\"https:\/\/dev.centtreize.com\/rsr\/article\/jesus-et-lhistoire-a-propos-des-travaux-de-john-p-meier\/\"},\"wordCount\":147,\"publisher\":{\"@id\":\"https:\/\/dev.centtreize.com\/rsr\/#organization\"},\"keywords\":[\"Concile\",\"Vatican II\"],\"articleSection\":[\"article\"],\"inLanguage\":\"fr-FR\"},{\"@type\":\"WebPage\",\"@id\":\"https:\/\/dev.centtreize.com\/rsr\/article\/jesus-et-lhistoire-a-propos-des-travaux-de-john-p-meier\/\",\"url\":\"https:\/\/dev.centtreize.com\/rsr\/article\/jesus-et-lhistoire-a-propos-des-travaux-de-john-p-meier\/\",\"name\":\"J\u00e9sus et l\u2019histoire. \u00c0 propos des travaux de John P. Meier - Recherches de Science Religieuse\",\"isPartOf\":{\"@id\":\"https:\/\/dev.centtreize.com\/rsr\/#website\"},\"datePublished\":\"2014-05-23T10:03:34+00:00\",\"dateModified\":\"2025-06-13T06:12:35+00:00\",\"breadcrumb\":{\"@id\":\"https:\/\/dev.centtreize.com\/rsr\/article\/jesus-et-lhistoire-a-propos-des-travaux-de-john-p-meier\/#breadcrumb\"},\"inLanguage\":\"fr-FR\",\"potentialAction\":[{\"@type\":\"ReadAction\",\"target\":[\"https:\/\/dev.centtreize.com\/rsr\/article\/jesus-et-lhistoire-a-propos-des-travaux-de-john-p-meier\/\"]}]},{\"@type\":\"BreadcrumbList\",\"@id\":\"https:\/\/dev.centtreize.com\/rsr\/article\/jesus-et-lhistoire-a-propos-des-travaux-de-john-p-meier\/#breadcrumb\",\"itemListElement\":[{\"@type\":\"ListItem\",\"position\":1,\"name\":\"Accueil\",\"item\":\"https:\/\/dev.centtreize.com\/rsr\/\"},{\"@type\":\"ListItem\",\"position\":2,\"name\":\"J\u00e9sus et l\u2019histoire. \u00c0 propos des travaux de John P. Meier\"}]},{\"@type\":\"WebSite\",\"@id\":\"https:\/\/dev.centtreize.com\/rsr\/#website\",\"url\":\"https:\/\/dev.centtreize.com\/rsr\/\",\"name\":\"Recherches de Science Religieuse\",\"description\":\"Recherches de Science Religieuse\",\"publisher\":{\"@id\":\"https:\/\/dev.centtreize.com\/rsr\/#organization\"},\"potentialAction\":[{\"@type\":\"SearchAction\",\"target\":{\"@type\":\"EntryPoint\",\"urlTemplate\":\"https:\/\/dev.centtreize.com\/rsr\/?s={search_term_string}\"},\"query-input\":{\"@type\":\"PropertyValueSpecification\",\"valueRequired\":true,\"valueName\":\"search_term_string\"}}],\"inLanguage\":\"fr-FR\"},{\"@type\":\"Organization\",\"@id\":\"https:\/\/dev.centtreize.com\/rsr\/#organization\",\"name\":\"Recherches de Science Religieuse\",\"url\":\"https:\/\/dev.centtreize.com\/rsr\/\",\"logo\":{\"@type\":\"ImageObject\",\"inLanguage\":\"fr-FR\",\"@id\":\"https:\/\/dev.centtreize.com\/rsr\/#\/schema\/logo\/image\/\",\"url\":\"https:\/\/dev.centtreize.com\/rsr\/wp-content\/uploads\/2024\/10\/logo_rsr.png\",\"contentUrl\":\"https:\/\/dev.centtreize.com\/rsr\/wp-content\/uploads\/2024\/10\/logo_rsr.png\",\"width\":300,\"height\":225,\"caption\":\"Recherches de Science Religieuse\"},\"image\":{\"@id\":\"https:\/\/dev.centtreize.com\/rsr\/#\/schema\/logo\/image\/\"}},{\"@type\":\"Person\",\"@id\":\"https:\/\/dev.centtreize.com\/rsr\/#\/schema\/person\/eb039ce63dcbc3fec0a6b81e43e29ad3\",\"name\":\"H\u00e9l\u00e8ne\",\"url\":\"https:\/\/dev.centtreize.com\/rsr\/author\/rsr\/\"}]}<\/script>\n<!-- \/ Yoast SEO plugin. -->","yoast_head_json":{"title":"J\u00e9sus et l\u2019histoire. \u00c0 propos des travaux de John P. Meier - Recherches de Science Religieuse","robots":{"index":"index","follow":"follow","max-snippet":"max-snippet:-1","max-image-preview":"max-image-preview:large","max-video-preview":"max-video-preview:-1"},"canonical":"https:\/\/dev.centtreize.com\/rsr\/article\/jesus-et-lhistoire-a-propos-des-travaux-de-john-p-meier\/","og_locale":"fr_FR","og_type":"article","og_title":"J\u00e9sus et l\u2019histoire. \u00c0 propos des travaux de John P. Meier - Recherches de Science Religieuse","og_description":"Comment aborder le personnage de J\u00e9sus de Nazareth selon une perspective strictement historique&nbsp;? Pour bien comprendre et r\u00e9pondre \u00e0 cette question, on propose ici de distinguer de mani\u00e8re claire et tranch\u00e9e le point de vue de l\u2019histoire en milieu scientifique et celui de l\u2019histoire en milieu th\u00e9ologique. Les travaux de John P. Meier, qui serviront d\u2019exemple significatif, posent la question suivante&nbsp;: sa recherche sur J\u00e9sus rel\u00e8ve-t-elle de l\u2019histoire en science ou de l\u2019histoire en th\u00e9ologie&nbsp;? Apr\u00e8s avoir rappel\u00e9 et pr\u00e9cis\u00e9 les attendus et m\u00e9thodes de la recherche historique sur J\u00e9sus de Nazareth en milieu th\u00e9ologique puis en milieu scientifique, l\u2019auteur voudrait plaider ici pour une \u00e9pist\u00e9mologie de la recherche sur J\u00e9sus de Nazareth en histoire.","og_url":"https:\/\/dev.centtreize.com\/rsr\/article\/jesus-et-lhistoire-a-propos-des-travaux-de-john-p-meier\/","og_site_name":"Recherches de Science Religieuse","article_published_time":"2014-05-23T10:03:34+00:00","article_modified_time":"2025-06-13T06:12:35+00:00","author":"H\u00e9l\u00e8ne","twitter_card":"summary_large_image","twitter_misc":{"\u00c9crit par":"H\u00e9l\u00e8ne","Dur\u00e9e de lecture estim\u00e9e":"1 minute"},"schema":{"@context":"https:\/\/schema.org","@graph":[{"@type":"Article","@id":"https:\/\/dev.centtreize.com\/rsr\/article\/jesus-et-lhistoire-a-propos-des-travaux-de-john-p-meier\/#article","isPartOf":{"@id":"https:\/\/dev.centtreize.com\/rsr\/article\/jesus-et-lhistoire-a-propos-des-travaux-de-john-p-meier\/"},"author":{"name":"H\u00e9l\u00e8ne","@id":"https:\/\/dev.centtreize.com\/rsr\/#\/schema\/person\/eb039ce63dcbc3fec0a6b81e43e29ad3"},"headline":"J\u00e9sus et l\u2019histoire. \u00c0 propos des travaux de John P. Meier","datePublished":"2014-05-23T10:03:34+00:00","dateModified":"2025-06-13T06:12:35+00:00","mainEntityOfPage":{"@id":"https:\/\/dev.centtreize.com\/rsr\/article\/jesus-et-lhistoire-a-propos-des-travaux-de-john-p-meier\/"},"wordCount":147,"publisher":{"@id":"https:\/\/dev.centtreize.com\/rsr\/#organization"},"keywords":["Concile","Vatican II"],"articleSection":["article"],"inLanguage":"fr-FR"},{"@type":"WebPage","@id":"https:\/\/dev.centtreize.com\/rsr\/article\/jesus-et-lhistoire-a-propos-des-travaux-de-john-p-meier\/","url":"https:\/\/dev.centtreize.com\/rsr\/article\/jesus-et-lhistoire-a-propos-des-travaux-de-john-p-meier\/","name":"J\u00e9sus et l\u2019histoire. \u00c0 propos des travaux de John P. Meier - Recherches de Science Religieuse","isPartOf":{"@id":"https:\/\/dev.centtreize.com\/rsr\/#website"},"datePublished":"2014-05-23T10:03:34+00:00","dateModified":"2025-06-13T06:12:35+00:00","breadcrumb":{"@id":"https:\/\/dev.centtreize.com\/rsr\/article\/jesus-et-lhistoire-a-propos-des-travaux-de-john-p-meier\/#breadcrumb"},"inLanguage":"fr-FR","potentialAction":[{"@type":"ReadAction","target":["https:\/\/dev.centtreize.com\/rsr\/article\/jesus-et-lhistoire-a-propos-des-travaux-de-john-p-meier\/"]}]},{"@type":"BreadcrumbList","@id":"https:\/\/dev.centtreize.com\/rsr\/article\/jesus-et-lhistoire-a-propos-des-travaux-de-john-p-meier\/#breadcrumb","itemListElement":[{"@type":"ListItem","position":1,"name":"Accueil","item":"https:\/\/dev.centtreize.com\/rsr\/"},{"@type":"ListItem","position":2,"name":"J\u00e9sus et l\u2019histoire. \u00c0 propos des travaux de John P. Meier"}]},{"@type":"WebSite","@id":"https:\/\/dev.centtreize.com\/rsr\/#website","url":"https:\/\/dev.centtreize.com\/rsr\/","name":"Recherches de Science Religieuse","description":"Recherches de Science Religieuse","publisher":{"@id":"https:\/\/dev.centtreize.com\/rsr\/#organization"},"potentialAction":[{"@type":"SearchAction","target":{"@type":"EntryPoint","urlTemplate":"https:\/\/dev.centtreize.com\/rsr\/?s={search_term_string}"},"query-input":{"@type":"PropertyValueSpecification","valueRequired":true,"valueName":"search_term_string"}}],"inLanguage":"fr-FR"},{"@type":"Organization","@id":"https:\/\/dev.centtreize.com\/rsr\/#organization","name":"Recherches de Science Religieuse","url":"https:\/\/dev.centtreize.com\/rsr\/","logo":{"@type":"ImageObject","inLanguage":"fr-FR","@id":"https:\/\/dev.centtreize.com\/rsr\/#\/schema\/logo\/image\/","url":"https:\/\/dev.centtreize.com\/rsr\/wp-content\/uploads\/2024\/10\/logo_rsr.png","contentUrl":"https:\/\/dev.centtreize.com\/rsr\/wp-content\/uploads\/2024\/10\/logo_rsr.png","width":300,"height":225,"caption":"Recherches de Science Religieuse"},"image":{"@id":"https:\/\/dev.centtreize.com\/rsr\/#\/schema\/logo\/image\/"}},{"@type":"Person","@id":"https:\/\/dev.centtreize.com\/rsr\/#\/schema\/person\/eb039ce63dcbc3fec0a6b81e43e29ad3","name":"H\u00e9l\u00e8ne","url":"https:\/\/dev.centtreize.com\/rsr\/author\/rsr\/"}]}},"_links":{"self":[{"href":"https:\/\/dev.centtreize.com\/rsr\/wp-json\/wp\/v2\/posts\/2899","targetHints":{"allow":["GET"]}}],"collection":[{"href":"https:\/\/dev.centtreize.com\/rsr\/wp-json\/wp\/v2\/posts"}],"about":[{"href":"https:\/\/dev.centtreize.com\/rsr\/wp-json\/wp\/v2\/types\/post"}],"author":[{"embeddable":true,"href":"https:\/\/dev.centtreize.com\/rsr\/wp-json\/wp\/v2\/users\/2"}],"replies":[{"embeddable":true,"href":"https:\/\/dev.centtreize.com\/rsr\/wp-json\/wp\/v2\/comments?post=2899"}],"version-history":[{"count":6,"href":"https:\/\/dev.centtreize.com\/rsr\/wp-json\/wp\/v2\/posts\/2899\/revisions"}],"predecessor-version":[{"id":17434,"href":"https:\/\/dev.centtreize.com\/rsr\/wp-json\/wp\/v2\/posts\/2899\/revisions\/17434"}],"wp:attachment":[{"href":"https:\/\/dev.centtreize.com\/rsr\/wp-json\/wp\/v2\/media?parent=2899"}],"wp:term":[{"taxonomy":"category","embeddable":true,"href":"https:\/\/dev.centtreize.com\/rsr\/wp-json\/wp\/v2\/categories?post=2899"},{"taxonomy":"post_tag","embeddable":true,"href":"https:\/\/dev.centtreize.com\/rsr\/wp-json\/wp\/v2\/tags?post=2899"},{"taxonomy":"keywords","embeddable":true,"href":"https:\/\/dev.centtreize.com\/rsr\/wp-json\/wp\/v2\/keywords?post=2899"}],"curies":[{"name":"wp","href":"https:\/\/api.w.org\/{rel}","templated":true}]}}