{"id":2893,"date":"2014-05-23T10:57:18","date_gmt":"2014-05-23T09:57:18","guid":{"rendered":"http:\/\/www.revue-rsr.com\/?p=2893"},"modified":"2025-06-13T07:12:10","modified_gmt":"2025-06-13T06:12:10","slug":"le-principe-pour","status":"publish","type":"post","link":"https:\/\/dev.centtreize.com\/rsr\/article\/le-principe-pour\/","title":{"rendered":"Le principe \u00ab pour \u00bb"},"content":{"rendered":"<p>Questionner J\u00e9sus de Nazareth, l\u2019oeuvre pour le moment bipartite de Beno\u00eet XVI-Joseph Ratzinger, c\u2019est aussi chercher \u00e0 identifier le genre litt\u00e9raire de cet objet th\u00e9ologique dont l\u2019auteur doit assumer \u00e0 la fois le th\u00e9ologienqu\u2019il reste, toujours sujet et objet de critique, et le pape qu\u2019il est devenu, en charge du magist\u00e8re doctrinal dans l\u2019\u00c9glise catholique. S\u2019il y a bien une diff\u00e9rence entre les deux, que Beno\u00eet XVI affirme savoir distinguer, il y a \u00e9galement une unit\u00e9 profonde de l\u2019auteur, qui est aussi celle du J\u00e9sus qu\u2019il veut pr\u00e9senter. Le narrateur se met sur le chemin de Celui dont il veut d\u00e9ployer toute la puissance d\u2019\u00eatre et, ce faisant, avoue ce qu\u2019il doit au Seigneur de Guardini. Le genre litt\u00e9raire du J\u00e9sus de Nazareth de Beno\u00eet XVI se pr\u00e9sente alors comme une apologie \u00e9vang\u00e9lique narrative, raisonn\u00e9e, de J\u00e9sus de Nazareth, Christ et Seigneur. En filigrane, l\u2019auteur raconte aussi son histoire, celle d\u2019une relation profonde au Christ qui l\u2019a fait devenir le pr\u00eatre et le th\u00e9ologien Ratzinger, puis Beno\u00eet XVI, le pape.<\/p>\n","protected":false},"excerpt":{"rendered":"<p>Questionner J\u00e9sus de Nazareth, l\u2019oeuvre pour le moment bipartite de Beno\u00eet XVI-Joseph Ratzinger, c\u2019est aussi chercher \u00e0 identifier le genre litt\u00e9raire de cet objet th\u00e9ologique dont l\u2019auteur doit assumer \u00e0 la fois le th\u00e9ologienqu\u2019il reste, toujours sujet et objet de critique, et le pape qu\u2019il est devenu, en charge du magist\u00e8re doctrinal dans l\u2019\u00c9glise catholique. S\u2019il y a bien une diff\u00e9rence entre les deux, que Beno\u00eet XVI affirme savoir distinguer, il y a \u00e9galement une unit\u00e9 profonde de l\u2019auteur, qui est aussi celle du J\u00e9sus qu\u2019il veut pr\u00e9senter. Le narrateur se met sur le chemin de Celui dont il veut d\u00e9ployer toute la puissance d\u2019\u00eatre et, ce faisant, avoue ce qu\u2019il doit au Seigneur de Guardini. Le genre litt\u00e9raire du J\u00e9sus de Nazareth de Beno\u00eet XVI se pr\u00e9sente alors comme une apologie \u00e9vang\u00e9lique narrative, raisonn\u00e9e, de J\u00e9sus de Nazareth, Christ et Seigneur. En filigrane, l\u2019auteur raconte aussi son histoire, celle d\u2019une relation profonde au Christ qui l\u2019a fait devenir le<a class=\"read-more\" href=\"https:\/\/dev.centtreize.com\/rsr\/article\/le-principe-pour\/\"><\/a><\/p>\n","protected":false},"author":2,"featured_media":0,"comment_status":"closed","ping_status":"closed","sticky":false,"template":"","format":"standard","meta":{"_acf_changed":false,"footnotes":""},"categories":[6],"tags":[4,3],"keywords":[1117,1151,1127],"class_list":["post-2893","post","type-post","status-publish","format-standard","hentry","category-article","tag-concile","tag-vatican-ii","keywords-christologie","keywords-ratzinger-joseph","keywords-revelation"],"acf":[],"yoast_head":"<!-- This site is optimized with the Yoast SEO plugin v27.2 - https:\/\/yoast.com\/product\/yoast-seo-wordpress\/ -->\n<title>Le principe \u00ab pour \u00bb - Recherches de Science Religieuse<\/title>\n<meta name=\"robots\" content=\"index, follow, max-snippet:-1, max-image-preview:large, max-video-preview:-1\" \/>\n<link rel=\"canonical\" href=\"https:\/\/dev.centtreize.com\/rsr\/article\/le-principe-pour\/\" \/>\n<meta property=\"og:locale\" content=\"fr_FR\" \/>\n<meta property=\"og:type\" content=\"article\" \/>\n<meta property=\"og:title\" content=\"Le principe \u00ab pour \u00bb - Recherches de Science Religieuse\" \/>\n<meta property=\"og:description\" content=\"Questionner J\u00e9sus de Nazareth, l\u2019oeuvre pour le moment bipartite de Beno\u00eet XVI-Joseph Ratzinger, c\u2019est aussi chercher \u00e0 identifier le genre litt\u00e9raire de cet objet th\u00e9ologique dont l\u2019auteur doit assumer \u00e0 la fois le th\u00e9ologienqu\u2019il reste, toujours sujet et objet de critique, et le pape qu\u2019il est devenu, en charge du magist\u00e8re doctrinal dans l\u2019\u00c9glise catholique. S\u2019il y a bien une diff\u00e9rence entre les deux, que Beno\u00eet XVI affirme savoir distinguer, il y a \u00e9galement une unit\u00e9 profonde de l\u2019auteur, qui est aussi celle du J\u00e9sus qu\u2019il veut pr\u00e9senter. Le narrateur se met sur le chemin de Celui dont il veut d\u00e9ployer toute la puissance d\u2019\u00eatre et, ce faisant, avoue ce qu\u2019il doit au Seigneur de Guardini. Le genre litt\u00e9raire du J\u00e9sus de Nazareth de Beno\u00eet XVI se pr\u00e9sente alors comme une apologie \u00e9vang\u00e9lique narrative, raisonn\u00e9e, de J\u00e9sus de Nazareth, Christ et Seigneur. En filigrane, l\u2019auteur raconte aussi son histoire, celle d\u2019une relation profonde au Christ qui l\u2019a fait devenir le\" \/>\n<meta property=\"og:url\" content=\"https:\/\/dev.centtreize.com\/rsr\/article\/le-principe-pour\/\" \/>\n<meta property=\"og:site_name\" content=\"Recherches de Science Religieuse\" \/>\n<meta property=\"article:published_time\" content=\"2014-05-23T09:57:18+00:00\" \/>\n<meta property=\"article:modified_time\" content=\"2025-06-13T06:12:10+00:00\" \/>\n<meta name=\"author\" content=\"H\u00e9l\u00e8ne\" \/>\n<meta name=\"twitter:card\" content=\"summary_large_image\" \/>\n<meta name=\"twitter:label1\" content=\"\u00c9crit par\" \/>\n\t<meta name=\"twitter:data1\" content=\"H\u00e9l\u00e8ne\" \/>\n\t<meta name=\"twitter:label2\" content=\"Dur\u00e9e de lecture estim\u00e9e\" \/>\n\t<meta name=\"twitter:data2\" content=\"1 minute\" \/>\n<script type=\"application\/ld+json\" class=\"yoast-schema-graph\">{\"@context\":\"https:\/\/schema.org\",\"@graph\":[{\"@type\":\"Article\",\"@id\":\"https:\/\/dev.centtreize.com\/rsr\/article\/le-principe-pour\/#article\",\"isPartOf\":{\"@id\":\"https:\/\/dev.centtreize.com\/rsr\/article\/le-principe-pour\/\"},\"author\":{\"name\":\"H\u00e9l\u00e8ne\",\"@id\":\"https:\/\/dev.centtreize.com\/rsr\/#\/schema\/person\/eb039ce63dcbc3fec0a6b81e43e29ad3\"},\"headline\":\"Le principe \u00ab pour \u00bb\",\"datePublished\":\"2014-05-23T09:57:18+00:00\",\"dateModified\":\"2025-06-13T06:12:10+00:00\",\"mainEntityOfPage\":{\"@id\":\"https:\/\/dev.centtreize.com\/rsr\/article\/le-principe-pour\/\"},\"wordCount\":206,\"publisher\":{\"@id\":\"https:\/\/dev.centtreize.com\/rsr\/#organization\"},\"keywords\":[\"Concile\",\"Vatican II\"],\"articleSection\":[\"article\"],\"inLanguage\":\"fr-FR\"},{\"@type\":\"WebPage\",\"@id\":\"https:\/\/dev.centtreize.com\/rsr\/article\/le-principe-pour\/\",\"url\":\"https:\/\/dev.centtreize.com\/rsr\/article\/le-principe-pour\/\",\"name\":\"Le principe \u00ab pour \u00bb - Recherches de Science Religieuse\",\"isPartOf\":{\"@id\":\"https:\/\/dev.centtreize.com\/rsr\/#website\"},\"datePublished\":\"2014-05-23T09:57:18+00:00\",\"dateModified\":\"2025-06-13T06:12:10+00:00\",\"breadcrumb\":{\"@id\":\"https:\/\/dev.centtreize.com\/rsr\/article\/le-principe-pour\/#breadcrumb\"},\"inLanguage\":\"fr-FR\",\"potentialAction\":[{\"@type\":\"ReadAction\",\"target\":[\"https:\/\/dev.centtreize.com\/rsr\/article\/le-principe-pour\/\"]}]},{\"@type\":\"BreadcrumbList\",\"@id\":\"https:\/\/dev.centtreize.com\/rsr\/article\/le-principe-pour\/#breadcrumb\",\"itemListElement\":[{\"@type\":\"ListItem\",\"position\":1,\"name\":\"Accueil\",\"item\":\"https:\/\/dev.centtreize.com\/rsr\/\"},{\"@type\":\"ListItem\",\"position\":2,\"name\":\"Le principe \u00ab pour \u00bb\"}]},{\"@type\":\"WebSite\",\"@id\":\"https:\/\/dev.centtreize.com\/rsr\/#website\",\"url\":\"https:\/\/dev.centtreize.com\/rsr\/\",\"name\":\"Recherches de Science Religieuse\",\"description\":\"Recherches de Science Religieuse\",\"publisher\":{\"@id\":\"https:\/\/dev.centtreize.com\/rsr\/#organization\"},\"potentialAction\":[{\"@type\":\"SearchAction\",\"target\":{\"@type\":\"EntryPoint\",\"urlTemplate\":\"https:\/\/dev.centtreize.com\/rsr\/?s={search_term_string}\"},\"query-input\":{\"@type\":\"PropertyValueSpecification\",\"valueRequired\":true,\"valueName\":\"search_term_string\"}}],\"inLanguage\":\"fr-FR\"},{\"@type\":\"Organization\",\"@id\":\"https:\/\/dev.centtreize.com\/rsr\/#organization\",\"name\":\"Recherches de Science Religieuse\",\"url\":\"https:\/\/dev.centtreize.com\/rsr\/\",\"logo\":{\"@type\":\"ImageObject\",\"inLanguage\":\"fr-FR\",\"@id\":\"https:\/\/dev.centtreize.com\/rsr\/#\/schema\/logo\/image\/\",\"url\":\"https:\/\/dev.centtreize.com\/rsr\/wp-content\/uploads\/2024\/10\/logo_rsr.png\",\"contentUrl\":\"https:\/\/dev.centtreize.com\/rsr\/wp-content\/uploads\/2024\/10\/logo_rsr.png\",\"width\":300,\"height\":225,\"caption\":\"Recherches de Science Religieuse\"},\"image\":{\"@id\":\"https:\/\/dev.centtreize.com\/rsr\/#\/schema\/logo\/image\/\"}},{\"@type\":\"Person\",\"@id\":\"https:\/\/dev.centtreize.com\/rsr\/#\/schema\/person\/eb039ce63dcbc3fec0a6b81e43e29ad3\",\"name\":\"H\u00e9l\u00e8ne\",\"url\":\"https:\/\/dev.centtreize.com\/rsr\/author\/rsr\/\"}]}<\/script>\n<!-- \/ Yoast SEO plugin. -->","yoast_head_json":{"title":"Le principe \u00ab pour \u00bb - Recherches de Science Religieuse","robots":{"index":"index","follow":"follow","max-snippet":"max-snippet:-1","max-image-preview":"max-image-preview:large","max-video-preview":"max-video-preview:-1"},"canonical":"https:\/\/dev.centtreize.com\/rsr\/article\/le-principe-pour\/","og_locale":"fr_FR","og_type":"article","og_title":"Le principe \u00ab pour \u00bb - Recherches de Science Religieuse","og_description":"Questionner J\u00e9sus de Nazareth, l\u2019oeuvre pour le moment bipartite de Beno\u00eet XVI-Joseph Ratzinger, c\u2019est aussi chercher \u00e0 identifier le genre litt\u00e9raire de cet objet th\u00e9ologique dont l\u2019auteur doit assumer \u00e0 la fois le th\u00e9ologienqu\u2019il reste, toujours sujet et objet de critique, et le pape qu\u2019il est devenu, en charge du magist\u00e8re doctrinal dans l\u2019\u00c9glise catholique. S\u2019il y a bien une diff\u00e9rence entre les deux, que Beno\u00eet XVI affirme savoir distinguer, il y a \u00e9galement une unit\u00e9 profonde de l\u2019auteur, qui est aussi celle du J\u00e9sus qu\u2019il veut pr\u00e9senter. Le narrateur se met sur le chemin de Celui dont il veut d\u00e9ployer toute la puissance d\u2019\u00eatre et, ce faisant, avoue ce qu\u2019il doit au Seigneur de Guardini. Le genre litt\u00e9raire du J\u00e9sus de Nazareth de Beno\u00eet XVI se pr\u00e9sente alors comme une apologie \u00e9vang\u00e9lique narrative, raisonn\u00e9e, de J\u00e9sus de Nazareth, Christ et Seigneur. En filigrane, l\u2019auteur raconte aussi son histoire, celle d\u2019une relation profonde au Christ qui l\u2019a fait devenir le","og_url":"https:\/\/dev.centtreize.com\/rsr\/article\/le-principe-pour\/","og_site_name":"Recherches de Science Religieuse","article_published_time":"2014-05-23T09:57:18+00:00","article_modified_time":"2025-06-13T06:12:10+00:00","author":"H\u00e9l\u00e8ne","twitter_card":"summary_large_image","twitter_misc":{"\u00c9crit par":"H\u00e9l\u00e8ne","Dur\u00e9e de lecture estim\u00e9e":"1 minute"},"schema":{"@context":"https:\/\/schema.org","@graph":[{"@type":"Article","@id":"https:\/\/dev.centtreize.com\/rsr\/article\/le-principe-pour\/#article","isPartOf":{"@id":"https:\/\/dev.centtreize.com\/rsr\/article\/le-principe-pour\/"},"author":{"name":"H\u00e9l\u00e8ne","@id":"https:\/\/dev.centtreize.com\/rsr\/#\/schema\/person\/eb039ce63dcbc3fec0a6b81e43e29ad3"},"headline":"Le principe \u00ab pour \u00bb","datePublished":"2014-05-23T09:57:18+00:00","dateModified":"2025-06-13T06:12:10+00:00","mainEntityOfPage":{"@id":"https:\/\/dev.centtreize.com\/rsr\/article\/le-principe-pour\/"},"wordCount":206,"publisher":{"@id":"https:\/\/dev.centtreize.com\/rsr\/#organization"},"keywords":["Concile","Vatican II"],"articleSection":["article"],"inLanguage":"fr-FR"},{"@type":"WebPage","@id":"https:\/\/dev.centtreize.com\/rsr\/article\/le-principe-pour\/","url":"https:\/\/dev.centtreize.com\/rsr\/article\/le-principe-pour\/","name":"Le principe \u00ab pour \u00bb - Recherches de Science Religieuse","isPartOf":{"@id":"https:\/\/dev.centtreize.com\/rsr\/#website"},"datePublished":"2014-05-23T09:57:18+00:00","dateModified":"2025-06-13T06:12:10+00:00","breadcrumb":{"@id":"https:\/\/dev.centtreize.com\/rsr\/article\/le-principe-pour\/#breadcrumb"},"inLanguage":"fr-FR","potentialAction":[{"@type":"ReadAction","target":["https:\/\/dev.centtreize.com\/rsr\/article\/le-principe-pour\/"]}]},{"@type":"BreadcrumbList","@id":"https:\/\/dev.centtreize.com\/rsr\/article\/le-principe-pour\/#breadcrumb","itemListElement":[{"@type":"ListItem","position":1,"name":"Accueil","item":"https:\/\/dev.centtreize.com\/rsr\/"},{"@type":"ListItem","position":2,"name":"Le principe \u00ab pour \u00bb"}]},{"@type":"WebSite","@id":"https:\/\/dev.centtreize.com\/rsr\/#website","url":"https:\/\/dev.centtreize.com\/rsr\/","name":"Recherches de Science Religieuse","description":"Recherches de Science Religieuse","publisher":{"@id":"https:\/\/dev.centtreize.com\/rsr\/#organization"},"potentialAction":[{"@type":"SearchAction","target":{"@type":"EntryPoint","urlTemplate":"https:\/\/dev.centtreize.com\/rsr\/?s={search_term_string}"},"query-input":{"@type":"PropertyValueSpecification","valueRequired":true,"valueName":"search_term_string"}}],"inLanguage":"fr-FR"},{"@type":"Organization","@id":"https:\/\/dev.centtreize.com\/rsr\/#organization","name":"Recherches de Science Religieuse","url":"https:\/\/dev.centtreize.com\/rsr\/","logo":{"@type":"ImageObject","inLanguage":"fr-FR","@id":"https:\/\/dev.centtreize.com\/rsr\/#\/schema\/logo\/image\/","url":"https:\/\/dev.centtreize.com\/rsr\/wp-content\/uploads\/2024\/10\/logo_rsr.png","contentUrl":"https:\/\/dev.centtreize.com\/rsr\/wp-content\/uploads\/2024\/10\/logo_rsr.png","width":300,"height":225,"caption":"Recherches de Science Religieuse"},"image":{"@id":"https:\/\/dev.centtreize.com\/rsr\/#\/schema\/logo\/image\/"}},{"@type":"Person","@id":"https:\/\/dev.centtreize.com\/rsr\/#\/schema\/person\/eb039ce63dcbc3fec0a6b81e43e29ad3","name":"H\u00e9l\u00e8ne","url":"https:\/\/dev.centtreize.com\/rsr\/author\/rsr\/"}]}},"_links":{"self":[{"href":"https:\/\/dev.centtreize.com\/rsr\/wp-json\/wp\/v2\/posts\/2893","targetHints":{"allow":["GET"]}}],"collection":[{"href":"https:\/\/dev.centtreize.com\/rsr\/wp-json\/wp\/v2\/posts"}],"about":[{"href":"https:\/\/dev.centtreize.com\/rsr\/wp-json\/wp\/v2\/types\/post"}],"author":[{"embeddable":true,"href":"https:\/\/dev.centtreize.com\/rsr\/wp-json\/wp\/v2\/users\/2"}],"replies":[{"embeddable":true,"href":"https:\/\/dev.centtreize.com\/rsr\/wp-json\/wp\/v2\/comments?post=2893"}],"version-history":[{"count":7,"href":"https:\/\/dev.centtreize.com\/rsr\/wp-json\/wp\/v2\/posts\/2893\/revisions"}],"predecessor-version":[{"id":17430,"href":"https:\/\/dev.centtreize.com\/rsr\/wp-json\/wp\/v2\/posts\/2893\/revisions\/17430"}],"wp:attachment":[{"href":"https:\/\/dev.centtreize.com\/rsr\/wp-json\/wp\/v2\/media?parent=2893"}],"wp:term":[{"taxonomy":"category","embeddable":true,"href":"https:\/\/dev.centtreize.com\/rsr\/wp-json\/wp\/v2\/categories?post=2893"},{"taxonomy":"post_tag","embeddable":true,"href":"https:\/\/dev.centtreize.com\/rsr\/wp-json\/wp\/v2\/tags?post=2893"},{"taxonomy":"keywords","embeddable":true,"href":"https:\/\/dev.centtreize.com\/rsr\/wp-json\/wp\/v2\/keywords?post=2893"}],"curies":[{"name":"wp","href":"https:\/\/api.w.org\/{rel}","templated":true}]}}