{"id":2849,"date":"2014-05-23T09:34:29","date_gmt":"2014-05-23T08:34:29","guid":{"rendered":"http:\/\/www.revue-rsr.com\/?p=2849"},"modified":"2025-06-13T07:18:32","modified_gmt":"2025-06-13T06:18:32","slug":"lhermeneutique-de-vatican-ii-reflexions-sur-la-face-cachee-dun-debat","status":"publish","type":"post","link":"https:\/\/dev.centtreize.com\/rsr\/article\/lhermeneutique-de-vatican-ii-reflexions-sur-la-face-cachee-dun-debat\/","title":{"rendered":"L\u2019herm\u00e9neutique de Vatican II. R\u00e9flexions sur la face cach\u00e9e d\u2019un d\u00e9bat"},"content":{"rendered":"<p>En 2003, trois universit\u00e9s francophones joignaient leurs forces pour conduire un projet de recherche sur l\u2019herm\u00e9neutique th\u00e9ologique de Vatican II . La cr\u00e9ation de ce groupe interuniversitaire reposait sur la conviction que l\u2019avenir du catholicisme se joue notamment sur l\u2019interpr\u00e9tation que l\u2019on va donner au concile. L\u2019objectif n\u2019\u00e9tait pas de d\u00e9finir et de promouvoir une position ni de faire \u00e9cole dans le domaine. Le projet reposait d\u2019abord sur un constat&nbsp;: celui d\u2019un d\u00e9placement de la recherche sur le terrain de l\u2019herm\u00e9neutique du concile. allant de paire avec une utilisation de cette derni\u00e8re comme arme par ceux qui s\u2019opposaient au concile. Plus fondamentalement, c\u2019est la notion de tradition et de d\u00e9veloppement de la doctrine qui se trouvent en jeu dans le d\u00e9bat. L\u2019\u00e9tude de l\u2019herm\u00e9neutique du concile doit donc aujourd\u2019hui conduire les th\u00e9ologiens \u00e0 un travail en profondeur sur ces questions.<\/p>\n","protected":false},"excerpt":{"rendered":"<p>En 2003, trois universit\u00e9s francophones joignaient leurs forces pour conduire un projet de recherche sur l\u2019herm\u00e9neutique th\u00e9ologique de Vatican II . La cr\u00e9ation de ce groupe interuniversitaire reposait sur la conviction que l\u2019avenir du catholicisme se joue notamment sur l\u2019interpr\u00e9tation que l\u2019on va donner au concile. L\u2019objectif n\u2019\u00e9tait pas de d\u00e9finir et de promouvoir une position ni de faire \u00e9cole dans le domaine. Le projet reposait d\u2019abord sur un constat&nbsp;: celui d\u2019un d\u00e9placement de la recherche sur le terrain de l\u2019herm\u00e9neutique du concile. allant de paire avec une utilisation de cette derni\u00e8re comme arme par ceux qui s\u2019opposaient au concile. Plus fondamentalement, c\u2019est la notion de tradition et de d\u00e9veloppement de la doctrine qui se trouvent en jeu dans le d\u00e9bat. L\u2019\u00e9tude de l\u2019herm\u00e9neutique du concile doit donc aujourd\u2019hui conduire les th\u00e9ologiens \u00e0 un travail en profondeur sur ces questions.<\/p>\n","protected":false},"author":2,"featured_media":0,"comment_status":"closed","ping_status":"closed","sticky":false,"template":"","format":"standard","meta":{"_acf_changed":false,"footnotes":""},"categories":[6],"tags":[4,3],"keywords":[1126,1157,1140],"class_list":["post-2849","post","type-post","status-publish","format-standard","hentry","category-article","tag-concile","tag-vatican-ii","keywords-hermeneutique","keywords-tradition","keywords-vatican-ii"],"acf":[],"yoast_head":"<!-- This site is optimized with the Yoast SEO plugin v27.2 - https:\/\/yoast.com\/product\/yoast-seo-wordpress\/ -->\n<title>L\u2019herm\u00e9neutique de Vatican II. R\u00e9flexions sur la face cach\u00e9e d\u2019un d\u00e9bat - Recherches de Science Religieuse<\/title>\n<meta name=\"robots\" content=\"index, follow, max-snippet:-1, max-image-preview:large, max-video-preview:-1\" \/>\n<link rel=\"canonical\" href=\"https:\/\/dev.centtreize.com\/rsr\/article\/lhermeneutique-de-vatican-ii-reflexions-sur-la-face-cachee-dun-debat\/\" \/>\n<meta property=\"og:locale\" content=\"fr_FR\" \/>\n<meta property=\"og:type\" content=\"article\" \/>\n<meta property=\"og:title\" content=\"L\u2019herm\u00e9neutique de Vatican II. R\u00e9flexions sur la face cach\u00e9e d\u2019un d\u00e9bat - Recherches de Science Religieuse\" \/>\n<meta property=\"og:description\" content=\"En 2003, trois universit\u00e9s francophones joignaient leurs forces pour conduire un projet de recherche sur l\u2019herm\u00e9neutique th\u00e9ologique de Vatican II . La cr\u00e9ation de ce groupe interuniversitaire reposait sur la conviction que l\u2019avenir du catholicisme se joue notamment sur l\u2019interpr\u00e9tation que l\u2019on va donner au concile. L\u2019objectif n\u2019\u00e9tait pas de d\u00e9finir et de promouvoir une position ni de faire \u00e9cole dans le domaine. Le projet reposait d\u2019abord sur un constat&nbsp;: celui d\u2019un d\u00e9placement de la recherche sur le terrain de l\u2019herm\u00e9neutique du concile. allant de paire avec une utilisation de cette derni\u00e8re comme arme par ceux qui s\u2019opposaient au concile. Plus fondamentalement, c\u2019est la notion de tradition et de d\u00e9veloppement de la doctrine qui se trouvent en jeu dans le d\u00e9bat. L\u2019\u00e9tude de l\u2019herm\u00e9neutique du concile doit donc aujourd\u2019hui conduire les th\u00e9ologiens \u00e0 un travail en profondeur sur ces questions.\" \/>\n<meta property=\"og:url\" content=\"https:\/\/dev.centtreize.com\/rsr\/article\/lhermeneutique-de-vatican-ii-reflexions-sur-la-face-cachee-dun-debat\/\" \/>\n<meta property=\"og:site_name\" content=\"Recherches de Science Religieuse\" \/>\n<meta property=\"article:published_time\" content=\"2014-05-23T08:34:29+00:00\" \/>\n<meta property=\"article:modified_time\" content=\"2025-06-13T06:18:32+00:00\" \/>\n<meta name=\"author\" content=\"H\u00e9l\u00e8ne\" \/>\n<meta name=\"twitter:card\" content=\"summary_large_image\" \/>\n<meta name=\"twitter:label1\" content=\"\u00c9crit par\" \/>\n\t<meta name=\"twitter:data1\" content=\"H\u00e9l\u00e8ne\" \/>\n\t<meta name=\"twitter:label2\" content=\"Dur\u00e9e de lecture estim\u00e9e\" \/>\n\t<meta name=\"twitter:data2\" content=\"1 minute\" \/>\n<script type=\"application\/ld+json\" class=\"yoast-schema-graph\">{\"@context\":\"https:\/\/schema.org\",\"@graph\":[{\"@type\":\"Article\",\"@id\":\"https:\/\/dev.centtreize.com\/rsr\/article\/lhermeneutique-de-vatican-ii-reflexions-sur-la-face-cachee-dun-debat\/#article\",\"isPartOf\":{\"@id\":\"https:\/\/dev.centtreize.com\/rsr\/article\/lhermeneutique-de-vatican-ii-reflexions-sur-la-face-cachee-dun-debat\/\"},\"author\":{\"name\":\"H\u00e9l\u00e8ne\",\"@id\":\"https:\/\/dev.centtreize.com\/rsr\/#\/schema\/person\/eb039ce63dcbc3fec0a6b81e43e29ad3\"},\"headline\":\"L\u2019herm\u00e9neutique de Vatican II. R\u00e9flexions sur la face cach\u00e9e d\u2019un d\u00e9bat\",\"datePublished\":\"2014-05-23T08:34:29+00:00\",\"dateModified\":\"2025-06-13T06:18:32+00:00\",\"mainEntityOfPage\":{\"@id\":\"https:\/\/dev.centtreize.com\/rsr\/article\/lhermeneutique-de-vatican-ii-reflexions-sur-la-face-cachee-dun-debat\/\"},\"wordCount\":181,\"publisher\":{\"@id\":\"https:\/\/dev.centtreize.com\/rsr\/#organization\"},\"keywords\":[\"Concile\",\"Vatican II\"],\"articleSection\":[\"article\"],\"inLanguage\":\"fr-FR\"},{\"@type\":\"WebPage\",\"@id\":\"https:\/\/dev.centtreize.com\/rsr\/article\/lhermeneutique-de-vatican-ii-reflexions-sur-la-face-cachee-dun-debat\/\",\"url\":\"https:\/\/dev.centtreize.com\/rsr\/article\/lhermeneutique-de-vatican-ii-reflexions-sur-la-face-cachee-dun-debat\/\",\"name\":\"L\u2019herm\u00e9neutique de Vatican II. R\u00e9flexions sur la face cach\u00e9e d\u2019un d\u00e9bat - Recherches de Science Religieuse\",\"isPartOf\":{\"@id\":\"https:\/\/dev.centtreize.com\/rsr\/#website\"},\"datePublished\":\"2014-05-23T08:34:29+00:00\",\"dateModified\":\"2025-06-13T06:18:32+00:00\",\"breadcrumb\":{\"@id\":\"https:\/\/dev.centtreize.com\/rsr\/article\/lhermeneutique-de-vatican-ii-reflexions-sur-la-face-cachee-dun-debat\/#breadcrumb\"},\"inLanguage\":\"fr-FR\",\"potentialAction\":[{\"@type\":\"ReadAction\",\"target\":[\"https:\/\/dev.centtreize.com\/rsr\/article\/lhermeneutique-de-vatican-ii-reflexions-sur-la-face-cachee-dun-debat\/\"]}]},{\"@type\":\"BreadcrumbList\",\"@id\":\"https:\/\/dev.centtreize.com\/rsr\/article\/lhermeneutique-de-vatican-ii-reflexions-sur-la-face-cachee-dun-debat\/#breadcrumb\",\"itemListElement\":[{\"@type\":\"ListItem\",\"position\":1,\"name\":\"Accueil\",\"item\":\"https:\/\/dev.centtreize.com\/rsr\/\"},{\"@type\":\"ListItem\",\"position\":2,\"name\":\"L\u2019herm\u00e9neutique de Vatican II. R\u00e9flexions sur la face cach\u00e9e d\u2019un d\u00e9bat\"}]},{\"@type\":\"WebSite\",\"@id\":\"https:\/\/dev.centtreize.com\/rsr\/#website\",\"url\":\"https:\/\/dev.centtreize.com\/rsr\/\",\"name\":\"Recherches de Science Religieuse\",\"description\":\"Recherches de Science Religieuse\",\"publisher\":{\"@id\":\"https:\/\/dev.centtreize.com\/rsr\/#organization\"},\"potentialAction\":[{\"@type\":\"SearchAction\",\"target\":{\"@type\":\"EntryPoint\",\"urlTemplate\":\"https:\/\/dev.centtreize.com\/rsr\/?s={search_term_string}\"},\"query-input\":{\"@type\":\"PropertyValueSpecification\",\"valueRequired\":true,\"valueName\":\"search_term_string\"}}],\"inLanguage\":\"fr-FR\"},{\"@type\":\"Organization\",\"@id\":\"https:\/\/dev.centtreize.com\/rsr\/#organization\",\"name\":\"Recherches de Science Religieuse\",\"url\":\"https:\/\/dev.centtreize.com\/rsr\/\",\"logo\":{\"@type\":\"ImageObject\",\"inLanguage\":\"fr-FR\",\"@id\":\"https:\/\/dev.centtreize.com\/rsr\/#\/schema\/logo\/image\/\",\"url\":\"https:\/\/dev.centtreize.com\/rsr\/wp-content\/uploads\/2024\/10\/logo_rsr.png\",\"contentUrl\":\"https:\/\/dev.centtreize.com\/rsr\/wp-content\/uploads\/2024\/10\/logo_rsr.png\",\"width\":300,\"height\":225,\"caption\":\"Recherches de Science Religieuse\"},\"image\":{\"@id\":\"https:\/\/dev.centtreize.com\/rsr\/#\/schema\/logo\/image\/\"}},{\"@type\":\"Person\",\"@id\":\"https:\/\/dev.centtreize.com\/rsr\/#\/schema\/person\/eb039ce63dcbc3fec0a6b81e43e29ad3\",\"name\":\"H\u00e9l\u00e8ne\",\"url\":\"https:\/\/dev.centtreize.com\/rsr\/author\/rsr\/\"}]}<\/script>\n<!-- \/ Yoast SEO plugin. -->","yoast_head_json":{"title":"L\u2019herm\u00e9neutique de Vatican II. R\u00e9flexions sur la face cach\u00e9e d\u2019un d\u00e9bat - Recherches de Science Religieuse","robots":{"index":"index","follow":"follow","max-snippet":"max-snippet:-1","max-image-preview":"max-image-preview:large","max-video-preview":"max-video-preview:-1"},"canonical":"https:\/\/dev.centtreize.com\/rsr\/article\/lhermeneutique-de-vatican-ii-reflexions-sur-la-face-cachee-dun-debat\/","og_locale":"fr_FR","og_type":"article","og_title":"L\u2019herm\u00e9neutique de Vatican II. R\u00e9flexions sur la face cach\u00e9e d\u2019un d\u00e9bat - Recherches de Science Religieuse","og_description":"En 2003, trois universit\u00e9s francophones joignaient leurs forces pour conduire un projet de recherche sur l\u2019herm\u00e9neutique th\u00e9ologique de Vatican II . La cr\u00e9ation de ce groupe interuniversitaire reposait sur la conviction que l\u2019avenir du catholicisme se joue notamment sur l\u2019interpr\u00e9tation que l\u2019on va donner au concile. L\u2019objectif n\u2019\u00e9tait pas de d\u00e9finir et de promouvoir une position ni de faire \u00e9cole dans le domaine. Le projet reposait d\u2019abord sur un constat&nbsp;: celui d\u2019un d\u00e9placement de la recherche sur le terrain de l\u2019herm\u00e9neutique du concile. allant de paire avec une utilisation de cette derni\u00e8re comme arme par ceux qui s\u2019opposaient au concile. Plus fondamentalement, c\u2019est la notion de tradition et de d\u00e9veloppement de la doctrine qui se trouvent en jeu dans le d\u00e9bat. L\u2019\u00e9tude de l\u2019herm\u00e9neutique du concile doit donc aujourd\u2019hui conduire les th\u00e9ologiens \u00e0 un travail en profondeur sur ces questions.","og_url":"https:\/\/dev.centtreize.com\/rsr\/article\/lhermeneutique-de-vatican-ii-reflexions-sur-la-face-cachee-dun-debat\/","og_site_name":"Recherches de Science Religieuse","article_published_time":"2014-05-23T08:34:29+00:00","article_modified_time":"2025-06-13T06:18:32+00:00","author":"H\u00e9l\u00e8ne","twitter_card":"summary_large_image","twitter_misc":{"\u00c9crit par":"H\u00e9l\u00e8ne","Dur\u00e9e de lecture estim\u00e9e":"1 minute"},"schema":{"@context":"https:\/\/schema.org","@graph":[{"@type":"Article","@id":"https:\/\/dev.centtreize.com\/rsr\/article\/lhermeneutique-de-vatican-ii-reflexions-sur-la-face-cachee-dun-debat\/#article","isPartOf":{"@id":"https:\/\/dev.centtreize.com\/rsr\/article\/lhermeneutique-de-vatican-ii-reflexions-sur-la-face-cachee-dun-debat\/"},"author":{"name":"H\u00e9l\u00e8ne","@id":"https:\/\/dev.centtreize.com\/rsr\/#\/schema\/person\/eb039ce63dcbc3fec0a6b81e43e29ad3"},"headline":"L\u2019herm\u00e9neutique de Vatican II. R\u00e9flexions sur la face cach\u00e9e d\u2019un d\u00e9bat","datePublished":"2014-05-23T08:34:29+00:00","dateModified":"2025-06-13T06:18:32+00:00","mainEntityOfPage":{"@id":"https:\/\/dev.centtreize.com\/rsr\/article\/lhermeneutique-de-vatican-ii-reflexions-sur-la-face-cachee-dun-debat\/"},"wordCount":181,"publisher":{"@id":"https:\/\/dev.centtreize.com\/rsr\/#organization"},"keywords":["Concile","Vatican II"],"articleSection":["article"],"inLanguage":"fr-FR"},{"@type":"WebPage","@id":"https:\/\/dev.centtreize.com\/rsr\/article\/lhermeneutique-de-vatican-ii-reflexions-sur-la-face-cachee-dun-debat\/","url":"https:\/\/dev.centtreize.com\/rsr\/article\/lhermeneutique-de-vatican-ii-reflexions-sur-la-face-cachee-dun-debat\/","name":"L\u2019herm\u00e9neutique de Vatican II. R\u00e9flexions sur la face cach\u00e9e d\u2019un d\u00e9bat - Recherches de Science Religieuse","isPartOf":{"@id":"https:\/\/dev.centtreize.com\/rsr\/#website"},"datePublished":"2014-05-23T08:34:29+00:00","dateModified":"2025-06-13T06:18:32+00:00","breadcrumb":{"@id":"https:\/\/dev.centtreize.com\/rsr\/article\/lhermeneutique-de-vatican-ii-reflexions-sur-la-face-cachee-dun-debat\/#breadcrumb"},"inLanguage":"fr-FR","potentialAction":[{"@type":"ReadAction","target":["https:\/\/dev.centtreize.com\/rsr\/article\/lhermeneutique-de-vatican-ii-reflexions-sur-la-face-cachee-dun-debat\/"]}]},{"@type":"BreadcrumbList","@id":"https:\/\/dev.centtreize.com\/rsr\/article\/lhermeneutique-de-vatican-ii-reflexions-sur-la-face-cachee-dun-debat\/#breadcrumb","itemListElement":[{"@type":"ListItem","position":1,"name":"Accueil","item":"https:\/\/dev.centtreize.com\/rsr\/"},{"@type":"ListItem","position":2,"name":"L\u2019herm\u00e9neutique de Vatican II. R\u00e9flexions sur la face cach\u00e9e d\u2019un d\u00e9bat"}]},{"@type":"WebSite","@id":"https:\/\/dev.centtreize.com\/rsr\/#website","url":"https:\/\/dev.centtreize.com\/rsr\/","name":"Recherches de Science Religieuse","description":"Recherches de Science Religieuse","publisher":{"@id":"https:\/\/dev.centtreize.com\/rsr\/#organization"},"potentialAction":[{"@type":"SearchAction","target":{"@type":"EntryPoint","urlTemplate":"https:\/\/dev.centtreize.com\/rsr\/?s={search_term_string}"},"query-input":{"@type":"PropertyValueSpecification","valueRequired":true,"valueName":"search_term_string"}}],"inLanguage":"fr-FR"},{"@type":"Organization","@id":"https:\/\/dev.centtreize.com\/rsr\/#organization","name":"Recherches de Science Religieuse","url":"https:\/\/dev.centtreize.com\/rsr\/","logo":{"@type":"ImageObject","inLanguage":"fr-FR","@id":"https:\/\/dev.centtreize.com\/rsr\/#\/schema\/logo\/image\/","url":"https:\/\/dev.centtreize.com\/rsr\/wp-content\/uploads\/2024\/10\/logo_rsr.png","contentUrl":"https:\/\/dev.centtreize.com\/rsr\/wp-content\/uploads\/2024\/10\/logo_rsr.png","width":300,"height":225,"caption":"Recherches de Science Religieuse"},"image":{"@id":"https:\/\/dev.centtreize.com\/rsr\/#\/schema\/logo\/image\/"}},{"@type":"Person","@id":"https:\/\/dev.centtreize.com\/rsr\/#\/schema\/person\/eb039ce63dcbc3fec0a6b81e43e29ad3","name":"H\u00e9l\u00e8ne","url":"https:\/\/dev.centtreize.com\/rsr\/author\/rsr\/"}]}},"_links":{"self":[{"href":"https:\/\/dev.centtreize.com\/rsr\/wp-json\/wp\/v2\/posts\/2849","targetHints":{"allow":["GET"]}}],"collection":[{"href":"https:\/\/dev.centtreize.com\/rsr\/wp-json\/wp\/v2\/posts"}],"about":[{"href":"https:\/\/dev.centtreize.com\/rsr\/wp-json\/wp\/v2\/types\/post"}],"author":[{"embeddable":true,"href":"https:\/\/dev.centtreize.com\/rsr\/wp-json\/wp\/v2\/users\/2"}],"replies":[{"embeddable":true,"href":"https:\/\/dev.centtreize.com\/rsr\/wp-json\/wp\/v2\/comments?post=2849"}],"version-history":[{"count":7,"href":"https:\/\/dev.centtreize.com\/rsr\/wp-json\/wp\/v2\/posts\/2849\/revisions"}],"predecessor-version":[{"id":17439,"href":"https:\/\/dev.centtreize.com\/rsr\/wp-json\/wp\/v2\/posts\/2849\/revisions\/17439"}],"wp:attachment":[{"href":"https:\/\/dev.centtreize.com\/rsr\/wp-json\/wp\/v2\/media?parent=2849"}],"wp:term":[{"taxonomy":"category","embeddable":true,"href":"https:\/\/dev.centtreize.com\/rsr\/wp-json\/wp\/v2\/categories?post=2849"},{"taxonomy":"post_tag","embeddable":true,"href":"https:\/\/dev.centtreize.com\/rsr\/wp-json\/wp\/v2\/tags?post=2849"},{"taxonomy":"keywords","embeddable":true,"href":"https:\/\/dev.centtreize.com\/rsr\/wp-json\/wp\/v2\/keywords?post=2849"}],"curies":[{"name":"wp","href":"https:\/\/api.w.org\/{rel}","templated":true}]}}