{"id":2846,"date":"2014-05-23T09:30:48","date_gmt":"2014-05-23T08:30:48","guid":{"rendered":"http:\/\/www.revue-rsr.com\/?p=2846"},"modified":"2025-06-12T04:52:46","modified_gmt":"2025-06-12T03:52:46","slug":"le-cinquantenaire-de-louverture-du-concile-vatican-ii","status":"publish","type":"post","link":"https:\/\/dev.centtreize.com\/rsr\/edito\/le-cinquantenaire-de-louverture-du-concile-vatican-ii\/","title":{"rendered":"Le Cinquantenaire de l\u2019ouverture du concile Vatican II&#8230;"},"content":{"rendered":"<p><a href=\"http:\/\/www.revue-rsr.com\/wp-content\/uploads\/2014\/03\/Chr.Theobald.jpg\"><\/a>Le Cinquantenaire de l\u2019ouverture du concile Vatican II (11 octobre 1962) pourrait \u00eatre l\u2019occasion d\u2019une prise de conscience collective quant \u00e0 l\u2019avenir de la tradition chr\u00e9tienne au sein d\u2019une civilisation mondialis\u00e9e qui a du mal \u00e0 envisager une nouvelle mani\u00e8re d\u2019habiter notre globe. Nous savons bien que les c\u00e9l\u00e9brations anniversaires de grands \u00e9v\u00e9nements historiques ou de&nbsp;\u00ab&nbsp;h\u00e9ros&nbsp;\u00bb, culturels et politiques, sont fr\u00e9quemment utilis\u00e9es \u00e0 des fins partisanes ou pour mieux contr\u00f4ler l\u2019interpr\u00e9tation d\u2019une m\u00e9moire commune. Pourquoi le Concile \u00e9chapperait-il \u00e0 ces conflits d\u2019int\u00e9r\u00eat&nbsp;? On peut esp\u00e9rer cependant que des voix diverses se l\u00e8veront pour d\u00e9noncer toute r\u00e9cup\u00e9ration et faire appara\u00eetre le&nbsp;\u00ab&nbsp;potentiel&nbsp;\u00bb de cr\u00e9ativit\u00e9 que garde cet \u00e9v\u00e9nement (comme d\u2019autres grands moments de l\u2019histoire), que les croyants peuvent recevoir de Celui qu\u2019ils reconnaissent comme&nbsp;\u00ab&nbsp;le ma\u00eetre de l\u2019histoire&nbsp;\u00bb.<\/p>\n","protected":false},"excerpt":{"rendered":"<p>Le Cinquantenaire de l\u2019ouverture du concile Vatican II (11 octobre 1962) pourrait \u00eatre l\u2019occasion d\u2019une prise de conscience collective quant \u00e0 l\u2019avenir de la tradition chr\u00e9tienne au sein d\u2019une civilisation mondialis\u00e9e qui a du mal \u00e0 envisager une nouvelle mani\u00e8re d\u2019habiter notre globe. Nous savons bien que les c\u00e9l\u00e9brations anniversaires de grands \u00e9v\u00e9nements historiques ou de&nbsp;\u00ab&nbsp;h\u00e9ros&nbsp;\u00bb, culturels et politiques, sont fr\u00e9quemment utilis\u00e9es \u00e0 des fins partisanes ou pour mieux contr\u00f4ler l\u2019interpr\u00e9tation d\u2019une m\u00e9moire commune. Pourquoi le Concile \u00e9chapperait-il \u00e0 ces conflits d\u2019int\u00e9r\u00eat&nbsp;? On peut esp\u00e9rer cependant que des voix diverses se l\u00e8veront pour d\u00e9noncer toute r\u00e9cup\u00e9ration et faire appara\u00eetre le&nbsp;\u00ab&nbsp;potentiel&nbsp;\u00bb de cr\u00e9ativit\u00e9 que garde cet \u00e9v\u00e9nement (comme d\u2019autres grands moments de l\u2019histoire), que les croyants peuvent recevoir de Celui qu\u2019ils reconnaissent comme&nbsp;\u00ab&nbsp;le ma\u00eetre de l\u2019histoire&nbsp;\u00bb.<\/p>\n","protected":false},"author":2,"featured_media":0,"comment_status":"open","ping_status":"open","sticky":false,"template":"","format":"standard","meta":{"_acf_changed":false,"footnotes":""},"categories":[8],"tags":[4,3],"keywords":[],"class_list":["post-2846","post","type-post","status-publish","format-standard","hentry","category-edito","tag-concile","tag-vatican-ii"],"acf":[],"yoast_head":"<!-- This site is optimized with the Yoast SEO plugin v27.2 - https:\/\/yoast.com\/product\/yoast-seo-wordpress\/ -->\n<title>Le Cinquantenaire de l\u2019ouverture du concile Vatican II... - Recherches de Science Religieuse<\/title>\n<meta name=\"robots\" content=\"index, follow, max-snippet:-1, max-image-preview:large, max-video-preview:-1\" \/>\n<link rel=\"canonical\" href=\"https:\/\/dev.centtreize.com\/rsr\/edito\/le-cinquantenaire-de-louverture-du-concile-vatican-ii\/\" \/>\n<meta property=\"og:locale\" content=\"fr_FR\" \/>\n<meta property=\"og:type\" content=\"article\" \/>\n<meta property=\"og:title\" content=\"Le Cinquantenaire de l\u2019ouverture du concile Vatican II... - Recherches de Science Religieuse\" \/>\n<meta property=\"og:description\" content=\"Le Cinquantenaire de l\u2019ouverture du concile Vatican II (11 octobre 1962) pourrait \u00eatre l\u2019occasion d\u2019une prise de conscience collective quant \u00e0 l\u2019avenir de la tradition chr\u00e9tienne au sein d\u2019une civilisation mondialis\u00e9e qui a du mal \u00e0 envisager une nouvelle mani\u00e8re d\u2019habiter notre globe. Nous savons bien que les c\u00e9l\u00e9brations anniversaires de grands \u00e9v\u00e9nements historiques ou de&nbsp;\u00ab&nbsp;h\u00e9ros&nbsp;\u00bb, culturels et politiques, sont fr\u00e9quemment utilis\u00e9es \u00e0 des fins partisanes ou pour mieux contr\u00f4ler l\u2019interpr\u00e9tation d\u2019une m\u00e9moire commune. Pourquoi le Concile \u00e9chapperait-il \u00e0 ces conflits d\u2019int\u00e9r\u00eat&nbsp;? On peut esp\u00e9rer cependant que des voix diverses se l\u00e8veront pour d\u00e9noncer toute r\u00e9cup\u00e9ration et faire appara\u00eetre le&nbsp;\u00ab&nbsp;potentiel&nbsp;\u00bb de cr\u00e9ativit\u00e9 que garde cet \u00e9v\u00e9nement (comme d\u2019autres grands moments de l\u2019histoire), que les croyants peuvent recevoir de Celui qu\u2019ils reconnaissent comme&nbsp;\u00ab&nbsp;le ma\u00eetre de l\u2019histoire&nbsp;\u00bb.\" \/>\n<meta property=\"og:url\" content=\"https:\/\/dev.centtreize.com\/rsr\/edito\/le-cinquantenaire-de-louverture-du-concile-vatican-ii\/\" \/>\n<meta property=\"og:site_name\" content=\"Recherches de Science Religieuse\" \/>\n<meta property=\"article:published_time\" content=\"2014-05-23T08:30:48+00:00\" \/>\n<meta property=\"article:modified_time\" content=\"2025-06-12T03:52:46+00:00\" \/>\n<meta name=\"author\" content=\"H\u00e9l\u00e8ne\" \/>\n<meta name=\"twitter:card\" content=\"summary_large_image\" \/>\n<meta name=\"twitter:label1\" content=\"\u00c9crit par\" \/>\n\t<meta name=\"twitter:data1\" content=\"H\u00e9l\u00e8ne\" \/>\n\t<meta name=\"twitter:label2\" content=\"Dur\u00e9e de lecture estim\u00e9e\" \/>\n\t<meta name=\"twitter:data2\" content=\"1 minute\" \/>\n<script type=\"application\/ld+json\" class=\"yoast-schema-graph\">{\"@context\":\"https:\/\/schema.org\",\"@graph\":[{\"@type\":\"Article\",\"@id\":\"https:\/\/dev.centtreize.com\/rsr\/edito\/le-cinquantenaire-de-louverture-du-concile-vatican-ii\/#article\",\"isPartOf\":{\"@id\":\"https:\/\/dev.centtreize.com\/rsr\/edito\/le-cinquantenaire-de-louverture-du-concile-vatican-ii\/\"},\"author\":{\"name\":\"H\u00e9l\u00e8ne\",\"@id\":\"https:\/\/dev.centtreize.com\/rsr\/#\/schema\/person\/eb039ce63dcbc3fec0a6b81e43e29ad3\"},\"headline\":\"Le Cinquantenaire de l\u2019ouverture du concile Vatican II&#8230;\",\"datePublished\":\"2014-05-23T08:30:48+00:00\",\"dateModified\":\"2025-06-12T03:52:46+00:00\",\"mainEntityOfPage\":{\"@id\":\"https:\/\/dev.centtreize.com\/rsr\/edito\/le-cinquantenaire-de-louverture-du-concile-vatican-ii\/\"},\"wordCount\":167,\"commentCount\":0,\"publisher\":{\"@id\":\"https:\/\/dev.centtreize.com\/rsr\/#organization\"},\"keywords\":[\"Concile\",\"Vatican II\"],\"articleSection\":[\"edito\"],\"inLanguage\":\"fr-FR\",\"potentialAction\":[{\"@type\":\"CommentAction\",\"name\":\"Comment\",\"target\":[\"https:\/\/dev.centtreize.com\/rsr\/edito\/le-cinquantenaire-de-louverture-du-concile-vatican-ii\/#respond\"]}]},{\"@type\":\"WebPage\",\"@id\":\"https:\/\/dev.centtreize.com\/rsr\/edito\/le-cinquantenaire-de-louverture-du-concile-vatican-ii\/\",\"url\":\"https:\/\/dev.centtreize.com\/rsr\/edito\/le-cinquantenaire-de-louverture-du-concile-vatican-ii\/\",\"name\":\"Le Cinquantenaire de l\u2019ouverture du concile Vatican II... - Recherches de Science Religieuse\",\"isPartOf\":{\"@id\":\"https:\/\/dev.centtreize.com\/rsr\/#website\"},\"datePublished\":\"2014-05-23T08:30:48+00:00\",\"dateModified\":\"2025-06-12T03:52:46+00:00\",\"breadcrumb\":{\"@id\":\"https:\/\/dev.centtreize.com\/rsr\/edito\/le-cinquantenaire-de-louverture-du-concile-vatican-ii\/#breadcrumb\"},\"inLanguage\":\"fr-FR\",\"potentialAction\":[{\"@type\":\"ReadAction\",\"target\":[\"https:\/\/dev.centtreize.com\/rsr\/edito\/le-cinquantenaire-de-louverture-du-concile-vatican-ii\/\"]}]},{\"@type\":\"BreadcrumbList\",\"@id\":\"https:\/\/dev.centtreize.com\/rsr\/edito\/le-cinquantenaire-de-louverture-du-concile-vatican-ii\/#breadcrumb\",\"itemListElement\":[{\"@type\":\"ListItem\",\"position\":1,\"name\":\"Accueil\",\"item\":\"https:\/\/dev.centtreize.com\/rsr\/\"},{\"@type\":\"ListItem\",\"position\":2,\"name\":\"Le Cinquantenaire de l\u2019ouverture du concile Vatican II&#8230;\"}]},{\"@type\":\"WebSite\",\"@id\":\"https:\/\/dev.centtreize.com\/rsr\/#website\",\"url\":\"https:\/\/dev.centtreize.com\/rsr\/\",\"name\":\"Recherches de Science Religieuse\",\"description\":\"Recherches de Science Religieuse\",\"publisher\":{\"@id\":\"https:\/\/dev.centtreize.com\/rsr\/#organization\"},\"potentialAction\":[{\"@type\":\"SearchAction\",\"target\":{\"@type\":\"EntryPoint\",\"urlTemplate\":\"https:\/\/dev.centtreize.com\/rsr\/?s={search_term_string}\"},\"query-input\":{\"@type\":\"PropertyValueSpecification\",\"valueRequired\":true,\"valueName\":\"search_term_string\"}}],\"inLanguage\":\"fr-FR\"},{\"@type\":\"Organization\",\"@id\":\"https:\/\/dev.centtreize.com\/rsr\/#organization\",\"name\":\"Recherches de Science Religieuse\",\"url\":\"https:\/\/dev.centtreize.com\/rsr\/\",\"logo\":{\"@type\":\"ImageObject\",\"inLanguage\":\"fr-FR\",\"@id\":\"https:\/\/dev.centtreize.com\/rsr\/#\/schema\/logo\/image\/\",\"url\":\"https:\/\/dev.centtreize.com\/rsr\/wp-content\/uploads\/2024\/10\/logo_rsr.png\",\"contentUrl\":\"https:\/\/dev.centtreize.com\/rsr\/wp-content\/uploads\/2024\/10\/logo_rsr.png\",\"width\":300,\"height\":225,\"caption\":\"Recherches de Science Religieuse\"},\"image\":{\"@id\":\"https:\/\/dev.centtreize.com\/rsr\/#\/schema\/logo\/image\/\"}},{\"@type\":\"Person\",\"@id\":\"https:\/\/dev.centtreize.com\/rsr\/#\/schema\/person\/eb039ce63dcbc3fec0a6b81e43e29ad3\",\"name\":\"H\u00e9l\u00e8ne\",\"url\":\"https:\/\/dev.centtreize.com\/rsr\/author\/rsr\/\"}]}<\/script>\n<!-- \/ Yoast SEO plugin. -->","yoast_head_json":{"title":"Le Cinquantenaire de l\u2019ouverture du concile Vatican II... - Recherches de Science Religieuse","robots":{"index":"index","follow":"follow","max-snippet":"max-snippet:-1","max-image-preview":"max-image-preview:large","max-video-preview":"max-video-preview:-1"},"canonical":"https:\/\/dev.centtreize.com\/rsr\/edito\/le-cinquantenaire-de-louverture-du-concile-vatican-ii\/","og_locale":"fr_FR","og_type":"article","og_title":"Le Cinquantenaire de l\u2019ouverture du concile Vatican II... - Recherches de Science Religieuse","og_description":"Le Cinquantenaire de l\u2019ouverture du concile Vatican II (11 octobre 1962) pourrait \u00eatre l\u2019occasion d\u2019une prise de conscience collective quant \u00e0 l\u2019avenir de la tradition chr\u00e9tienne au sein d\u2019une civilisation mondialis\u00e9e qui a du mal \u00e0 envisager une nouvelle mani\u00e8re d\u2019habiter notre globe. Nous savons bien que les c\u00e9l\u00e9brations anniversaires de grands \u00e9v\u00e9nements historiques ou de&nbsp;\u00ab&nbsp;h\u00e9ros&nbsp;\u00bb, culturels et politiques, sont fr\u00e9quemment utilis\u00e9es \u00e0 des fins partisanes ou pour mieux contr\u00f4ler l\u2019interpr\u00e9tation d\u2019une m\u00e9moire commune. Pourquoi le Concile \u00e9chapperait-il \u00e0 ces conflits d\u2019int\u00e9r\u00eat&nbsp;? On peut esp\u00e9rer cependant que des voix diverses se l\u00e8veront pour d\u00e9noncer toute r\u00e9cup\u00e9ration et faire appara\u00eetre le&nbsp;\u00ab&nbsp;potentiel&nbsp;\u00bb de cr\u00e9ativit\u00e9 que garde cet \u00e9v\u00e9nement (comme d\u2019autres grands moments de l\u2019histoire), que les croyants peuvent recevoir de Celui qu\u2019ils reconnaissent comme&nbsp;\u00ab&nbsp;le ma\u00eetre de l\u2019histoire&nbsp;\u00bb.","og_url":"https:\/\/dev.centtreize.com\/rsr\/edito\/le-cinquantenaire-de-louverture-du-concile-vatican-ii\/","og_site_name":"Recherches de Science Religieuse","article_published_time":"2014-05-23T08:30:48+00:00","article_modified_time":"2025-06-12T03:52:46+00:00","author":"H\u00e9l\u00e8ne","twitter_card":"summary_large_image","twitter_misc":{"\u00c9crit par":"H\u00e9l\u00e8ne","Dur\u00e9e de lecture estim\u00e9e":"1 minute"},"schema":{"@context":"https:\/\/schema.org","@graph":[{"@type":"Article","@id":"https:\/\/dev.centtreize.com\/rsr\/edito\/le-cinquantenaire-de-louverture-du-concile-vatican-ii\/#article","isPartOf":{"@id":"https:\/\/dev.centtreize.com\/rsr\/edito\/le-cinquantenaire-de-louverture-du-concile-vatican-ii\/"},"author":{"name":"H\u00e9l\u00e8ne","@id":"https:\/\/dev.centtreize.com\/rsr\/#\/schema\/person\/eb039ce63dcbc3fec0a6b81e43e29ad3"},"headline":"Le Cinquantenaire de l\u2019ouverture du concile Vatican II&#8230;","datePublished":"2014-05-23T08:30:48+00:00","dateModified":"2025-06-12T03:52:46+00:00","mainEntityOfPage":{"@id":"https:\/\/dev.centtreize.com\/rsr\/edito\/le-cinquantenaire-de-louverture-du-concile-vatican-ii\/"},"wordCount":167,"commentCount":0,"publisher":{"@id":"https:\/\/dev.centtreize.com\/rsr\/#organization"},"keywords":["Concile","Vatican II"],"articleSection":["edito"],"inLanguage":"fr-FR","potentialAction":[{"@type":"CommentAction","name":"Comment","target":["https:\/\/dev.centtreize.com\/rsr\/edito\/le-cinquantenaire-de-louverture-du-concile-vatican-ii\/#respond"]}]},{"@type":"WebPage","@id":"https:\/\/dev.centtreize.com\/rsr\/edito\/le-cinquantenaire-de-louverture-du-concile-vatican-ii\/","url":"https:\/\/dev.centtreize.com\/rsr\/edito\/le-cinquantenaire-de-louverture-du-concile-vatican-ii\/","name":"Le Cinquantenaire de l\u2019ouverture du concile Vatican II... - Recherches de Science Religieuse","isPartOf":{"@id":"https:\/\/dev.centtreize.com\/rsr\/#website"},"datePublished":"2014-05-23T08:30:48+00:00","dateModified":"2025-06-12T03:52:46+00:00","breadcrumb":{"@id":"https:\/\/dev.centtreize.com\/rsr\/edito\/le-cinquantenaire-de-louverture-du-concile-vatican-ii\/#breadcrumb"},"inLanguage":"fr-FR","potentialAction":[{"@type":"ReadAction","target":["https:\/\/dev.centtreize.com\/rsr\/edito\/le-cinquantenaire-de-louverture-du-concile-vatican-ii\/"]}]},{"@type":"BreadcrumbList","@id":"https:\/\/dev.centtreize.com\/rsr\/edito\/le-cinquantenaire-de-louverture-du-concile-vatican-ii\/#breadcrumb","itemListElement":[{"@type":"ListItem","position":1,"name":"Accueil","item":"https:\/\/dev.centtreize.com\/rsr\/"},{"@type":"ListItem","position":2,"name":"Le Cinquantenaire de l\u2019ouverture du concile Vatican II&#8230;"}]},{"@type":"WebSite","@id":"https:\/\/dev.centtreize.com\/rsr\/#website","url":"https:\/\/dev.centtreize.com\/rsr\/","name":"Recherches de Science Religieuse","description":"Recherches de Science Religieuse","publisher":{"@id":"https:\/\/dev.centtreize.com\/rsr\/#organization"},"potentialAction":[{"@type":"SearchAction","target":{"@type":"EntryPoint","urlTemplate":"https:\/\/dev.centtreize.com\/rsr\/?s={search_term_string}"},"query-input":{"@type":"PropertyValueSpecification","valueRequired":true,"valueName":"search_term_string"}}],"inLanguage":"fr-FR"},{"@type":"Organization","@id":"https:\/\/dev.centtreize.com\/rsr\/#organization","name":"Recherches de Science Religieuse","url":"https:\/\/dev.centtreize.com\/rsr\/","logo":{"@type":"ImageObject","inLanguage":"fr-FR","@id":"https:\/\/dev.centtreize.com\/rsr\/#\/schema\/logo\/image\/","url":"https:\/\/dev.centtreize.com\/rsr\/wp-content\/uploads\/2024\/10\/logo_rsr.png","contentUrl":"https:\/\/dev.centtreize.com\/rsr\/wp-content\/uploads\/2024\/10\/logo_rsr.png","width":300,"height":225,"caption":"Recherches de Science Religieuse"},"image":{"@id":"https:\/\/dev.centtreize.com\/rsr\/#\/schema\/logo\/image\/"}},{"@type":"Person","@id":"https:\/\/dev.centtreize.com\/rsr\/#\/schema\/person\/eb039ce63dcbc3fec0a6b81e43e29ad3","name":"H\u00e9l\u00e8ne","url":"https:\/\/dev.centtreize.com\/rsr\/author\/rsr\/"}]}},"_links":{"self":[{"href":"https:\/\/dev.centtreize.com\/rsr\/wp-json\/wp\/v2\/posts\/2846","targetHints":{"allow":["GET"]}}],"collection":[{"href":"https:\/\/dev.centtreize.com\/rsr\/wp-json\/wp\/v2\/posts"}],"about":[{"href":"https:\/\/dev.centtreize.com\/rsr\/wp-json\/wp\/v2\/types\/post"}],"author":[{"embeddable":true,"href":"https:\/\/dev.centtreize.com\/rsr\/wp-json\/wp\/v2\/users\/2"}],"replies":[{"embeddable":true,"href":"https:\/\/dev.centtreize.com\/rsr\/wp-json\/wp\/v2\/comments?post=2846"}],"version-history":[{"count":6,"href":"https:\/\/dev.centtreize.com\/rsr\/wp-json\/wp\/v2\/posts\/2846\/revisions"}],"predecessor-version":[{"id":19604,"href":"https:\/\/dev.centtreize.com\/rsr\/wp-json\/wp\/v2\/posts\/2846\/revisions\/19604"}],"wp:attachment":[{"href":"https:\/\/dev.centtreize.com\/rsr\/wp-json\/wp\/v2\/media?parent=2846"}],"wp:term":[{"taxonomy":"category","embeddable":true,"href":"https:\/\/dev.centtreize.com\/rsr\/wp-json\/wp\/v2\/categories?post=2846"},{"taxonomy":"post_tag","embeddable":true,"href":"https:\/\/dev.centtreize.com\/rsr\/wp-json\/wp\/v2\/tags?post=2846"},{"taxonomy":"keywords","embeddable":true,"href":"https:\/\/dev.centtreize.com\/rsr\/wp-json\/wp\/v2\/keywords?post=2846"}],"curies":[{"name":"wp","href":"https:\/\/api.w.org\/{rel}","templated":true}]}}