{"id":2752,"date":"2014-05-21T17:44:02","date_gmt":"2014-05-21T16:44:02","guid":{"rendered":"http:\/\/www.revue-rsr.com\/?p=2752"},"modified":"2025-06-13T07:21:33","modified_gmt":"2025-06-13T06:21:33","slug":"reprise-conclusive-pourquoi-leglise-la-dimension-ecclesiale-de-la-foi-dans-lhorizon-du-salut","status":"publish","type":"post","link":"https:\/\/dev.centtreize.com\/rsr\/article\/reprise-conclusive-pourquoi-leglise-la-dimension-ecclesiale-de-la-foi-dans-lhorizon-du-salut\/","title":{"rendered":"Reprise conclusive :\u00ab Pourquoi l\u2019\u00c9glise ? La dimension eccl\u00e9siale de la foi dans l\u2019horizon du salut \u00bb"},"content":{"rendered":"<p>Comment tenter de ressaisir l\u2019itin\u00e9raire du Colloque&nbsp;? En commen\u00e7ant par une relecture de la probl\u00e9matique initiale puis en r\u00e9fl\u00e9chissant sur la mani\u00e8re dont a \u00e9t\u00e9 pens\u00e9 le traitement de cette probl\u00e9matique, successivement dans le num\u00e9ro pr\u00e9paratoire des Recherches de Science Religieuse, au travers des quatre articles sollicit\u00e9s, et dans l\u2019architecture du colloque luim\u00eame. Enfin, en reprenant certaines questions doctrinales et th\u00e9ologiques qui ont b\u00e9n\u00e9fici\u00e9 d\u2019une exploration renouvel\u00e9e, et appellent encore des approfondissements au-del\u00e0 de notre session afin que la finalit\u00e9 de l\u2019\u00c9glise continue de concerner l\u2019ensemble de l\u2019humanit\u00e9.<\/p>\n","protected":false},"excerpt":{"rendered":"<p>Comment tenter de ressaisir l\u2019itin\u00e9raire du Colloque&nbsp;? En commen\u00e7ant par une relecture de la probl\u00e9matique initiale puis en r\u00e9fl\u00e9chissant sur la mani\u00e8re dont a \u00e9t\u00e9 pens\u00e9 le traitement de cette probl\u00e9matique, successivement dans le num\u00e9ro pr\u00e9paratoire des Recherches de Science Religieuse, au travers des quatre articles sollicit\u00e9s, et dans l\u2019architecture du colloque luim\u00eame. Enfin, en reprenant certaines questions doctrinales et th\u00e9ologiques qui ont b\u00e9n\u00e9fici\u00e9 d\u2019une exploration renouvel\u00e9e, et appellent encore des approfondissements au-del\u00e0 de notre session afin que la finalit\u00e9 de l\u2019\u00c9glise continue de concerner l\u2019ensemble de l\u2019humanit\u00e9.<\/p>\n","protected":false},"author":2,"featured_media":0,"comment_status":"closed","ping_status":"closed","sticky":false,"template":"","format":"standard","meta":{"_acf_changed":false,"footnotes":""},"categories":[6],"tags":[],"keywords":[1137,1134,1170],"class_list":["post-2752","post","type-post","status-publish","format-standard","hentry","category-article","keywords-eglise","keywords-foi","keywords-salut"],"acf":[],"yoast_head":"<!-- This site is optimized with the Yoast SEO plugin v27.2 - https:\/\/yoast.com\/product\/yoast-seo-wordpress\/ -->\n<title>Reprise conclusive :\u00ab Pourquoi l\u2019\u00c9glise ? La dimension eccl\u00e9siale de la foi dans l\u2019horizon du salut \u00bb - Recherches de Science Religieuse<\/title>\n<meta name=\"robots\" content=\"index, follow, max-snippet:-1, max-image-preview:large, max-video-preview:-1\" \/>\n<link rel=\"canonical\" href=\"https:\/\/dev.centtreize.com\/rsr\/article\/reprise-conclusive-pourquoi-leglise-la-dimension-ecclesiale-de-la-foi-dans-lhorizon-du-salut\/\" \/>\n<meta property=\"og:locale\" content=\"fr_FR\" \/>\n<meta property=\"og:type\" content=\"article\" \/>\n<meta property=\"og:title\" content=\"Reprise conclusive :\u00ab Pourquoi l\u2019\u00c9glise ? La dimension eccl\u00e9siale de la foi dans l\u2019horizon du salut \u00bb - Recherches de Science Religieuse\" \/>\n<meta property=\"og:description\" content=\"Comment tenter de ressaisir l\u2019itin\u00e9raire du Colloque&nbsp;? En commen\u00e7ant par une relecture de la probl\u00e9matique initiale puis en r\u00e9fl\u00e9chissant sur la mani\u00e8re dont a \u00e9t\u00e9 pens\u00e9 le traitement de cette probl\u00e9matique, successivement dans le num\u00e9ro pr\u00e9paratoire des Recherches de Science Religieuse, au travers des quatre articles sollicit\u00e9s, et dans l\u2019architecture du colloque luim\u00eame. Enfin, en reprenant certaines questions doctrinales et th\u00e9ologiques qui ont b\u00e9n\u00e9fici\u00e9 d\u2019une exploration renouvel\u00e9e, et appellent encore des approfondissements au-del\u00e0 de notre session afin que la finalit\u00e9 de l\u2019\u00c9glise continue de concerner l\u2019ensemble de l\u2019humanit\u00e9.\" \/>\n<meta property=\"og:url\" content=\"https:\/\/dev.centtreize.com\/rsr\/article\/reprise-conclusive-pourquoi-leglise-la-dimension-ecclesiale-de-la-foi-dans-lhorizon-du-salut\/\" \/>\n<meta property=\"og:site_name\" content=\"Recherches de Science Religieuse\" \/>\n<meta property=\"article:published_time\" content=\"2014-05-21T16:44:02+00:00\" \/>\n<meta property=\"article:modified_time\" content=\"2025-06-13T06:21:33+00:00\" \/>\n<meta name=\"author\" content=\"H\u00e9l\u00e8ne\" \/>\n<meta name=\"twitter:card\" content=\"summary_large_image\" \/>\n<meta name=\"twitter:label1\" content=\"\u00c9crit par\" \/>\n\t<meta name=\"twitter:data1\" content=\"H\u00e9l\u00e8ne\" \/>\n\t<meta name=\"twitter:label2\" content=\"Dur\u00e9e de lecture estim\u00e9e\" \/>\n\t<meta name=\"twitter:data2\" content=\"1 minute\" \/>\n<script type=\"application\/ld+json\" class=\"yoast-schema-graph\">{\"@context\":\"https:\/\/schema.org\",\"@graph\":[{\"@type\":\"Article\",\"@id\":\"https:\/\/dev.centtreize.com\/rsr\/article\/reprise-conclusive-pourquoi-leglise-la-dimension-ecclesiale-de-la-foi-dans-lhorizon-du-salut\/#article\",\"isPartOf\":{\"@id\":\"https:\/\/dev.centtreize.com\/rsr\/article\/reprise-conclusive-pourquoi-leglise-la-dimension-ecclesiale-de-la-foi-dans-lhorizon-du-salut\/\"},\"author\":{\"name\":\"H\u00e9l\u00e8ne\",\"@id\":\"https:\/\/dev.centtreize.com\/rsr\/#\/schema\/person\/eb039ce63dcbc3fec0a6b81e43e29ad3\"},\"headline\":\"Reprise conclusive :\u00ab Pourquoi l\u2019\u00c9glise ? La dimension eccl\u00e9siale de la foi dans l\u2019horizon du salut \u00bb\",\"datePublished\":\"2014-05-21T16:44:02+00:00\",\"dateModified\":\"2025-06-13T06:21:33+00:00\",\"mainEntityOfPage\":{\"@id\":\"https:\/\/dev.centtreize.com\/rsr\/article\/reprise-conclusive-pourquoi-leglise-la-dimension-ecclesiale-de-la-foi-dans-lhorizon-du-salut\/\"},\"wordCount\":126,\"publisher\":{\"@id\":\"https:\/\/dev.centtreize.com\/rsr\/#organization\"},\"articleSection\":[\"article\"],\"inLanguage\":\"fr-FR\"},{\"@type\":\"WebPage\",\"@id\":\"https:\/\/dev.centtreize.com\/rsr\/article\/reprise-conclusive-pourquoi-leglise-la-dimension-ecclesiale-de-la-foi-dans-lhorizon-du-salut\/\",\"url\":\"https:\/\/dev.centtreize.com\/rsr\/article\/reprise-conclusive-pourquoi-leglise-la-dimension-ecclesiale-de-la-foi-dans-lhorizon-du-salut\/\",\"name\":\"Reprise conclusive :\u00ab Pourquoi l\u2019\u00c9glise ? La dimension eccl\u00e9siale de la foi dans l\u2019horizon du salut \u00bb - Recherches de Science Religieuse\",\"isPartOf\":{\"@id\":\"https:\/\/dev.centtreize.com\/rsr\/#website\"},\"datePublished\":\"2014-05-21T16:44:02+00:00\",\"dateModified\":\"2025-06-13T06:21:33+00:00\",\"breadcrumb\":{\"@id\":\"https:\/\/dev.centtreize.com\/rsr\/article\/reprise-conclusive-pourquoi-leglise-la-dimension-ecclesiale-de-la-foi-dans-lhorizon-du-salut\/#breadcrumb\"},\"inLanguage\":\"fr-FR\",\"potentialAction\":[{\"@type\":\"ReadAction\",\"target\":[\"https:\/\/dev.centtreize.com\/rsr\/article\/reprise-conclusive-pourquoi-leglise-la-dimension-ecclesiale-de-la-foi-dans-lhorizon-du-salut\/\"]}]},{\"@type\":\"BreadcrumbList\",\"@id\":\"https:\/\/dev.centtreize.com\/rsr\/article\/reprise-conclusive-pourquoi-leglise-la-dimension-ecclesiale-de-la-foi-dans-lhorizon-du-salut\/#breadcrumb\",\"itemListElement\":[{\"@type\":\"ListItem\",\"position\":1,\"name\":\"Accueil\",\"item\":\"https:\/\/dev.centtreize.com\/rsr\/\"},{\"@type\":\"ListItem\",\"position\":2,\"name\":\"Reprise conclusive :\u00ab Pourquoi l\u2019\u00c9glise ? La dimension eccl\u00e9siale de la foi dans l\u2019horizon du salut \u00bb\"}]},{\"@type\":\"WebSite\",\"@id\":\"https:\/\/dev.centtreize.com\/rsr\/#website\",\"url\":\"https:\/\/dev.centtreize.com\/rsr\/\",\"name\":\"Recherches de Science Religieuse\",\"description\":\"Recherches de Science Religieuse\",\"publisher\":{\"@id\":\"https:\/\/dev.centtreize.com\/rsr\/#organization\"},\"potentialAction\":[{\"@type\":\"SearchAction\",\"target\":{\"@type\":\"EntryPoint\",\"urlTemplate\":\"https:\/\/dev.centtreize.com\/rsr\/?s={search_term_string}\"},\"query-input\":{\"@type\":\"PropertyValueSpecification\",\"valueRequired\":true,\"valueName\":\"search_term_string\"}}],\"inLanguage\":\"fr-FR\"},{\"@type\":\"Organization\",\"@id\":\"https:\/\/dev.centtreize.com\/rsr\/#organization\",\"name\":\"Recherches de Science Religieuse\",\"url\":\"https:\/\/dev.centtreize.com\/rsr\/\",\"logo\":{\"@type\":\"ImageObject\",\"inLanguage\":\"fr-FR\",\"@id\":\"https:\/\/dev.centtreize.com\/rsr\/#\/schema\/logo\/image\/\",\"url\":\"https:\/\/dev.centtreize.com\/rsr\/wp-content\/uploads\/2024\/10\/logo_rsr.png\",\"contentUrl\":\"https:\/\/dev.centtreize.com\/rsr\/wp-content\/uploads\/2024\/10\/logo_rsr.png\",\"width\":300,\"height\":225,\"caption\":\"Recherches de Science Religieuse\"},\"image\":{\"@id\":\"https:\/\/dev.centtreize.com\/rsr\/#\/schema\/logo\/image\/\"}},{\"@type\":\"Person\",\"@id\":\"https:\/\/dev.centtreize.com\/rsr\/#\/schema\/person\/eb039ce63dcbc3fec0a6b81e43e29ad3\",\"name\":\"H\u00e9l\u00e8ne\",\"url\":\"https:\/\/dev.centtreize.com\/rsr\/author\/rsr\/\"}]}<\/script>\n<!-- \/ Yoast SEO plugin. -->","yoast_head_json":{"title":"Reprise conclusive :\u00ab Pourquoi l\u2019\u00c9glise ? La dimension eccl\u00e9siale de la foi dans l\u2019horizon du salut \u00bb - Recherches de Science Religieuse","robots":{"index":"index","follow":"follow","max-snippet":"max-snippet:-1","max-image-preview":"max-image-preview:large","max-video-preview":"max-video-preview:-1"},"canonical":"https:\/\/dev.centtreize.com\/rsr\/article\/reprise-conclusive-pourquoi-leglise-la-dimension-ecclesiale-de-la-foi-dans-lhorizon-du-salut\/","og_locale":"fr_FR","og_type":"article","og_title":"Reprise conclusive :\u00ab Pourquoi l\u2019\u00c9glise ? La dimension eccl\u00e9siale de la foi dans l\u2019horizon du salut \u00bb - Recherches de Science Religieuse","og_description":"Comment tenter de ressaisir l\u2019itin\u00e9raire du Colloque&nbsp;? En commen\u00e7ant par une relecture de la probl\u00e9matique initiale puis en r\u00e9fl\u00e9chissant sur la mani\u00e8re dont a \u00e9t\u00e9 pens\u00e9 le traitement de cette probl\u00e9matique, successivement dans le num\u00e9ro pr\u00e9paratoire des Recherches de Science Religieuse, au travers des quatre articles sollicit\u00e9s, et dans l\u2019architecture du colloque luim\u00eame. Enfin, en reprenant certaines questions doctrinales et th\u00e9ologiques qui ont b\u00e9n\u00e9fici\u00e9 d\u2019une exploration renouvel\u00e9e, et appellent encore des approfondissements au-del\u00e0 de notre session afin que la finalit\u00e9 de l\u2019\u00c9glise continue de concerner l\u2019ensemble de l\u2019humanit\u00e9.","og_url":"https:\/\/dev.centtreize.com\/rsr\/article\/reprise-conclusive-pourquoi-leglise-la-dimension-ecclesiale-de-la-foi-dans-lhorizon-du-salut\/","og_site_name":"Recherches de Science Religieuse","article_published_time":"2014-05-21T16:44:02+00:00","article_modified_time":"2025-06-13T06:21:33+00:00","author":"H\u00e9l\u00e8ne","twitter_card":"summary_large_image","twitter_misc":{"\u00c9crit par":"H\u00e9l\u00e8ne","Dur\u00e9e de lecture estim\u00e9e":"1 minute"},"schema":{"@context":"https:\/\/schema.org","@graph":[{"@type":"Article","@id":"https:\/\/dev.centtreize.com\/rsr\/article\/reprise-conclusive-pourquoi-leglise-la-dimension-ecclesiale-de-la-foi-dans-lhorizon-du-salut\/#article","isPartOf":{"@id":"https:\/\/dev.centtreize.com\/rsr\/article\/reprise-conclusive-pourquoi-leglise-la-dimension-ecclesiale-de-la-foi-dans-lhorizon-du-salut\/"},"author":{"name":"H\u00e9l\u00e8ne","@id":"https:\/\/dev.centtreize.com\/rsr\/#\/schema\/person\/eb039ce63dcbc3fec0a6b81e43e29ad3"},"headline":"Reprise conclusive :\u00ab Pourquoi l\u2019\u00c9glise ? La dimension eccl\u00e9siale de la foi dans l\u2019horizon du salut \u00bb","datePublished":"2014-05-21T16:44:02+00:00","dateModified":"2025-06-13T06:21:33+00:00","mainEntityOfPage":{"@id":"https:\/\/dev.centtreize.com\/rsr\/article\/reprise-conclusive-pourquoi-leglise-la-dimension-ecclesiale-de-la-foi-dans-lhorizon-du-salut\/"},"wordCount":126,"publisher":{"@id":"https:\/\/dev.centtreize.com\/rsr\/#organization"},"articleSection":["article"],"inLanguage":"fr-FR"},{"@type":"WebPage","@id":"https:\/\/dev.centtreize.com\/rsr\/article\/reprise-conclusive-pourquoi-leglise-la-dimension-ecclesiale-de-la-foi-dans-lhorizon-du-salut\/","url":"https:\/\/dev.centtreize.com\/rsr\/article\/reprise-conclusive-pourquoi-leglise-la-dimension-ecclesiale-de-la-foi-dans-lhorizon-du-salut\/","name":"Reprise conclusive :\u00ab Pourquoi l\u2019\u00c9glise ? La dimension eccl\u00e9siale de la foi dans l\u2019horizon du salut \u00bb - Recherches de Science Religieuse","isPartOf":{"@id":"https:\/\/dev.centtreize.com\/rsr\/#website"},"datePublished":"2014-05-21T16:44:02+00:00","dateModified":"2025-06-13T06:21:33+00:00","breadcrumb":{"@id":"https:\/\/dev.centtreize.com\/rsr\/article\/reprise-conclusive-pourquoi-leglise-la-dimension-ecclesiale-de-la-foi-dans-lhorizon-du-salut\/#breadcrumb"},"inLanguage":"fr-FR","potentialAction":[{"@type":"ReadAction","target":["https:\/\/dev.centtreize.com\/rsr\/article\/reprise-conclusive-pourquoi-leglise-la-dimension-ecclesiale-de-la-foi-dans-lhorizon-du-salut\/"]}]},{"@type":"BreadcrumbList","@id":"https:\/\/dev.centtreize.com\/rsr\/article\/reprise-conclusive-pourquoi-leglise-la-dimension-ecclesiale-de-la-foi-dans-lhorizon-du-salut\/#breadcrumb","itemListElement":[{"@type":"ListItem","position":1,"name":"Accueil","item":"https:\/\/dev.centtreize.com\/rsr\/"},{"@type":"ListItem","position":2,"name":"Reprise conclusive :\u00ab Pourquoi l\u2019\u00c9glise ? La dimension eccl\u00e9siale de la foi dans l\u2019horizon du salut \u00bb"}]},{"@type":"WebSite","@id":"https:\/\/dev.centtreize.com\/rsr\/#website","url":"https:\/\/dev.centtreize.com\/rsr\/","name":"Recherches de Science Religieuse","description":"Recherches de Science Religieuse","publisher":{"@id":"https:\/\/dev.centtreize.com\/rsr\/#organization"},"potentialAction":[{"@type":"SearchAction","target":{"@type":"EntryPoint","urlTemplate":"https:\/\/dev.centtreize.com\/rsr\/?s={search_term_string}"},"query-input":{"@type":"PropertyValueSpecification","valueRequired":true,"valueName":"search_term_string"}}],"inLanguage":"fr-FR"},{"@type":"Organization","@id":"https:\/\/dev.centtreize.com\/rsr\/#organization","name":"Recherches de Science Religieuse","url":"https:\/\/dev.centtreize.com\/rsr\/","logo":{"@type":"ImageObject","inLanguage":"fr-FR","@id":"https:\/\/dev.centtreize.com\/rsr\/#\/schema\/logo\/image\/","url":"https:\/\/dev.centtreize.com\/rsr\/wp-content\/uploads\/2024\/10\/logo_rsr.png","contentUrl":"https:\/\/dev.centtreize.com\/rsr\/wp-content\/uploads\/2024\/10\/logo_rsr.png","width":300,"height":225,"caption":"Recherches de Science Religieuse"},"image":{"@id":"https:\/\/dev.centtreize.com\/rsr\/#\/schema\/logo\/image\/"}},{"@type":"Person","@id":"https:\/\/dev.centtreize.com\/rsr\/#\/schema\/person\/eb039ce63dcbc3fec0a6b81e43e29ad3","name":"H\u00e9l\u00e8ne","url":"https:\/\/dev.centtreize.com\/rsr\/author\/rsr\/"}]}},"_links":{"self":[{"href":"https:\/\/dev.centtreize.com\/rsr\/wp-json\/wp\/v2\/posts\/2752","targetHints":{"allow":["GET"]}}],"collection":[{"href":"https:\/\/dev.centtreize.com\/rsr\/wp-json\/wp\/v2\/posts"}],"about":[{"href":"https:\/\/dev.centtreize.com\/rsr\/wp-json\/wp\/v2\/types\/post"}],"author":[{"embeddable":true,"href":"https:\/\/dev.centtreize.com\/rsr\/wp-json\/wp\/v2\/users\/2"}],"replies":[{"embeddable":true,"href":"https:\/\/dev.centtreize.com\/rsr\/wp-json\/wp\/v2\/comments?post=2752"}],"version-history":[{"count":7,"href":"https:\/\/dev.centtreize.com\/rsr\/wp-json\/wp\/v2\/posts\/2752\/revisions"}],"predecessor-version":[{"id":17464,"href":"https:\/\/dev.centtreize.com\/rsr\/wp-json\/wp\/v2\/posts\/2752\/revisions\/17464"}],"wp:attachment":[{"href":"https:\/\/dev.centtreize.com\/rsr\/wp-json\/wp\/v2\/media?parent=2752"}],"wp:term":[{"taxonomy":"category","embeddable":true,"href":"https:\/\/dev.centtreize.com\/rsr\/wp-json\/wp\/v2\/categories?post=2752"},{"taxonomy":"post_tag","embeddable":true,"href":"https:\/\/dev.centtreize.com\/rsr\/wp-json\/wp\/v2\/tags?post=2752"},{"taxonomy":"keywords","embeddable":true,"href":"https:\/\/dev.centtreize.com\/rsr\/wp-json\/wp\/v2\/keywords?post=2752"}],"curies":[{"name":"wp","href":"https:\/\/api.w.org\/{rel}","templated":true}]}}