{"id":2731,"date":"2014-05-21T17:16:59","date_gmt":"2014-05-21T16:16:59","guid":{"rendered":"http:\/\/www.revue-rsr.com\/?p=2731"},"modified":"2025-06-13T07:20:41","modified_gmt":"2025-06-13T06:20:41","slug":"la-dimension-ecclesiale-de-la-foi-aujourdhui","status":"publish","type":"post","link":"https:\/\/dev.centtreize.com\/rsr\/article\/la-dimension-ecclesiale-de-la-foi-aujourdhui\/","title":{"rendered":"La dimension eccl\u00e9siale de la foi aujourd\u2019hui"},"content":{"rendered":"<p>La dimension&nbsp;\u00ab&nbsp;eccl\u00e9siale&nbsp;\u00bb de la foi catholique ne parvient pas \u00e0 s\u2019inscrire dans l\u2019\u00e9tat pr\u00e9sent de la culture postmoderne sous une forme communautaire cr\u00e9dible. Si nous vivons le temps d\u2019une&nbsp;\u00ab&nbsp;exculturation du catholicisme&nbsp;\u00bb cela peut se dire&nbsp;\u00ab&nbsp;Nous n\u2019avons pas l\u2019\u00c9glise qu\u2019il nous faut&nbsp;\u00bb. On pourra aussi dire&nbsp;\u00ab&nbsp;L\u2019\u00c9glise doit changer pour faire face au tournant civilisationnel dans lequel elle se trouve prise avec l\u2019ensemble de l\u2019humanit\u00e9&nbsp;\u00bb. N\u2019est-ce pas faute de trouver son point d\u2019application dans la vie sociale de nos contemporains, que notre catholicisme se trouve en quelque sorte&nbsp;\u00ab&nbsp;flottant&nbsp;\u00bb&nbsp;?<\/p>\n","protected":false},"excerpt":{"rendered":"<p>La dimension&nbsp;\u00ab&nbsp;eccl\u00e9siale&nbsp;\u00bb de la foi catholique ne parvient pas \u00e0 s\u2019inscrire dans l\u2019\u00e9tat pr\u00e9sent de la culture postmoderne sous une forme communautaire cr\u00e9dible. Si nous vivons le temps d\u2019une&nbsp;\u00ab&nbsp;exculturation du catholicisme&nbsp;\u00bb cela peut se dire&nbsp;\u00ab&nbsp;Nous n\u2019avons pas l\u2019\u00c9glise qu\u2019il nous faut&nbsp;\u00bb. On pourra aussi dire&nbsp;\u00ab&nbsp;L\u2019\u00c9glise doit changer pour faire face au tournant civilisationnel dans lequel elle se trouve prise avec l\u2019ensemble de l\u2019humanit\u00e9&nbsp;\u00bb. N\u2019est-ce pas faute de trouver son point d\u2019application dans la vie sociale de nos contemporains, que notre catholicisme se trouve en quelque sorte&nbsp;\u00ab&nbsp;flottant&nbsp;\u00bb&nbsp;?<\/p>\n","protected":false},"author":2,"featured_media":0,"comment_status":"closed","ping_status":"closed","sticky":false,"template":"","format":"standard","meta":{"_acf_changed":false,"footnotes":""},"categories":[6],"tags":[139,137,140,22,138],"keywords":[1137,1134,1170,1135],"class_list":["post-2731","post","type-post","status-publish","format-standard","hentry","category-article","tag-catholicisme","tag-culture","tag-ecclesiologie","tag-eglise","tag-exculturation","keywords-eglise","keywords-foi","keywords-salut","keywords-societe-contemporaine"],"acf":[],"yoast_head":"<!-- This site is optimized with the Yoast SEO plugin v27.2 - https:\/\/yoast.com\/product\/yoast-seo-wordpress\/ -->\n<title>La dimension eccl\u00e9siale de la foi aujourd\u2019hui - Recherches de Science Religieuse<\/title>\n<meta name=\"robots\" content=\"index, follow, max-snippet:-1, max-image-preview:large, max-video-preview:-1\" \/>\n<link rel=\"canonical\" href=\"https:\/\/dev.centtreize.com\/rsr\/article\/la-dimension-ecclesiale-de-la-foi-aujourdhui\/\" \/>\n<meta property=\"og:locale\" content=\"fr_FR\" \/>\n<meta property=\"og:type\" content=\"article\" \/>\n<meta property=\"og:title\" content=\"La dimension eccl\u00e9siale de la foi aujourd\u2019hui - Recherches de Science Religieuse\" \/>\n<meta property=\"og:description\" content=\"La dimension&nbsp;\u00ab&nbsp;eccl\u00e9siale&nbsp;\u00bb de la foi catholique ne parvient pas \u00e0 s\u2019inscrire dans l\u2019\u00e9tat pr\u00e9sent de la culture postmoderne sous une forme communautaire cr\u00e9dible. Si nous vivons le temps d\u2019une&nbsp;\u00ab&nbsp;exculturation du catholicisme&nbsp;\u00bb cela peut se dire&nbsp;\u00ab&nbsp;Nous n\u2019avons pas l\u2019\u00c9glise qu\u2019il nous faut&nbsp;\u00bb. On pourra aussi dire&nbsp;\u00ab&nbsp;L\u2019\u00c9glise doit changer pour faire face au tournant civilisationnel dans lequel elle se trouve prise avec l\u2019ensemble de l\u2019humanit\u00e9&nbsp;\u00bb. N\u2019est-ce pas faute de trouver son point d\u2019application dans la vie sociale de nos contemporains, que notre catholicisme se trouve en quelque sorte&nbsp;\u00ab&nbsp;flottant&nbsp;\u00bb&nbsp;?\" \/>\n<meta property=\"og:url\" content=\"https:\/\/dev.centtreize.com\/rsr\/article\/la-dimension-ecclesiale-de-la-foi-aujourdhui\/\" \/>\n<meta property=\"og:site_name\" content=\"Recherches de Science Religieuse\" \/>\n<meta property=\"article:published_time\" content=\"2014-05-21T16:16:59+00:00\" \/>\n<meta property=\"article:modified_time\" content=\"2025-06-13T06:20:41+00:00\" \/>\n<meta name=\"author\" content=\"H\u00e9l\u00e8ne\" \/>\n<meta name=\"twitter:card\" content=\"summary_large_image\" \/>\n<meta name=\"twitter:label1\" content=\"\u00c9crit par\" \/>\n\t<meta name=\"twitter:data1\" content=\"H\u00e9l\u00e8ne\" \/>\n\t<meta name=\"twitter:label2\" content=\"Dur\u00e9e de lecture estim\u00e9e\" \/>\n\t<meta name=\"twitter:data2\" content=\"1 minute\" \/>\n<script type=\"application\/ld+json\" class=\"yoast-schema-graph\">{\"@context\":\"https:\/\/schema.org\",\"@graph\":[{\"@type\":\"Article\",\"@id\":\"https:\/\/dev.centtreize.com\/rsr\/article\/la-dimension-ecclesiale-de-la-foi-aujourdhui\/#article\",\"isPartOf\":{\"@id\":\"https:\/\/dev.centtreize.com\/rsr\/article\/la-dimension-ecclesiale-de-la-foi-aujourdhui\/\"},\"author\":{\"name\":\"H\u00e9l\u00e8ne\",\"@id\":\"https:\/\/dev.centtreize.com\/rsr\/#\/schema\/person\/eb039ce63dcbc3fec0a6b81e43e29ad3\"},\"headline\":\"La dimension eccl\u00e9siale de la foi aujourd\u2019hui\",\"datePublished\":\"2014-05-21T16:16:59+00:00\",\"dateModified\":\"2025-06-13T06:20:41+00:00\",\"mainEntityOfPage\":{\"@id\":\"https:\/\/dev.centtreize.com\/rsr\/article\/la-dimension-ecclesiale-de-la-foi-aujourdhui\/\"},\"wordCount\":113,\"publisher\":{\"@id\":\"https:\/\/dev.centtreize.com\/rsr\/#organization\"},\"keywords\":[\"catholicisme\",\"culture\",\"eccl\u00e9siologie\",\"Eglise\",\"exculturation\"],\"articleSection\":[\"article\"],\"inLanguage\":\"fr-FR\"},{\"@type\":\"WebPage\",\"@id\":\"https:\/\/dev.centtreize.com\/rsr\/article\/la-dimension-ecclesiale-de-la-foi-aujourdhui\/\",\"url\":\"https:\/\/dev.centtreize.com\/rsr\/article\/la-dimension-ecclesiale-de-la-foi-aujourdhui\/\",\"name\":\"La dimension eccl\u00e9siale de la foi aujourd\u2019hui - Recherches de Science Religieuse\",\"isPartOf\":{\"@id\":\"https:\/\/dev.centtreize.com\/rsr\/#website\"},\"datePublished\":\"2014-05-21T16:16:59+00:00\",\"dateModified\":\"2025-06-13T06:20:41+00:00\",\"breadcrumb\":{\"@id\":\"https:\/\/dev.centtreize.com\/rsr\/article\/la-dimension-ecclesiale-de-la-foi-aujourdhui\/#breadcrumb\"},\"inLanguage\":\"fr-FR\",\"potentialAction\":[{\"@type\":\"ReadAction\",\"target\":[\"https:\/\/dev.centtreize.com\/rsr\/article\/la-dimension-ecclesiale-de-la-foi-aujourdhui\/\"]}]},{\"@type\":\"BreadcrumbList\",\"@id\":\"https:\/\/dev.centtreize.com\/rsr\/article\/la-dimension-ecclesiale-de-la-foi-aujourdhui\/#breadcrumb\",\"itemListElement\":[{\"@type\":\"ListItem\",\"position\":1,\"name\":\"Accueil\",\"item\":\"https:\/\/dev.centtreize.com\/rsr\/\"},{\"@type\":\"ListItem\",\"position\":2,\"name\":\"La dimension eccl\u00e9siale de la foi aujourd\u2019hui\"}]},{\"@type\":\"WebSite\",\"@id\":\"https:\/\/dev.centtreize.com\/rsr\/#website\",\"url\":\"https:\/\/dev.centtreize.com\/rsr\/\",\"name\":\"Recherches de Science Religieuse\",\"description\":\"Recherches de Science Religieuse\",\"publisher\":{\"@id\":\"https:\/\/dev.centtreize.com\/rsr\/#organization\"},\"potentialAction\":[{\"@type\":\"SearchAction\",\"target\":{\"@type\":\"EntryPoint\",\"urlTemplate\":\"https:\/\/dev.centtreize.com\/rsr\/?s={search_term_string}\"},\"query-input\":{\"@type\":\"PropertyValueSpecification\",\"valueRequired\":true,\"valueName\":\"search_term_string\"}}],\"inLanguage\":\"fr-FR\"},{\"@type\":\"Organization\",\"@id\":\"https:\/\/dev.centtreize.com\/rsr\/#organization\",\"name\":\"Recherches de Science Religieuse\",\"url\":\"https:\/\/dev.centtreize.com\/rsr\/\",\"logo\":{\"@type\":\"ImageObject\",\"inLanguage\":\"fr-FR\",\"@id\":\"https:\/\/dev.centtreize.com\/rsr\/#\/schema\/logo\/image\/\",\"url\":\"https:\/\/dev.centtreize.com\/rsr\/wp-content\/uploads\/2024\/10\/logo_rsr.png\",\"contentUrl\":\"https:\/\/dev.centtreize.com\/rsr\/wp-content\/uploads\/2024\/10\/logo_rsr.png\",\"width\":300,\"height\":225,\"caption\":\"Recherches de Science Religieuse\"},\"image\":{\"@id\":\"https:\/\/dev.centtreize.com\/rsr\/#\/schema\/logo\/image\/\"}},{\"@type\":\"Person\",\"@id\":\"https:\/\/dev.centtreize.com\/rsr\/#\/schema\/person\/eb039ce63dcbc3fec0a6b81e43e29ad3\",\"name\":\"H\u00e9l\u00e8ne\",\"url\":\"https:\/\/dev.centtreize.com\/rsr\/author\/rsr\/\"}]}<\/script>\n<!-- \/ Yoast SEO plugin. -->","yoast_head_json":{"title":"La dimension eccl\u00e9siale de la foi aujourd\u2019hui - Recherches de Science Religieuse","robots":{"index":"index","follow":"follow","max-snippet":"max-snippet:-1","max-image-preview":"max-image-preview:large","max-video-preview":"max-video-preview:-1"},"canonical":"https:\/\/dev.centtreize.com\/rsr\/article\/la-dimension-ecclesiale-de-la-foi-aujourdhui\/","og_locale":"fr_FR","og_type":"article","og_title":"La dimension eccl\u00e9siale de la foi aujourd\u2019hui - Recherches de Science Religieuse","og_description":"La dimension&nbsp;\u00ab&nbsp;eccl\u00e9siale&nbsp;\u00bb de la foi catholique ne parvient pas \u00e0 s\u2019inscrire dans l\u2019\u00e9tat pr\u00e9sent de la culture postmoderne sous une forme communautaire cr\u00e9dible. Si nous vivons le temps d\u2019une&nbsp;\u00ab&nbsp;exculturation du catholicisme&nbsp;\u00bb cela peut se dire&nbsp;\u00ab&nbsp;Nous n\u2019avons pas l\u2019\u00c9glise qu\u2019il nous faut&nbsp;\u00bb. On pourra aussi dire&nbsp;\u00ab&nbsp;L\u2019\u00c9glise doit changer pour faire face au tournant civilisationnel dans lequel elle se trouve prise avec l\u2019ensemble de l\u2019humanit\u00e9&nbsp;\u00bb. N\u2019est-ce pas faute de trouver son point d\u2019application dans la vie sociale de nos contemporains, que notre catholicisme se trouve en quelque sorte&nbsp;\u00ab&nbsp;flottant&nbsp;\u00bb&nbsp;?","og_url":"https:\/\/dev.centtreize.com\/rsr\/article\/la-dimension-ecclesiale-de-la-foi-aujourdhui\/","og_site_name":"Recherches de Science Religieuse","article_published_time":"2014-05-21T16:16:59+00:00","article_modified_time":"2025-06-13T06:20:41+00:00","author":"H\u00e9l\u00e8ne","twitter_card":"summary_large_image","twitter_misc":{"\u00c9crit par":"H\u00e9l\u00e8ne","Dur\u00e9e de lecture estim\u00e9e":"1 minute"},"schema":{"@context":"https:\/\/schema.org","@graph":[{"@type":"Article","@id":"https:\/\/dev.centtreize.com\/rsr\/article\/la-dimension-ecclesiale-de-la-foi-aujourdhui\/#article","isPartOf":{"@id":"https:\/\/dev.centtreize.com\/rsr\/article\/la-dimension-ecclesiale-de-la-foi-aujourdhui\/"},"author":{"name":"H\u00e9l\u00e8ne","@id":"https:\/\/dev.centtreize.com\/rsr\/#\/schema\/person\/eb039ce63dcbc3fec0a6b81e43e29ad3"},"headline":"La dimension eccl\u00e9siale de la foi aujourd\u2019hui","datePublished":"2014-05-21T16:16:59+00:00","dateModified":"2025-06-13T06:20:41+00:00","mainEntityOfPage":{"@id":"https:\/\/dev.centtreize.com\/rsr\/article\/la-dimension-ecclesiale-de-la-foi-aujourdhui\/"},"wordCount":113,"publisher":{"@id":"https:\/\/dev.centtreize.com\/rsr\/#organization"},"keywords":["catholicisme","culture","eccl\u00e9siologie","Eglise","exculturation"],"articleSection":["article"],"inLanguage":"fr-FR"},{"@type":"WebPage","@id":"https:\/\/dev.centtreize.com\/rsr\/article\/la-dimension-ecclesiale-de-la-foi-aujourdhui\/","url":"https:\/\/dev.centtreize.com\/rsr\/article\/la-dimension-ecclesiale-de-la-foi-aujourdhui\/","name":"La dimension eccl\u00e9siale de la foi aujourd\u2019hui - Recherches de Science Religieuse","isPartOf":{"@id":"https:\/\/dev.centtreize.com\/rsr\/#website"},"datePublished":"2014-05-21T16:16:59+00:00","dateModified":"2025-06-13T06:20:41+00:00","breadcrumb":{"@id":"https:\/\/dev.centtreize.com\/rsr\/article\/la-dimension-ecclesiale-de-la-foi-aujourdhui\/#breadcrumb"},"inLanguage":"fr-FR","potentialAction":[{"@type":"ReadAction","target":["https:\/\/dev.centtreize.com\/rsr\/article\/la-dimension-ecclesiale-de-la-foi-aujourdhui\/"]}]},{"@type":"BreadcrumbList","@id":"https:\/\/dev.centtreize.com\/rsr\/article\/la-dimension-ecclesiale-de-la-foi-aujourdhui\/#breadcrumb","itemListElement":[{"@type":"ListItem","position":1,"name":"Accueil","item":"https:\/\/dev.centtreize.com\/rsr\/"},{"@type":"ListItem","position":2,"name":"La dimension eccl\u00e9siale de la foi aujourd\u2019hui"}]},{"@type":"WebSite","@id":"https:\/\/dev.centtreize.com\/rsr\/#website","url":"https:\/\/dev.centtreize.com\/rsr\/","name":"Recherches de Science Religieuse","description":"Recherches de Science Religieuse","publisher":{"@id":"https:\/\/dev.centtreize.com\/rsr\/#organization"},"potentialAction":[{"@type":"SearchAction","target":{"@type":"EntryPoint","urlTemplate":"https:\/\/dev.centtreize.com\/rsr\/?s={search_term_string}"},"query-input":{"@type":"PropertyValueSpecification","valueRequired":true,"valueName":"search_term_string"}}],"inLanguage":"fr-FR"},{"@type":"Organization","@id":"https:\/\/dev.centtreize.com\/rsr\/#organization","name":"Recherches de Science Religieuse","url":"https:\/\/dev.centtreize.com\/rsr\/","logo":{"@type":"ImageObject","inLanguage":"fr-FR","@id":"https:\/\/dev.centtreize.com\/rsr\/#\/schema\/logo\/image\/","url":"https:\/\/dev.centtreize.com\/rsr\/wp-content\/uploads\/2024\/10\/logo_rsr.png","contentUrl":"https:\/\/dev.centtreize.com\/rsr\/wp-content\/uploads\/2024\/10\/logo_rsr.png","width":300,"height":225,"caption":"Recherches de Science Religieuse"},"image":{"@id":"https:\/\/dev.centtreize.com\/rsr\/#\/schema\/logo\/image\/"}},{"@type":"Person","@id":"https:\/\/dev.centtreize.com\/rsr\/#\/schema\/person\/eb039ce63dcbc3fec0a6b81e43e29ad3","name":"H\u00e9l\u00e8ne","url":"https:\/\/dev.centtreize.com\/rsr\/author\/rsr\/"}]}},"_links":{"self":[{"href":"https:\/\/dev.centtreize.com\/rsr\/wp-json\/wp\/v2\/posts\/2731","targetHints":{"allow":["GET"]}}],"collection":[{"href":"https:\/\/dev.centtreize.com\/rsr\/wp-json\/wp\/v2\/posts"}],"about":[{"href":"https:\/\/dev.centtreize.com\/rsr\/wp-json\/wp\/v2\/types\/post"}],"author":[{"embeddable":true,"href":"https:\/\/dev.centtreize.com\/rsr\/wp-json\/wp\/v2\/users\/2"}],"replies":[{"embeddable":true,"href":"https:\/\/dev.centtreize.com\/rsr\/wp-json\/wp\/v2\/comments?post=2731"}],"version-history":[{"count":8,"href":"https:\/\/dev.centtreize.com\/rsr\/wp-json\/wp\/v2\/posts\/2731\/revisions"}],"predecessor-version":[{"id":17457,"href":"https:\/\/dev.centtreize.com\/rsr\/wp-json\/wp\/v2\/posts\/2731\/revisions\/17457"}],"wp:attachment":[{"href":"https:\/\/dev.centtreize.com\/rsr\/wp-json\/wp\/v2\/media?parent=2731"}],"wp:term":[{"taxonomy":"category","embeddable":true,"href":"https:\/\/dev.centtreize.com\/rsr\/wp-json\/wp\/v2\/categories?post=2731"},{"taxonomy":"post_tag","embeddable":true,"href":"https:\/\/dev.centtreize.com\/rsr\/wp-json\/wp\/v2\/tags?post=2731"},{"taxonomy":"keywords","embeddable":true,"href":"https:\/\/dev.centtreize.com\/rsr\/wp-json\/wp\/v2\/keywords?post=2731"}],"curies":[{"name":"wp","href":"https:\/\/api.w.org\/{rel}","templated":true}]}}