{"id":2639,"date":"2014-03-19T17:00:26","date_gmt":"2014-03-19T16:00:26","guid":{"rendered":"http:\/\/www.revue-rsr.com\/?p=2639"},"modified":"2024-10-02T03:40:46","modified_gmt":"2024-10-02T02:40:46","slug":"repenser-levenement-sous-un-angle-theologique","status":"publish","type":"post","link":"https:\/\/dev.centtreize.com\/rsr\/article\/repenser-levenement-sous-un-angle-theologique\/","title":{"rendered":"Repenser l\u2019\u00e9v\u00e9nement \u2013 sous un angle th\u00e9ologique"},"content":{"rendered":"<p>Con\u00e7u comme un essai, le pr\u00e9sent article se donne pour t\u00e2che de relire les d\u00e9bats qui ont anim\u00e9 la r\u00e9flexion sur la cat\u00e9gorie d\u2019\u00e9v\u00e9nement dans l\u2019histoire r\u00e9cente de la th\u00e9ologie, notamment protestante. Il tente d\u2019en d\u00e9gager des perspectives pour une reprise actuelle de la cat\u00e9gorie. \u00c0 partir des travaux herm\u00e9neutiques d\u2019Ebeling et de Ric\u0153ur, il s\u2019inspire de la notion d\u2019\u00e9v\u00e9nement de parole pour lib\u00e9rer l\u2019\u00e9v\u00e9nement d\u2019une pure et simple ponctualit\u00e9, qu\u2019on lui a toujours reproch\u00e9e, et y d\u00e9couvrir une dimension de proc\u00e8s, susceptible d\u2019\u00eatre explicit\u00e9e par la pragmatique de la communication.<\/p>\n","protected":false},"excerpt":{"rendered":"<p>Con\u00e7u comme un essai, le pr\u00e9sent article se donne pour t\u00e2che de relire les d\u00e9bats qui ont anim\u00e9 la r\u00e9flexion sur la cat\u00e9gorie d\u2019\u00e9v\u00e9nement dans l\u2019histoire r\u00e9cente de la th\u00e9ologie, notamment protestante. Il tente d\u2019en d\u00e9gager des perspectives pour une reprise actuelle de la cat\u00e9gorie. \u00c0 partir des travaux herm\u00e9neutiques d\u2019Ebeling et de Ric\u0153ur, il s\u2019inspire de la notion d\u2019\u00e9v\u00e9nement de parole pour lib\u00e9rer l\u2019\u00e9v\u00e9nement d\u2019une pure et simple ponctualit\u00e9, qu\u2019on lui a toujours reproch\u00e9e, et y d\u00e9couvrir une dimension de proc\u00e8s, susceptible d\u2019\u00eatre explicit\u00e9e par la pragmatique de la communication.<\/p>\n","protected":false},"author":2,"featured_media":0,"comment_status":"closed","ping_status":"closed","sticky":false,"template":"","format":"standard","meta":{"_acf_changed":false,"footnotes":""},"categories":[6],"tags":[129,106,128,116,130,46],"keywords":[],"class_list":["post-2639","post","type-post","status-publish","format-standard","hentry","category-article","tag-ebeling","tag-evenement","tag-histoire-de-la-theologie","tag-proces","tag-ricoeur","tag-theologie"],"acf":[],"yoast_head":"<!-- This site is optimized with the Yoast SEO plugin v27.2 - https:\/\/yoast.com\/product\/yoast-seo-wordpress\/ -->\n<title>Repenser l\u2019\u00e9v\u00e9nement \u2013 sous un angle th\u00e9ologique - Recherches de Science Religieuse<\/title>\n<meta name=\"robots\" content=\"index, follow, max-snippet:-1, max-image-preview:large, max-video-preview:-1\" \/>\n<link rel=\"canonical\" href=\"https:\/\/dev.centtreize.com\/rsr\/article\/repenser-levenement-sous-un-angle-theologique\/\" \/>\n<meta property=\"og:locale\" content=\"fr_FR\" \/>\n<meta property=\"og:type\" content=\"article\" \/>\n<meta property=\"og:title\" content=\"Repenser l\u2019\u00e9v\u00e9nement \u2013 sous un angle th\u00e9ologique - Recherches de Science Religieuse\" \/>\n<meta property=\"og:description\" content=\"Con\u00e7u comme un essai, le pr\u00e9sent article se donne pour t\u00e2che de relire les d\u00e9bats qui ont anim\u00e9 la r\u00e9flexion sur la cat\u00e9gorie d\u2019\u00e9v\u00e9nement dans l\u2019histoire r\u00e9cente de la th\u00e9ologie, notamment protestante. Il tente d\u2019en d\u00e9gager des perspectives pour une reprise actuelle de la cat\u00e9gorie. \u00c0 partir des travaux herm\u00e9neutiques d\u2019Ebeling et de Ric\u0153ur, il s\u2019inspire de la notion d\u2019\u00e9v\u00e9nement de parole pour lib\u00e9rer l\u2019\u00e9v\u00e9nement d\u2019une pure et simple ponctualit\u00e9, qu\u2019on lui a toujours reproch\u00e9e, et y d\u00e9couvrir une dimension de proc\u00e8s, susceptible d\u2019\u00eatre explicit\u00e9e par la pragmatique de la communication.\" \/>\n<meta property=\"og:url\" content=\"https:\/\/dev.centtreize.com\/rsr\/article\/repenser-levenement-sous-un-angle-theologique\/\" \/>\n<meta property=\"og:site_name\" content=\"Recherches de Science Religieuse\" \/>\n<meta property=\"article:published_time\" content=\"2014-03-19T16:00:26+00:00\" \/>\n<meta property=\"article:modified_time\" content=\"2024-10-02T02:40:46+00:00\" \/>\n<meta name=\"author\" content=\"H\u00e9l\u00e8ne\" \/>\n<meta name=\"twitter:card\" content=\"summary_large_image\" \/>\n<meta name=\"twitter:label1\" content=\"\u00c9crit par\" \/>\n\t<meta name=\"twitter:data1\" content=\"H\u00e9l\u00e8ne\" \/>\n\t<meta name=\"twitter:label2\" content=\"Dur\u00e9e de lecture estim\u00e9e\" \/>\n\t<meta name=\"twitter:data2\" content=\"1 minute\" \/>\n<script type=\"application\/ld+json\" class=\"yoast-schema-graph\">{\"@context\":\"https:\/\/schema.org\",\"@graph\":[{\"@type\":\"Article\",\"@id\":\"https:\/\/dev.centtreize.com\/rsr\/article\/repenser-levenement-sous-un-angle-theologique\/#article\",\"isPartOf\":{\"@id\":\"https:\/\/dev.centtreize.com\/rsr\/article\/repenser-levenement-sous-un-angle-theologique\/\"},\"author\":{\"name\":\"H\u00e9l\u00e8ne\",\"@id\":\"https:\/\/dev.centtreize.com\/rsr\/#\/schema\/person\/eb039ce63dcbc3fec0a6b81e43e29ad3\"},\"headline\":\"Repenser l\u2019\u00e9v\u00e9nement \u2013 sous un angle th\u00e9ologique\",\"datePublished\":\"2014-03-19T16:00:26+00:00\",\"dateModified\":\"2024-10-02T02:40:46+00:00\",\"mainEntityOfPage\":{\"@id\":\"https:\/\/dev.centtreize.com\/rsr\/article\/repenser-levenement-sous-un-angle-theologique\/\"},\"wordCount\":129,\"publisher\":{\"@id\":\"https:\/\/dev.centtreize.com\/rsr\/#organization\"},\"keywords\":[\"Ebeling\",\"\u00e9v\u00e9nement\",\"histoire de la th\u00e9ologie\",\"proc\u00e8s\",\"Ricoeur\",\"th\u00e9ologie\"],\"articleSection\":[\"article\"],\"inLanguage\":\"fr-FR\"},{\"@type\":\"WebPage\",\"@id\":\"https:\/\/dev.centtreize.com\/rsr\/article\/repenser-levenement-sous-un-angle-theologique\/\",\"url\":\"https:\/\/dev.centtreize.com\/rsr\/article\/repenser-levenement-sous-un-angle-theologique\/\",\"name\":\"Repenser l\u2019\u00e9v\u00e9nement \u2013 sous un angle th\u00e9ologique - Recherches de Science Religieuse\",\"isPartOf\":{\"@id\":\"https:\/\/dev.centtreize.com\/rsr\/#website\"},\"datePublished\":\"2014-03-19T16:00:26+00:00\",\"dateModified\":\"2024-10-02T02:40:46+00:00\",\"breadcrumb\":{\"@id\":\"https:\/\/dev.centtreize.com\/rsr\/article\/repenser-levenement-sous-un-angle-theologique\/#breadcrumb\"},\"inLanguage\":\"fr-FR\",\"potentialAction\":[{\"@type\":\"ReadAction\",\"target\":[\"https:\/\/dev.centtreize.com\/rsr\/article\/repenser-levenement-sous-un-angle-theologique\/\"]}]},{\"@type\":\"BreadcrumbList\",\"@id\":\"https:\/\/dev.centtreize.com\/rsr\/article\/repenser-levenement-sous-un-angle-theologique\/#breadcrumb\",\"itemListElement\":[{\"@type\":\"ListItem\",\"position\":1,\"name\":\"Accueil\",\"item\":\"https:\/\/dev.centtreize.com\/rsr\/\"},{\"@type\":\"ListItem\",\"position\":2,\"name\":\"Repenser l\u2019\u00e9v\u00e9nement \u2013 sous un angle th\u00e9ologique\"}]},{\"@type\":\"WebSite\",\"@id\":\"https:\/\/dev.centtreize.com\/rsr\/#website\",\"url\":\"https:\/\/dev.centtreize.com\/rsr\/\",\"name\":\"Recherches de Science Religieuse\",\"description\":\"Recherches de Science Religieuse\",\"publisher\":{\"@id\":\"https:\/\/dev.centtreize.com\/rsr\/#organization\"},\"potentialAction\":[{\"@type\":\"SearchAction\",\"target\":{\"@type\":\"EntryPoint\",\"urlTemplate\":\"https:\/\/dev.centtreize.com\/rsr\/?s={search_term_string}\"},\"query-input\":{\"@type\":\"PropertyValueSpecification\",\"valueRequired\":true,\"valueName\":\"search_term_string\"}}],\"inLanguage\":\"fr-FR\"},{\"@type\":\"Organization\",\"@id\":\"https:\/\/dev.centtreize.com\/rsr\/#organization\",\"name\":\"Recherches de Science Religieuse\",\"url\":\"https:\/\/dev.centtreize.com\/rsr\/\",\"logo\":{\"@type\":\"ImageObject\",\"inLanguage\":\"fr-FR\",\"@id\":\"https:\/\/dev.centtreize.com\/rsr\/#\/schema\/logo\/image\/\",\"url\":\"https:\/\/dev.centtreize.com\/rsr\/wp-content\/uploads\/2024\/10\/logo_rsr.png\",\"contentUrl\":\"https:\/\/dev.centtreize.com\/rsr\/wp-content\/uploads\/2024\/10\/logo_rsr.png\",\"width\":300,\"height\":225,\"caption\":\"Recherches de Science Religieuse\"},\"image\":{\"@id\":\"https:\/\/dev.centtreize.com\/rsr\/#\/schema\/logo\/image\/\"}},{\"@type\":\"Person\",\"@id\":\"https:\/\/dev.centtreize.com\/rsr\/#\/schema\/person\/eb039ce63dcbc3fec0a6b81e43e29ad3\",\"name\":\"H\u00e9l\u00e8ne\",\"url\":\"https:\/\/dev.centtreize.com\/rsr\/author\/rsr\/\"}]}<\/script>\n<!-- \/ Yoast SEO plugin. -->","yoast_head_json":{"title":"Repenser l\u2019\u00e9v\u00e9nement \u2013 sous un angle th\u00e9ologique - Recherches de Science Religieuse","robots":{"index":"index","follow":"follow","max-snippet":"max-snippet:-1","max-image-preview":"max-image-preview:large","max-video-preview":"max-video-preview:-1"},"canonical":"https:\/\/dev.centtreize.com\/rsr\/article\/repenser-levenement-sous-un-angle-theologique\/","og_locale":"fr_FR","og_type":"article","og_title":"Repenser l\u2019\u00e9v\u00e9nement \u2013 sous un angle th\u00e9ologique - Recherches de Science Religieuse","og_description":"Con\u00e7u comme un essai, le pr\u00e9sent article se donne pour t\u00e2che de relire les d\u00e9bats qui ont anim\u00e9 la r\u00e9flexion sur la cat\u00e9gorie d\u2019\u00e9v\u00e9nement dans l\u2019histoire r\u00e9cente de la th\u00e9ologie, notamment protestante. Il tente d\u2019en d\u00e9gager des perspectives pour une reprise actuelle de la cat\u00e9gorie. \u00c0 partir des travaux herm\u00e9neutiques d\u2019Ebeling et de Ric\u0153ur, il s\u2019inspire de la notion d\u2019\u00e9v\u00e9nement de parole pour lib\u00e9rer l\u2019\u00e9v\u00e9nement d\u2019une pure et simple ponctualit\u00e9, qu\u2019on lui a toujours reproch\u00e9e, et y d\u00e9couvrir une dimension de proc\u00e8s, susceptible d\u2019\u00eatre explicit\u00e9e par la pragmatique de la communication.","og_url":"https:\/\/dev.centtreize.com\/rsr\/article\/repenser-levenement-sous-un-angle-theologique\/","og_site_name":"Recherches de Science Religieuse","article_published_time":"2014-03-19T16:00:26+00:00","article_modified_time":"2024-10-02T02:40:46+00:00","author":"H\u00e9l\u00e8ne","twitter_card":"summary_large_image","twitter_misc":{"\u00c9crit par":"H\u00e9l\u00e8ne","Dur\u00e9e de lecture estim\u00e9e":"1 minute"},"schema":{"@context":"https:\/\/schema.org","@graph":[{"@type":"Article","@id":"https:\/\/dev.centtreize.com\/rsr\/article\/repenser-levenement-sous-un-angle-theologique\/#article","isPartOf":{"@id":"https:\/\/dev.centtreize.com\/rsr\/article\/repenser-levenement-sous-un-angle-theologique\/"},"author":{"name":"H\u00e9l\u00e8ne","@id":"https:\/\/dev.centtreize.com\/rsr\/#\/schema\/person\/eb039ce63dcbc3fec0a6b81e43e29ad3"},"headline":"Repenser l\u2019\u00e9v\u00e9nement \u2013 sous un angle th\u00e9ologique","datePublished":"2014-03-19T16:00:26+00:00","dateModified":"2024-10-02T02:40:46+00:00","mainEntityOfPage":{"@id":"https:\/\/dev.centtreize.com\/rsr\/article\/repenser-levenement-sous-un-angle-theologique\/"},"wordCount":129,"publisher":{"@id":"https:\/\/dev.centtreize.com\/rsr\/#organization"},"keywords":["Ebeling","\u00e9v\u00e9nement","histoire de la th\u00e9ologie","proc\u00e8s","Ricoeur","th\u00e9ologie"],"articleSection":["article"],"inLanguage":"fr-FR"},{"@type":"WebPage","@id":"https:\/\/dev.centtreize.com\/rsr\/article\/repenser-levenement-sous-un-angle-theologique\/","url":"https:\/\/dev.centtreize.com\/rsr\/article\/repenser-levenement-sous-un-angle-theologique\/","name":"Repenser l\u2019\u00e9v\u00e9nement \u2013 sous un angle th\u00e9ologique - Recherches de Science Religieuse","isPartOf":{"@id":"https:\/\/dev.centtreize.com\/rsr\/#website"},"datePublished":"2014-03-19T16:00:26+00:00","dateModified":"2024-10-02T02:40:46+00:00","breadcrumb":{"@id":"https:\/\/dev.centtreize.com\/rsr\/article\/repenser-levenement-sous-un-angle-theologique\/#breadcrumb"},"inLanguage":"fr-FR","potentialAction":[{"@type":"ReadAction","target":["https:\/\/dev.centtreize.com\/rsr\/article\/repenser-levenement-sous-un-angle-theologique\/"]}]},{"@type":"BreadcrumbList","@id":"https:\/\/dev.centtreize.com\/rsr\/article\/repenser-levenement-sous-un-angle-theologique\/#breadcrumb","itemListElement":[{"@type":"ListItem","position":1,"name":"Accueil","item":"https:\/\/dev.centtreize.com\/rsr\/"},{"@type":"ListItem","position":2,"name":"Repenser l\u2019\u00e9v\u00e9nement \u2013 sous un angle th\u00e9ologique"}]},{"@type":"WebSite","@id":"https:\/\/dev.centtreize.com\/rsr\/#website","url":"https:\/\/dev.centtreize.com\/rsr\/","name":"Recherches de Science Religieuse","description":"Recherches de Science Religieuse","publisher":{"@id":"https:\/\/dev.centtreize.com\/rsr\/#organization"},"potentialAction":[{"@type":"SearchAction","target":{"@type":"EntryPoint","urlTemplate":"https:\/\/dev.centtreize.com\/rsr\/?s={search_term_string}"},"query-input":{"@type":"PropertyValueSpecification","valueRequired":true,"valueName":"search_term_string"}}],"inLanguage":"fr-FR"},{"@type":"Organization","@id":"https:\/\/dev.centtreize.com\/rsr\/#organization","name":"Recherches de Science Religieuse","url":"https:\/\/dev.centtreize.com\/rsr\/","logo":{"@type":"ImageObject","inLanguage":"fr-FR","@id":"https:\/\/dev.centtreize.com\/rsr\/#\/schema\/logo\/image\/","url":"https:\/\/dev.centtreize.com\/rsr\/wp-content\/uploads\/2024\/10\/logo_rsr.png","contentUrl":"https:\/\/dev.centtreize.com\/rsr\/wp-content\/uploads\/2024\/10\/logo_rsr.png","width":300,"height":225,"caption":"Recherches de Science Religieuse"},"image":{"@id":"https:\/\/dev.centtreize.com\/rsr\/#\/schema\/logo\/image\/"}},{"@type":"Person","@id":"https:\/\/dev.centtreize.com\/rsr\/#\/schema\/person\/eb039ce63dcbc3fec0a6b81e43e29ad3","name":"H\u00e9l\u00e8ne","url":"https:\/\/dev.centtreize.com\/rsr\/author\/rsr\/"}]}},"_links":{"self":[{"href":"https:\/\/dev.centtreize.com\/rsr\/wp-json\/wp\/v2\/posts\/2639","targetHints":{"allow":["GET"]}}],"collection":[{"href":"https:\/\/dev.centtreize.com\/rsr\/wp-json\/wp\/v2\/posts"}],"about":[{"href":"https:\/\/dev.centtreize.com\/rsr\/wp-json\/wp\/v2\/types\/post"}],"author":[{"embeddable":true,"href":"https:\/\/dev.centtreize.com\/rsr\/wp-json\/wp\/v2\/users\/2"}],"replies":[{"embeddable":true,"href":"https:\/\/dev.centtreize.com\/rsr\/wp-json\/wp\/v2\/comments?post=2639"}],"version-history":[{"count":8,"href":"https:\/\/dev.centtreize.com\/rsr\/wp-json\/wp\/v2\/posts\/2639\/revisions"}],"predecessor-version":[{"id":17488,"href":"https:\/\/dev.centtreize.com\/rsr\/wp-json\/wp\/v2\/posts\/2639\/revisions\/17488"}],"wp:attachment":[{"href":"https:\/\/dev.centtreize.com\/rsr\/wp-json\/wp\/v2\/media?parent=2639"}],"wp:term":[{"taxonomy":"category","embeddable":true,"href":"https:\/\/dev.centtreize.com\/rsr\/wp-json\/wp\/v2\/categories?post=2639"},{"taxonomy":"post_tag","embeddable":true,"href":"https:\/\/dev.centtreize.com\/rsr\/wp-json\/wp\/v2\/tags?post=2639"},{"taxonomy":"keywords","embeddable":true,"href":"https:\/\/dev.centtreize.com\/rsr\/wp-json\/wp\/v2\/keywords?post=2639"}],"curies":[{"name":"wp","href":"https:\/\/api.w.org\/{rel}","templated":true}]}}