{"id":2613,"date":"2014-03-05T14:52:38","date_gmt":"2014-03-05T13:52:38","guid":{"rendered":"http:\/\/www.revue-rsr.com\/?p=2613"},"modified":"2024-09-24T06:58:11","modified_gmt":"2024-09-24T05:58:11","slug":"a-propos-du-premier-numero-de-2014-repenser-levenement","status":"publish","type":"post","link":"https:\/\/dev.centtreize.com\/rsr\/article\/a-propos-du-premier-numero-de-2014-repenser-levenement\/","title":{"rendered":"\u00c0 PROPOS du premier  num\u00e9ro de 2014 \u00ab Repenser l\u2019\u00e9v\u00e9nement \u00bb"},"content":{"rendered":"<p>\u00c0 lire le prologue de l\u2019\u00e9vangile de Luc (Lc 1,1), on se convainc ais\u00e9ment de ce que les&nbsp;\u00ab\u00a0\u00e9v\u00e9nements\u00a0\u00bb sont l\u2019\u00e9l\u00e9ment le plus propre des \u00c9critures juives et chr\u00e9tiennes et ce qui les a suscit\u00e9es. Ils sont pourtant rest\u00e9s, des si\u00e8cles durant, dans l\u2019oubli, recouverts par la Parole ou int\u00e9gr\u00e9s d\u2019embl\u00e9e dans une conception du\u00a0 monde qui ne conna\u00eet pas d\u2019\u00e9v\u00e9nements nouveaux mais des actualisations de possibilit\u00e9s pr\u00e9vues ou annonc\u00e9es. Or, le XXe si\u00e8cle a vu subitement \u00e9merger\u00a0les \u00e9v\u00e9nements&nbsp;; et au singulier, sous la forme du lexique, plut\u00f4t luth\u00e9rien, d\u2019\u00ab\u00a0\u00e9v\u00e9nement-Parole\u00a0\u00bb (Wortereignis), ou sous la forme d\u2019\u00ab\u00a0\u00e9v\u00e9nement-Christ\u00a0\u00bb (Christusereignis), de coloration plut\u00f4t catholique. Le concile Vatican II, dans la constitution Dei verbum, a pour sa part insist\u00e9 sur le lien intrins\u00e8que entre&nbsp;\u00ab\u00a0\u00e9v\u00e9nements et paroles\u00a0\u00bb, tout en r\u00e9activant le singulier patristique de l\u2019\u00ab\u00a0\u00e9conomie de la r\u00e9v\u00e9lation\u00a0\u00bb, et non sans courir le risque que ce qui \u00e9tait per\u00e7u de mani\u00e8re nouvelle soit ici rabattu sur du d\u00e9j\u00e0 connu. Cinq auteurs ont accept\u00e9 de relever le d\u00e9fi d\u2019une r\u00e9flexion contemporaine sur l\u2019\u00a0\u00ab\u00a0\u00e9v\u00e9nement\u00a0\u00bb\u00a0: Ingolf U. <\/p>\n<h2>\u00a0\u00c0 propos des publications et prochains num\u00e9ros\u2026<\/h2>\n<p>\u00a0Dans les num\u00e9ros 102\/2 et 102\/3 de cette m\u00eame ann\u00e9e, le lecteur trouvera les Actes du 24e colloque des Recherches de Science Religieuse\u00a0:&nbsp;\u00ab\u00a0Penser la diff\u00e9rence dans la crise culturelle de l\u2019Europe&nbsp;\u2013 l\u2019exp\u00e9rience chr\u00e9tienne sollicit\u00e9e\u00a0\u00bb. <\/p>\n<p>Le dernier num\u00e9ro de l\u2019ann\u00e9e, 102\/4, sera consacr\u00e9 aux&nbsp;\u00ab\u00a0Nouvelles configurations des rapports entre philosophie et th\u00e9ologie\u00a0\u00bb. <\/p>\n<p>Nous lui signalons \u00e9galement que les contributions du colloque pr\u00e9c\u00e9dent, le num\u00e9ro pr\u00e9paratoire et les Actes, sur les raisons d\u2019\u00eatre de l\u2019\u00c9glise, viennent d\u2019\u00eatre revues par leurs auteurs et regroup\u00e9es dans un seul volume (Pourquoi l\u2019\u00c9glise\u00a0? La dimension eccl\u00e9siale de la foi dans l\u2019horizon du salut, Bayard, 2014). Esp\u00e9rons qu\u2019un tel ouvrage honore la c\u00e9sure de la pens\u00e9e eccl\u00e9siologique, produite il y a cinquante ans par la constitution dogmatique sur l\u2019\u00c9glise Lumen gentium, promulgu\u00e9e le 21 novembre 1964.<\/p>\n<h2>\u00a0\u00c0 propos des bulletins critiques\u2026<\/h2>\n<p>\u00a0Par ailleurs, on aura constat\u00e9 que le nombre des Bulletins critiques de notre revue a augment\u00e9 ces derni\u00e8res ann\u00e9es, en particulier dans les domaines de l\u2019histoire et de la th\u00e9ologie syst\u00e9matique. Signe de la belle vitalit\u00e9 des recherches en science religieuse, cette augmentation a in\u00e9vitablement perturb\u00e9 une certaine r\u00e9gularit\u00e9 de parution. Pour \u00e9viter le d\u00e9sagr\u00e9ment et cr\u00e9er davantage de coh\u00e9rence et de lisibilit\u00e9, gr\u00e2ce \u00e0 une parution simultan\u00e9e de Bulletins bibliques, historiques et syst\u00e9matiques&nbsp;\u00ab\u00a0voisins\u00a0\u00bb, la r\u00e9daction a d\u00e9cid\u00e9 de passer d\u00e9sormais d\u2019une parution biannuelle de chaque Bulletin \u00e0 un rythme trisannuel. <\/p>\n<p>Cette ann\u00e9e \u00e9galement, nous accueillerons le nouveau Bulletin d\u2019Yves Krumenacker en histoire moderne XVIe-XVIIIe (102\/2) ainsi que celui d\u2019\u00e9tienne Grieu&nbsp;\u00a0sur la sacramentaire (no 102\/4). <\/p>\n<h2>\u00c0\u00a0propos de la vie de la revue\u2026<\/h2>\n<p>\u00a0<\/p>\n<p>Remercions ici tout particuli\u00e8rement notre collaborateur et ami, Jean-Marc Aveline, pour tout ce que, depuis 2002, il a apport\u00e9 aux Recherches de Science Religieuse, en particulier dans le domaine de la th\u00e9ologie des religions. Nomm\u00e9 \u00e9v\u00eaque auxiliaire du dioc\u00e8se de Marseille, il ne pourra plus participer \u00e0 notre Conseil de r\u00e9daction. Il continuera \u00e0 servir la th\u00e9ologie et l\u2019\u00c9glise\u00a0d\u2019une autre mani\u00e8re\u00a0; c\u2019est en tout cas ce que nous souhaitons de tout c\u0153ur.\u00a0\u00a0 <\/p>\n<p>Nous ne pouvons terminer ce billet sans exprimer toute notre gratitude \u00e0 nos lecteurs pour leur fid\u00e9lit\u00e9, esp\u00e9rant vivement qu\u2019ils continuent \u00e0 accompagner notre recherche par leur curiosit\u00e9 et leurs suggestions toujours bienvenues.<\/p>\n<h2>\u00c0\u00a0propos du nouveau site\u2026<\/h2>\n<p>\u00a0Comme vous le constatez, Cher Lecteur, le site de la Revue a fait peau neuve. Plus agr\u00e9able et esth\u00e9tique, nous souhaitons qu\u2019il r\u00e9ponde mieux \u00e0 vos attentes et qu\u2019avec le temps, il constitue un outil de recherche complet et performant.<\/p>\n","protected":false},"excerpt":{"rendered":"<p>\u00c0 lire le prologue de l\u2019\u00e9vangile de Luc (Lc 1,1), on se convainc ais\u00e9ment de ce que les&nbsp;\u00ab\u00a0\u00e9v\u00e9nements\u00a0\u00bb sont l\u2019\u00e9l\u00e9ment le plus propre des \u00c9critures juives et chr\u00e9tiennes et ce qui les a suscit\u00e9es. Ils sont pourtant rest\u00e9s, des si\u00e8cles durant, dans l\u2019oubli, recouverts par la Parole ou int\u00e9gr\u00e9s d\u2019embl\u00e9e dans une conception du\u00a0 monde qui ne conna\u00eet pas d\u2019\u00e9v\u00e9nements nouveaux mais des actualisations de possibilit\u00e9s pr\u00e9vues ou annonc\u00e9es. Or, le XXe si\u00e8cle a vu subitement \u00e9merger\u00a0les \u00e9v\u00e9nements&nbsp;; et au singulier, sous la forme du lexique, plut\u00f4t luth\u00e9rien, d\u2019\u00ab\u00a0\u00e9v\u00e9nement-Parole\u00a0\u00bb (Wortereignis), ou sous la forme d\u2019\u00ab\u00a0\u00e9v\u00e9nement-Christ\u00a0\u00bb (Christusereignis), de coloration plut\u00f4t catholique. Le concile Vatican II, dans la constitution Dei verbum, a pour sa part insist\u00e9 sur le lien intrins\u00e8que entre&nbsp;\u00ab\u00a0\u00e9v\u00e9nements et paroles\u00a0\u00bb, tout en r\u00e9activant le singulier patristique de l\u2019\u00ab\u00a0\u00e9conomie de la r\u00e9v\u00e9lation\u00a0\u00bb, et non sans courir le risque que ce qui \u00e9tait per\u00e7u de mani\u00e8re nouvelle soit ici rabattu sur du d\u00e9j\u00e0 connu. Cinq auteurs ont accept\u00e9 de relever le<a class=\"read-more\" href=\"https:\/\/dev.centtreize.com\/rsr\/article\/a-propos-du-premier-numero-de-2014-repenser-levenement\/\"><\/a><\/p>\n","protected":false},"author":2,"featured_media":2616,"comment_status":"open","ping_status":"open","sticky":false,"template":"","format":"standard","meta":{"_acf_changed":false,"footnotes":""},"categories":[6],"tags":[106,81,47,38,116,117],"keywords":[],"class_list":["post-2613","post","type-post","status-publish","format-standard","has-post-thumbnail","hentry","category-article","tag-evenement","tag-hermeneutique","tag-histoire","tag-philosophie","tag-proces","tag-symbole"],"acf":[],"yoast_head":"<!-- This site is optimized with the Yoast SEO plugin v27.2 - https:\/\/yoast.com\/product\/yoast-seo-wordpress\/ -->\n<title>\u00c0 PROPOS du premier num\u00e9ro de 2014 \u00ab Repenser l\u2019\u00e9v\u00e9nement \u00bb - Recherches de Science Religieuse<\/title>\n<meta name=\"robots\" content=\"index, follow, max-snippet:-1, max-image-preview:large, max-video-preview:-1\" \/>\n<link rel=\"canonical\" href=\"https:\/\/dev.centtreize.com\/rsr\/article\/a-propos-du-premier-numero-de-2014-repenser-levenement\/\" \/>\n<meta property=\"og:locale\" content=\"fr_FR\" \/>\n<meta property=\"og:type\" content=\"article\" \/>\n<meta property=\"og:title\" content=\"\u00c0 PROPOS du premier num\u00e9ro de 2014 \u00ab Repenser l\u2019\u00e9v\u00e9nement \u00bb - Recherches de Science Religieuse\" \/>\n<meta property=\"og:description\" content=\"\u00c0 lire le prologue de l\u2019\u00e9vangile de Luc (Lc 1,1), on se convainc ais\u00e9ment de ce que les&nbsp;\u00ab\u00a0\u00e9v\u00e9nements\u00a0\u00bb sont l\u2019\u00e9l\u00e9ment le plus propre des \u00c9critures juives et chr\u00e9tiennes et ce qui les a suscit\u00e9es. Ils sont pourtant rest\u00e9s, des si\u00e8cles durant, dans l\u2019oubli, recouverts par la Parole ou int\u00e9gr\u00e9s d\u2019embl\u00e9e dans une conception du\u00a0 monde qui ne conna\u00eet pas d\u2019\u00e9v\u00e9nements nouveaux mais des actualisations de possibilit\u00e9s pr\u00e9vues ou annonc\u00e9es. Or, le XXe si\u00e8cle a vu subitement \u00e9merger\u00a0les \u00e9v\u00e9nements&nbsp;; et au singulier, sous la forme du lexique, plut\u00f4t luth\u00e9rien, d\u2019\u00ab\u00a0\u00e9v\u00e9nement-Parole\u00a0\u00bb (Wortereignis), ou sous la forme d\u2019\u00ab\u00a0\u00e9v\u00e9nement-Christ\u00a0\u00bb (Christusereignis), de coloration plut\u00f4t catholique. Le concile Vatican II, dans la constitution Dei verbum, a pour sa part insist\u00e9 sur le lien intrins\u00e8que entre&nbsp;\u00ab\u00a0\u00e9v\u00e9nements et paroles\u00a0\u00bb, tout en r\u00e9activant le singulier patristique de l\u2019\u00ab\u00a0\u00e9conomie de la r\u00e9v\u00e9lation\u00a0\u00bb, et non sans courir le risque que ce qui \u00e9tait per\u00e7u de mani\u00e8re nouvelle soit ici rabattu sur du d\u00e9j\u00e0 connu. Cinq auteurs ont accept\u00e9 de relever le\" \/>\n<meta property=\"og:url\" content=\"https:\/\/dev.centtreize.com\/rsr\/article\/a-propos-du-premier-numero-de-2014-repenser-levenement\/\" \/>\n<meta property=\"og:site_name\" content=\"Recherches de Science Religieuse\" \/>\n<meta property=\"article:published_time\" content=\"2014-03-05T13:52:38+00:00\" \/>\n<meta property=\"article:modified_time\" content=\"2024-09-24T05:58:11+00:00\" \/>\n<meta property=\"og:image\" content=\"https:\/\/dev.centtreize.com\/rsr\/wp-content\/uploads\/2014\/03\/Chr.Theobald-e1578919578481.jpg\" \/>\n\t<meta property=\"og:image:width\" content=\"1022\" \/>\n\t<meta property=\"og:image:height\" content=\"1250\" \/>\n\t<meta property=\"og:image:type\" content=\"image\/jpeg\" \/>\n<meta name=\"author\" content=\"H\u00e9l\u00e8ne\" \/>\n<meta name=\"twitter:card\" content=\"summary_large_image\" \/>\n<meta name=\"twitter:label1\" content=\"\u00c9crit par\" \/>\n\t<meta name=\"twitter:data1\" content=\"H\u00e9l\u00e8ne\" \/>\n\t<meta name=\"twitter:label2\" content=\"Dur\u00e9e de lecture estim\u00e9e\" \/>\n\t<meta name=\"twitter:data2\" content=\"3 minutes\" \/>\n<script type=\"application\/ld+json\" class=\"yoast-schema-graph\">{\"@context\":\"https:\/\/schema.org\",\"@graph\":[{\"@type\":\"Article\",\"@id\":\"https:\/\/dev.centtreize.com\/rsr\/article\/a-propos-du-premier-numero-de-2014-repenser-levenement\/#article\",\"isPartOf\":{\"@id\":\"https:\/\/dev.centtreize.com\/rsr\/article\/a-propos-du-premier-numero-de-2014-repenser-levenement\/\"},\"author\":{\"name\":\"H\u00e9l\u00e8ne\",\"@id\":\"https:\/\/dev.centtreize.com\/rsr\/#\/schema\/person\/eb039ce63dcbc3fec0a6b81e43e29ad3\"},\"headline\":\"\u00c0 PROPOS du premier num\u00e9ro de 2014 \u00ab Repenser l\u2019\u00e9v\u00e9nement \u00bb\",\"datePublished\":\"2014-03-05T13:52:38+00:00\",\"dateModified\":\"2024-09-24T05:58:11+00:00\",\"mainEntityOfPage\":{\"@id\":\"https:\/\/dev.centtreize.com\/rsr\/article\/a-propos-du-premier-numero-de-2014-repenser-levenement\/\"},\"wordCount\":692,\"commentCount\":0,\"publisher\":{\"@id\":\"https:\/\/dev.centtreize.com\/rsr\/#organization\"},\"image\":{\"@id\":\"https:\/\/dev.centtreize.com\/rsr\/article\/a-propos-du-premier-numero-de-2014-repenser-levenement\/#primaryimage\"},\"thumbnailUrl\":\"https:\/\/dev.centtreize.com\/rsr\/wp-content\/uploads\/2014\/03\/Chr.Theobald-e1578919578481.jpg\",\"keywords\":[\"\u00e9v\u00e9nement\",\"herm\u00e9neutique\",\"histoire\",\"philosophie\",\"proc\u00e8s\",\"symbole\"],\"articleSection\":[\"article\"],\"inLanguage\":\"fr-FR\",\"potentialAction\":[{\"@type\":\"CommentAction\",\"name\":\"Comment\",\"target\":[\"https:\/\/dev.centtreize.com\/rsr\/article\/a-propos-du-premier-numero-de-2014-repenser-levenement\/#respond\"]}]},{\"@type\":\"WebPage\",\"@id\":\"https:\/\/dev.centtreize.com\/rsr\/article\/a-propos-du-premier-numero-de-2014-repenser-levenement\/\",\"url\":\"https:\/\/dev.centtreize.com\/rsr\/article\/a-propos-du-premier-numero-de-2014-repenser-levenement\/\",\"name\":\"\u00c0 PROPOS du premier num\u00e9ro de 2014 \u00ab Repenser l\u2019\u00e9v\u00e9nement \u00bb - Recherches de Science Religieuse\",\"isPartOf\":{\"@id\":\"https:\/\/dev.centtreize.com\/rsr\/#website\"},\"primaryImageOfPage\":{\"@id\":\"https:\/\/dev.centtreize.com\/rsr\/article\/a-propos-du-premier-numero-de-2014-repenser-levenement\/#primaryimage\"},\"image\":{\"@id\":\"https:\/\/dev.centtreize.com\/rsr\/article\/a-propos-du-premier-numero-de-2014-repenser-levenement\/#primaryimage\"},\"thumbnailUrl\":\"https:\/\/dev.centtreize.com\/rsr\/wp-content\/uploads\/2014\/03\/Chr.Theobald-e1578919578481.jpg\",\"datePublished\":\"2014-03-05T13:52:38+00:00\",\"dateModified\":\"2024-09-24T05:58:11+00:00\",\"breadcrumb\":{\"@id\":\"https:\/\/dev.centtreize.com\/rsr\/article\/a-propos-du-premier-numero-de-2014-repenser-levenement\/#breadcrumb\"},\"inLanguage\":\"fr-FR\",\"potentialAction\":[{\"@type\":\"ReadAction\",\"target\":[\"https:\/\/dev.centtreize.com\/rsr\/article\/a-propos-du-premier-numero-de-2014-repenser-levenement\/\"]}]},{\"@type\":\"ImageObject\",\"inLanguage\":\"fr-FR\",\"@id\":\"https:\/\/dev.centtreize.com\/rsr\/article\/a-propos-du-premier-numero-de-2014-repenser-levenement\/#primaryimage\",\"url\":\"https:\/\/dev.centtreize.com\/rsr\/wp-content\/uploads\/2014\/03\/Chr.Theobald-e1578919578481.jpg\",\"contentUrl\":\"https:\/\/dev.centtreize.com\/rsr\/wp-content\/uploads\/2014\/03\/Chr.Theobald-e1578919578481.jpg\",\"width\":1022,\"height\":1250},{\"@type\":\"BreadcrumbList\",\"@id\":\"https:\/\/dev.centtreize.com\/rsr\/article\/a-propos-du-premier-numero-de-2014-repenser-levenement\/#breadcrumb\",\"itemListElement\":[{\"@type\":\"ListItem\",\"position\":1,\"name\":\"Accueil\",\"item\":\"https:\/\/dev.centtreize.com\/rsr\/\"},{\"@type\":\"ListItem\",\"position\":2,\"name\":\"\u00c0 PROPOS du premier num\u00e9ro de 2014 \u00ab Repenser l\u2019\u00e9v\u00e9nement \u00bb\"}]},{\"@type\":\"WebSite\",\"@id\":\"https:\/\/dev.centtreize.com\/rsr\/#website\",\"url\":\"https:\/\/dev.centtreize.com\/rsr\/\",\"name\":\"Recherches de Science Religieuse\",\"description\":\"Recherches de Science Religieuse\",\"publisher\":{\"@id\":\"https:\/\/dev.centtreize.com\/rsr\/#organization\"},\"potentialAction\":[{\"@type\":\"SearchAction\",\"target\":{\"@type\":\"EntryPoint\",\"urlTemplate\":\"https:\/\/dev.centtreize.com\/rsr\/?s={search_term_string}\"},\"query-input\":{\"@type\":\"PropertyValueSpecification\",\"valueRequired\":true,\"valueName\":\"search_term_string\"}}],\"inLanguage\":\"fr-FR\"},{\"@type\":\"Organization\",\"@id\":\"https:\/\/dev.centtreize.com\/rsr\/#organization\",\"name\":\"Recherches de Science Religieuse\",\"url\":\"https:\/\/dev.centtreize.com\/rsr\/\",\"logo\":{\"@type\":\"ImageObject\",\"inLanguage\":\"fr-FR\",\"@id\":\"https:\/\/dev.centtreize.com\/rsr\/#\/schema\/logo\/image\/\",\"url\":\"https:\/\/dev.centtreize.com\/rsr\/wp-content\/uploads\/2024\/10\/logo_rsr.png\",\"contentUrl\":\"https:\/\/dev.centtreize.com\/rsr\/wp-content\/uploads\/2024\/10\/logo_rsr.png\",\"width\":300,\"height\":225,\"caption\":\"Recherches de Science Religieuse\"},\"image\":{\"@id\":\"https:\/\/dev.centtreize.com\/rsr\/#\/schema\/logo\/image\/\"}},{\"@type\":\"Person\",\"@id\":\"https:\/\/dev.centtreize.com\/rsr\/#\/schema\/person\/eb039ce63dcbc3fec0a6b81e43e29ad3\",\"name\":\"H\u00e9l\u00e8ne\",\"url\":\"https:\/\/dev.centtreize.com\/rsr\/author\/rsr\/\"}]}<\/script>\n<!-- \/ Yoast SEO plugin. -->","yoast_head_json":{"title":"\u00c0 PROPOS du premier num\u00e9ro de 2014 \u00ab Repenser l\u2019\u00e9v\u00e9nement \u00bb - Recherches de Science Religieuse","robots":{"index":"index","follow":"follow","max-snippet":"max-snippet:-1","max-image-preview":"max-image-preview:large","max-video-preview":"max-video-preview:-1"},"canonical":"https:\/\/dev.centtreize.com\/rsr\/article\/a-propos-du-premier-numero-de-2014-repenser-levenement\/","og_locale":"fr_FR","og_type":"article","og_title":"\u00c0 PROPOS du premier num\u00e9ro de 2014 \u00ab Repenser l\u2019\u00e9v\u00e9nement \u00bb - Recherches de Science Religieuse","og_description":"\u00c0 lire le prologue de l\u2019\u00e9vangile de Luc (Lc 1,1), on se convainc ais\u00e9ment de ce que les&nbsp;\u00ab\u00a0\u00e9v\u00e9nements\u00a0\u00bb sont l\u2019\u00e9l\u00e9ment le plus propre des \u00c9critures juives et chr\u00e9tiennes et ce qui les a suscit\u00e9es. Ils sont pourtant rest\u00e9s, des si\u00e8cles durant, dans l\u2019oubli, recouverts par la Parole ou int\u00e9gr\u00e9s d\u2019embl\u00e9e dans une conception du\u00a0 monde qui ne conna\u00eet pas d\u2019\u00e9v\u00e9nements nouveaux mais des actualisations de possibilit\u00e9s pr\u00e9vues ou annonc\u00e9es. Or, le XXe si\u00e8cle a vu subitement \u00e9merger\u00a0les \u00e9v\u00e9nements&nbsp;; et au singulier, sous la forme du lexique, plut\u00f4t luth\u00e9rien, d\u2019\u00ab\u00a0\u00e9v\u00e9nement-Parole\u00a0\u00bb (Wortereignis), ou sous la forme d\u2019\u00ab\u00a0\u00e9v\u00e9nement-Christ\u00a0\u00bb (Christusereignis), de coloration plut\u00f4t catholique. Le concile Vatican II, dans la constitution Dei verbum, a pour sa part insist\u00e9 sur le lien intrins\u00e8que entre&nbsp;\u00ab\u00a0\u00e9v\u00e9nements et paroles\u00a0\u00bb, tout en r\u00e9activant le singulier patristique de l\u2019\u00ab\u00a0\u00e9conomie de la r\u00e9v\u00e9lation\u00a0\u00bb, et non sans courir le risque que ce qui \u00e9tait per\u00e7u de mani\u00e8re nouvelle soit ici rabattu sur du d\u00e9j\u00e0 connu. Cinq auteurs ont accept\u00e9 de relever le","og_url":"https:\/\/dev.centtreize.com\/rsr\/article\/a-propos-du-premier-numero-de-2014-repenser-levenement\/","og_site_name":"Recherches de Science Religieuse","article_published_time":"2014-03-05T13:52:38+00:00","article_modified_time":"2024-09-24T05:58:11+00:00","og_image":[{"width":1022,"height":1250,"url":"https:\/\/dev.centtreize.com\/rsr\/wp-content\/uploads\/2014\/03\/Chr.Theobald-e1578919578481.jpg","type":"image\/jpeg"}],"author":"H\u00e9l\u00e8ne","twitter_card":"summary_large_image","twitter_misc":{"\u00c9crit par":"H\u00e9l\u00e8ne","Dur\u00e9e de lecture estim\u00e9e":"3 minutes"},"schema":{"@context":"https:\/\/schema.org","@graph":[{"@type":"Article","@id":"https:\/\/dev.centtreize.com\/rsr\/article\/a-propos-du-premier-numero-de-2014-repenser-levenement\/#article","isPartOf":{"@id":"https:\/\/dev.centtreize.com\/rsr\/article\/a-propos-du-premier-numero-de-2014-repenser-levenement\/"},"author":{"name":"H\u00e9l\u00e8ne","@id":"https:\/\/dev.centtreize.com\/rsr\/#\/schema\/person\/eb039ce63dcbc3fec0a6b81e43e29ad3"},"headline":"\u00c0 PROPOS du premier num\u00e9ro de 2014 \u00ab Repenser l\u2019\u00e9v\u00e9nement \u00bb","datePublished":"2014-03-05T13:52:38+00:00","dateModified":"2024-09-24T05:58:11+00:00","mainEntityOfPage":{"@id":"https:\/\/dev.centtreize.com\/rsr\/article\/a-propos-du-premier-numero-de-2014-repenser-levenement\/"},"wordCount":692,"commentCount":0,"publisher":{"@id":"https:\/\/dev.centtreize.com\/rsr\/#organization"},"image":{"@id":"https:\/\/dev.centtreize.com\/rsr\/article\/a-propos-du-premier-numero-de-2014-repenser-levenement\/#primaryimage"},"thumbnailUrl":"https:\/\/dev.centtreize.com\/rsr\/wp-content\/uploads\/2014\/03\/Chr.Theobald-e1578919578481.jpg","keywords":["\u00e9v\u00e9nement","herm\u00e9neutique","histoire","philosophie","proc\u00e8s","symbole"],"articleSection":["article"],"inLanguage":"fr-FR","potentialAction":[{"@type":"CommentAction","name":"Comment","target":["https:\/\/dev.centtreize.com\/rsr\/article\/a-propos-du-premier-numero-de-2014-repenser-levenement\/#respond"]}]},{"@type":"WebPage","@id":"https:\/\/dev.centtreize.com\/rsr\/article\/a-propos-du-premier-numero-de-2014-repenser-levenement\/","url":"https:\/\/dev.centtreize.com\/rsr\/article\/a-propos-du-premier-numero-de-2014-repenser-levenement\/","name":"\u00c0 PROPOS du premier num\u00e9ro de 2014 \u00ab Repenser l\u2019\u00e9v\u00e9nement \u00bb - Recherches de Science Religieuse","isPartOf":{"@id":"https:\/\/dev.centtreize.com\/rsr\/#website"},"primaryImageOfPage":{"@id":"https:\/\/dev.centtreize.com\/rsr\/article\/a-propos-du-premier-numero-de-2014-repenser-levenement\/#primaryimage"},"image":{"@id":"https:\/\/dev.centtreize.com\/rsr\/article\/a-propos-du-premier-numero-de-2014-repenser-levenement\/#primaryimage"},"thumbnailUrl":"https:\/\/dev.centtreize.com\/rsr\/wp-content\/uploads\/2014\/03\/Chr.Theobald-e1578919578481.jpg","datePublished":"2014-03-05T13:52:38+00:00","dateModified":"2024-09-24T05:58:11+00:00","breadcrumb":{"@id":"https:\/\/dev.centtreize.com\/rsr\/article\/a-propos-du-premier-numero-de-2014-repenser-levenement\/#breadcrumb"},"inLanguage":"fr-FR","potentialAction":[{"@type":"ReadAction","target":["https:\/\/dev.centtreize.com\/rsr\/article\/a-propos-du-premier-numero-de-2014-repenser-levenement\/"]}]},{"@type":"ImageObject","inLanguage":"fr-FR","@id":"https:\/\/dev.centtreize.com\/rsr\/article\/a-propos-du-premier-numero-de-2014-repenser-levenement\/#primaryimage","url":"https:\/\/dev.centtreize.com\/rsr\/wp-content\/uploads\/2014\/03\/Chr.Theobald-e1578919578481.jpg","contentUrl":"https:\/\/dev.centtreize.com\/rsr\/wp-content\/uploads\/2014\/03\/Chr.Theobald-e1578919578481.jpg","width":1022,"height":1250},{"@type":"BreadcrumbList","@id":"https:\/\/dev.centtreize.com\/rsr\/article\/a-propos-du-premier-numero-de-2014-repenser-levenement\/#breadcrumb","itemListElement":[{"@type":"ListItem","position":1,"name":"Accueil","item":"https:\/\/dev.centtreize.com\/rsr\/"},{"@type":"ListItem","position":2,"name":"\u00c0 PROPOS du premier num\u00e9ro de 2014 \u00ab Repenser l\u2019\u00e9v\u00e9nement \u00bb"}]},{"@type":"WebSite","@id":"https:\/\/dev.centtreize.com\/rsr\/#website","url":"https:\/\/dev.centtreize.com\/rsr\/","name":"Recherches de Science Religieuse","description":"Recherches de Science Religieuse","publisher":{"@id":"https:\/\/dev.centtreize.com\/rsr\/#organization"},"potentialAction":[{"@type":"SearchAction","target":{"@type":"EntryPoint","urlTemplate":"https:\/\/dev.centtreize.com\/rsr\/?s={search_term_string}"},"query-input":{"@type":"PropertyValueSpecification","valueRequired":true,"valueName":"search_term_string"}}],"inLanguage":"fr-FR"},{"@type":"Organization","@id":"https:\/\/dev.centtreize.com\/rsr\/#organization","name":"Recherches de Science Religieuse","url":"https:\/\/dev.centtreize.com\/rsr\/","logo":{"@type":"ImageObject","inLanguage":"fr-FR","@id":"https:\/\/dev.centtreize.com\/rsr\/#\/schema\/logo\/image\/","url":"https:\/\/dev.centtreize.com\/rsr\/wp-content\/uploads\/2024\/10\/logo_rsr.png","contentUrl":"https:\/\/dev.centtreize.com\/rsr\/wp-content\/uploads\/2024\/10\/logo_rsr.png","width":300,"height":225,"caption":"Recherches de Science Religieuse"},"image":{"@id":"https:\/\/dev.centtreize.com\/rsr\/#\/schema\/logo\/image\/"}},{"@type":"Person","@id":"https:\/\/dev.centtreize.com\/rsr\/#\/schema\/person\/eb039ce63dcbc3fec0a6b81e43e29ad3","name":"H\u00e9l\u00e8ne","url":"https:\/\/dev.centtreize.com\/rsr\/author\/rsr\/"}]}},"_links":{"self":[{"href":"https:\/\/dev.centtreize.com\/rsr\/wp-json\/wp\/v2\/posts\/2613","targetHints":{"allow":["GET"]}}],"collection":[{"href":"https:\/\/dev.centtreize.com\/rsr\/wp-json\/wp\/v2\/posts"}],"about":[{"href":"https:\/\/dev.centtreize.com\/rsr\/wp-json\/wp\/v2\/types\/post"}],"author":[{"embeddable":true,"href":"https:\/\/dev.centtreize.com\/rsr\/wp-json\/wp\/v2\/users\/2"}],"replies":[{"embeddable":true,"href":"https:\/\/dev.centtreize.com\/rsr\/wp-json\/wp\/v2\/comments?post=2613"}],"version-history":[{"count":5,"href":"https:\/\/dev.centtreize.com\/rsr\/wp-json\/wp\/v2\/posts\/2613\/revisions"}],"predecessor-version":[{"id":16298,"href":"https:\/\/dev.centtreize.com\/rsr\/wp-json\/wp\/v2\/posts\/2613\/revisions\/16298"}],"wp:featuredmedia":[{"embeddable":true,"href":"https:\/\/dev.centtreize.com\/rsr\/wp-json\/wp\/v2\/media\/2616"}],"wp:attachment":[{"href":"https:\/\/dev.centtreize.com\/rsr\/wp-json\/wp\/v2\/media?parent=2613"}],"wp:term":[{"taxonomy":"category","embeddable":true,"href":"https:\/\/dev.centtreize.com\/rsr\/wp-json\/wp\/v2\/categories?post=2613"},{"taxonomy":"post_tag","embeddable":true,"href":"https:\/\/dev.centtreize.com\/rsr\/wp-json\/wp\/v2\/tags?post=2613"},{"taxonomy":"keywords","embeddable":true,"href":"https:\/\/dev.centtreize.com\/rsr\/wp-json\/wp\/v2\/keywords?post=2613"}],"curies":[{"name":"wp","href":"https:\/\/api.w.org\/{rel}","templated":true}]}}