{"id":2581,"date":"2014-01-16T18:05:53","date_gmt":"2014-01-16T17:05:53","guid":{"rendered":"http:\/\/www.revue-rsr.com\/?p=2581"},"modified":"2025-06-13T07:25:06","modified_gmt":"2025-06-13T06:25:06","slug":"eglise-et-eglises-reflexion-sur-les-questions-dautorite-dans-les-communautes-chretiennes-au-iie-siecle","status":"publish","type":"post","link":"https:\/\/dev.centtreize.com\/rsr\/article\/eglise-et-eglises-reflexion-sur-les-questions-dautorite-dans-les-communautes-chretiennes-au-iie-siecle\/","title":{"rendered":"\u00c9glise et \u00c9glises : r\u00e9flexion sur les questions d\u2019autorit\u00e9 dans les communaut\u00e9s chr\u00e9tiennes au IIe si\u00e8cle"},"content":{"rendered":"<p>La conviction d\u2019appartenir \u00e0 une \u00c9glise unique, catholique puisque universelle, contribua \u00e0 forger l\u2019identit\u00e9 chr\u00e9tienne de petites communaut\u00e9s dispers\u00e9es, en butte \u00e0 l\u2019incompr\u00e9hension de leurs contemporains, mais ne put se dissocier de la revendication, au coeur de ces m\u00eames communaut\u00e9s, d\u2019un attachement \u00e0 l\u2019identit\u00e9 locale. Comme l\u2019Empire, dont elle adopte en grande part les structures, l\u2019\u00c9glise tire sa force de son enracinement dans la cit\u00e9. En cons\u00e9quence, le nom de chr\u00e9tien fut, tout au long du IIe si\u00e8cle, revendiqu\u00e9 par des individus issus de communaut\u00e9s dont les pratiques liturgiques, la structure de leur clerg\u00e9, voire leurs textes canoniques et leur profession de foi les distinguaient&nbsp;\u2013 ou les opposaient. L\u2019histoire de l\u2019\u00c9glise au II e si\u00e8cle est l\u2019histoire de cette expansion du christianisme, de la multiplication de ces communaut\u00e9s, et de la construction d\u2019une identit\u00e9 commune.<\/p>\n","protected":false},"excerpt":{"rendered":"<p>La conviction d\u2019appartenir \u00e0 une \u00c9glise unique, catholique puisque universelle, contribua \u00e0 forger l\u2019identit\u00e9 chr\u00e9tienne de petites communaut\u00e9s dispers\u00e9es, en butte \u00e0 l\u2019incompr\u00e9hension de leurs contemporains, mais ne put se dissocier de la revendication, au coeur de ces m\u00eames communaut\u00e9s, d\u2019un attachement \u00e0 l\u2019identit\u00e9 locale. Comme l\u2019Empire, dont elle adopte en grande part les structures, l\u2019\u00c9glise tire sa force de son enracinement dans la cit\u00e9. En cons\u00e9quence, le nom de chr\u00e9tien fut, tout au long du IIe si\u00e8cle, revendiqu\u00e9 par des individus issus de communaut\u00e9s dont les pratiques liturgiques, la structure de leur clerg\u00e9, voire leurs textes canoniques et leur profession de foi les distinguaient&nbsp;\u2013 ou les opposaient. L\u2019histoire de l\u2019\u00c9glise au II e si\u00e8cle est l\u2019histoire de cette expansion du christianisme, de la multiplication de ces communaut\u00e9s, et de la construction d\u2019une identit\u00e9 commune.<\/p>\n","protected":false},"author":2,"featured_media":0,"comment_status":"closed","ping_status":"closed","sticky":false,"template":"","format":"standard","meta":{"_acf_changed":false,"footnotes":""},"categories":[6],"tags":[90,22,47,91],"keywords":[1186,1137],"class_list":["post-2581","post","type-post","status-publish","format-standard","hentry","category-article","tag-communaute","tag-eglise","tag-histoire","tag-origines-chretiennes","keywords-autorite","keywords-eglise"],"acf":[],"yoast_head":"<!-- This site is optimized with the Yoast SEO plugin v27.2 - https:\/\/yoast.com\/product\/yoast-seo-wordpress\/ -->\n<title>\u00c9glise et \u00c9glises : r\u00e9flexion sur les questions d\u2019autorit\u00e9 dans les communaut\u00e9s chr\u00e9tiennes au IIe si\u00e8cle - Recherches de Science Religieuse<\/title>\n<meta name=\"robots\" content=\"index, follow, max-snippet:-1, max-image-preview:large, max-video-preview:-1\" \/>\n<link rel=\"canonical\" href=\"https:\/\/dev.centtreize.com\/rsr\/article\/eglise-et-eglises-reflexion-sur-les-questions-dautorite-dans-les-communautes-chretiennes-au-iie-siecle\/\" \/>\n<meta property=\"og:locale\" content=\"fr_FR\" \/>\n<meta property=\"og:type\" content=\"article\" \/>\n<meta property=\"og:title\" content=\"\u00c9glise et \u00c9glises : r\u00e9flexion sur les questions d\u2019autorit\u00e9 dans les communaut\u00e9s chr\u00e9tiennes au IIe si\u00e8cle - Recherches de Science Religieuse\" \/>\n<meta property=\"og:description\" content=\"La conviction d\u2019appartenir \u00e0 une \u00c9glise unique, catholique puisque universelle, contribua \u00e0 forger l\u2019identit\u00e9 chr\u00e9tienne de petites communaut\u00e9s dispers\u00e9es, en butte \u00e0 l\u2019incompr\u00e9hension de leurs contemporains, mais ne put se dissocier de la revendication, au coeur de ces m\u00eames communaut\u00e9s, d\u2019un attachement \u00e0 l\u2019identit\u00e9 locale. Comme l\u2019Empire, dont elle adopte en grande part les structures, l\u2019\u00c9glise tire sa force de son enracinement dans la cit\u00e9. En cons\u00e9quence, le nom de chr\u00e9tien fut, tout au long du IIe si\u00e8cle, revendiqu\u00e9 par des individus issus de communaut\u00e9s dont les pratiques liturgiques, la structure de leur clerg\u00e9, voire leurs textes canoniques et leur profession de foi les distinguaient&nbsp;\u2013 ou les opposaient. L\u2019histoire de l\u2019\u00c9glise au II e si\u00e8cle est l\u2019histoire de cette expansion du christianisme, de la multiplication de ces communaut\u00e9s, et de la construction d\u2019une identit\u00e9 commune.\" \/>\n<meta property=\"og:url\" content=\"https:\/\/dev.centtreize.com\/rsr\/article\/eglise-et-eglises-reflexion-sur-les-questions-dautorite-dans-les-communautes-chretiennes-au-iie-siecle\/\" \/>\n<meta property=\"og:site_name\" content=\"Recherches de Science Religieuse\" \/>\n<meta property=\"article:published_time\" content=\"2014-01-16T17:05:53+00:00\" \/>\n<meta property=\"article:modified_time\" content=\"2025-06-13T06:25:06+00:00\" \/>\n<meta name=\"author\" content=\"H\u00e9l\u00e8ne\" \/>\n<meta name=\"twitter:card\" content=\"summary_large_image\" \/>\n<meta name=\"twitter:label1\" content=\"\u00c9crit par\" \/>\n\t<meta name=\"twitter:data1\" content=\"H\u00e9l\u00e8ne\" \/>\n\t<meta name=\"twitter:label2\" content=\"Dur\u00e9e de lecture estim\u00e9e\" \/>\n\t<meta name=\"twitter:data2\" content=\"1 minute\" \/>\n<script type=\"application\/ld+json\" class=\"yoast-schema-graph\">{\"@context\":\"https:\/\/schema.org\",\"@graph\":[{\"@type\":\"Article\",\"@id\":\"https:\/\/dev.centtreize.com\/rsr\/article\/eglise-et-eglises-reflexion-sur-les-questions-dautorite-dans-les-communautes-chretiennes-au-iie-siecle\/#article\",\"isPartOf\":{\"@id\":\"https:\/\/dev.centtreize.com\/rsr\/article\/eglise-et-eglises-reflexion-sur-les-questions-dautorite-dans-les-communautes-chretiennes-au-iie-siecle\/\"},\"author\":{\"name\":\"H\u00e9l\u00e8ne\",\"@id\":\"https:\/\/dev.centtreize.com\/rsr\/#\/schema\/person\/eb039ce63dcbc3fec0a6b81e43e29ad3\"},\"headline\":\"\u00c9glise et \u00c9glises : r\u00e9flexion sur les questions d\u2019autorit\u00e9 dans les communaut\u00e9s chr\u00e9tiennes au IIe si\u00e8cle\",\"datePublished\":\"2014-01-16T17:05:53+00:00\",\"dateModified\":\"2025-06-13T06:25:06+00:00\",\"mainEntityOfPage\":{\"@id\":\"https:\/\/dev.centtreize.com\/rsr\/article\/eglise-et-eglises-reflexion-sur-les-questions-dautorite-dans-les-communautes-chretiennes-au-iie-siecle\/\"},\"wordCount\":174,\"publisher\":{\"@id\":\"https:\/\/dev.centtreize.com\/rsr\/#organization\"},\"keywords\":[\"communaut\u00e9\",\"Eglise\",\"histoire\",\"origines chr\u00e9tiennes\"],\"articleSection\":[\"article\"],\"inLanguage\":\"fr-FR\"},{\"@type\":\"WebPage\",\"@id\":\"https:\/\/dev.centtreize.com\/rsr\/article\/eglise-et-eglises-reflexion-sur-les-questions-dautorite-dans-les-communautes-chretiennes-au-iie-siecle\/\",\"url\":\"https:\/\/dev.centtreize.com\/rsr\/article\/eglise-et-eglises-reflexion-sur-les-questions-dautorite-dans-les-communautes-chretiennes-au-iie-siecle\/\",\"name\":\"\u00c9glise et \u00c9glises : r\u00e9flexion sur les questions d\u2019autorit\u00e9 dans les communaut\u00e9s chr\u00e9tiennes au IIe si\u00e8cle - Recherches de Science Religieuse\",\"isPartOf\":{\"@id\":\"https:\/\/dev.centtreize.com\/rsr\/#website\"},\"datePublished\":\"2014-01-16T17:05:53+00:00\",\"dateModified\":\"2025-06-13T06:25:06+00:00\",\"breadcrumb\":{\"@id\":\"https:\/\/dev.centtreize.com\/rsr\/article\/eglise-et-eglises-reflexion-sur-les-questions-dautorite-dans-les-communautes-chretiennes-au-iie-siecle\/#breadcrumb\"},\"inLanguage\":\"fr-FR\",\"potentialAction\":[{\"@type\":\"ReadAction\",\"target\":[\"https:\/\/dev.centtreize.com\/rsr\/article\/eglise-et-eglises-reflexion-sur-les-questions-dautorite-dans-les-communautes-chretiennes-au-iie-siecle\/\"]}]},{\"@type\":\"BreadcrumbList\",\"@id\":\"https:\/\/dev.centtreize.com\/rsr\/article\/eglise-et-eglises-reflexion-sur-les-questions-dautorite-dans-les-communautes-chretiennes-au-iie-siecle\/#breadcrumb\",\"itemListElement\":[{\"@type\":\"ListItem\",\"position\":1,\"name\":\"Accueil\",\"item\":\"https:\/\/dev.centtreize.com\/rsr\/\"},{\"@type\":\"ListItem\",\"position\":2,\"name\":\"\u00c9glise et \u00c9glises : r\u00e9flexion sur les questions d\u2019autorit\u00e9 dans les communaut\u00e9s chr\u00e9tiennes au IIe si\u00e8cle\"}]},{\"@type\":\"WebSite\",\"@id\":\"https:\/\/dev.centtreize.com\/rsr\/#website\",\"url\":\"https:\/\/dev.centtreize.com\/rsr\/\",\"name\":\"Recherches de Science Religieuse\",\"description\":\"Recherches de Science Religieuse\",\"publisher\":{\"@id\":\"https:\/\/dev.centtreize.com\/rsr\/#organization\"},\"potentialAction\":[{\"@type\":\"SearchAction\",\"target\":{\"@type\":\"EntryPoint\",\"urlTemplate\":\"https:\/\/dev.centtreize.com\/rsr\/?s={search_term_string}\"},\"query-input\":{\"@type\":\"PropertyValueSpecification\",\"valueRequired\":true,\"valueName\":\"search_term_string\"}}],\"inLanguage\":\"fr-FR\"},{\"@type\":\"Organization\",\"@id\":\"https:\/\/dev.centtreize.com\/rsr\/#organization\",\"name\":\"Recherches de Science Religieuse\",\"url\":\"https:\/\/dev.centtreize.com\/rsr\/\",\"logo\":{\"@type\":\"ImageObject\",\"inLanguage\":\"fr-FR\",\"@id\":\"https:\/\/dev.centtreize.com\/rsr\/#\/schema\/logo\/image\/\",\"url\":\"https:\/\/dev.centtreize.com\/rsr\/wp-content\/uploads\/2024\/10\/logo_rsr.png\",\"contentUrl\":\"https:\/\/dev.centtreize.com\/rsr\/wp-content\/uploads\/2024\/10\/logo_rsr.png\",\"width\":300,\"height\":225,\"caption\":\"Recherches de Science Religieuse\"},\"image\":{\"@id\":\"https:\/\/dev.centtreize.com\/rsr\/#\/schema\/logo\/image\/\"}},{\"@type\":\"Person\",\"@id\":\"https:\/\/dev.centtreize.com\/rsr\/#\/schema\/person\/eb039ce63dcbc3fec0a6b81e43e29ad3\",\"name\":\"H\u00e9l\u00e8ne\",\"url\":\"https:\/\/dev.centtreize.com\/rsr\/author\/rsr\/\"}]}<\/script>\n<!-- \/ Yoast SEO plugin. -->","yoast_head_json":{"title":"\u00c9glise et \u00c9glises : r\u00e9flexion sur les questions d\u2019autorit\u00e9 dans les communaut\u00e9s chr\u00e9tiennes au IIe si\u00e8cle - Recherches de Science Religieuse","robots":{"index":"index","follow":"follow","max-snippet":"max-snippet:-1","max-image-preview":"max-image-preview:large","max-video-preview":"max-video-preview:-1"},"canonical":"https:\/\/dev.centtreize.com\/rsr\/article\/eglise-et-eglises-reflexion-sur-les-questions-dautorite-dans-les-communautes-chretiennes-au-iie-siecle\/","og_locale":"fr_FR","og_type":"article","og_title":"\u00c9glise et \u00c9glises : r\u00e9flexion sur les questions d\u2019autorit\u00e9 dans les communaut\u00e9s chr\u00e9tiennes au IIe si\u00e8cle - Recherches de Science Religieuse","og_description":"La conviction d\u2019appartenir \u00e0 une \u00c9glise unique, catholique puisque universelle, contribua \u00e0 forger l\u2019identit\u00e9 chr\u00e9tienne de petites communaut\u00e9s dispers\u00e9es, en butte \u00e0 l\u2019incompr\u00e9hension de leurs contemporains, mais ne put se dissocier de la revendication, au coeur de ces m\u00eames communaut\u00e9s, d\u2019un attachement \u00e0 l\u2019identit\u00e9 locale. Comme l\u2019Empire, dont elle adopte en grande part les structures, l\u2019\u00c9glise tire sa force de son enracinement dans la cit\u00e9. En cons\u00e9quence, le nom de chr\u00e9tien fut, tout au long du IIe si\u00e8cle, revendiqu\u00e9 par des individus issus de communaut\u00e9s dont les pratiques liturgiques, la structure de leur clerg\u00e9, voire leurs textes canoniques et leur profession de foi les distinguaient&nbsp;\u2013 ou les opposaient. L\u2019histoire de l\u2019\u00c9glise au II e si\u00e8cle est l\u2019histoire de cette expansion du christianisme, de la multiplication de ces communaut\u00e9s, et de la construction d\u2019une identit\u00e9 commune.","og_url":"https:\/\/dev.centtreize.com\/rsr\/article\/eglise-et-eglises-reflexion-sur-les-questions-dautorite-dans-les-communautes-chretiennes-au-iie-siecle\/","og_site_name":"Recherches de Science Religieuse","article_published_time":"2014-01-16T17:05:53+00:00","article_modified_time":"2025-06-13T06:25:06+00:00","author":"H\u00e9l\u00e8ne","twitter_card":"summary_large_image","twitter_misc":{"\u00c9crit par":"H\u00e9l\u00e8ne","Dur\u00e9e de lecture estim\u00e9e":"1 minute"},"schema":{"@context":"https:\/\/schema.org","@graph":[{"@type":"Article","@id":"https:\/\/dev.centtreize.com\/rsr\/article\/eglise-et-eglises-reflexion-sur-les-questions-dautorite-dans-les-communautes-chretiennes-au-iie-siecle\/#article","isPartOf":{"@id":"https:\/\/dev.centtreize.com\/rsr\/article\/eglise-et-eglises-reflexion-sur-les-questions-dautorite-dans-les-communautes-chretiennes-au-iie-siecle\/"},"author":{"name":"H\u00e9l\u00e8ne","@id":"https:\/\/dev.centtreize.com\/rsr\/#\/schema\/person\/eb039ce63dcbc3fec0a6b81e43e29ad3"},"headline":"\u00c9glise et \u00c9glises : r\u00e9flexion sur les questions d\u2019autorit\u00e9 dans les communaut\u00e9s chr\u00e9tiennes au IIe si\u00e8cle","datePublished":"2014-01-16T17:05:53+00:00","dateModified":"2025-06-13T06:25:06+00:00","mainEntityOfPage":{"@id":"https:\/\/dev.centtreize.com\/rsr\/article\/eglise-et-eglises-reflexion-sur-les-questions-dautorite-dans-les-communautes-chretiennes-au-iie-siecle\/"},"wordCount":174,"publisher":{"@id":"https:\/\/dev.centtreize.com\/rsr\/#organization"},"keywords":["communaut\u00e9","Eglise","histoire","origines chr\u00e9tiennes"],"articleSection":["article"],"inLanguage":"fr-FR"},{"@type":"WebPage","@id":"https:\/\/dev.centtreize.com\/rsr\/article\/eglise-et-eglises-reflexion-sur-les-questions-dautorite-dans-les-communautes-chretiennes-au-iie-siecle\/","url":"https:\/\/dev.centtreize.com\/rsr\/article\/eglise-et-eglises-reflexion-sur-les-questions-dautorite-dans-les-communautes-chretiennes-au-iie-siecle\/","name":"\u00c9glise et \u00c9glises : r\u00e9flexion sur les questions d\u2019autorit\u00e9 dans les communaut\u00e9s chr\u00e9tiennes au IIe si\u00e8cle - Recherches de Science Religieuse","isPartOf":{"@id":"https:\/\/dev.centtreize.com\/rsr\/#website"},"datePublished":"2014-01-16T17:05:53+00:00","dateModified":"2025-06-13T06:25:06+00:00","breadcrumb":{"@id":"https:\/\/dev.centtreize.com\/rsr\/article\/eglise-et-eglises-reflexion-sur-les-questions-dautorite-dans-les-communautes-chretiennes-au-iie-siecle\/#breadcrumb"},"inLanguage":"fr-FR","potentialAction":[{"@type":"ReadAction","target":["https:\/\/dev.centtreize.com\/rsr\/article\/eglise-et-eglises-reflexion-sur-les-questions-dautorite-dans-les-communautes-chretiennes-au-iie-siecle\/"]}]},{"@type":"BreadcrumbList","@id":"https:\/\/dev.centtreize.com\/rsr\/article\/eglise-et-eglises-reflexion-sur-les-questions-dautorite-dans-les-communautes-chretiennes-au-iie-siecle\/#breadcrumb","itemListElement":[{"@type":"ListItem","position":1,"name":"Accueil","item":"https:\/\/dev.centtreize.com\/rsr\/"},{"@type":"ListItem","position":2,"name":"\u00c9glise et \u00c9glises : r\u00e9flexion sur les questions d\u2019autorit\u00e9 dans les communaut\u00e9s chr\u00e9tiennes au IIe si\u00e8cle"}]},{"@type":"WebSite","@id":"https:\/\/dev.centtreize.com\/rsr\/#website","url":"https:\/\/dev.centtreize.com\/rsr\/","name":"Recherches de Science Religieuse","description":"Recherches de Science Religieuse","publisher":{"@id":"https:\/\/dev.centtreize.com\/rsr\/#organization"},"potentialAction":[{"@type":"SearchAction","target":{"@type":"EntryPoint","urlTemplate":"https:\/\/dev.centtreize.com\/rsr\/?s={search_term_string}"},"query-input":{"@type":"PropertyValueSpecification","valueRequired":true,"valueName":"search_term_string"}}],"inLanguage":"fr-FR"},{"@type":"Organization","@id":"https:\/\/dev.centtreize.com\/rsr\/#organization","name":"Recherches de Science Religieuse","url":"https:\/\/dev.centtreize.com\/rsr\/","logo":{"@type":"ImageObject","inLanguage":"fr-FR","@id":"https:\/\/dev.centtreize.com\/rsr\/#\/schema\/logo\/image\/","url":"https:\/\/dev.centtreize.com\/rsr\/wp-content\/uploads\/2024\/10\/logo_rsr.png","contentUrl":"https:\/\/dev.centtreize.com\/rsr\/wp-content\/uploads\/2024\/10\/logo_rsr.png","width":300,"height":225,"caption":"Recherches de Science Religieuse"},"image":{"@id":"https:\/\/dev.centtreize.com\/rsr\/#\/schema\/logo\/image\/"}},{"@type":"Person","@id":"https:\/\/dev.centtreize.com\/rsr\/#\/schema\/person\/eb039ce63dcbc3fec0a6b81e43e29ad3","name":"H\u00e9l\u00e8ne","url":"https:\/\/dev.centtreize.com\/rsr\/author\/rsr\/"}]}},"_links":{"self":[{"href":"https:\/\/dev.centtreize.com\/rsr\/wp-json\/wp\/v2\/posts\/2581","targetHints":{"allow":["GET"]}}],"collection":[{"href":"https:\/\/dev.centtreize.com\/rsr\/wp-json\/wp\/v2\/posts"}],"about":[{"href":"https:\/\/dev.centtreize.com\/rsr\/wp-json\/wp\/v2\/types\/post"}],"author":[{"embeddable":true,"href":"https:\/\/dev.centtreize.com\/rsr\/wp-json\/wp\/v2\/users\/2"}],"replies":[{"embeddable":true,"href":"https:\/\/dev.centtreize.com\/rsr\/wp-json\/wp\/v2\/comments?post=2581"}],"version-history":[{"count":7,"href":"https:\/\/dev.centtreize.com\/rsr\/wp-json\/wp\/v2\/posts\/2581\/revisions"}],"predecessor-version":[{"id":17099,"href":"https:\/\/dev.centtreize.com\/rsr\/wp-json\/wp\/v2\/posts\/2581\/revisions\/17099"}],"wp:attachment":[{"href":"https:\/\/dev.centtreize.com\/rsr\/wp-json\/wp\/v2\/media?parent=2581"}],"wp:term":[{"taxonomy":"category","embeddable":true,"href":"https:\/\/dev.centtreize.com\/rsr\/wp-json\/wp\/v2\/categories?post=2581"},{"taxonomy":"post_tag","embeddable":true,"href":"https:\/\/dev.centtreize.com\/rsr\/wp-json\/wp\/v2\/tags?post=2581"},{"taxonomy":"keywords","embeddable":true,"href":"https:\/\/dev.centtreize.com\/rsr\/wp-json\/wp\/v2\/keywords?post=2581"}],"curies":[{"name":"wp","href":"https:\/\/api.w.org\/{rel}","templated":true}]}}