{"id":2498,"date":"2013-12-11T16:34:21","date_gmt":"2013-12-11T15:34:21","guid":{"rendered":"http:\/\/dev.revue-rsr.com\/?p=2498"},"modified":"2024-09-24T06:59:08","modified_gmt":"2024-09-24T05:59:08","slug":"quand-leglise-propose-la-liturgie-comme-une-action-du-corps-du-christ","status":"publish","type":"post","link":"https:\/\/dev.centtreize.com\/rsr\/edito\/quand-leglise-propose-la-liturgie-comme-une-action-du-corps-du-christ\/","title":{"rendered":"Quand l\u2019\u00c9glise propose la liturgie comme une action du \u00ab corps du Christ \u00bb&#8230;"},"content":{"rendered":"<p>La Liturgie apr\u00e8s Vatican II&nbsp;: quelles fid\u00e9lit\u00e9s cr\u00e9atrices&nbsp;?<\/p>\n<p><em>Quand l\u2019\u00c9glise propose la liturgie comme une action du&nbsp;\u00ab&nbsp;corps du Christ&nbsp;\u00bb dans un acte public de culte, elle adresse une formidable question \u00e0 la culture moderne. Cette derni\u00e8re conna\u00eet en effet de nombreux rites que les sciences humaines ont largement analys\u00e9s selon leurs m\u00e9thodes propres (cf. <\/em>Enjeux du rite dans la modernit\u00e9, RSR<em> 78 [1990], nos 3 et 4) alors que la modernit\u00e9 rel\u00e8gue la religion dans la sph\u00e8re priv\u00e9e. Celle-ci s\u2019\u00e9tonne donc que le christianisme propose un rapport \u00e0 Dieu dans un culte public. Aujourd\u2019hui cet \u00e9tonnement se transforme d\u2019ailleurs plus fr\u00e9quemment en perte de plausibilit\u00e9, l\u2019homme contemporain ayant perdu en Occident l\u2019\u00e9vidence avec laquelle il entrait autrefois dans l\u2019univers symbolique de la tradition rituelle du christianisme. Est-il encore <\/em>homo liturgicus<em>? <\/em><br \/>\n<em>Une r\u00e9flexion anthropologique s\u2019av\u00e8re donc n\u00e9cessaire pour comprendre la nature sociale de la liturgie dans l\u2019\u00c9glise. M.-D. Chenu l\u2019avait fait en son temps dans&nbsp;\u00ab&nbsp;Anthropologie et liturgie&nbsp;\u00bb (cf. <\/em>Unam sanctam<em>, no 66, Paris, 1967, 159-177) consid\u00e9rant alors la liturgie comme une s\u00e9rie d\u2019actions d\u00e9velopp\u00e9es par des collectivit\u00e9s o\u00f9 chacun est acteur et non spectateur. La liturgie lui apparaissait n\u00e9cessairement communautaire pour la raison qu\u2019elle exprime, dans le corps mystique du Christ, la nature essentiellement sociale de l\u2019homme. Cette r\u00e9flexion anthropologique a \u00e9t\u00e9 ensuite men\u00e9e par L.-M. Chauvet sous l\u2019angle du langage rituel (cf. <\/em>RSR<em> 75\/2 [1987], 81-106 et 78\/4 [1990], 535-564). Il s\u2019agit l\u00e0, pour cet auteur, de quelque chose de l\u2019ordre d\u2019une pragmatique plut\u00f4t que de celui d\u2019une s\u00e9mantique, le rite chr\u00e9tien fonctionnant en de\u00e7\u00e0 des signifi\u00e9s. La crise contemporaine du rite en christianisme viendrait alors de la difficult\u00e9 \u00e0 n\u00e9gocier l\u2019\u00e9cart entre l\u2019h\u00e9t\u00e9rotopie maximale et l\u2019h\u00e9t\u00e9rotopie minimale, entre hi\u00e9ratisme et banalisation. La dimension sociale de l\u2019homme croyant et la performativit\u00e9 liturgique qui s\u2019op\u00e8rent dans le culte, lib\u00e8rent la foi d\u2019une concentration excessive sur la fides quae et sur la moralit\u00e9. Le lieu liturgique peut \u00eatre alors th\u00e9ologiquement compris comme public et social. En effet, il restitue la situation d\u2019appel et de r\u00e9ponse que font entendre les \u00c9critures qui forment le coeur et l\u2019ossature de l\u2019euchologie rituelle. C\u2019est pourquoi la constitution conciliaire sur la liturgie <\/em>Sacrosanctum concililum<em> (1963), met au centre de la d\u00e9finition de la liturgie le Verbe fait chair et le Christ en son myst\u00e8re pascal. Avec ce dossier sur&nbsp;\u00ab&nbsp;la Liturgie apr\u00e8s Vatican II&nbsp;\u00bb, la revue renoue donc avec le premier num\u00e9ro de 2012 sur&nbsp;\u00ab&nbsp;Le concile Vatican II en d\u00e9bat&nbsp;\u00bb. Apr\u00e8s la difficile travers\u00e9e d\u2019un&nbsp;\u00ab&nbsp;vide&nbsp;\u00bb et le temps n\u00e9cessaire \u00e0 la formation d\u2019une&nbsp;\u00ab&nbsp;conscience conciliaire (1962), l\u2019assembl\u00e9e parvenait en automne 1963 \u00e0 promulguer ses deux premiers textes, la Constitution sur la sainte Liturgie et le D\u00e9cret sur les moyens de communication sociale&nbsp;; double expression de la vision conciliaire de Paul VI&nbsp;\u00ab&nbsp;d\u2019unir ensemble vie int\u00e9rieure et vie ext\u00e9rieure, contemplation et action, pri\u00e8re et apostolat&nbsp;\u00bb (<\/em>Allocution pour la cl\u00f4ture de la deuxi\u00e8me session<em>, 4 d\u00e9cembre 1963). Or, si nous revenons, au d\u00e9but du Cinquantenaire de Vatican II, \u00e0 <\/em>Sacrosanctum concilium<em>, ce n\u2019est pas seulement parce que c\u2019est le premier texte promulgu\u00e9 qui, dans son Pr\u00e9ambule (no 1), trace effectivement le programme du Concile, mais encore et surtout parce que les conflits herm\u00e9neutiques qui ont jalonn\u00e9 l\u2019histoire de la r\u00e9ception trouvent leur&nbsp;\u00ab&nbsp;\u00e9picentre&nbsp;\u00bb dans les d\u00e9bats anciens et r\u00e9cents sur la liturgie, l\u2019impact des r\u00e9formes liturgiques, inaugur\u00e9es par ce texte, sur le peuple chr\u00e9tien restant sans aucun doute la face la plus visible de la mutation postconciliaire v\u00e9cue par l\u2019\u00c9glise catholique.<\/em><br \/>\n<em>Trois questions traversent ce dossier. La premi\u00e8re porte sur la place de la Constitution dans l\u2019ensemble du corpus et de l\u2019\u00e9v\u00e9nement conciliaires. D\u00e9j\u00e0 Giuseppe Dossetti avait consid\u00e9r\u00e9, dans ses le\u00e7ons de 1965 (cf.&nbsp;\u00ab&nbsp;Per une&nbsp;\u201cChiesa eucaristica\u201d&nbsp;\u00bb, \u00e9d. Bologna, 2002), avait consid\u00e9r\u00e9 <\/em>Sacrosanctum concilium<em> comme une cl\u00e9 pour l\u2019herm\u00e9neutique du Concile. On ne peut nier en effet que c\u2019est dans ce texte que le Concile approche au plus pr\u00e8s et d\u00e9passe les limites du paradigme dogmatique, forg\u00e9 par la n\u00e9oscolastique et mis en question par une nouvelle attention \u00e0 la&nbsp;\u00ab&nbsp;pastoralit\u00e9&nbsp;\u00bb de la doctrine chr\u00e9tienne comme \u00e0 la mani\u00e8re de l\u2019homme contemporain d\u2019habiter le monde et son univers symbolique. L\u2019article de Patrick Pr\u00e9tot qui ouvre ce num\u00e9ro et qui s\u2019interroge sur&nbsp;\u00ab&nbsp;la place de la Constitution sur la liturgie dans l\u2019herm\u00e9neutique de Vatican II&nbsp;\u00bb traite plus particuli\u00e8rement de ce probl\u00e8me, renouant avantageusement avec le dossier pr\u00e9sent\u00e9 en 2012.<\/em><br \/>\n<em>Une deuxi\u00e8me question, plus historique, porte sur l\u2019enracinement de la Constitution dans le Mouvement liturgique dont les origines lointaines remontent \u00e0 la premi\u00e8re moiti\u00e9 du XIXe si\u00e8cle. L\u2019opposition st\u00e9rile entre une&nbsp;\u00ab&nbsp;herm\u00e9neutique de continuit\u00e9&nbsp;\u00bb et une&nbsp;\u00ab&nbsp;herm\u00e9neutique de discontinuit\u00e9&nbsp;\u00bb risque de se r\u00e9percuter dans l\u2019appel, entendu aujourd\u2019hui, \u00e0 un&nbsp;\u00ab&nbsp;nouveau mouvement liturgique&nbsp;\u00bb alors qu\u2019on peut d\u00e9crire les diff\u00e9rentes phases ante- et postconciliaires de ce Mouvement, toujours vivant et ouvert, comme port\u00e9e par une unique et m\u00eame question d\u00e9clin\u00e9e diff\u00e9remment&nbsp;: le probl\u00e8me d\u2019une n\u00e9cessaire ritualisation de la r\u00e9v\u00e9lation et de la foi. Dans le dernier article de ce dossier sur&nbsp;\u00ab&nbsp;la tradition liturgique dans le monde postmoderne&nbsp;\u00bb, Andrea Grillo aborde cette question de front, montrant avec beaucoup de finesse que la crise de la tradition rituelle du christianisme ne peut \u00eatre d\u00e9pass\u00e9e qu\u2019en retrouvant aujourd\u2019hui autrement&nbsp;\u00abl\u2019interaction entre action de l\u2019homme et action de Dieu, entre visibilit\u00e9 et invisibilit\u00e9, entre ext\u00e9rieur et int\u00e9rieur, entre culte et sanctification&nbsp;\u00bb, en acceptant donc un v\u00e9ritable&nbsp;\u00ab&nbsp;changement paradigmatique&nbsp;\u00bb pour maintenir la continuit\u00e9 de la foi.<\/em><br \/>\n<em>\u00c0 l\u2019arri\u00e8re-plan de cette double interrogation sur la place de la Constitution <\/em>Sacrosanctum concilium<em> dans l\u2019\u0153uvre du Concile et dans l\u2019histoire du Mouvement\u00a0liturgique se fait donc entendre un appel urgent \u00e0 une r\u00e9flexion anthropologique . Par l\u00e0, on touche au troisi\u00e8me questionnement de ce num\u00e9ro, abord\u00e9 sous l\u2019angle de la&nbsp;\u00ab&nbsp;traduction&nbsp;\u00bb, dans une perspective plus pratique dans les articles d\u2019Andr\u00e9 Haquin (Belgique), de Martin Kl\u00f6ckener (Suisse) et de Martin Stuflesser (Allemagne) et dans une perspective de th\u00e9ologie fondamentale avec Andrea Grillo (Italie)&nbsp;: la liturgie catholique, est-elle un&nbsp;\u00ab&nbsp;lieu&nbsp;\u00bb o\u00f9 s\u2019expriment des fid\u00e9lit\u00e9s cr\u00e9atrices&nbsp;? La question exige d\u2019\u00eatre trait\u00e9e sous diff\u00e9rents angles&nbsp;: elle n\u00e9cessite des enqu\u00eates pr\u00e9cises quant \u00e0 la pratique effective des \u00c9glises et des comparaisons historiques pour sortir d\u2019une id\u00e9ologisation n\u00e9faste, un d\u00e9bat sur le plurilinguisme dans la tradition chr\u00e9tienne, tent\u00e9e de consid\u00e9rer le latin comme langue sacr\u00e9e, ou encore une r\u00e9flexion eccl\u00e9siologique sur l\u2019ajustement de la norme et d\u2019une libert\u00e9 cr\u00e9atrice. Sur le plan d\u2019une th\u00e9ologie fondamentale de la liturgie, l\u2019int\u00e9gration d\u2019approches anthropologiques (au sens strict du terme) de la ritualit\u00e9 sociale conduit \u00e0 s\u2019interroger sur les pr\u00e9suppos\u00e9s m\u00eames de la modernit\u00e9 occidentale et sur ses effets pervers, voire ses appauvrissements contemporains.<\/em><br \/>\n<em>\u00c0 la suite de Pierangelo Sequeri, Andrea Grillo milite ici pour un second tournant anthropologique qui s\u2019explicite, sur le plan de la liturgie, par un nouveau type de rapport entre les termes classiques de l\u2019explicatio sacramenti que sont sa&nbsp;\u00ab&nbsp;forme&nbsp;\u00bb, sa&nbsp;\u00ab&nbsp;mati\u00e8re&nbsp;\u00bb et son rapport au&nbsp;\u00ab&nbsp;minist\u00e8re&nbsp;\u00bb. Nos lecteurs pourront \u00eatre \u00e9tonn\u00e9s de ce que les <\/em>Recherches de Science Religieuse<em> traitent de questions liturgiques. Cette br\u00e8ve pr\u00e9sentation et l\u2019ensemble du dossier les convaincra, nous l\u2019esp\u00e9rons, de ce qu\u2019il ne faut pas renoncer \u00e0 l\u2019interaction entre la discipline&nbsp;\u00ab&nbsp;scientifique&nbsp;\u00bb, issue du Mouvement liturgique, et la th\u00e9ologie proprement dite&nbsp;; les articles ici rassembl\u00e9s voudraient en \u00eatre une belle d\u00e9monstration. Cette collaboration heureuse a d\u00e9j\u00e0 eu lieu pendant le Concile, et elle est internationale&nbsp;; la provenance des auteurs de diff\u00e9rents pays europ\u00e9ens reproduit en effet&nbsp;\u2013 de mani\u00e8re quelque peu anachronique, avouons-le&nbsp;\u2013 le triangle des trois espaces linguistiques impliqu\u00e9s prioritairement dans la r\u00e9daction de <\/em>Sacrosanctum concilium<em>.<\/em><br \/>\n<em>Qu\u2019il nous soit permis de nous interroger pour finir sur la formule centrale de ce texte, plusieurs fois cit\u00e9e par les auteurs de ce num\u00e9ro&nbsp;:&nbsp;\u00ab&nbsp;Toutefois (attamen), la liturgie est le sommet auquel tend l\u2019action de l\u2019\u00c9glise et en m\u00eame temps la source d\u2019o\u00f9 d\u00e9coule toute sa vertu&nbsp;\u00bb (<\/em>SC<em>, 9). L\u2019\u00e9tonnant&nbsp;\u00ab&nbsp;toutefois&nbsp;\u00bb (presque toujours \u00e9limin\u00e9 dans nos mani\u00e8res de citer) situe la liturgie sur un chemin&nbsp;: un chemin d\u2019acc\u00e8s d\u2019ailleurs largement \u00e9voqu\u00e9 juste avant (\u00ab&nbsp;La liturgie ne remplit pas toute l\u2019activit\u00e9 de l\u2019\u00c9glise\u2026&nbsp;\u00bb), chemin de&nbsp;\u00ab&nbsp;glorification de Dieu&nbsp;\u00bb (<\/em>SC<em>, 9) qui continue bien apr\u00e8s la&nbsp;\u00ab&nbsp;sortie de l\u2019\u00c9glise&nbsp;\u00bb. Si l\u2019on parle d\u2019une n\u00e9cessaire ritualisation de la r\u00e9v\u00e9lation et de la foi&nbsp;\u2013 question qui hante l\u2019ensemble du Mouvement liturgique&nbsp;\u2013, comment honorer le type de pr\u00e9sence de l\u2019\u00c9glise dans la soci\u00e9t\u00e9 gr\u00e2ce \u00e0 une hospitalit\u00e9 \u00e9l\u00e9mentaire, toujours plus ou moins complexe, plus ou moins ritualis\u00e9e, et surtout si l\u2019on tient bien compte du fait que le minist\u00e8re de J\u00e9sus au sein des r\u00e9alit\u00e9s avant-derni\u00e8res pr\u00e9parait, en dehors du temple, une&nbsp;\u00ab&nbsp;liturgie&nbsp;\u00bb dont il ne faut jamais oublier le caract\u00e8re dramatique&nbsp;? Si les num\u00e9ros de 2012 de notre revue se laissaient ais\u00e9ment regrouper autour d\u2019un questionnement eccl\u00e9siologique&nbsp;\u2013&nbsp;\u00ab&nbsp;Pourquoi l\u2019\u00c9glise&nbsp;\u00bb,&nbsp;\u2013 ceux de cette ann\u00e9e\u00a0prendront une tournure davantage anthropologique&nbsp;; on vient de le comprendre. Le num\u00e9ro 3 offrira aux lecteurs le dossier pr\u00e9paratoire au Colloque des <\/em>RSR<em> qui aura lieu les 14, 15 et 16 novembre 2013 (cf. annonce p. 159). Il abordera, lui aussi, une th\u00e9matique anthropologique&nbsp;:&nbsp;\u00ab&nbsp;Penser la diff\u00e9rence dans la crise culturelle de l\u2019Europe&nbsp;\u2013 L\u2019exp\u00e9rience chr\u00e9tienne sollicit\u00e9e&nbsp;\u00bb. Dans le num\u00e9ro 2, le lecteur trouvera, entre autres, quelques-uns des apports au Colloque, organis\u00e9 en 2010 par la revue et l\u2019Institut catholique de la M\u00e9diterran\u00e9e (Marseille), sur les rapports entre&nbsp;\u00ab&nbsp;sciences religieuses&nbsp;\u00bb et th\u00e9ologie tandis que le dernier num\u00e9ro de cette ann\u00e9e poursuivra la recherche sur le&nbsp;\u00ab&nbsp;J\u00e9sus historique&nbsp;\u00bb (Colloque <\/em>RSR<em> publi\u00e9 en 2010) en revisitant les origines chr\u00e9tiennes.<\/em><br \/>\n<em>N\u2019oublions pas non plus la s\u00e9rie de nos Bulletins scientifiques qui refl\u00e8tent le champ bien mobile de la recherche th\u00e9ologique. Un nouveau bulletin d\u2019anthropologie th\u00e9ologique a donc \u00e9t\u00e9 cr\u00e9\u00e9 et confi\u00e9 \u00e0 Jean-Baptiste Lecuit (Lille) ainsi que deux bulletins en histoire moderne et contemporaine, \u00e9labor\u00e9s par Yves Krumenacker (Lyon) et Christian Sorrel (Lyon)&nbsp;; \u00c9tienne Grieu (Paris) s\u2019est charg\u00e9 du Bulletin de th\u00e9ologie sacramentaire. Par ailleurs, le Comit\u00e9 de r\u00e9daction est heureux de pouvoir compter d\u00e9sormais sur les comp\u00e9tences de Jean Greisch (Paris). <\/em><br \/>\n<em>Que ce premier \u00e9ditorial de 2013 renouvelle \u00e0 nos lecteurs nos remerciements pour leur infatigable fid\u00e9lit\u00e9. Sans leur int\u00e9r\u00eat et leur curiosit\u00e9 intellectuelle, les <\/em>RSR<em> ne pourraient continuer leur labeur au service de la th\u00e9ologie et de l\u2019\u00c9glise.<\/em><\/p>\n","protected":false},"excerpt":{"rendered":"<p>La Liturgie apr\u00e8s Vatican II&nbsp;: quelles fid\u00e9lit\u00e9s cr\u00e9atrices&nbsp;? Quand l\u2019\u00c9glise propose la liturgie comme une action du&nbsp;\u00ab&nbsp;corps du Christ&nbsp;\u00bb dans un acte public de culte, elle adresse une formidable question \u00e0 la culture moderne. Cette derni\u00e8re conna\u00eet en effet de nombreux rites que les sciences humaines ont largement analys\u00e9s selon leurs m\u00e9thodes propres (cf. Enjeux du rite dans la modernit\u00e9, RSR 78 [1990], nos 3 et 4) alors que la modernit\u00e9 rel\u00e8gue la religion dans la sph\u00e8re priv\u00e9e. Celle-ci s\u2019\u00e9tonne donc que le christianisme propose un rapport \u00e0 Dieu dans un culte public. Aujourd\u2019hui cet \u00e9tonnement se transforme d\u2019ailleurs plus fr\u00e9quemment en perte de plausibilit\u00e9, l\u2019homme contemporain ayant perdu en Occident l\u2019\u00e9vidence avec laquelle il entrait autrefois dans l\u2019univers symbolique de la tradition rituelle du christianisme. Est-il encore homo liturgicus? Une r\u00e9flexion anthropologique s\u2019av\u00e8re donc n\u00e9cessaire pour comprendre la nature sociale de la liturgie dans l\u2019\u00c9glise. M.-D. Chenu l\u2019avait fait en son temps dans&nbsp;\u00ab&nbsp;Anthropologie et liturgie&nbsp;\u00bb (cf. Unam sanctam, no<a class=\"read-more\" href=\"https:\/\/dev.centtreize.com\/rsr\/edito\/quand-leglise-propose-la-liturgie-comme-une-action-du-corps-du-christ\/\"><\/a><\/p>\n","protected":false},"author":2,"featured_media":0,"comment_status":"open","ping_status":"open","sticky":false,"template":"","format":"standard","meta":{"_acf_changed":false,"footnotes":""},"categories":[8],"tags":[80,87,3],"keywords":[],"class_list":["post-2498","post","type-post","status-publish","format-standard","hentry","category-edito","tag-liturgie","tag-sacrosanctum-concilium","tag-vatican-ii"],"acf":[],"yoast_head":"<!-- This site is optimized with the Yoast SEO plugin v27.2 - https:\/\/yoast.com\/product\/yoast-seo-wordpress\/ -->\n<title>Quand l\u2019\u00c9glise propose la liturgie comme une action du \u00ab corps du Christ \u00bb... - Recherches de Science Religieuse<\/title>\n<meta name=\"robots\" content=\"index, follow, max-snippet:-1, max-image-preview:large, max-video-preview:-1\" \/>\n<link rel=\"canonical\" href=\"https:\/\/dev.centtreize.com\/rsr\/edito\/quand-leglise-propose-la-liturgie-comme-une-action-du-corps-du-christ\/\" \/>\n<meta property=\"og:locale\" content=\"fr_FR\" \/>\n<meta property=\"og:type\" content=\"article\" \/>\n<meta property=\"og:title\" content=\"Quand l\u2019\u00c9glise propose la liturgie comme une action du \u00ab corps du Christ \u00bb... - Recherches de Science Religieuse\" \/>\n<meta property=\"og:description\" content=\"La Liturgie apr\u00e8s Vatican II&nbsp;: quelles fid\u00e9lit\u00e9s cr\u00e9atrices&nbsp;? Quand l\u2019\u00c9glise propose la liturgie comme une action du&nbsp;\u00ab&nbsp;corps du Christ&nbsp;\u00bb dans un acte public de culte, elle adresse une formidable question \u00e0 la culture moderne. Cette derni\u00e8re conna\u00eet en effet de nombreux rites que les sciences humaines ont largement analys\u00e9s selon leurs m\u00e9thodes propres (cf. Enjeux du rite dans la modernit\u00e9, RSR 78 [1990], nos 3 et 4) alors que la modernit\u00e9 rel\u00e8gue la religion dans la sph\u00e8re priv\u00e9e. Celle-ci s\u2019\u00e9tonne donc que le christianisme propose un rapport \u00e0 Dieu dans un culte public. Aujourd\u2019hui cet \u00e9tonnement se transforme d\u2019ailleurs plus fr\u00e9quemment en perte de plausibilit\u00e9, l\u2019homme contemporain ayant perdu en Occident l\u2019\u00e9vidence avec laquelle il entrait autrefois dans l\u2019univers symbolique de la tradition rituelle du christianisme. Est-il encore homo liturgicus? Une r\u00e9flexion anthropologique s\u2019av\u00e8re donc n\u00e9cessaire pour comprendre la nature sociale de la liturgie dans l\u2019\u00c9glise. M.-D. Chenu l\u2019avait fait en son temps dans&nbsp;\u00ab&nbsp;Anthropologie et liturgie&nbsp;\u00bb (cf. Unam sanctam, no\" \/>\n<meta property=\"og:url\" content=\"https:\/\/dev.centtreize.com\/rsr\/edito\/quand-leglise-propose-la-liturgie-comme-une-action-du-corps-du-christ\/\" \/>\n<meta property=\"og:site_name\" content=\"Recherches de Science Religieuse\" \/>\n<meta property=\"article:published_time\" content=\"2013-12-11T15:34:21+00:00\" \/>\n<meta property=\"article:modified_time\" content=\"2024-09-24T05:59:08+00:00\" \/>\n<meta name=\"author\" content=\"H\u00e9l\u00e8ne\" \/>\n<meta name=\"twitter:card\" content=\"summary_large_image\" \/>\n<meta name=\"twitter:label1\" content=\"\u00c9crit par\" \/>\n\t<meta name=\"twitter:data1\" content=\"H\u00e9l\u00e8ne\" \/>\n\t<meta name=\"twitter:label2\" content=\"Dur\u00e9e de lecture estim\u00e9e\" \/>\n\t<meta name=\"twitter:data2\" content=\"10 minutes\" \/>\n<script type=\"application\/ld+json\" class=\"yoast-schema-graph\">{\"@context\":\"https:\/\/schema.org\",\"@graph\":[{\"@type\":\"Article\",\"@id\":\"https:\/\/dev.centtreize.com\/rsr\/edito\/quand-leglise-propose-la-liturgie-comme-une-action-du-corps-du-christ\/#article\",\"isPartOf\":{\"@id\":\"https:\/\/dev.centtreize.com\/rsr\/edito\/quand-leglise-propose-la-liturgie-comme-une-action-du-corps-du-christ\/\"},\"author\":{\"name\":\"H\u00e9l\u00e8ne\",\"@id\":\"https:\/\/dev.centtreize.com\/rsr\/#\/schema\/person\/eb039ce63dcbc3fec0a6b81e43e29ad3\"},\"headline\":\"Quand l\u2019\u00c9glise propose la liturgie comme une action du \u00ab corps du Christ \u00bb&#8230;\",\"datePublished\":\"2013-12-11T15:34:21+00:00\",\"dateModified\":\"2024-09-24T05:59:08+00:00\",\"mainEntityOfPage\":{\"@id\":\"https:\/\/dev.centtreize.com\/rsr\/edito\/quand-leglise-propose-la-liturgie-comme-une-action-du-corps-du-christ\/\"},\"wordCount\":1941,\"commentCount\":0,\"publisher\":{\"@id\":\"https:\/\/dev.centtreize.com\/rsr\/#organization\"},\"keywords\":[\"liturgie\",\"Sacrosanctum concilium\",\"Vatican II\"],\"articleSection\":[\"edito\"],\"inLanguage\":\"fr-FR\",\"potentialAction\":[{\"@type\":\"CommentAction\",\"name\":\"Comment\",\"target\":[\"https:\/\/dev.centtreize.com\/rsr\/edito\/quand-leglise-propose-la-liturgie-comme-une-action-du-corps-du-christ\/#respond\"]}]},{\"@type\":\"WebPage\",\"@id\":\"https:\/\/dev.centtreize.com\/rsr\/edito\/quand-leglise-propose-la-liturgie-comme-une-action-du-corps-du-christ\/\",\"url\":\"https:\/\/dev.centtreize.com\/rsr\/edito\/quand-leglise-propose-la-liturgie-comme-une-action-du-corps-du-christ\/\",\"name\":\"Quand l\u2019\u00c9glise propose la liturgie comme une action du \u00ab corps du Christ \u00bb... - Recherches de Science Religieuse\",\"isPartOf\":{\"@id\":\"https:\/\/dev.centtreize.com\/rsr\/#website\"},\"datePublished\":\"2013-12-11T15:34:21+00:00\",\"dateModified\":\"2024-09-24T05:59:08+00:00\",\"breadcrumb\":{\"@id\":\"https:\/\/dev.centtreize.com\/rsr\/edito\/quand-leglise-propose-la-liturgie-comme-une-action-du-corps-du-christ\/#breadcrumb\"},\"inLanguage\":\"fr-FR\",\"potentialAction\":[{\"@type\":\"ReadAction\",\"target\":[\"https:\/\/dev.centtreize.com\/rsr\/edito\/quand-leglise-propose-la-liturgie-comme-une-action-du-corps-du-christ\/\"]}]},{\"@type\":\"BreadcrumbList\",\"@id\":\"https:\/\/dev.centtreize.com\/rsr\/edito\/quand-leglise-propose-la-liturgie-comme-une-action-du-corps-du-christ\/#breadcrumb\",\"itemListElement\":[{\"@type\":\"ListItem\",\"position\":1,\"name\":\"Accueil\",\"item\":\"https:\/\/dev.centtreize.com\/rsr\/\"},{\"@type\":\"ListItem\",\"position\":2,\"name\":\"Quand l\u2019\u00c9glise propose la liturgie comme une action du \u00ab corps du Christ \u00bb&#8230;\"}]},{\"@type\":\"WebSite\",\"@id\":\"https:\/\/dev.centtreize.com\/rsr\/#website\",\"url\":\"https:\/\/dev.centtreize.com\/rsr\/\",\"name\":\"Recherches de Science Religieuse\",\"description\":\"Recherches de Science Religieuse\",\"publisher\":{\"@id\":\"https:\/\/dev.centtreize.com\/rsr\/#organization\"},\"potentialAction\":[{\"@type\":\"SearchAction\",\"target\":{\"@type\":\"EntryPoint\",\"urlTemplate\":\"https:\/\/dev.centtreize.com\/rsr\/?s={search_term_string}\"},\"query-input\":{\"@type\":\"PropertyValueSpecification\",\"valueRequired\":true,\"valueName\":\"search_term_string\"}}],\"inLanguage\":\"fr-FR\"},{\"@type\":\"Organization\",\"@id\":\"https:\/\/dev.centtreize.com\/rsr\/#organization\",\"name\":\"Recherches de Science Religieuse\",\"url\":\"https:\/\/dev.centtreize.com\/rsr\/\",\"logo\":{\"@type\":\"ImageObject\",\"inLanguage\":\"fr-FR\",\"@id\":\"https:\/\/dev.centtreize.com\/rsr\/#\/schema\/logo\/image\/\",\"url\":\"https:\/\/dev.centtreize.com\/rsr\/wp-content\/uploads\/2024\/10\/logo_rsr.png\",\"contentUrl\":\"https:\/\/dev.centtreize.com\/rsr\/wp-content\/uploads\/2024\/10\/logo_rsr.png\",\"width\":300,\"height\":225,\"caption\":\"Recherches de Science Religieuse\"},\"image\":{\"@id\":\"https:\/\/dev.centtreize.com\/rsr\/#\/schema\/logo\/image\/\"}},{\"@type\":\"Person\",\"@id\":\"https:\/\/dev.centtreize.com\/rsr\/#\/schema\/person\/eb039ce63dcbc3fec0a6b81e43e29ad3\",\"name\":\"H\u00e9l\u00e8ne\",\"url\":\"https:\/\/dev.centtreize.com\/rsr\/author\/rsr\/\"}]}<\/script>\n<!-- \/ Yoast SEO plugin. -->","yoast_head_json":{"title":"Quand l\u2019\u00c9glise propose la liturgie comme une action du \u00ab corps du Christ \u00bb... - Recherches de Science Religieuse","robots":{"index":"index","follow":"follow","max-snippet":"max-snippet:-1","max-image-preview":"max-image-preview:large","max-video-preview":"max-video-preview:-1"},"canonical":"https:\/\/dev.centtreize.com\/rsr\/edito\/quand-leglise-propose-la-liturgie-comme-une-action-du-corps-du-christ\/","og_locale":"fr_FR","og_type":"article","og_title":"Quand l\u2019\u00c9glise propose la liturgie comme une action du \u00ab corps du Christ \u00bb... - Recherches de Science Religieuse","og_description":"La Liturgie apr\u00e8s Vatican II&nbsp;: quelles fid\u00e9lit\u00e9s cr\u00e9atrices&nbsp;? Quand l\u2019\u00c9glise propose la liturgie comme une action du&nbsp;\u00ab&nbsp;corps du Christ&nbsp;\u00bb dans un acte public de culte, elle adresse une formidable question \u00e0 la culture moderne. Cette derni\u00e8re conna\u00eet en effet de nombreux rites que les sciences humaines ont largement analys\u00e9s selon leurs m\u00e9thodes propres (cf. Enjeux du rite dans la modernit\u00e9, RSR 78 [1990], nos 3 et 4) alors que la modernit\u00e9 rel\u00e8gue la religion dans la sph\u00e8re priv\u00e9e. Celle-ci s\u2019\u00e9tonne donc que le christianisme propose un rapport \u00e0 Dieu dans un culte public. Aujourd\u2019hui cet \u00e9tonnement se transforme d\u2019ailleurs plus fr\u00e9quemment en perte de plausibilit\u00e9, l\u2019homme contemporain ayant perdu en Occident l\u2019\u00e9vidence avec laquelle il entrait autrefois dans l\u2019univers symbolique de la tradition rituelle du christianisme. Est-il encore homo liturgicus? Une r\u00e9flexion anthropologique s\u2019av\u00e8re donc n\u00e9cessaire pour comprendre la nature sociale de la liturgie dans l\u2019\u00c9glise. M.-D. Chenu l\u2019avait fait en son temps dans&nbsp;\u00ab&nbsp;Anthropologie et liturgie&nbsp;\u00bb (cf. Unam sanctam, no","og_url":"https:\/\/dev.centtreize.com\/rsr\/edito\/quand-leglise-propose-la-liturgie-comme-une-action-du-corps-du-christ\/","og_site_name":"Recherches de Science Religieuse","article_published_time":"2013-12-11T15:34:21+00:00","article_modified_time":"2024-09-24T05:59:08+00:00","author":"H\u00e9l\u00e8ne","twitter_card":"summary_large_image","twitter_misc":{"\u00c9crit par":"H\u00e9l\u00e8ne","Dur\u00e9e de lecture estim\u00e9e":"10 minutes"},"schema":{"@context":"https:\/\/schema.org","@graph":[{"@type":"Article","@id":"https:\/\/dev.centtreize.com\/rsr\/edito\/quand-leglise-propose-la-liturgie-comme-une-action-du-corps-du-christ\/#article","isPartOf":{"@id":"https:\/\/dev.centtreize.com\/rsr\/edito\/quand-leglise-propose-la-liturgie-comme-une-action-du-corps-du-christ\/"},"author":{"name":"H\u00e9l\u00e8ne","@id":"https:\/\/dev.centtreize.com\/rsr\/#\/schema\/person\/eb039ce63dcbc3fec0a6b81e43e29ad3"},"headline":"Quand l\u2019\u00c9glise propose la liturgie comme une action du \u00ab corps du Christ \u00bb&#8230;","datePublished":"2013-12-11T15:34:21+00:00","dateModified":"2024-09-24T05:59:08+00:00","mainEntityOfPage":{"@id":"https:\/\/dev.centtreize.com\/rsr\/edito\/quand-leglise-propose-la-liturgie-comme-une-action-du-corps-du-christ\/"},"wordCount":1941,"commentCount":0,"publisher":{"@id":"https:\/\/dev.centtreize.com\/rsr\/#organization"},"keywords":["liturgie","Sacrosanctum concilium","Vatican II"],"articleSection":["edito"],"inLanguage":"fr-FR","potentialAction":[{"@type":"CommentAction","name":"Comment","target":["https:\/\/dev.centtreize.com\/rsr\/edito\/quand-leglise-propose-la-liturgie-comme-une-action-du-corps-du-christ\/#respond"]}]},{"@type":"WebPage","@id":"https:\/\/dev.centtreize.com\/rsr\/edito\/quand-leglise-propose-la-liturgie-comme-une-action-du-corps-du-christ\/","url":"https:\/\/dev.centtreize.com\/rsr\/edito\/quand-leglise-propose-la-liturgie-comme-une-action-du-corps-du-christ\/","name":"Quand l\u2019\u00c9glise propose la liturgie comme une action du \u00ab corps du Christ \u00bb... - Recherches de Science Religieuse","isPartOf":{"@id":"https:\/\/dev.centtreize.com\/rsr\/#website"},"datePublished":"2013-12-11T15:34:21+00:00","dateModified":"2024-09-24T05:59:08+00:00","breadcrumb":{"@id":"https:\/\/dev.centtreize.com\/rsr\/edito\/quand-leglise-propose-la-liturgie-comme-une-action-du-corps-du-christ\/#breadcrumb"},"inLanguage":"fr-FR","potentialAction":[{"@type":"ReadAction","target":["https:\/\/dev.centtreize.com\/rsr\/edito\/quand-leglise-propose-la-liturgie-comme-une-action-du-corps-du-christ\/"]}]},{"@type":"BreadcrumbList","@id":"https:\/\/dev.centtreize.com\/rsr\/edito\/quand-leglise-propose-la-liturgie-comme-une-action-du-corps-du-christ\/#breadcrumb","itemListElement":[{"@type":"ListItem","position":1,"name":"Accueil","item":"https:\/\/dev.centtreize.com\/rsr\/"},{"@type":"ListItem","position":2,"name":"Quand l\u2019\u00c9glise propose la liturgie comme une action du \u00ab corps du Christ \u00bb&#8230;"}]},{"@type":"WebSite","@id":"https:\/\/dev.centtreize.com\/rsr\/#website","url":"https:\/\/dev.centtreize.com\/rsr\/","name":"Recherches de Science Religieuse","description":"Recherches de Science Religieuse","publisher":{"@id":"https:\/\/dev.centtreize.com\/rsr\/#organization"},"potentialAction":[{"@type":"SearchAction","target":{"@type":"EntryPoint","urlTemplate":"https:\/\/dev.centtreize.com\/rsr\/?s={search_term_string}"},"query-input":{"@type":"PropertyValueSpecification","valueRequired":true,"valueName":"search_term_string"}}],"inLanguage":"fr-FR"},{"@type":"Organization","@id":"https:\/\/dev.centtreize.com\/rsr\/#organization","name":"Recherches de Science Religieuse","url":"https:\/\/dev.centtreize.com\/rsr\/","logo":{"@type":"ImageObject","inLanguage":"fr-FR","@id":"https:\/\/dev.centtreize.com\/rsr\/#\/schema\/logo\/image\/","url":"https:\/\/dev.centtreize.com\/rsr\/wp-content\/uploads\/2024\/10\/logo_rsr.png","contentUrl":"https:\/\/dev.centtreize.com\/rsr\/wp-content\/uploads\/2024\/10\/logo_rsr.png","width":300,"height":225,"caption":"Recherches de Science Religieuse"},"image":{"@id":"https:\/\/dev.centtreize.com\/rsr\/#\/schema\/logo\/image\/"}},{"@type":"Person","@id":"https:\/\/dev.centtreize.com\/rsr\/#\/schema\/person\/eb039ce63dcbc3fec0a6b81e43e29ad3","name":"H\u00e9l\u00e8ne","url":"https:\/\/dev.centtreize.com\/rsr\/author\/rsr\/"}]}},"_links":{"self":[{"href":"https:\/\/dev.centtreize.com\/rsr\/wp-json\/wp\/v2\/posts\/2498","targetHints":{"allow":["GET"]}}],"collection":[{"href":"https:\/\/dev.centtreize.com\/rsr\/wp-json\/wp\/v2\/posts"}],"about":[{"href":"https:\/\/dev.centtreize.com\/rsr\/wp-json\/wp\/v2\/types\/post"}],"author":[{"embeddable":true,"href":"https:\/\/dev.centtreize.com\/rsr\/wp-json\/wp\/v2\/users\/2"}],"replies":[{"embeddable":true,"href":"https:\/\/dev.centtreize.com\/rsr\/wp-json\/wp\/v2\/comments?post=2498"}],"version-history":[{"count":4,"href":"https:\/\/dev.centtreize.com\/rsr\/wp-json\/wp\/v2\/posts\/2498\/revisions"}],"predecessor-version":[{"id":16679,"href":"https:\/\/dev.centtreize.com\/rsr\/wp-json\/wp\/v2\/posts\/2498\/revisions\/16679"}],"wp:attachment":[{"href":"https:\/\/dev.centtreize.com\/rsr\/wp-json\/wp\/v2\/media?parent=2498"}],"wp:term":[{"taxonomy":"category","embeddable":true,"href":"https:\/\/dev.centtreize.com\/rsr\/wp-json\/wp\/v2\/categories?post=2498"},{"taxonomy":"post_tag","embeddable":true,"href":"https:\/\/dev.centtreize.com\/rsr\/wp-json\/wp\/v2\/tags?post=2498"},{"taxonomy":"keywords","embeddable":true,"href":"https:\/\/dev.centtreize.com\/rsr\/wp-json\/wp\/v2\/keywords?post=2498"}],"curies":[{"name":"wp","href":"https:\/\/api.w.org\/{rel}","templated":true}]}}