{"id":2478,"date":"2013-12-11T15:17:27","date_gmt":"2013-12-11T14:17:27","guid":{"rendered":"http:\/\/dev.revue-rsr.com\/?p=2478"},"modified":"2024-10-02T03:28:19","modified_gmt":"2024-10-02T02:28:19","slug":"reforme-liturgique-et-eglise-locale","status":"publish","type":"post","link":"https:\/\/dev.centtreize.com\/rsr\/article\/reforme-liturgique-et-eglise-locale\/","title":{"rendered":"R\u00e9forme liturgique et \u00e9glise locale"},"content":{"rendered":"<p>L\u2019article analyse la question de la r\u00e9forme liturgique apr\u00e8s Vatican II au niveau de l\u2019\u00c9glise locale, en tentant de d\u00e9finir la juste relation entre l\u2019ordre (liturgique) et la libert\u00e9 et la la possibilit\u00e9 de proc\u00e9der \u00e0 des adaptations concr\u00e8tes en fonction de la situation pastorale. Le conflit autour du nouveau rituel allemand des obs\u00e8ques, publi\u00e9 en 2009, sert d\u2019entr\u00e9e en mati\u00e8re. Dans un deuxi\u00e8me temps, l\u2019article pr\u00e9sente un \u00e9ventail des r\u00e9sultats d\u2019une enqu\u00eate qualitative sur la liturgie de Car\u00eame et de P\u00e2ques, pour dresser ensuite un bilan th\u00e9ologique s\u2019int\u00e9ressant \u00e0 la question de fond qui se tient \u00e0 l\u2019arri\u00e8re-plan de tout ce d\u00e9bat&nbsp;: la condition de possibilit\u00e9 de penser de fa\u00e7on appropri\u00e9e le primat de l\u2019action de Dieu dans la liturgie, qui, seule, porte et rend possible la r\u00e9ponse de l\u2019homme.<\/p>\n","protected":false},"excerpt":{"rendered":"<p>L\u2019article analyse la question de la r\u00e9forme liturgique apr\u00e8s Vatican II au niveau de l\u2019\u00c9glise locale, en tentant de d\u00e9finir la juste relation entre l\u2019ordre (liturgique) et la libert\u00e9 et la la possibilit\u00e9 de proc\u00e9der \u00e0 des adaptations concr\u00e8tes en fonction de la situation pastorale. Le conflit autour du nouveau rituel allemand des obs\u00e8ques, publi\u00e9 en 2009, sert d\u2019entr\u00e9e en mati\u00e8re. Dans un deuxi\u00e8me temps, l\u2019article pr\u00e9sente un \u00e9ventail des r\u00e9sultats d\u2019une enqu\u00eate qualitative sur la liturgie de Car\u00eame et de P\u00e2ques, pour dresser ensuite un bilan th\u00e9ologique s\u2019int\u00e9ressant \u00e0 la question de fond qui se tient \u00e0 l\u2019arri\u00e8re-plan de tout ce d\u00e9bat&nbsp;: la condition de possibilit\u00e9 de penser de fa\u00e7on appropri\u00e9e le primat de l\u2019action de Dieu dans la liturgie, qui, seule, porte et rend possible la r\u00e9ponse de l\u2019homme.<\/p>\n","protected":false},"author":2,"featured_media":0,"comment_status":"closed","ping_status":"closed","sticky":false,"template":"","format":"standard","meta":{"_acf_changed":false,"footnotes":""},"categories":[6],"tags":[22,80,85,86,3],"keywords":[],"class_list":["post-2478","post","type-post","status-publish","format-standard","hentry","category-article","tag-eglise","tag-liturgie","tag-reforme","tag-rituel","tag-vatican-ii"],"acf":[],"yoast_head":"<!-- This site is optimized with the Yoast SEO plugin v27.2 - https:\/\/yoast.com\/product\/yoast-seo-wordpress\/ -->\n<title>R\u00e9forme liturgique et \u00e9glise locale - Recherches de Science Religieuse<\/title>\n<meta name=\"robots\" content=\"index, follow, max-snippet:-1, max-image-preview:large, max-video-preview:-1\" \/>\n<link rel=\"canonical\" href=\"https:\/\/dev.centtreize.com\/rsr\/article\/reforme-liturgique-et-eglise-locale\/\" \/>\n<meta property=\"og:locale\" content=\"fr_FR\" \/>\n<meta property=\"og:type\" content=\"article\" \/>\n<meta property=\"og:title\" content=\"R\u00e9forme liturgique et \u00e9glise locale - Recherches de Science Religieuse\" \/>\n<meta property=\"og:description\" content=\"L\u2019article analyse la question de la r\u00e9forme liturgique apr\u00e8s Vatican II au niveau de l\u2019\u00c9glise locale, en tentant de d\u00e9finir la juste relation entre l\u2019ordre (liturgique) et la libert\u00e9 et la la possibilit\u00e9 de proc\u00e9der \u00e0 des adaptations concr\u00e8tes en fonction de la situation pastorale. Le conflit autour du nouveau rituel allemand des obs\u00e8ques, publi\u00e9 en 2009, sert d\u2019entr\u00e9e en mati\u00e8re. Dans un deuxi\u00e8me temps, l\u2019article pr\u00e9sente un \u00e9ventail des r\u00e9sultats d\u2019une enqu\u00eate qualitative sur la liturgie de Car\u00eame et de P\u00e2ques, pour dresser ensuite un bilan th\u00e9ologique s\u2019int\u00e9ressant \u00e0 la question de fond qui se tient \u00e0 l\u2019arri\u00e8re-plan de tout ce d\u00e9bat&nbsp;: la condition de possibilit\u00e9 de penser de fa\u00e7on appropri\u00e9e le primat de l\u2019action de Dieu dans la liturgie, qui, seule, porte et rend possible la r\u00e9ponse de l\u2019homme.\" \/>\n<meta property=\"og:url\" content=\"https:\/\/dev.centtreize.com\/rsr\/article\/reforme-liturgique-et-eglise-locale\/\" \/>\n<meta property=\"og:site_name\" content=\"Recherches de Science Religieuse\" \/>\n<meta property=\"article:published_time\" content=\"2013-12-11T14:17:27+00:00\" \/>\n<meta property=\"article:modified_time\" content=\"2024-10-02T02:28:19+00:00\" \/>\n<meta name=\"author\" content=\"H\u00e9l\u00e8ne\" \/>\n<meta name=\"twitter:card\" content=\"summary_large_image\" \/>\n<meta name=\"twitter:label1\" content=\"\u00c9crit par\" \/>\n\t<meta name=\"twitter:data1\" content=\"H\u00e9l\u00e8ne\" \/>\n\t<meta name=\"twitter:label2\" content=\"Dur\u00e9e de lecture estim\u00e9e\" \/>\n\t<meta name=\"twitter:data2\" content=\"1 minute\" \/>\n<script type=\"application\/ld+json\" class=\"yoast-schema-graph\">{\"@context\":\"https:\/\/schema.org\",\"@graph\":[{\"@type\":\"Article\",\"@id\":\"https:\/\/dev.centtreize.com\/rsr\/article\/reforme-liturgique-et-eglise-locale\/#article\",\"isPartOf\":{\"@id\":\"https:\/\/dev.centtreize.com\/rsr\/article\/reforme-liturgique-et-eglise-locale\/\"},\"author\":{\"name\":\"H\u00e9l\u00e8ne\",\"@id\":\"https:\/\/dev.centtreize.com\/rsr\/#\/schema\/person\/eb039ce63dcbc3fec0a6b81e43e29ad3\"},\"headline\":\"R\u00e9forme liturgique et \u00e9glise locale\",\"datePublished\":\"2013-12-11T14:17:27+00:00\",\"dateModified\":\"2024-10-02T02:28:19+00:00\",\"mainEntityOfPage\":{\"@id\":\"https:\/\/dev.centtreize.com\/rsr\/article\/reforme-liturgique-et-eglise-locale\/\"},\"wordCount\":164,\"publisher\":{\"@id\":\"https:\/\/dev.centtreize.com\/rsr\/#organization\"},\"keywords\":[\"Eglise\",\"liturgie\",\"r\u00e9forme\",\"rituel\",\"Vatican II\"],\"articleSection\":[\"article\"],\"inLanguage\":\"fr-FR\"},{\"@type\":\"WebPage\",\"@id\":\"https:\/\/dev.centtreize.com\/rsr\/article\/reforme-liturgique-et-eglise-locale\/\",\"url\":\"https:\/\/dev.centtreize.com\/rsr\/article\/reforme-liturgique-et-eglise-locale\/\",\"name\":\"R\u00e9forme liturgique et \u00e9glise locale - Recherches de Science Religieuse\",\"isPartOf\":{\"@id\":\"https:\/\/dev.centtreize.com\/rsr\/#website\"},\"datePublished\":\"2013-12-11T14:17:27+00:00\",\"dateModified\":\"2024-10-02T02:28:19+00:00\",\"breadcrumb\":{\"@id\":\"https:\/\/dev.centtreize.com\/rsr\/article\/reforme-liturgique-et-eglise-locale\/#breadcrumb\"},\"inLanguage\":\"fr-FR\",\"potentialAction\":[{\"@type\":\"ReadAction\",\"target\":[\"https:\/\/dev.centtreize.com\/rsr\/article\/reforme-liturgique-et-eglise-locale\/\"]}]},{\"@type\":\"BreadcrumbList\",\"@id\":\"https:\/\/dev.centtreize.com\/rsr\/article\/reforme-liturgique-et-eglise-locale\/#breadcrumb\",\"itemListElement\":[{\"@type\":\"ListItem\",\"position\":1,\"name\":\"Accueil\",\"item\":\"https:\/\/dev.centtreize.com\/rsr\/\"},{\"@type\":\"ListItem\",\"position\":2,\"name\":\"R\u00e9forme liturgique et \u00e9glise locale\"}]},{\"@type\":\"WebSite\",\"@id\":\"https:\/\/dev.centtreize.com\/rsr\/#website\",\"url\":\"https:\/\/dev.centtreize.com\/rsr\/\",\"name\":\"Recherches de Science Religieuse\",\"description\":\"Recherches de Science Religieuse\",\"publisher\":{\"@id\":\"https:\/\/dev.centtreize.com\/rsr\/#organization\"},\"potentialAction\":[{\"@type\":\"SearchAction\",\"target\":{\"@type\":\"EntryPoint\",\"urlTemplate\":\"https:\/\/dev.centtreize.com\/rsr\/?s={search_term_string}\"},\"query-input\":{\"@type\":\"PropertyValueSpecification\",\"valueRequired\":true,\"valueName\":\"search_term_string\"}}],\"inLanguage\":\"fr-FR\"},{\"@type\":\"Organization\",\"@id\":\"https:\/\/dev.centtreize.com\/rsr\/#organization\",\"name\":\"Recherches de Science Religieuse\",\"url\":\"https:\/\/dev.centtreize.com\/rsr\/\",\"logo\":{\"@type\":\"ImageObject\",\"inLanguage\":\"fr-FR\",\"@id\":\"https:\/\/dev.centtreize.com\/rsr\/#\/schema\/logo\/image\/\",\"url\":\"https:\/\/dev.centtreize.com\/rsr\/wp-content\/uploads\/2024\/10\/logo_rsr.png\",\"contentUrl\":\"https:\/\/dev.centtreize.com\/rsr\/wp-content\/uploads\/2024\/10\/logo_rsr.png\",\"width\":300,\"height\":225,\"caption\":\"Recherches de Science Religieuse\"},\"image\":{\"@id\":\"https:\/\/dev.centtreize.com\/rsr\/#\/schema\/logo\/image\/\"}},{\"@type\":\"Person\",\"@id\":\"https:\/\/dev.centtreize.com\/rsr\/#\/schema\/person\/eb039ce63dcbc3fec0a6b81e43e29ad3\",\"name\":\"H\u00e9l\u00e8ne\",\"url\":\"https:\/\/dev.centtreize.com\/rsr\/author\/rsr\/\"}]}<\/script>\n<!-- \/ Yoast SEO plugin. -->","yoast_head_json":{"title":"R\u00e9forme liturgique et \u00e9glise locale - Recherches de Science Religieuse","robots":{"index":"index","follow":"follow","max-snippet":"max-snippet:-1","max-image-preview":"max-image-preview:large","max-video-preview":"max-video-preview:-1"},"canonical":"https:\/\/dev.centtreize.com\/rsr\/article\/reforme-liturgique-et-eglise-locale\/","og_locale":"fr_FR","og_type":"article","og_title":"R\u00e9forme liturgique et \u00e9glise locale - Recherches de Science Religieuse","og_description":"L\u2019article analyse la question de la r\u00e9forme liturgique apr\u00e8s Vatican II au niveau de l\u2019\u00c9glise locale, en tentant de d\u00e9finir la juste relation entre l\u2019ordre (liturgique) et la libert\u00e9 et la la possibilit\u00e9 de proc\u00e9der \u00e0 des adaptations concr\u00e8tes en fonction de la situation pastorale. Le conflit autour du nouveau rituel allemand des obs\u00e8ques, publi\u00e9 en 2009, sert d\u2019entr\u00e9e en mati\u00e8re. Dans un deuxi\u00e8me temps, l\u2019article pr\u00e9sente un \u00e9ventail des r\u00e9sultats d\u2019une enqu\u00eate qualitative sur la liturgie de Car\u00eame et de P\u00e2ques, pour dresser ensuite un bilan th\u00e9ologique s\u2019int\u00e9ressant \u00e0 la question de fond qui se tient \u00e0 l\u2019arri\u00e8re-plan de tout ce d\u00e9bat&nbsp;: la condition de possibilit\u00e9 de penser de fa\u00e7on appropri\u00e9e le primat de l\u2019action de Dieu dans la liturgie, qui, seule, porte et rend possible la r\u00e9ponse de l\u2019homme.","og_url":"https:\/\/dev.centtreize.com\/rsr\/article\/reforme-liturgique-et-eglise-locale\/","og_site_name":"Recherches de Science Religieuse","article_published_time":"2013-12-11T14:17:27+00:00","article_modified_time":"2024-10-02T02:28:19+00:00","author":"H\u00e9l\u00e8ne","twitter_card":"summary_large_image","twitter_misc":{"\u00c9crit par":"H\u00e9l\u00e8ne","Dur\u00e9e de lecture estim\u00e9e":"1 minute"},"schema":{"@context":"https:\/\/schema.org","@graph":[{"@type":"Article","@id":"https:\/\/dev.centtreize.com\/rsr\/article\/reforme-liturgique-et-eglise-locale\/#article","isPartOf":{"@id":"https:\/\/dev.centtreize.com\/rsr\/article\/reforme-liturgique-et-eglise-locale\/"},"author":{"name":"H\u00e9l\u00e8ne","@id":"https:\/\/dev.centtreize.com\/rsr\/#\/schema\/person\/eb039ce63dcbc3fec0a6b81e43e29ad3"},"headline":"R\u00e9forme liturgique et \u00e9glise locale","datePublished":"2013-12-11T14:17:27+00:00","dateModified":"2024-10-02T02:28:19+00:00","mainEntityOfPage":{"@id":"https:\/\/dev.centtreize.com\/rsr\/article\/reforme-liturgique-et-eglise-locale\/"},"wordCount":164,"publisher":{"@id":"https:\/\/dev.centtreize.com\/rsr\/#organization"},"keywords":["Eglise","liturgie","r\u00e9forme","rituel","Vatican II"],"articleSection":["article"],"inLanguage":"fr-FR"},{"@type":"WebPage","@id":"https:\/\/dev.centtreize.com\/rsr\/article\/reforme-liturgique-et-eglise-locale\/","url":"https:\/\/dev.centtreize.com\/rsr\/article\/reforme-liturgique-et-eglise-locale\/","name":"R\u00e9forme liturgique et \u00e9glise locale - Recherches de Science Religieuse","isPartOf":{"@id":"https:\/\/dev.centtreize.com\/rsr\/#website"},"datePublished":"2013-12-11T14:17:27+00:00","dateModified":"2024-10-02T02:28:19+00:00","breadcrumb":{"@id":"https:\/\/dev.centtreize.com\/rsr\/article\/reforme-liturgique-et-eglise-locale\/#breadcrumb"},"inLanguage":"fr-FR","potentialAction":[{"@type":"ReadAction","target":["https:\/\/dev.centtreize.com\/rsr\/article\/reforme-liturgique-et-eglise-locale\/"]}]},{"@type":"BreadcrumbList","@id":"https:\/\/dev.centtreize.com\/rsr\/article\/reforme-liturgique-et-eglise-locale\/#breadcrumb","itemListElement":[{"@type":"ListItem","position":1,"name":"Accueil","item":"https:\/\/dev.centtreize.com\/rsr\/"},{"@type":"ListItem","position":2,"name":"R\u00e9forme liturgique et \u00e9glise locale"}]},{"@type":"WebSite","@id":"https:\/\/dev.centtreize.com\/rsr\/#website","url":"https:\/\/dev.centtreize.com\/rsr\/","name":"Recherches de Science Religieuse","description":"Recherches de Science Religieuse","publisher":{"@id":"https:\/\/dev.centtreize.com\/rsr\/#organization"},"potentialAction":[{"@type":"SearchAction","target":{"@type":"EntryPoint","urlTemplate":"https:\/\/dev.centtreize.com\/rsr\/?s={search_term_string}"},"query-input":{"@type":"PropertyValueSpecification","valueRequired":true,"valueName":"search_term_string"}}],"inLanguage":"fr-FR"},{"@type":"Organization","@id":"https:\/\/dev.centtreize.com\/rsr\/#organization","name":"Recherches de Science Religieuse","url":"https:\/\/dev.centtreize.com\/rsr\/","logo":{"@type":"ImageObject","inLanguage":"fr-FR","@id":"https:\/\/dev.centtreize.com\/rsr\/#\/schema\/logo\/image\/","url":"https:\/\/dev.centtreize.com\/rsr\/wp-content\/uploads\/2024\/10\/logo_rsr.png","contentUrl":"https:\/\/dev.centtreize.com\/rsr\/wp-content\/uploads\/2024\/10\/logo_rsr.png","width":300,"height":225,"caption":"Recherches de Science Religieuse"},"image":{"@id":"https:\/\/dev.centtreize.com\/rsr\/#\/schema\/logo\/image\/"}},{"@type":"Person","@id":"https:\/\/dev.centtreize.com\/rsr\/#\/schema\/person\/eb039ce63dcbc3fec0a6b81e43e29ad3","name":"H\u00e9l\u00e8ne","url":"https:\/\/dev.centtreize.com\/rsr\/author\/rsr\/"}]}},"_links":{"self":[{"href":"https:\/\/dev.centtreize.com\/rsr\/wp-json\/wp\/v2\/posts\/2478","targetHints":{"allow":["GET"]}}],"collection":[{"href":"https:\/\/dev.centtreize.com\/rsr\/wp-json\/wp\/v2\/posts"}],"about":[{"href":"https:\/\/dev.centtreize.com\/rsr\/wp-json\/wp\/v2\/types\/post"}],"author":[{"embeddable":true,"href":"https:\/\/dev.centtreize.com\/rsr\/wp-json\/wp\/v2\/users\/2"}],"replies":[{"embeddable":true,"href":"https:\/\/dev.centtreize.com\/rsr\/wp-json\/wp\/v2\/comments?post=2478"}],"version-history":[{"count":7,"href":"https:\/\/dev.centtreize.com\/rsr\/wp-json\/wp\/v2\/posts\/2478\/revisions"}],"predecessor-version":[{"id":17466,"href":"https:\/\/dev.centtreize.com\/rsr\/wp-json\/wp\/v2\/posts\/2478\/revisions\/17466"}],"wp:attachment":[{"href":"https:\/\/dev.centtreize.com\/rsr\/wp-json\/wp\/v2\/media?parent=2478"}],"wp:term":[{"taxonomy":"category","embeddable":true,"href":"https:\/\/dev.centtreize.com\/rsr\/wp-json\/wp\/v2\/categories?post=2478"},{"taxonomy":"post_tag","embeddable":true,"href":"https:\/\/dev.centtreize.com\/rsr\/wp-json\/wp\/v2\/tags?post=2478"},{"taxonomy":"keywords","embeddable":true,"href":"https:\/\/dev.centtreize.com\/rsr\/wp-json\/wp\/v2\/keywords?post=2478"}],"curies":[{"name":"wp","href":"https:\/\/api.w.org\/{rel}","templated":true}]}}