{"id":2451,"date":"2013-12-10T17:13:30","date_gmt":"2013-12-10T16:13:30","guid":{"rendered":"http:\/\/dev.revue-rsr.com\/?p=2451"},"modified":"2024-10-02T03:28:02","modified_gmt":"2024-10-02T02:28:02","slug":"la-place-de-la-constitution-sur-la-liturgie-dans-lhermeneutique-de-vatican-ii","status":"publish","type":"post","link":"https:\/\/dev.centtreize.com\/rsr\/article\/la-place-de-la-constitution-sur-la-liturgie-dans-lhermeneutique-de-vatican-ii\/","title":{"rendered":"La place de la Constitution sur la liturgie dans l&rsquo;herm\u00e9neutique de Vatican II"},"content":{"rendered":"<p>En mati\u00e8re d\u2019herm\u00e9neutique de Vatican II, il existe une sorte de ligne de d\u00e9marcation entre l\u2019approche des liturgistes et celle des autres interpr\u00e8tes du corpus conciliaire. D\u2019un c\u00f4t\u00e9, les ex\u00e9g\u00e8tes de la Constitution sur la liturgie sont habituellement d\u00e9pendants de la relation entre le texte m\u00eame de Sacrosanctum concilium et sa mise en application dans la r\u00e9forme liturgique. De l\u2019autre c\u00f4t\u00e9, les travaux sur Vatican II font relativement peu de place \u00e0 la Constitution sur la liturgie. En partant de ce constat, et en s\u2019appuyant sur la recherche r\u00e9cente concernant l\u2019herm\u00e9neutique du Concile, l\u2019article tente de penser une place renouvel\u00e9e de la Constitution Sacrosanctum concilium dans cette recherche.<\/p>\n","protected":false},"excerpt":{"rendered":"<p>En mati\u00e8re d\u2019herm\u00e9neutique de Vatican II, il existe une sorte de ligne de d\u00e9marcation entre l\u2019approche des liturgistes et celle des autres interpr\u00e8tes du corpus conciliaire. D\u2019un c\u00f4t\u00e9, les ex\u00e9g\u00e8tes de la Constitution sur la liturgie sont habituellement d\u00e9pendants de la relation entre le texte m\u00eame de Sacrosanctum concilium et sa mise en application dans la r\u00e9forme liturgique. De l\u2019autre c\u00f4t\u00e9, les travaux sur Vatican II font relativement peu de place \u00e0 la Constitution sur la liturgie. En partant de ce constat, et en s\u2019appuyant sur la recherche r\u00e9cente concernant l\u2019herm\u00e9neutique du Concile, l\u2019article tente de penser une place renouvel\u00e9e de la Constitution Sacrosanctum concilium dans cette recherche.<\/p>\n","protected":false},"author":2,"featured_media":0,"comment_status":"closed","ping_status":"closed","sticky":false,"template":"","format":"standard","meta":{"_acf_changed":false,"footnotes":""},"categories":[6],"tags":[22,81,80,3],"keywords":[],"class_list":["post-2451","post","type-post","status-publish","format-standard","hentry","category-article","tag-eglise","tag-hermeneutique","tag-liturgie","tag-vatican-ii"],"acf":[],"yoast_head":"<!-- This site is optimized with the Yoast SEO plugin v27.2 - https:\/\/yoast.com\/product\/yoast-seo-wordpress\/ -->\n<title>La place de la Constitution sur la liturgie dans l&#039;herm\u00e9neutique de Vatican II - Recherches de Science Religieuse<\/title>\n<meta name=\"robots\" content=\"index, follow, max-snippet:-1, max-image-preview:large, max-video-preview:-1\" \/>\n<link rel=\"canonical\" href=\"https:\/\/dev.centtreize.com\/rsr\/article\/la-place-de-la-constitution-sur-la-liturgie-dans-lhermeneutique-de-vatican-ii\/\" \/>\n<meta property=\"og:locale\" content=\"fr_FR\" \/>\n<meta property=\"og:type\" content=\"article\" \/>\n<meta property=\"og:title\" content=\"La place de la Constitution sur la liturgie dans l&#039;herm\u00e9neutique de Vatican II - Recherches de Science Religieuse\" \/>\n<meta property=\"og:description\" content=\"En mati\u00e8re d\u2019herm\u00e9neutique de Vatican II, il existe une sorte de ligne de d\u00e9marcation entre l\u2019approche des liturgistes et celle des autres interpr\u00e8tes du corpus conciliaire. D\u2019un c\u00f4t\u00e9, les ex\u00e9g\u00e8tes de la Constitution sur la liturgie sont habituellement d\u00e9pendants de la relation entre le texte m\u00eame de Sacrosanctum concilium et sa mise en application dans la r\u00e9forme liturgique. De l\u2019autre c\u00f4t\u00e9, les travaux sur Vatican II font relativement peu de place \u00e0 la Constitution sur la liturgie. En partant de ce constat, et en s\u2019appuyant sur la recherche r\u00e9cente concernant l\u2019herm\u00e9neutique du Concile, l\u2019article tente de penser une place renouvel\u00e9e de la Constitution Sacrosanctum concilium dans cette recherche.\" \/>\n<meta property=\"og:url\" content=\"https:\/\/dev.centtreize.com\/rsr\/article\/la-place-de-la-constitution-sur-la-liturgie-dans-lhermeneutique-de-vatican-ii\/\" \/>\n<meta property=\"og:site_name\" content=\"Recherches de Science Religieuse\" \/>\n<meta property=\"article:published_time\" content=\"2013-12-10T16:13:30+00:00\" \/>\n<meta property=\"article:modified_time\" content=\"2024-10-02T02:28:02+00:00\" \/>\n<meta name=\"author\" content=\"H\u00e9l\u00e8ne\" \/>\n<meta name=\"twitter:card\" content=\"summary_large_image\" \/>\n<meta name=\"twitter:label1\" content=\"\u00c9crit par\" \/>\n\t<meta name=\"twitter:data1\" content=\"H\u00e9l\u00e8ne\" \/>\n\t<meta name=\"twitter:label2\" content=\"Dur\u00e9e de lecture estim\u00e9e\" \/>\n\t<meta name=\"twitter:data2\" content=\"1 minute\" \/>\n<script type=\"application\/ld+json\" class=\"yoast-schema-graph\">{\"@context\":\"https:\/\/schema.org\",\"@graph\":[{\"@type\":\"Article\",\"@id\":\"https:\/\/dev.centtreize.com\/rsr\/article\/la-place-de-la-constitution-sur-la-liturgie-dans-lhermeneutique-de-vatican-ii\/#article\",\"isPartOf\":{\"@id\":\"https:\/\/dev.centtreize.com\/rsr\/article\/la-place-de-la-constitution-sur-la-liturgie-dans-lhermeneutique-de-vatican-ii\/\"},\"author\":{\"name\":\"H\u00e9l\u00e8ne\",\"@id\":\"https:\/\/dev.centtreize.com\/rsr\/#\/schema\/person\/eb039ce63dcbc3fec0a6b81e43e29ad3\"},\"headline\":\"La place de la Constitution sur la liturgie dans l&rsquo;herm\u00e9neutique de Vatican II\",\"datePublished\":\"2013-12-10T16:13:30+00:00\",\"dateModified\":\"2024-10-02T02:28:02+00:00\",\"mainEntityOfPage\":{\"@id\":\"https:\/\/dev.centtreize.com\/rsr\/article\/la-place-de-la-constitution-sur-la-liturgie-dans-lhermeneutique-de-vatican-ii\/\"},\"wordCount\":143,\"publisher\":{\"@id\":\"https:\/\/dev.centtreize.com\/rsr\/#organization\"},\"keywords\":[\"Eglise\",\"herm\u00e9neutique\",\"liturgie\",\"Vatican II\"],\"articleSection\":[\"article\"],\"inLanguage\":\"fr-FR\"},{\"@type\":\"WebPage\",\"@id\":\"https:\/\/dev.centtreize.com\/rsr\/article\/la-place-de-la-constitution-sur-la-liturgie-dans-lhermeneutique-de-vatican-ii\/\",\"url\":\"https:\/\/dev.centtreize.com\/rsr\/article\/la-place-de-la-constitution-sur-la-liturgie-dans-lhermeneutique-de-vatican-ii\/\",\"name\":\"La place de la Constitution sur la liturgie dans l'herm\u00e9neutique de Vatican II - Recherches de Science Religieuse\",\"isPartOf\":{\"@id\":\"https:\/\/dev.centtreize.com\/rsr\/#website\"},\"datePublished\":\"2013-12-10T16:13:30+00:00\",\"dateModified\":\"2024-10-02T02:28:02+00:00\",\"breadcrumb\":{\"@id\":\"https:\/\/dev.centtreize.com\/rsr\/article\/la-place-de-la-constitution-sur-la-liturgie-dans-lhermeneutique-de-vatican-ii\/#breadcrumb\"},\"inLanguage\":\"fr-FR\",\"potentialAction\":[{\"@type\":\"ReadAction\",\"target\":[\"https:\/\/dev.centtreize.com\/rsr\/article\/la-place-de-la-constitution-sur-la-liturgie-dans-lhermeneutique-de-vatican-ii\/\"]}]},{\"@type\":\"BreadcrumbList\",\"@id\":\"https:\/\/dev.centtreize.com\/rsr\/article\/la-place-de-la-constitution-sur-la-liturgie-dans-lhermeneutique-de-vatican-ii\/#breadcrumb\",\"itemListElement\":[{\"@type\":\"ListItem\",\"position\":1,\"name\":\"Accueil\",\"item\":\"https:\/\/dev.centtreize.com\/rsr\/\"},{\"@type\":\"ListItem\",\"position\":2,\"name\":\"La place de la Constitution sur la liturgie dans l&rsquo;herm\u00e9neutique de Vatican II\"}]},{\"@type\":\"WebSite\",\"@id\":\"https:\/\/dev.centtreize.com\/rsr\/#website\",\"url\":\"https:\/\/dev.centtreize.com\/rsr\/\",\"name\":\"Recherches de Science Religieuse\",\"description\":\"Recherches de Science Religieuse\",\"publisher\":{\"@id\":\"https:\/\/dev.centtreize.com\/rsr\/#organization\"},\"potentialAction\":[{\"@type\":\"SearchAction\",\"target\":{\"@type\":\"EntryPoint\",\"urlTemplate\":\"https:\/\/dev.centtreize.com\/rsr\/?s={search_term_string}\"},\"query-input\":{\"@type\":\"PropertyValueSpecification\",\"valueRequired\":true,\"valueName\":\"search_term_string\"}}],\"inLanguage\":\"fr-FR\"},{\"@type\":\"Organization\",\"@id\":\"https:\/\/dev.centtreize.com\/rsr\/#organization\",\"name\":\"Recherches de Science Religieuse\",\"url\":\"https:\/\/dev.centtreize.com\/rsr\/\",\"logo\":{\"@type\":\"ImageObject\",\"inLanguage\":\"fr-FR\",\"@id\":\"https:\/\/dev.centtreize.com\/rsr\/#\/schema\/logo\/image\/\",\"url\":\"https:\/\/dev.centtreize.com\/rsr\/wp-content\/uploads\/2024\/10\/logo_rsr.png\",\"contentUrl\":\"https:\/\/dev.centtreize.com\/rsr\/wp-content\/uploads\/2024\/10\/logo_rsr.png\",\"width\":300,\"height\":225,\"caption\":\"Recherches de Science Religieuse\"},\"image\":{\"@id\":\"https:\/\/dev.centtreize.com\/rsr\/#\/schema\/logo\/image\/\"}},{\"@type\":\"Person\",\"@id\":\"https:\/\/dev.centtreize.com\/rsr\/#\/schema\/person\/eb039ce63dcbc3fec0a6b81e43e29ad3\",\"name\":\"H\u00e9l\u00e8ne\",\"url\":\"https:\/\/dev.centtreize.com\/rsr\/author\/rsr\/\"}]}<\/script>\n<!-- \/ Yoast SEO plugin. -->","yoast_head_json":{"title":"La place de la Constitution sur la liturgie dans l'herm\u00e9neutique de Vatican II - Recherches de Science Religieuse","robots":{"index":"index","follow":"follow","max-snippet":"max-snippet:-1","max-image-preview":"max-image-preview:large","max-video-preview":"max-video-preview:-1"},"canonical":"https:\/\/dev.centtreize.com\/rsr\/article\/la-place-de-la-constitution-sur-la-liturgie-dans-lhermeneutique-de-vatican-ii\/","og_locale":"fr_FR","og_type":"article","og_title":"La place de la Constitution sur la liturgie dans l'herm\u00e9neutique de Vatican II - Recherches de Science Religieuse","og_description":"En mati\u00e8re d\u2019herm\u00e9neutique de Vatican II, il existe une sorte de ligne de d\u00e9marcation entre l\u2019approche des liturgistes et celle des autres interpr\u00e8tes du corpus conciliaire. D\u2019un c\u00f4t\u00e9, les ex\u00e9g\u00e8tes de la Constitution sur la liturgie sont habituellement d\u00e9pendants de la relation entre le texte m\u00eame de Sacrosanctum concilium et sa mise en application dans la r\u00e9forme liturgique. De l\u2019autre c\u00f4t\u00e9, les travaux sur Vatican II font relativement peu de place \u00e0 la Constitution sur la liturgie. En partant de ce constat, et en s\u2019appuyant sur la recherche r\u00e9cente concernant l\u2019herm\u00e9neutique du Concile, l\u2019article tente de penser une place renouvel\u00e9e de la Constitution Sacrosanctum concilium dans cette recherche.","og_url":"https:\/\/dev.centtreize.com\/rsr\/article\/la-place-de-la-constitution-sur-la-liturgie-dans-lhermeneutique-de-vatican-ii\/","og_site_name":"Recherches de Science Religieuse","article_published_time":"2013-12-10T16:13:30+00:00","article_modified_time":"2024-10-02T02:28:02+00:00","author":"H\u00e9l\u00e8ne","twitter_card":"summary_large_image","twitter_misc":{"\u00c9crit par":"H\u00e9l\u00e8ne","Dur\u00e9e de lecture estim\u00e9e":"1 minute"},"schema":{"@context":"https:\/\/schema.org","@graph":[{"@type":"Article","@id":"https:\/\/dev.centtreize.com\/rsr\/article\/la-place-de-la-constitution-sur-la-liturgie-dans-lhermeneutique-de-vatican-ii\/#article","isPartOf":{"@id":"https:\/\/dev.centtreize.com\/rsr\/article\/la-place-de-la-constitution-sur-la-liturgie-dans-lhermeneutique-de-vatican-ii\/"},"author":{"name":"H\u00e9l\u00e8ne","@id":"https:\/\/dev.centtreize.com\/rsr\/#\/schema\/person\/eb039ce63dcbc3fec0a6b81e43e29ad3"},"headline":"La place de la Constitution sur la liturgie dans l&rsquo;herm\u00e9neutique de Vatican II","datePublished":"2013-12-10T16:13:30+00:00","dateModified":"2024-10-02T02:28:02+00:00","mainEntityOfPage":{"@id":"https:\/\/dev.centtreize.com\/rsr\/article\/la-place-de-la-constitution-sur-la-liturgie-dans-lhermeneutique-de-vatican-ii\/"},"wordCount":143,"publisher":{"@id":"https:\/\/dev.centtreize.com\/rsr\/#organization"},"keywords":["Eglise","herm\u00e9neutique","liturgie","Vatican II"],"articleSection":["article"],"inLanguage":"fr-FR"},{"@type":"WebPage","@id":"https:\/\/dev.centtreize.com\/rsr\/article\/la-place-de-la-constitution-sur-la-liturgie-dans-lhermeneutique-de-vatican-ii\/","url":"https:\/\/dev.centtreize.com\/rsr\/article\/la-place-de-la-constitution-sur-la-liturgie-dans-lhermeneutique-de-vatican-ii\/","name":"La place de la Constitution sur la liturgie dans l'herm\u00e9neutique de Vatican II - Recherches de Science Religieuse","isPartOf":{"@id":"https:\/\/dev.centtreize.com\/rsr\/#website"},"datePublished":"2013-12-10T16:13:30+00:00","dateModified":"2024-10-02T02:28:02+00:00","breadcrumb":{"@id":"https:\/\/dev.centtreize.com\/rsr\/article\/la-place-de-la-constitution-sur-la-liturgie-dans-lhermeneutique-de-vatican-ii\/#breadcrumb"},"inLanguage":"fr-FR","potentialAction":[{"@type":"ReadAction","target":["https:\/\/dev.centtreize.com\/rsr\/article\/la-place-de-la-constitution-sur-la-liturgie-dans-lhermeneutique-de-vatican-ii\/"]}]},{"@type":"BreadcrumbList","@id":"https:\/\/dev.centtreize.com\/rsr\/article\/la-place-de-la-constitution-sur-la-liturgie-dans-lhermeneutique-de-vatican-ii\/#breadcrumb","itemListElement":[{"@type":"ListItem","position":1,"name":"Accueil","item":"https:\/\/dev.centtreize.com\/rsr\/"},{"@type":"ListItem","position":2,"name":"La place de la Constitution sur la liturgie dans l&rsquo;herm\u00e9neutique de Vatican II"}]},{"@type":"WebSite","@id":"https:\/\/dev.centtreize.com\/rsr\/#website","url":"https:\/\/dev.centtreize.com\/rsr\/","name":"Recherches de Science Religieuse","description":"Recherches de Science Religieuse","publisher":{"@id":"https:\/\/dev.centtreize.com\/rsr\/#organization"},"potentialAction":[{"@type":"SearchAction","target":{"@type":"EntryPoint","urlTemplate":"https:\/\/dev.centtreize.com\/rsr\/?s={search_term_string}"},"query-input":{"@type":"PropertyValueSpecification","valueRequired":true,"valueName":"search_term_string"}}],"inLanguage":"fr-FR"},{"@type":"Organization","@id":"https:\/\/dev.centtreize.com\/rsr\/#organization","name":"Recherches de Science Religieuse","url":"https:\/\/dev.centtreize.com\/rsr\/","logo":{"@type":"ImageObject","inLanguage":"fr-FR","@id":"https:\/\/dev.centtreize.com\/rsr\/#\/schema\/logo\/image\/","url":"https:\/\/dev.centtreize.com\/rsr\/wp-content\/uploads\/2024\/10\/logo_rsr.png","contentUrl":"https:\/\/dev.centtreize.com\/rsr\/wp-content\/uploads\/2024\/10\/logo_rsr.png","width":300,"height":225,"caption":"Recherches de Science Religieuse"},"image":{"@id":"https:\/\/dev.centtreize.com\/rsr\/#\/schema\/logo\/image\/"}},{"@type":"Person","@id":"https:\/\/dev.centtreize.com\/rsr\/#\/schema\/person\/eb039ce63dcbc3fec0a6b81e43e29ad3","name":"H\u00e9l\u00e8ne","url":"https:\/\/dev.centtreize.com\/rsr\/author\/rsr\/"}]}},"_links":{"self":[{"href":"https:\/\/dev.centtreize.com\/rsr\/wp-json\/wp\/v2\/posts\/2451","targetHints":{"allow":["GET"]}}],"collection":[{"href":"https:\/\/dev.centtreize.com\/rsr\/wp-json\/wp\/v2\/posts"}],"about":[{"href":"https:\/\/dev.centtreize.com\/rsr\/wp-json\/wp\/v2\/types\/post"}],"author":[{"embeddable":true,"href":"https:\/\/dev.centtreize.com\/rsr\/wp-json\/wp\/v2\/users\/2"}],"replies":[{"embeddable":true,"href":"https:\/\/dev.centtreize.com\/rsr\/wp-json\/wp\/v2\/comments?post=2451"}],"version-history":[{"count":9,"href":"https:\/\/dev.centtreize.com\/rsr\/wp-json\/wp\/v2\/posts\/2451\/revisions"}],"predecessor-version":[{"id":17465,"href":"https:\/\/dev.centtreize.com\/rsr\/wp-json\/wp\/v2\/posts\/2451\/revisions\/17465"}],"wp:attachment":[{"href":"https:\/\/dev.centtreize.com\/rsr\/wp-json\/wp\/v2\/media?parent=2451"}],"wp:term":[{"taxonomy":"category","embeddable":true,"href":"https:\/\/dev.centtreize.com\/rsr\/wp-json\/wp\/v2\/categories?post=2451"},{"taxonomy":"post_tag","embeddable":true,"href":"https:\/\/dev.centtreize.com\/rsr\/wp-json\/wp\/v2\/tags?post=2451"},{"taxonomy":"keywords","embeddable":true,"href":"https:\/\/dev.centtreize.com\/rsr\/wp-json\/wp\/v2\/keywords?post=2451"}],"curies":[{"name":"wp","href":"https:\/\/api.w.org\/{rel}","templated":true}]}}