{"id":2305,"date":"2013-12-10T16:45:37","date_gmt":"2013-12-10T15:45:37","guid":{"rendered":"http:\/\/dev.revue-rsr.com\/?p=2305"},"modified":"2025-06-13T07:23:08","modified_gmt":"2025-06-13T06:23:08","slug":"les-savoirs-du-religieux-dans-la-france-du-xxe","status":"publish","type":"post","link":"https:\/\/dev.centtreize.com\/rsr\/article\/les-savoirs-du-religieux-dans-la-france-du-xxe\/","title":{"rendered":"Les \u00ab\u00a0savoirs du religieux\u00a0\u00bb dans la France du XXe"},"content":{"rendered":"<p>Les&nbsp;\u00ab&nbsp;savoirs du religieux&nbsp;\u00bb dans la France du XXe si\u00e8cle. Trois moments d\u2019une histoire intellectuelle de la s\u00e9cularisation L\u2019expression&nbsp;\u00ab&nbsp;savoirs du religieux&nbsp;\u00bb d\u00e9signe \u00e0 la fois ce que savent ou croient savoir du religieux les sciences et ce que savent ou croient savoir du monde et d\u2019elles-m\u00eames les religions. Les savoirs du religieux dessinent le lieu d\u2019un \u00e9cart et d\u2019un \u00e9change, dont l\u2019histoire \u00e9clairerait le devenir des rapports entre l\u2019intelligence et la foi \u00e0 l\u2019\u00e9poque contemporaine. Le propos de l\u2019article s\u2019organise autour de trois&nbsp;\u00ab&nbsp;moments&nbsp;\u00bb analogues&nbsp;: le&nbsp;\u00ab&nbsp;moment moderniste&nbsp;\u00bb, le&nbsp;\u00ab&nbsp;moment progressiste&nbsp;\u00bb et le&nbsp;\u00ab&nbsp;moment 68&nbsp;\u00bb et pour chacun d\u2019eux, l\u2019auteur retrace le contexte dans lequel on peut le comprendre et quelques-uns des enjeux qui le structurent.<\/p>\n","protected":false},"excerpt":{"rendered":"<p>Les&nbsp;\u00ab&nbsp;savoirs du religieux&nbsp;\u00bb dans la France du XXe si\u00e8cle. Trois moments d\u2019une histoire intellectuelle de la s\u00e9cularisation L\u2019expression&nbsp;\u00ab&nbsp;savoirs du religieux&nbsp;\u00bb d\u00e9signe \u00e0 la fois ce que savent ou croient savoir du religieux les sciences et ce que savent ou croient savoir du monde et d\u2019elles-m\u00eames les religions. Les savoirs du religieux dessinent le lieu d\u2019un \u00e9cart et d\u2019un \u00e9change, dont l\u2019histoire \u00e9clairerait le devenir des rapports entre l\u2019intelligence et la foi \u00e0 l\u2019\u00e9poque contemporaine. Le propos de l\u2019article s\u2019organise autour de trois&nbsp;\u00ab&nbsp;moments&nbsp;\u00bb analogues&nbsp;: le&nbsp;\u00ab&nbsp;moment moderniste&nbsp;\u00bb, le&nbsp;\u00ab&nbsp;moment progressiste&nbsp;\u00bb et le&nbsp;\u00ab&nbsp;moment 68&nbsp;\u00bb et pour chacun d\u2019eux, l\u2019auteur retrace le contexte dans lequel on peut le comprendre et quelques-uns des enjeux qui le structurent.<\/p>\n","protected":false},"author":2,"featured_media":0,"comment_status":"closed","ping_status":"closed","sticky":false,"template":"","format":"standard","meta":{"_acf_changed":false,"footnotes":""},"categories":[6],"tags":[79,77,47,78,44],"keywords":[1173,1172,1133],"class_list":["post-2305","post","type-post","status-publish","format-standard","hentry","category-article","tag-epoque-contemporaine","tag-france","tag-histoire","tag-sciences","tag-secularisation","keywords-modernisme","keywords-sciences-religieuses","keywords-secularisation"],"acf":[],"yoast_head":"<!-- This site is optimized with the Yoast SEO plugin v27.2 - https:\/\/yoast.com\/product\/yoast-seo-wordpress\/ -->\n<title>Les &quot;savoirs du religieux&quot; dans la France du XXe - Recherches de Science Religieuse<\/title>\n<meta name=\"robots\" content=\"index, follow, max-snippet:-1, max-image-preview:large, max-video-preview:-1\" \/>\n<link rel=\"canonical\" href=\"https:\/\/dev.centtreize.com\/rsr\/article\/les-savoirs-du-religieux-dans-la-france-du-xxe\/\" \/>\n<meta property=\"og:locale\" content=\"fr_FR\" \/>\n<meta property=\"og:type\" content=\"article\" \/>\n<meta property=\"og:title\" content=\"Les &quot;savoirs du religieux&quot; dans la France du XXe - Recherches de Science Religieuse\" \/>\n<meta property=\"og:description\" content=\"Les&nbsp;\u00ab&nbsp;savoirs du religieux&nbsp;\u00bb dans la France du XXe si\u00e8cle. Trois moments d\u2019une histoire intellectuelle de la s\u00e9cularisation L\u2019expression&nbsp;\u00ab&nbsp;savoirs du religieux&nbsp;\u00bb d\u00e9signe \u00e0 la fois ce que savent ou croient savoir du religieux les sciences et ce que savent ou croient savoir du monde et d\u2019elles-m\u00eames les religions. Les savoirs du religieux dessinent le lieu d\u2019un \u00e9cart et d\u2019un \u00e9change, dont l\u2019histoire \u00e9clairerait le devenir des rapports entre l\u2019intelligence et la foi \u00e0 l\u2019\u00e9poque contemporaine. Le propos de l\u2019article s\u2019organise autour de trois&nbsp;\u00ab&nbsp;moments&nbsp;\u00bb analogues&nbsp;: le&nbsp;\u00ab&nbsp;moment moderniste&nbsp;\u00bb, le&nbsp;\u00ab&nbsp;moment progressiste&nbsp;\u00bb et le&nbsp;\u00ab&nbsp;moment 68&nbsp;\u00bb et pour chacun d\u2019eux, l\u2019auteur retrace le contexte dans lequel on peut le comprendre et quelques-uns des enjeux qui le structurent.\" \/>\n<meta property=\"og:url\" content=\"https:\/\/dev.centtreize.com\/rsr\/article\/les-savoirs-du-religieux-dans-la-france-du-xxe\/\" \/>\n<meta property=\"og:site_name\" content=\"Recherches de Science Religieuse\" \/>\n<meta property=\"article:published_time\" content=\"2013-12-10T15:45:37+00:00\" \/>\n<meta property=\"article:modified_time\" content=\"2025-06-13T06:23:08+00:00\" \/>\n<meta name=\"author\" content=\"H\u00e9l\u00e8ne\" \/>\n<meta name=\"twitter:card\" content=\"summary_large_image\" \/>\n<meta name=\"twitter:label1\" content=\"\u00c9crit par\" \/>\n\t<meta name=\"twitter:data1\" content=\"H\u00e9l\u00e8ne\" \/>\n\t<meta name=\"twitter:label2\" content=\"Dur\u00e9e de lecture estim\u00e9e\" \/>\n\t<meta name=\"twitter:data2\" content=\"1 minute\" \/>\n<script type=\"application\/ld+json\" class=\"yoast-schema-graph\">{\"@context\":\"https:\/\/schema.org\",\"@graph\":[{\"@type\":\"Article\",\"@id\":\"https:\/\/dev.centtreize.com\/rsr\/article\/les-savoirs-du-religieux-dans-la-france-du-xxe\/#article\",\"isPartOf\":{\"@id\":\"https:\/\/dev.centtreize.com\/rsr\/article\/les-savoirs-du-religieux-dans-la-france-du-xxe\/\"},\"author\":{\"name\":\"H\u00e9l\u00e8ne\",\"@id\":\"https:\/\/dev.centtreize.com\/rsr\/#\/schema\/person\/eb039ce63dcbc3fec0a6b81e43e29ad3\"},\"headline\":\"Les \u00ab\u00a0savoirs du religieux\u00a0\u00bb dans la France du XXe\",\"datePublished\":\"2013-12-10T15:45:37+00:00\",\"dateModified\":\"2025-06-13T06:23:08+00:00\",\"mainEntityOfPage\":{\"@id\":\"https:\/\/dev.centtreize.com\/rsr\/article\/les-savoirs-du-religieux-dans-la-france-du-xxe\/\"},\"wordCount\":139,\"publisher\":{\"@id\":\"https:\/\/dev.centtreize.com\/rsr\/#organization\"},\"keywords\":[\"\u00e9poque contemporaine\",\"France\",\"histoire\",\"sciences\",\"s\u00e9cularisation\"],\"articleSection\":[\"article\"],\"inLanguage\":\"fr-FR\"},{\"@type\":\"WebPage\",\"@id\":\"https:\/\/dev.centtreize.com\/rsr\/article\/les-savoirs-du-religieux-dans-la-france-du-xxe\/\",\"url\":\"https:\/\/dev.centtreize.com\/rsr\/article\/les-savoirs-du-religieux-dans-la-france-du-xxe\/\",\"name\":\"Les \\\"savoirs du religieux\\\" dans la France du XXe - Recherches de Science Religieuse\",\"isPartOf\":{\"@id\":\"https:\/\/dev.centtreize.com\/rsr\/#website\"},\"datePublished\":\"2013-12-10T15:45:37+00:00\",\"dateModified\":\"2025-06-13T06:23:08+00:00\",\"breadcrumb\":{\"@id\":\"https:\/\/dev.centtreize.com\/rsr\/article\/les-savoirs-du-religieux-dans-la-france-du-xxe\/#breadcrumb\"},\"inLanguage\":\"fr-FR\",\"potentialAction\":[{\"@type\":\"ReadAction\",\"target\":[\"https:\/\/dev.centtreize.com\/rsr\/article\/les-savoirs-du-religieux-dans-la-france-du-xxe\/\"]}]},{\"@type\":\"BreadcrumbList\",\"@id\":\"https:\/\/dev.centtreize.com\/rsr\/article\/les-savoirs-du-religieux-dans-la-france-du-xxe\/#breadcrumb\",\"itemListElement\":[{\"@type\":\"ListItem\",\"position\":1,\"name\":\"Accueil\",\"item\":\"https:\/\/dev.centtreize.com\/rsr\/\"},{\"@type\":\"ListItem\",\"position\":2,\"name\":\"Les \u00ab\u00a0savoirs du religieux\u00a0\u00bb dans la France du XXe\"}]},{\"@type\":\"WebSite\",\"@id\":\"https:\/\/dev.centtreize.com\/rsr\/#website\",\"url\":\"https:\/\/dev.centtreize.com\/rsr\/\",\"name\":\"Recherches de Science Religieuse\",\"description\":\"Recherches de Science Religieuse\",\"publisher\":{\"@id\":\"https:\/\/dev.centtreize.com\/rsr\/#organization\"},\"potentialAction\":[{\"@type\":\"SearchAction\",\"target\":{\"@type\":\"EntryPoint\",\"urlTemplate\":\"https:\/\/dev.centtreize.com\/rsr\/?s={search_term_string}\"},\"query-input\":{\"@type\":\"PropertyValueSpecification\",\"valueRequired\":true,\"valueName\":\"search_term_string\"}}],\"inLanguage\":\"fr-FR\"},{\"@type\":\"Organization\",\"@id\":\"https:\/\/dev.centtreize.com\/rsr\/#organization\",\"name\":\"Recherches de Science Religieuse\",\"url\":\"https:\/\/dev.centtreize.com\/rsr\/\",\"logo\":{\"@type\":\"ImageObject\",\"inLanguage\":\"fr-FR\",\"@id\":\"https:\/\/dev.centtreize.com\/rsr\/#\/schema\/logo\/image\/\",\"url\":\"https:\/\/dev.centtreize.com\/rsr\/wp-content\/uploads\/2024\/10\/logo_rsr.png\",\"contentUrl\":\"https:\/\/dev.centtreize.com\/rsr\/wp-content\/uploads\/2024\/10\/logo_rsr.png\",\"width\":300,\"height\":225,\"caption\":\"Recherches de Science Religieuse\"},\"image\":{\"@id\":\"https:\/\/dev.centtreize.com\/rsr\/#\/schema\/logo\/image\/\"}},{\"@type\":\"Person\",\"@id\":\"https:\/\/dev.centtreize.com\/rsr\/#\/schema\/person\/eb039ce63dcbc3fec0a6b81e43e29ad3\",\"name\":\"H\u00e9l\u00e8ne\",\"url\":\"https:\/\/dev.centtreize.com\/rsr\/author\/rsr\/\"}]}<\/script>\n<!-- \/ Yoast SEO plugin. -->","yoast_head_json":{"title":"Les \"savoirs du religieux\" dans la France du XXe - Recherches de Science Religieuse","robots":{"index":"index","follow":"follow","max-snippet":"max-snippet:-1","max-image-preview":"max-image-preview:large","max-video-preview":"max-video-preview:-1"},"canonical":"https:\/\/dev.centtreize.com\/rsr\/article\/les-savoirs-du-religieux-dans-la-france-du-xxe\/","og_locale":"fr_FR","og_type":"article","og_title":"Les \"savoirs du religieux\" dans la France du XXe - Recherches de Science Religieuse","og_description":"Les&nbsp;\u00ab&nbsp;savoirs du religieux&nbsp;\u00bb dans la France du XXe si\u00e8cle. Trois moments d\u2019une histoire intellectuelle de la s\u00e9cularisation L\u2019expression&nbsp;\u00ab&nbsp;savoirs du religieux&nbsp;\u00bb d\u00e9signe \u00e0 la fois ce que savent ou croient savoir du religieux les sciences et ce que savent ou croient savoir du monde et d\u2019elles-m\u00eames les religions. Les savoirs du religieux dessinent le lieu d\u2019un \u00e9cart et d\u2019un \u00e9change, dont l\u2019histoire \u00e9clairerait le devenir des rapports entre l\u2019intelligence et la foi \u00e0 l\u2019\u00e9poque contemporaine. Le propos de l\u2019article s\u2019organise autour de trois&nbsp;\u00ab&nbsp;moments&nbsp;\u00bb analogues&nbsp;: le&nbsp;\u00ab&nbsp;moment moderniste&nbsp;\u00bb, le&nbsp;\u00ab&nbsp;moment progressiste&nbsp;\u00bb et le&nbsp;\u00ab&nbsp;moment 68&nbsp;\u00bb et pour chacun d\u2019eux, l\u2019auteur retrace le contexte dans lequel on peut le comprendre et quelques-uns des enjeux qui le structurent.","og_url":"https:\/\/dev.centtreize.com\/rsr\/article\/les-savoirs-du-religieux-dans-la-france-du-xxe\/","og_site_name":"Recherches de Science Religieuse","article_published_time":"2013-12-10T15:45:37+00:00","article_modified_time":"2025-06-13T06:23:08+00:00","author":"H\u00e9l\u00e8ne","twitter_card":"summary_large_image","twitter_misc":{"\u00c9crit par":"H\u00e9l\u00e8ne","Dur\u00e9e de lecture estim\u00e9e":"1 minute"},"schema":{"@context":"https:\/\/schema.org","@graph":[{"@type":"Article","@id":"https:\/\/dev.centtreize.com\/rsr\/article\/les-savoirs-du-religieux-dans-la-france-du-xxe\/#article","isPartOf":{"@id":"https:\/\/dev.centtreize.com\/rsr\/article\/les-savoirs-du-religieux-dans-la-france-du-xxe\/"},"author":{"name":"H\u00e9l\u00e8ne","@id":"https:\/\/dev.centtreize.com\/rsr\/#\/schema\/person\/eb039ce63dcbc3fec0a6b81e43e29ad3"},"headline":"Les \u00ab\u00a0savoirs du religieux\u00a0\u00bb dans la France du XXe","datePublished":"2013-12-10T15:45:37+00:00","dateModified":"2025-06-13T06:23:08+00:00","mainEntityOfPage":{"@id":"https:\/\/dev.centtreize.com\/rsr\/article\/les-savoirs-du-religieux-dans-la-france-du-xxe\/"},"wordCount":139,"publisher":{"@id":"https:\/\/dev.centtreize.com\/rsr\/#organization"},"keywords":["\u00e9poque contemporaine","France","histoire","sciences","s\u00e9cularisation"],"articleSection":["article"],"inLanguage":"fr-FR"},{"@type":"WebPage","@id":"https:\/\/dev.centtreize.com\/rsr\/article\/les-savoirs-du-religieux-dans-la-france-du-xxe\/","url":"https:\/\/dev.centtreize.com\/rsr\/article\/les-savoirs-du-religieux-dans-la-france-du-xxe\/","name":"Les \"savoirs du religieux\" dans la France du XXe - Recherches de Science Religieuse","isPartOf":{"@id":"https:\/\/dev.centtreize.com\/rsr\/#website"},"datePublished":"2013-12-10T15:45:37+00:00","dateModified":"2025-06-13T06:23:08+00:00","breadcrumb":{"@id":"https:\/\/dev.centtreize.com\/rsr\/article\/les-savoirs-du-religieux-dans-la-france-du-xxe\/#breadcrumb"},"inLanguage":"fr-FR","potentialAction":[{"@type":"ReadAction","target":["https:\/\/dev.centtreize.com\/rsr\/article\/les-savoirs-du-religieux-dans-la-france-du-xxe\/"]}]},{"@type":"BreadcrumbList","@id":"https:\/\/dev.centtreize.com\/rsr\/article\/les-savoirs-du-religieux-dans-la-france-du-xxe\/#breadcrumb","itemListElement":[{"@type":"ListItem","position":1,"name":"Accueil","item":"https:\/\/dev.centtreize.com\/rsr\/"},{"@type":"ListItem","position":2,"name":"Les \u00ab\u00a0savoirs du religieux\u00a0\u00bb dans la France du XXe"}]},{"@type":"WebSite","@id":"https:\/\/dev.centtreize.com\/rsr\/#website","url":"https:\/\/dev.centtreize.com\/rsr\/","name":"Recherches de Science Religieuse","description":"Recherches de Science Religieuse","publisher":{"@id":"https:\/\/dev.centtreize.com\/rsr\/#organization"},"potentialAction":[{"@type":"SearchAction","target":{"@type":"EntryPoint","urlTemplate":"https:\/\/dev.centtreize.com\/rsr\/?s={search_term_string}"},"query-input":{"@type":"PropertyValueSpecification","valueRequired":true,"valueName":"search_term_string"}}],"inLanguage":"fr-FR"},{"@type":"Organization","@id":"https:\/\/dev.centtreize.com\/rsr\/#organization","name":"Recherches de Science Religieuse","url":"https:\/\/dev.centtreize.com\/rsr\/","logo":{"@type":"ImageObject","inLanguage":"fr-FR","@id":"https:\/\/dev.centtreize.com\/rsr\/#\/schema\/logo\/image\/","url":"https:\/\/dev.centtreize.com\/rsr\/wp-content\/uploads\/2024\/10\/logo_rsr.png","contentUrl":"https:\/\/dev.centtreize.com\/rsr\/wp-content\/uploads\/2024\/10\/logo_rsr.png","width":300,"height":225,"caption":"Recherches de Science Religieuse"},"image":{"@id":"https:\/\/dev.centtreize.com\/rsr\/#\/schema\/logo\/image\/"}},{"@type":"Person","@id":"https:\/\/dev.centtreize.com\/rsr\/#\/schema\/person\/eb039ce63dcbc3fec0a6b81e43e29ad3","name":"H\u00e9l\u00e8ne","url":"https:\/\/dev.centtreize.com\/rsr\/author\/rsr\/"}]}},"_links":{"self":[{"href":"https:\/\/dev.centtreize.com\/rsr\/wp-json\/wp\/v2\/posts\/2305","targetHints":{"allow":["GET"]}}],"collection":[{"href":"https:\/\/dev.centtreize.com\/rsr\/wp-json\/wp\/v2\/posts"}],"about":[{"href":"https:\/\/dev.centtreize.com\/rsr\/wp-json\/wp\/v2\/types\/post"}],"author":[{"embeddable":true,"href":"https:\/\/dev.centtreize.com\/rsr\/wp-json\/wp\/v2\/users\/2"}],"replies":[{"embeddable":true,"href":"https:\/\/dev.centtreize.com\/rsr\/wp-json\/wp\/v2\/comments?post=2305"}],"version-history":[{"count":7,"href":"https:\/\/dev.centtreize.com\/rsr\/wp-json\/wp\/v2\/posts\/2305\/revisions"}],"predecessor-version":[{"id":17473,"href":"https:\/\/dev.centtreize.com\/rsr\/wp-json\/wp\/v2\/posts\/2305\/revisions\/17473"}],"wp:attachment":[{"href":"https:\/\/dev.centtreize.com\/rsr\/wp-json\/wp\/v2\/media?parent=2305"}],"wp:term":[{"taxonomy":"category","embeddable":true,"href":"https:\/\/dev.centtreize.com\/rsr\/wp-json\/wp\/v2\/categories?post=2305"},{"taxonomy":"post_tag","embeddable":true,"href":"https:\/\/dev.centtreize.com\/rsr\/wp-json\/wp\/v2\/tags?post=2305"},{"taxonomy":"keywords","embeddable":true,"href":"https:\/\/dev.centtreize.com\/rsr\/wp-json\/wp\/v2\/keywords?post=2305"}],"curies":[{"name":"wp","href":"https:\/\/api.w.org\/{rel}","templated":true}]}}