{"id":19542,"date":"2025-06-03T12:09:40","date_gmt":"2025-06-03T11:09:40","guid":{"rendered":"https:\/\/dev.centtreize.com\/rsr\/?p=19542"},"modified":"2026-02-04T11:48:23","modified_gmt":"2026-02-04T10:48:23","slug":"croire-en-commun-une-affaire-de-style","status":"publish","type":"post","link":"https:\/\/dev.centtreize.com\/rsr\/article\/croire-en-commun-une-affaire-de-style\/","title":{"rendered":"Croire en commun \u2013 une affaire de style ?"},"content":{"rendered":"<p>L\u2019objectif de cette contribution est de penser la lente sortie de la tradition catholique de l\u2019\u00e9difice doctrinal de la\u00a0<em>fides ecclesiae\u00a0<\/em>m\u00e9di\u00e9vale en discutant les r\u00e9sistances qui s\u2019y opposent. Dans la perspective du colloque qui consiste \u00e0 repenser la place de la th\u00e9ologie comme&nbsp;\u00ab\u00a0science de la foi&nbsp;\u00bb parmi les sciences sociales, elle s\u2019appuiera sur le geste fondateur de celles-ci, pos\u00e9 par les \u00c9mile Durkheim, Ernst Troeltsch, Rudolph Sohm et Max Weber&nbsp;: le premier installant l\u2019\u00c9glise comme objet dans le champ du social, lui enlevant tout privil\u00e8ge ontologique et la mettant au c\u0153ur\u00a0 du social, le deuxi\u00e8me distinguant trois types de socialisation chr\u00e9tienne en interaction (\u00c9glise, secte, mystique) et les deux autres initiant l\u2019int\u00e9r\u00eat pour la structure charismatique de la communalisation sociale et eccl\u00e9siale. Le&nbsp;\u00ab&nbsp;th\u00e9ologique&nbsp;\u00bb qui, dans ce geste diff\u00e9renci\u00e9 se r\u00e9v\u00e8le \u00e0 la racine des sciences sociales place la th\u00e9ologie face \u00e0 une&nbsp;\u00ab&nbsp;h\u00e9riti\u00e8re&nbsp;\u00bb et la met en position d\u2019apprentissage critique.<\/p>\n<p>Comment d\u00e8s lors comprendre et penser la sortie de la\u00a0<em>fides ecclesiae\u00a0<\/em>m\u00e9di\u00e9vale et postm\u00e9di\u00e9vale, qui s\u2019op\u00e8re devant nos yeux&nbsp;?&nbsp;\u00ab&nbsp;Croire en commun&nbsp;\u00bb serait-il devenu une&nbsp;\u00ab\u00a0affaire de style&nbsp;? On montrera qu\u2019issu de la philosophie herm\u00e9neutique et de la ph\u00e9nom\u00e9nologie, le paradigme stylistique peut en effet ouvrir une voie pour penser autrement le&nbsp;\u00ab&nbsp;croire en commun&nbsp;\u00bb, car il s\u2019av\u00e8re particuli\u00e8rement sensible \u00e0 sa diff\u00e9renciation interne, en particulier&nbsp;\u00ab&nbsp;charismatique&nbsp;\u00bb. Le&nbsp;\u00ab&nbsp;commun&nbsp;\u00bb ne dispara\u00eetrait pas mais se serait transform\u00e9, changeant de signification. Il se d\u00e9placerait vers une&nbsp;\u00ab&nbsp;mani\u00e8re de proc\u00e9der&nbsp;\u00bb qui se cherche aujourd\u2019hui dans les mises en \u0153uvre \u0153cum\u00e9niques et catholiques de la synodalit\u00e9, honorant d\u2019une autre mani\u00e8re le lien institutionnel, \u00e9tabli par Erik Peterson et ses h\u00e9ritiers entre l\u2019acte de croire et l\u2019acte d\u2019ob\u00e9ir.<\/p>\n","protected":false},"excerpt":{"rendered":"<p>L\u2019objectif de cette contribution est de penser la lente sortie de la tradition catholique de l\u2019\u00e9difice doctrinal de la\u00a0fides ecclesiae\u00a0m\u00e9di\u00e9vale en discutant les r\u00e9sistances qui s\u2019y opposent. Dans la perspective du colloque qui consiste \u00e0 repenser la place de la th\u00e9ologie comme&nbsp;\u00ab\u00a0science de la foi&nbsp;\u00bb parmi les sciences sociales, elle s\u2019appuiera sur le geste fondateur de celles-ci, pos\u00e9 par les \u00c9mile Durkheim, Ernst Troeltsch, Rudolph Sohm et Max Weber&nbsp;: le premier installant l\u2019\u00c9glise comme objet dans le champ du social, lui enlevant tout privil\u00e8ge ontologique et la mettant au c\u0153ur\u00a0 du social, le deuxi\u00e8me distinguant trois types de socialisation chr\u00e9tienne en interaction (\u00c9glise, secte, mystique) et les deux autres initiant l\u2019int\u00e9r\u00eat pour la structure charismatique de la communalisation sociale et eccl\u00e9siale. Le&nbsp;\u00ab&nbsp;th\u00e9ologique&nbsp;\u00bb qui, dans ce geste diff\u00e9renci\u00e9 se r\u00e9v\u00e8le \u00e0 la racine des sciences sociales place la th\u00e9ologie face \u00e0 une&nbsp;\u00ab&nbsp;h\u00e9riti\u00e8re&nbsp;\u00bb et la met en position d\u2019apprentissage critique. Comment d\u00e8s lors comprendre et penser la sortie de la\u00a0fides ecclesiae\u00a0m\u00e9di\u00e9vale et<a class=\"read-more\" href=\"https:\/\/dev.centtreize.com\/rsr\/article\/croire-en-commun-une-affaire-de-style\/\"><\/a><\/p>\n","protected":false},"author":6,"featured_media":0,"comment_status":"closed","ping_status":"closed","sticky":false,"template":"","format":"standard","meta":{"_acf_changed":false,"footnotes":""},"categories":[6],"tags":[708,1101,1102,1103,1104,1105,1106,1107,1108,1109,525,3],"keywords":[1134,1193,1140],"class_list":["post-19542","post","type-post","status-publish","format-standard","hentry","category-article","tag-charismes","tag-communalisation-chretienne","tag-emile-durkheim","tag-ernst-troeltsch","tag-fides-ecclesiae","tag-institution-ecclesiale","tag-maniere-de-proceder","tag-max-weber","tag-paradigme-stylistique","tag-rudolph-sohm","tag-synodalite","tag-vatican-ii","keywords-foi","keywords-sociologie","keywords-vatican-ii"],"acf":[],"yoast_head":"<!-- This site is optimized with the Yoast SEO plugin v27.2 - https:\/\/yoast.com\/product\/yoast-seo-wordpress\/ -->\n<title>Croire en commun \u2013 une affaire de style ? - Recherches de Science Religieuse<\/title>\n<meta name=\"robots\" content=\"index, follow, max-snippet:-1, max-image-preview:large, max-video-preview:-1\" \/>\n<link rel=\"canonical\" href=\"https:\/\/dev.centtreize.com\/rsr\/article\/croire-en-commun-une-affaire-de-style\/\" \/>\n<meta property=\"og:locale\" content=\"fr_FR\" \/>\n<meta property=\"og:type\" content=\"article\" \/>\n<meta property=\"og:title\" content=\"Croire en commun \u2013 une affaire de style ? - Recherches de Science Religieuse\" \/>\n<meta property=\"og:description\" content=\"L\u2019objectif de cette contribution est de penser la lente sortie de la tradition catholique de l\u2019\u00e9difice doctrinal de la\u00a0fides ecclesiae\u00a0m\u00e9di\u00e9vale en discutant les r\u00e9sistances qui s\u2019y opposent. Dans la perspective du colloque qui consiste \u00e0 repenser la place de la th\u00e9ologie comme&nbsp;\u00ab\u00a0science de la foi&nbsp;\u00bb parmi les sciences sociales, elle s\u2019appuiera sur le geste fondateur de celles-ci, pos\u00e9 par les \u00c9mile Durkheim, Ernst Troeltsch, Rudolph Sohm et Max Weber&nbsp;: le premier installant l\u2019\u00c9glise comme objet dans le champ du social, lui enlevant tout privil\u00e8ge ontologique et la mettant au c\u0153ur\u00a0 du social, le deuxi\u00e8me distinguant trois types de socialisation chr\u00e9tienne en interaction (\u00c9glise, secte, mystique) et les deux autres initiant l\u2019int\u00e9r\u00eat pour la structure charismatique de la communalisation sociale et eccl\u00e9siale. Le&nbsp;\u00ab&nbsp;th\u00e9ologique&nbsp;\u00bb qui, dans ce geste diff\u00e9renci\u00e9 se r\u00e9v\u00e8le \u00e0 la racine des sciences sociales place la th\u00e9ologie face \u00e0 une&nbsp;\u00ab&nbsp;h\u00e9riti\u00e8re&nbsp;\u00bb et la met en position d\u2019apprentissage critique. Comment d\u00e8s lors comprendre et penser la sortie de la\u00a0fides ecclesiae\u00a0m\u00e9di\u00e9vale et\" \/>\n<meta property=\"og:url\" content=\"https:\/\/dev.centtreize.com\/rsr\/article\/croire-en-commun-une-affaire-de-style\/\" \/>\n<meta property=\"og:site_name\" content=\"Recherches de Science Religieuse\" \/>\n<meta property=\"article:published_time\" content=\"2025-06-03T11:09:40+00:00\" \/>\n<meta property=\"article:modified_time\" content=\"2026-02-04T10:48:23+00:00\" \/>\n<meta name=\"author\" content=\"rsr_francois\" \/>\n<meta name=\"twitter:card\" content=\"summary_large_image\" \/>\n<meta name=\"twitter:label1\" content=\"\u00c9crit par\" \/>\n\t<meta name=\"twitter:data1\" content=\"rsr_francois\" \/>\n\t<meta name=\"twitter:label2\" content=\"Dur\u00e9e de lecture estim\u00e9e\" \/>\n\t<meta name=\"twitter:data2\" content=\"2 minutes\" \/>\n<script type=\"application\/ld+json\" class=\"yoast-schema-graph\">{\"@context\":\"https:\/\/schema.org\",\"@graph\":[{\"@type\":\"Article\",\"@id\":\"https:\/\/dev.centtreize.com\/rsr\/article\/croire-en-commun-une-affaire-de-style\/#article\",\"isPartOf\":{\"@id\":\"https:\/\/dev.centtreize.com\/rsr\/article\/croire-en-commun-une-affaire-de-style\/\"},\"author\":{\"name\":\"rsr_francois\",\"@id\":\"https:\/\/dev.centtreize.com\/rsr\/#\/schema\/person\/402a5096d142fa870cc9babbfe4a33f5\"},\"headline\":\"Croire en commun \u2013 une affaire de style ?\",\"datePublished\":\"2025-06-03T11:09:40+00:00\",\"dateModified\":\"2026-02-04T10:48:23+00:00\",\"mainEntityOfPage\":{\"@id\":\"https:\/\/dev.centtreize.com\/rsr\/article\/croire-en-commun-une-affaire-de-style\/\"},\"wordCount\":333,\"publisher\":{\"@id\":\"https:\/\/dev.centtreize.com\/rsr\/#organization\"},\"keywords\":[\"charismes\",\"communalisation chr\u00e9tienne\",\"\u00c9mile Durkheim\",\"Ernst Troeltsch\",\"fides ecclesiae\",\"institution eccl\u00e9siale\",\"mani\u00e8re de proc\u00e9der\",\"Max Weber\",\"paradigme stylistique\",\"Rudolph Sohm\",\"synodalit\u00e9\",\"Vatican II\"],\"articleSection\":[\"article\"],\"inLanguage\":\"fr-FR\"},{\"@type\":\"WebPage\",\"@id\":\"https:\/\/dev.centtreize.com\/rsr\/article\/croire-en-commun-une-affaire-de-style\/\",\"url\":\"https:\/\/dev.centtreize.com\/rsr\/article\/croire-en-commun-une-affaire-de-style\/\",\"name\":\"Croire en commun \u2013 une affaire de style ? - Recherches de Science Religieuse\",\"isPartOf\":{\"@id\":\"https:\/\/dev.centtreize.com\/rsr\/#website\"},\"datePublished\":\"2025-06-03T11:09:40+00:00\",\"dateModified\":\"2026-02-04T10:48:23+00:00\",\"breadcrumb\":{\"@id\":\"https:\/\/dev.centtreize.com\/rsr\/article\/croire-en-commun-une-affaire-de-style\/#breadcrumb\"},\"inLanguage\":\"fr-FR\",\"potentialAction\":[{\"@type\":\"ReadAction\",\"target\":[\"https:\/\/dev.centtreize.com\/rsr\/article\/croire-en-commun-une-affaire-de-style\/\"]}]},{\"@type\":\"BreadcrumbList\",\"@id\":\"https:\/\/dev.centtreize.com\/rsr\/article\/croire-en-commun-une-affaire-de-style\/#breadcrumb\",\"itemListElement\":[{\"@type\":\"ListItem\",\"position\":1,\"name\":\"Accueil\",\"item\":\"https:\/\/dev.centtreize.com\/rsr\/\"},{\"@type\":\"ListItem\",\"position\":2,\"name\":\"Croire en commun \u2013 une affaire de style ?\"}]},{\"@type\":\"WebSite\",\"@id\":\"https:\/\/dev.centtreize.com\/rsr\/#website\",\"url\":\"https:\/\/dev.centtreize.com\/rsr\/\",\"name\":\"Recherches de Science Religieuse\",\"description\":\"Recherches de Science Religieuse\",\"publisher\":{\"@id\":\"https:\/\/dev.centtreize.com\/rsr\/#organization\"},\"potentialAction\":[{\"@type\":\"SearchAction\",\"target\":{\"@type\":\"EntryPoint\",\"urlTemplate\":\"https:\/\/dev.centtreize.com\/rsr\/?s={search_term_string}\"},\"query-input\":{\"@type\":\"PropertyValueSpecification\",\"valueRequired\":true,\"valueName\":\"search_term_string\"}}],\"inLanguage\":\"fr-FR\"},{\"@type\":\"Organization\",\"@id\":\"https:\/\/dev.centtreize.com\/rsr\/#organization\",\"name\":\"Recherches de Science Religieuse\",\"url\":\"https:\/\/dev.centtreize.com\/rsr\/\",\"logo\":{\"@type\":\"ImageObject\",\"inLanguage\":\"fr-FR\",\"@id\":\"https:\/\/dev.centtreize.com\/rsr\/#\/schema\/logo\/image\/\",\"url\":\"https:\/\/dev.centtreize.com\/rsr\/wp-content\/uploads\/2024\/10\/logo_rsr.png\",\"contentUrl\":\"https:\/\/dev.centtreize.com\/rsr\/wp-content\/uploads\/2024\/10\/logo_rsr.png\",\"width\":300,\"height\":225,\"caption\":\"Recherches de Science Religieuse\"},\"image\":{\"@id\":\"https:\/\/dev.centtreize.com\/rsr\/#\/schema\/logo\/image\/\"}},{\"@type\":\"Person\",\"@id\":\"https:\/\/dev.centtreize.com\/rsr\/#\/schema\/person\/402a5096d142fa870cc9babbfe4a33f5\",\"name\":\"rsr_francois\",\"url\":\"https:\/\/dev.centtreize.com\/rsr\/author\/rsr_francois\/\"}]}<\/script>\n<!-- \/ Yoast SEO plugin. -->","yoast_head_json":{"title":"Croire en commun \u2013 une affaire de style ? - Recherches de Science Religieuse","robots":{"index":"index","follow":"follow","max-snippet":"max-snippet:-1","max-image-preview":"max-image-preview:large","max-video-preview":"max-video-preview:-1"},"canonical":"https:\/\/dev.centtreize.com\/rsr\/article\/croire-en-commun-une-affaire-de-style\/","og_locale":"fr_FR","og_type":"article","og_title":"Croire en commun \u2013 une affaire de style ? - Recherches de Science Religieuse","og_description":"L\u2019objectif de cette contribution est de penser la lente sortie de la tradition catholique de l\u2019\u00e9difice doctrinal de la\u00a0fides ecclesiae\u00a0m\u00e9di\u00e9vale en discutant les r\u00e9sistances qui s\u2019y opposent. Dans la perspective du colloque qui consiste \u00e0 repenser la place de la th\u00e9ologie comme&nbsp;\u00ab\u00a0science de la foi&nbsp;\u00bb parmi les sciences sociales, elle s\u2019appuiera sur le geste fondateur de celles-ci, pos\u00e9 par les \u00c9mile Durkheim, Ernst Troeltsch, Rudolph Sohm et Max Weber&nbsp;: le premier installant l\u2019\u00c9glise comme objet dans le champ du social, lui enlevant tout privil\u00e8ge ontologique et la mettant au c\u0153ur\u00a0 du social, le deuxi\u00e8me distinguant trois types de socialisation chr\u00e9tienne en interaction (\u00c9glise, secte, mystique) et les deux autres initiant l\u2019int\u00e9r\u00eat pour la structure charismatique de la communalisation sociale et eccl\u00e9siale. Le&nbsp;\u00ab&nbsp;th\u00e9ologique&nbsp;\u00bb qui, dans ce geste diff\u00e9renci\u00e9 se r\u00e9v\u00e8le \u00e0 la racine des sciences sociales place la th\u00e9ologie face \u00e0 une&nbsp;\u00ab&nbsp;h\u00e9riti\u00e8re&nbsp;\u00bb et la met en position d\u2019apprentissage critique. Comment d\u00e8s lors comprendre et penser la sortie de la\u00a0fides ecclesiae\u00a0m\u00e9di\u00e9vale et","og_url":"https:\/\/dev.centtreize.com\/rsr\/article\/croire-en-commun-une-affaire-de-style\/","og_site_name":"Recherches de Science Religieuse","article_published_time":"2025-06-03T11:09:40+00:00","article_modified_time":"2026-02-04T10:48:23+00:00","author":"rsr_francois","twitter_card":"summary_large_image","twitter_misc":{"\u00c9crit par":"rsr_francois","Dur\u00e9e de lecture estim\u00e9e":"2 minutes"},"schema":{"@context":"https:\/\/schema.org","@graph":[{"@type":"Article","@id":"https:\/\/dev.centtreize.com\/rsr\/article\/croire-en-commun-une-affaire-de-style\/#article","isPartOf":{"@id":"https:\/\/dev.centtreize.com\/rsr\/article\/croire-en-commun-une-affaire-de-style\/"},"author":{"name":"rsr_francois","@id":"https:\/\/dev.centtreize.com\/rsr\/#\/schema\/person\/402a5096d142fa870cc9babbfe4a33f5"},"headline":"Croire en commun \u2013 une affaire de style ?","datePublished":"2025-06-03T11:09:40+00:00","dateModified":"2026-02-04T10:48:23+00:00","mainEntityOfPage":{"@id":"https:\/\/dev.centtreize.com\/rsr\/article\/croire-en-commun-une-affaire-de-style\/"},"wordCount":333,"publisher":{"@id":"https:\/\/dev.centtreize.com\/rsr\/#organization"},"keywords":["charismes","communalisation chr\u00e9tienne","\u00c9mile Durkheim","Ernst Troeltsch","fides ecclesiae","institution eccl\u00e9siale","mani\u00e8re de proc\u00e9der","Max Weber","paradigme stylistique","Rudolph Sohm","synodalit\u00e9","Vatican II"],"articleSection":["article"],"inLanguage":"fr-FR"},{"@type":"WebPage","@id":"https:\/\/dev.centtreize.com\/rsr\/article\/croire-en-commun-une-affaire-de-style\/","url":"https:\/\/dev.centtreize.com\/rsr\/article\/croire-en-commun-une-affaire-de-style\/","name":"Croire en commun \u2013 une affaire de style ? - Recherches de Science Religieuse","isPartOf":{"@id":"https:\/\/dev.centtreize.com\/rsr\/#website"},"datePublished":"2025-06-03T11:09:40+00:00","dateModified":"2026-02-04T10:48:23+00:00","breadcrumb":{"@id":"https:\/\/dev.centtreize.com\/rsr\/article\/croire-en-commun-une-affaire-de-style\/#breadcrumb"},"inLanguage":"fr-FR","potentialAction":[{"@type":"ReadAction","target":["https:\/\/dev.centtreize.com\/rsr\/article\/croire-en-commun-une-affaire-de-style\/"]}]},{"@type":"BreadcrumbList","@id":"https:\/\/dev.centtreize.com\/rsr\/article\/croire-en-commun-une-affaire-de-style\/#breadcrumb","itemListElement":[{"@type":"ListItem","position":1,"name":"Accueil","item":"https:\/\/dev.centtreize.com\/rsr\/"},{"@type":"ListItem","position":2,"name":"Croire en commun \u2013 une affaire de style ?"}]},{"@type":"WebSite","@id":"https:\/\/dev.centtreize.com\/rsr\/#website","url":"https:\/\/dev.centtreize.com\/rsr\/","name":"Recherches de Science Religieuse","description":"Recherches de Science Religieuse","publisher":{"@id":"https:\/\/dev.centtreize.com\/rsr\/#organization"},"potentialAction":[{"@type":"SearchAction","target":{"@type":"EntryPoint","urlTemplate":"https:\/\/dev.centtreize.com\/rsr\/?s={search_term_string}"},"query-input":{"@type":"PropertyValueSpecification","valueRequired":true,"valueName":"search_term_string"}}],"inLanguage":"fr-FR"},{"@type":"Organization","@id":"https:\/\/dev.centtreize.com\/rsr\/#organization","name":"Recherches de Science Religieuse","url":"https:\/\/dev.centtreize.com\/rsr\/","logo":{"@type":"ImageObject","inLanguage":"fr-FR","@id":"https:\/\/dev.centtreize.com\/rsr\/#\/schema\/logo\/image\/","url":"https:\/\/dev.centtreize.com\/rsr\/wp-content\/uploads\/2024\/10\/logo_rsr.png","contentUrl":"https:\/\/dev.centtreize.com\/rsr\/wp-content\/uploads\/2024\/10\/logo_rsr.png","width":300,"height":225,"caption":"Recherches de Science Religieuse"},"image":{"@id":"https:\/\/dev.centtreize.com\/rsr\/#\/schema\/logo\/image\/"}},{"@type":"Person","@id":"https:\/\/dev.centtreize.com\/rsr\/#\/schema\/person\/402a5096d142fa870cc9babbfe4a33f5","name":"rsr_francois","url":"https:\/\/dev.centtreize.com\/rsr\/author\/rsr_francois\/"}]}},"_links":{"self":[{"href":"https:\/\/dev.centtreize.com\/rsr\/wp-json\/wp\/v2\/posts\/19542","targetHints":{"allow":["GET"]}}],"collection":[{"href":"https:\/\/dev.centtreize.com\/rsr\/wp-json\/wp\/v2\/posts"}],"about":[{"href":"https:\/\/dev.centtreize.com\/rsr\/wp-json\/wp\/v2\/types\/post"}],"author":[{"embeddable":true,"href":"https:\/\/dev.centtreize.com\/rsr\/wp-json\/wp\/v2\/users\/6"}],"replies":[{"embeddable":true,"href":"https:\/\/dev.centtreize.com\/rsr\/wp-json\/wp\/v2\/comments?post=19542"}],"version-history":[{"count":1,"href":"https:\/\/dev.centtreize.com\/rsr\/wp-json\/wp\/v2\/posts\/19542\/revisions"}],"predecessor-version":[{"id":19543,"href":"https:\/\/dev.centtreize.com\/rsr\/wp-json\/wp\/v2\/posts\/19542\/revisions\/19543"}],"wp:attachment":[{"href":"https:\/\/dev.centtreize.com\/rsr\/wp-json\/wp\/v2\/media?parent=19542"}],"wp:term":[{"taxonomy":"category","embeddable":true,"href":"https:\/\/dev.centtreize.com\/rsr\/wp-json\/wp\/v2\/categories?post=19542"},{"taxonomy":"post_tag","embeddable":true,"href":"https:\/\/dev.centtreize.com\/rsr\/wp-json\/wp\/v2\/tags?post=19542"},{"taxonomy":"keywords","embeddable":true,"href":"https:\/\/dev.centtreize.com\/rsr\/wp-json\/wp\/v2\/keywords?post=19542"}],"curies":[{"name":"wp","href":"https:\/\/api.w.org\/{rel}","templated":true}]}}