{"id":1666,"date":"2013-10-28T21:07:13","date_gmt":"2013-10-28T20:07:13","guid":{"rendered":"http:\/\/dev.revue-rsr.com\/?p=1666"},"modified":"2024-10-02T02:18:35","modified_gmt":"2024-10-02T01:18:35","slug":"dimensions-historiques-de-lidee-de-concile","status":"publish","type":"post","link":"https:\/\/dev.centtreize.com\/rsr\/article\/dimensions-historiques-de-lidee-de-concile\/","title":{"rendered":"Dimensions historiques de l\u2019id\u00e9e de concile"},"content":{"rendered":"<p>Les conciles, qui font partie de la vie de l\u2019Eglise depuis les temps les plus anciens, sont fortement marqu\u00e9s par leur contexte culturel respectif, de sorte que l\u2019institution a subi, au fil des si\u00e8cles, nombre de changements ext\u00e9rieurs. Malgr\u00e9 cela, une m\u00eame essence est reconnaissable. Ainsi, pour tous les conciles, il s\u2019agit d\u2019\u00e9tablir et de constater un consensus tant en mati\u00e8re de discipline eccl\u00e9siastique que dans les questions de foi. C\u2019est en ce sens que les anciens conciles entendaient \u00eatre le lieu d\u2019\u00e9mergence d\u2019un double consensus, horizontal et vertical. Malgr\u00e9 les al\u00e9as de l\u2019histoire, qui malmen\u00e8rent souvent cet id\u00e9al consensuel, les conciles veulent avoir en commun avec l\u2019Eglise leur caract\u00e8re \u00e0 la fois divin et humain.<\/p>\n","protected":false},"excerpt":{"rendered":"<p>Les conciles, qui font partie de la vie de l\u2019Eglise depuis les temps les plus anciens, sont fortement marqu\u00e9s par leur contexte culturel respectif, de sorte que l\u2019institution a subi, au fil des si\u00e8cles, nombre de changements ext\u00e9rieurs. Malgr\u00e9 cela, une m\u00eame essence est reconnaissable. Ainsi, pour tous les conciles, il s\u2019agit d\u2019\u00e9tablir et de constater un consensus tant en mati\u00e8re de discipline eccl\u00e9siastique que dans les questions de foi. C\u2019est en ce sens que les anciens conciles entendaient \u00eatre le lieu d\u2019\u00e9mergence d\u2019un double consensus, horizontal et vertical. Malgr\u00e9 les al\u00e9as de l\u2019histoire, qui malmen\u00e8rent souvent cet id\u00e9al consensuel, les conciles veulent avoir en commun avec l\u2019Eglise leur caract\u00e8re \u00e0 la fois divin et humain.<\/p>\n","protected":false},"author":1,"featured_media":0,"comment_status":"closed","ping_status":"closed","sticky":false,"template":"","format":"standard","meta":{"_acf_changed":false,"footnotes":""},"categories":[6],"tags":[],"keywords":[],"class_list":["post-1666","post","type-post","status-publish","format-standard","hentry","category-article"],"acf":[],"yoast_head":"<!-- This site is optimized with the Yoast SEO plugin v27.2 - https:\/\/yoast.com\/product\/yoast-seo-wordpress\/ -->\n<title>Dimensions historiques de l\u2019id\u00e9e de concile - Recherches de Science Religieuse<\/title>\n<meta name=\"robots\" content=\"index, follow, max-snippet:-1, max-image-preview:large, max-video-preview:-1\" \/>\n<link rel=\"canonical\" href=\"https:\/\/dev.centtreize.com\/rsr\/article\/dimensions-historiques-de-lidee-de-concile\/\" \/>\n<meta property=\"og:locale\" content=\"fr_FR\" \/>\n<meta property=\"og:type\" content=\"article\" \/>\n<meta property=\"og:title\" content=\"Dimensions historiques de l\u2019id\u00e9e de concile - Recherches de Science Religieuse\" \/>\n<meta property=\"og:description\" content=\"Les conciles, qui font partie de la vie de l\u2019Eglise depuis les temps les plus anciens, sont fortement marqu\u00e9s par leur contexte culturel respectif, de sorte que l\u2019institution a subi, au fil des si\u00e8cles, nombre de changements ext\u00e9rieurs. Malgr\u00e9 cela, une m\u00eame essence est reconnaissable. Ainsi, pour tous les conciles, il s\u2019agit d\u2019\u00e9tablir et de constater un consensus tant en mati\u00e8re de discipline eccl\u00e9siastique que dans les questions de foi. C\u2019est en ce sens que les anciens conciles entendaient \u00eatre le lieu d\u2019\u00e9mergence d\u2019un double consensus, horizontal et vertical. Malgr\u00e9 les al\u00e9as de l\u2019histoire, qui malmen\u00e8rent souvent cet id\u00e9al consensuel, les conciles veulent avoir en commun avec l\u2019Eglise leur caract\u00e8re \u00e0 la fois divin et humain.\" \/>\n<meta property=\"og:url\" content=\"https:\/\/dev.centtreize.com\/rsr\/article\/dimensions-historiques-de-lidee-de-concile\/\" \/>\n<meta property=\"og:site_name\" content=\"Recherches de Science Religieuse\" \/>\n<meta property=\"article:published_time\" content=\"2013-10-28T20:07:13+00:00\" \/>\n<meta property=\"article:modified_time\" content=\"2024-10-02T01:18:35+00:00\" \/>\n<meta name=\"author\" content=\"revue@dmin\" \/>\n<meta name=\"twitter:card\" content=\"summary_large_image\" \/>\n<meta name=\"twitter:label1\" content=\"\u00c9crit par\" \/>\n\t<meta name=\"twitter:data1\" content=\"revue@dmin\" \/>\n\t<meta name=\"twitter:label2\" content=\"Dur\u00e9e de lecture estim\u00e9e\" \/>\n\t<meta name=\"twitter:data2\" content=\"1 minute\" \/>\n<script type=\"application\/ld+json\" class=\"yoast-schema-graph\">{\"@context\":\"https:\/\/schema.org\",\"@graph\":[{\"@type\":\"Article\",\"@id\":\"https:\/\/dev.centtreize.com\/rsr\/article\/dimensions-historiques-de-lidee-de-concile\/#article\",\"isPartOf\":{\"@id\":\"https:\/\/dev.centtreize.com\/rsr\/article\/dimensions-historiques-de-lidee-de-concile\/\"},\"author\":{\"name\":\"revue@dmin\",\"@id\":\"https:\/\/dev.centtreize.com\/rsr\/#\/schema\/person\/9f242145bf00253a95a38d0e33921be1\"},\"headline\":\"Dimensions historiques de l\u2019id\u00e9e de concile\",\"datePublished\":\"2013-10-28T20:07:13+00:00\",\"dateModified\":\"2024-10-02T01:18:35+00:00\",\"mainEntityOfPage\":{\"@id\":\"https:\/\/dev.centtreize.com\/rsr\/article\/dimensions-historiques-de-lidee-de-concile\/\"},\"wordCount\":142,\"publisher\":{\"@id\":\"https:\/\/dev.centtreize.com\/rsr\/#organization\"},\"articleSection\":[\"article\"],\"inLanguage\":\"fr-FR\"},{\"@type\":\"WebPage\",\"@id\":\"https:\/\/dev.centtreize.com\/rsr\/article\/dimensions-historiques-de-lidee-de-concile\/\",\"url\":\"https:\/\/dev.centtreize.com\/rsr\/article\/dimensions-historiques-de-lidee-de-concile\/\",\"name\":\"Dimensions historiques de l\u2019id\u00e9e de concile - Recherches de Science Religieuse\",\"isPartOf\":{\"@id\":\"https:\/\/dev.centtreize.com\/rsr\/#website\"},\"datePublished\":\"2013-10-28T20:07:13+00:00\",\"dateModified\":\"2024-10-02T01:18:35+00:00\",\"breadcrumb\":{\"@id\":\"https:\/\/dev.centtreize.com\/rsr\/article\/dimensions-historiques-de-lidee-de-concile\/#breadcrumb\"},\"inLanguage\":\"fr-FR\",\"potentialAction\":[{\"@type\":\"ReadAction\",\"target\":[\"https:\/\/dev.centtreize.com\/rsr\/article\/dimensions-historiques-de-lidee-de-concile\/\"]}]},{\"@type\":\"BreadcrumbList\",\"@id\":\"https:\/\/dev.centtreize.com\/rsr\/article\/dimensions-historiques-de-lidee-de-concile\/#breadcrumb\",\"itemListElement\":[{\"@type\":\"ListItem\",\"position\":1,\"name\":\"Accueil\",\"item\":\"https:\/\/dev.centtreize.com\/rsr\/\"},{\"@type\":\"ListItem\",\"position\":2,\"name\":\"Dimensions historiques de l\u2019id\u00e9e de concile\"}]},{\"@type\":\"WebSite\",\"@id\":\"https:\/\/dev.centtreize.com\/rsr\/#website\",\"url\":\"https:\/\/dev.centtreize.com\/rsr\/\",\"name\":\"Recherches de Science Religieuse\",\"description\":\"Recherches de Science Religieuse\",\"publisher\":{\"@id\":\"https:\/\/dev.centtreize.com\/rsr\/#organization\"},\"potentialAction\":[{\"@type\":\"SearchAction\",\"target\":{\"@type\":\"EntryPoint\",\"urlTemplate\":\"https:\/\/dev.centtreize.com\/rsr\/?s={search_term_string}\"},\"query-input\":{\"@type\":\"PropertyValueSpecification\",\"valueRequired\":true,\"valueName\":\"search_term_string\"}}],\"inLanguage\":\"fr-FR\"},{\"@type\":\"Organization\",\"@id\":\"https:\/\/dev.centtreize.com\/rsr\/#organization\",\"name\":\"Recherches de Science Religieuse\",\"url\":\"https:\/\/dev.centtreize.com\/rsr\/\",\"logo\":{\"@type\":\"ImageObject\",\"inLanguage\":\"fr-FR\",\"@id\":\"https:\/\/dev.centtreize.com\/rsr\/#\/schema\/logo\/image\/\",\"url\":\"https:\/\/dev.centtreize.com\/rsr\/wp-content\/uploads\/2024\/10\/logo_rsr.png\",\"contentUrl\":\"https:\/\/dev.centtreize.com\/rsr\/wp-content\/uploads\/2024\/10\/logo_rsr.png\",\"width\":300,\"height\":225,\"caption\":\"Recherches de Science Religieuse\"},\"image\":{\"@id\":\"https:\/\/dev.centtreize.com\/rsr\/#\/schema\/logo\/image\/\"}},{\"@type\":\"Person\",\"@id\":\"https:\/\/dev.centtreize.com\/rsr\/#\/schema\/person\/9f242145bf00253a95a38d0e33921be1\",\"name\":\"revue@dmin\",\"url\":\"https:\/\/dev.centtreize.com\/rsr\/author\/revuedmin\/\"}]}<\/script>\n<!-- \/ Yoast SEO plugin. -->","yoast_head_json":{"title":"Dimensions historiques de l\u2019id\u00e9e de concile - Recherches de Science Religieuse","robots":{"index":"index","follow":"follow","max-snippet":"max-snippet:-1","max-image-preview":"max-image-preview:large","max-video-preview":"max-video-preview:-1"},"canonical":"https:\/\/dev.centtreize.com\/rsr\/article\/dimensions-historiques-de-lidee-de-concile\/","og_locale":"fr_FR","og_type":"article","og_title":"Dimensions historiques de l\u2019id\u00e9e de concile - Recherches de Science Religieuse","og_description":"Les conciles, qui font partie de la vie de l\u2019Eglise depuis les temps les plus anciens, sont fortement marqu\u00e9s par leur contexte culturel respectif, de sorte que l\u2019institution a subi, au fil des si\u00e8cles, nombre de changements ext\u00e9rieurs. Malgr\u00e9 cela, une m\u00eame essence est reconnaissable. Ainsi, pour tous les conciles, il s\u2019agit d\u2019\u00e9tablir et de constater un consensus tant en mati\u00e8re de discipline eccl\u00e9siastique que dans les questions de foi. C\u2019est en ce sens que les anciens conciles entendaient \u00eatre le lieu d\u2019\u00e9mergence d\u2019un double consensus, horizontal et vertical. Malgr\u00e9 les al\u00e9as de l\u2019histoire, qui malmen\u00e8rent souvent cet id\u00e9al consensuel, les conciles veulent avoir en commun avec l\u2019Eglise leur caract\u00e8re \u00e0 la fois divin et humain.","og_url":"https:\/\/dev.centtreize.com\/rsr\/article\/dimensions-historiques-de-lidee-de-concile\/","og_site_name":"Recherches de Science Religieuse","article_published_time":"2013-10-28T20:07:13+00:00","article_modified_time":"2024-10-02T01:18:35+00:00","author":"revue@dmin","twitter_card":"summary_large_image","twitter_misc":{"\u00c9crit par":"revue@dmin","Dur\u00e9e de lecture estim\u00e9e":"1 minute"},"schema":{"@context":"https:\/\/schema.org","@graph":[{"@type":"Article","@id":"https:\/\/dev.centtreize.com\/rsr\/article\/dimensions-historiques-de-lidee-de-concile\/#article","isPartOf":{"@id":"https:\/\/dev.centtreize.com\/rsr\/article\/dimensions-historiques-de-lidee-de-concile\/"},"author":{"name":"revue@dmin","@id":"https:\/\/dev.centtreize.com\/rsr\/#\/schema\/person\/9f242145bf00253a95a38d0e33921be1"},"headline":"Dimensions historiques de l\u2019id\u00e9e de concile","datePublished":"2013-10-28T20:07:13+00:00","dateModified":"2024-10-02T01:18:35+00:00","mainEntityOfPage":{"@id":"https:\/\/dev.centtreize.com\/rsr\/article\/dimensions-historiques-de-lidee-de-concile\/"},"wordCount":142,"publisher":{"@id":"https:\/\/dev.centtreize.com\/rsr\/#organization"},"articleSection":["article"],"inLanguage":"fr-FR"},{"@type":"WebPage","@id":"https:\/\/dev.centtreize.com\/rsr\/article\/dimensions-historiques-de-lidee-de-concile\/","url":"https:\/\/dev.centtreize.com\/rsr\/article\/dimensions-historiques-de-lidee-de-concile\/","name":"Dimensions historiques de l\u2019id\u00e9e de concile - Recherches de Science Religieuse","isPartOf":{"@id":"https:\/\/dev.centtreize.com\/rsr\/#website"},"datePublished":"2013-10-28T20:07:13+00:00","dateModified":"2024-10-02T01:18:35+00:00","breadcrumb":{"@id":"https:\/\/dev.centtreize.com\/rsr\/article\/dimensions-historiques-de-lidee-de-concile\/#breadcrumb"},"inLanguage":"fr-FR","potentialAction":[{"@type":"ReadAction","target":["https:\/\/dev.centtreize.com\/rsr\/article\/dimensions-historiques-de-lidee-de-concile\/"]}]},{"@type":"BreadcrumbList","@id":"https:\/\/dev.centtreize.com\/rsr\/article\/dimensions-historiques-de-lidee-de-concile\/#breadcrumb","itemListElement":[{"@type":"ListItem","position":1,"name":"Accueil","item":"https:\/\/dev.centtreize.com\/rsr\/"},{"@type":"ListItem","position":2,"name":"Dimensions historiques de l\u2019id\u00e9e de concile"}]},{"@type":"WebSite","@id":"https:\/\/dev.centtreize.com\/rsr\/#website","url":"https:\/\/dev.centtreize.com\/rsr\/","name":"Recherches de Science Religieuse","description":"Recherches de Science Religieuse","publisher":{"@id":"https:\/\/dev.centtreize.com\/rsr\/#organization"},"potentialAction":[{"@type":"SearchAction","target":{"@type":"EntryPoint","urlTemplate":"https:\/\/dev.centtreize.com\/rsr\/?s={search_term_string}"},"query-input":{"@type":"PropertyValueSpecification","valueRequired":true,"valueName":"search_term_string"}}],"inLanguage":"fr-FR"},{"@type":"Organization","@id":"https:\/\/dev.centtreize.com\/rsr\/#organization","name":"Recherches de Science Religieuse","url":"https:\/\/dev.centtreize.com\/rsr\/","logo":{"@type":"ImageObject","inLanguage":"fr-FR","@id":"https:\/\/dev.centtreize.com\/rsr\/#\/schema\/logo\/image\/","url":"https:\/\/dev.centtreize.com\/rsr\/wp-content\/uploads\/2024\/10\/logo_rsr.png","contentUrl":"https:\/\/dev.centtreize.com\/rsr\/wp-content\/uploads\/2024\/10\/logo_rsr.png","width":300,"height":225,"caption":"Recherches de Science Religieuse"},"image":{"@id":"https:\/\/dev.centtreize.com\/rsr\/#\/schema\/logo\/image\/"}},{"@type":"Person","@id":"https:\/\/dev.centtreize.com\/rsr\/#\/schema\/person\/9f242145bf00253a95a38d0e33921be1","name":"revue@dmin","url":"https:\/\/dev.centtreize.com\/rsr\/author\/revuedmin\/"}]}},"_links":{"self":[{"href":"https:\/\/dev.centtreize.com\/rsr\/wp-json\/wp\/v2\/posts\/1666","targetHints":{"allow":["GET"]}}],"collection":[{"href":"https:\/\/dev.centtreize.com\/rsr\/wp-json\/wp\/v2\/posts"}],"about":[{"href":"https:\/\/dev.centtreize.com\/rsr\/wp-json\/wp\/v2\/types\/post"}],"author":[{"embeddable":true,"href":"https:\/\/dev.centtreize.com\/rsr\/wp-json\/wp\/v2\/users\/1"}],"replies":[{"embeddable":true,"href":"https:\/\/dev.centtreize.com\/rsr\/wp-json\/wp\/v2\/comments?post=1666"}],"version-history":[{"count":3,"href":"https:\/\/dev.centtreize.com\/rsr\/wp-json\/wp\/v2\/posts\/1666\/revisions"}],"predecessor-version":[{"id":17314,"href":"https:\/\/dev.centtreize.com\/rsr\/wp-json\/wp\/v2\/posts\/1666\/revisions\/17314"}],"wp:attachment":[{"href":"https:\/\/dev.centtreize.com\/rsr\/wp-json\/wp\/v2\/media?parent=1666"}],"wp:term":[{"taxonomy":"category","embeddable":true,"href":"https:\/\/dev.centtreize.com\/rsr\/wp-json\/wp\/v2\/categories?post=1666"},{"taxonomy":"post_tag","embeddable":true,"href":"https:\/\/dev.centtreize.com\/rsr\/wp-json\/wp\/v2\/tags?post=1666"},{"taxonomy":"keywords","embeddable":true,"href":"https:\/\/dev.centtreize.com\/rsr\/wp-json\/wp\/v2\/keywords?post=1666"}],"curies":[{"name":"wp","href":"https:\/\/api.w.org\/{rel}","templated":true}]}}