{"id":1665,"date":"2013-10-28T21:08:10","date_gmt":"2013-10-28T20:08:10","guid":{"rendered":"http:\/\/dev.revue-rsr.com\/?p=1665"},"modified":"2024-10-02T02:18:21","modified_gmt":"2024-10-02T01:18:21","slug":"vatican-ii-levenement-des-historiens","status":"publish","type":"post","link":"https:\/\/dev.centtreize.com\/rsr\/article\/vatican-ii-levenement-des-historiens\/","title":{"rendered":"Vatican II, l\u2019\u00e9v\u00e9nement des historiens"},"content":{"rendered":"<p>A propos de l\u2019Histoire du Concile Vatican II, 1959-1965 r\u00e9alis\u00e9e sous la direction de Giuseppe Alberigo, P. Vallin appr\u00e9cie les enjeux de ce Concile tels que le recul du temps et donc la distanciation historienne permettent d\u2019en parler. Mais son analyse de l\u2019\u0153uvre va plus loin dans la mesure o\u00f9 il tente d\u2019appr\u00e9cier l\u2019action historienne dans le travail m\u00eame des historiens. En dehors du fait qu\u2019ils ont le recul du temps, ils disposent d\u2019un ensemble de documents et surtout d\u2019archives plus ou moins personnelles d\u2019acteurs et de t\u00e9moins qui posent la question de la&nbsp;\u00ab&nbsp;relecture&nbsp;\u00bb de l\u2019\u00e9v\u00e8nement. A quoi s\u2019ajoute la&nbsp;\u00ab&nbsp;construction du r\u00e9cit&nbsp;\u00bb.&nbsp;\u00ab&nbsp;Probl\u00e8me complexe, sur lequel tous les collaborateurs des entreprises d\u2019histoire sociale, culturelle, voire politique, ne donnent pas les m\u00eames r\u00e9ponses&nbsp;\u00bb. Les auteurs de cette \u0153uvre monumentale et tout \u00e0 fait remarquable, n\u2019\u00e9chappent pas \u00e0 cette question et \u00e0 la multiplicit\u00e9 des r\u00e9ponses.<\/p>\n","protected":false},"excerpt":{"rendered":"<p>A propos de l\u2019Histoire du Concile Vatican II, 1959-1965 r\u00e9alis\u00e9e sous la direction de Giuseppe Alberigo, P. Vallin appr\u00e9cie les enjeux de ce Concile tels que le recul du temps et donc la distanciation historienne permettent d\u2019en parler. Mais son analyse de l\u2019\u0153uvre va plus loin dans la mesure o\u00f9 il tente d\u2019appr\u00e9cier l\u2019action historienne dans le travail m\u00eame des historiens. En dehors du fait qu\u2019ils ont le recul du temps, ils disposent d\u2019un ensemble de documents et surtout d\u2019archives plus ou moins personnelles d\u2019acteurs et de t\u00e9moins qui posent la question de la&nbsp;\u00ab&nbsp;relecture&nbsp;\u00bb de l\u2019\u00e9v\u00e8nement. A quoi s\u2019ajoute la&nbsp;\u00ab&nbsp;construction du r\u00e9cit&nbsp;\u00bb.&nbsp;\u00ab&nbsp;Probl\u00e8me complexe, sur lequel tous les collaborateurs des entreprises d\u2019histoire sociale, culturelle, voire politique, ne donnent pas les m\u00eames r\u00e9ponses&nbsp;\u00bb. Les auteurs de cette \u0153uvre monumentale et tout \u00e0 fait remarquable, n\u2019\u00e9chappent pas \u00e0 cette question et \u00e0 la multiplicit\u00e9 des r\u00e9ponses.<\/p>\n","protected":false},"author":1,"featured_media":0,"comment_status":"closed","ping_status":"closed","sticky":false,"template":"","format":"standard","meta":{"_acf_changed":false,"footnotes":""},"categories":[6],"tags":[],"keywords":[],"class_list":["post-1665","post","type-post","status-publish","format-standard","hentry","category-article"],"acf":[],"yoast_head":"<!-- This site is optimized with the Yoast SEO plugin v27.2 - https:\/\/yoast.com\/product\/yoast-seo-wordpress\/ -->\n<title>Vatican II, l\u2019\u00e9v\u00e9nement des historiens - Recherches de Science Religieuse<\/title>\n<meta name=\"robots\" content=\"index, follow, max-snippet:-1, max-image-preview:large, max-video-preview:-1\" \/>\n<link rel=\"canonical\" href=\"https:\/\/dev.centtreize.com\/rsr\/article\/vatican-ii-levenement-des-historiens\/\" \/>\n<meta property=\"og:locale\" content=\"fr_FR\" \/>\n<meta property=\"og:type\" content=\"article\" \/>\n<meta property=\"og:title\" content=\"Vatican II, l\u2019\u00e9v\u00e9nement des historiens - Recherches de Science Religieuse\" \/>\n<meta property=\"og:description\" content=\"A propos de l\u2019Histoire du Concile Vatican II, 1959-1965 r\u00e9alis\u00e9e sous la direction de Giuseppe Alberigo, P. Vallin appr\u00e9cie les enjeux de ce Concile tels que le recul du temps et donc la distanciation historienne permettent d\u2019en parler. Mais son analyse de l\u2019\u0153uvre va plus loin dans la mesure o\u00f9 il tente d\u2019appr\u00e9cier l\u2019action historienne dans le travail m\u00eame des historiens. En dehors du fait qu\u2019ils ont le recul du temps, ils disposent d\u2019un ensemble de documents et surtout d\u2019archives plus ou moins personnelles d\u2019acteurs et de t\u00e9moins qui posent la question de la&nbsp;\u00ab&nbsp;relecture&nbsp;\u00bb de l\u2019\u00e9v\u00e8nement. A quoi s\u2019ajoute la&nbsp;\u00ab&nbsp;construction du r\u00e9cit&nbsp;\u00bb.&nbsp;\u00ab&nbsp;Probl\u00e8me complexe, sur lequel tous les collaborateurs des entreprises d\u2019histoire sociale, culturelle, voire politique, ne donnent pas les m\u00eames r\u00e9ponses&nbsp;\u00bb. Les auteurs de cette \u0153uvre monumentale et tout \u00e0 fait remarquable, n\u2019\u00e9chappent pas \u00e0 cette question et \u00e0 la multiplicit\u00e9 des r\u00e9ponses.\" \/>\n<meta property=\"og:url\" content=\"https:\/\/dev.centtreize.com\/rsr\/article\/vatican-ii-levenement-des-historiens\/\" \/>\n<meta property=\"og:site_name\" content=\"Recherches de Science Religieuse\" \/>\n<meta property=\"article:published_time\" content=\"2013-10-28T20:08:10+00:00\" \/>\n<meta property=\"article:modified_time\" content=\"2024-10-02T01:18:21+00:00\" \/>\n<meta name=\"author\" content=\"revue@dmin\" \/>\n<meta name=\"twitter:card\" content=\"summary_large_image\" \/>\n<meta name=\"twitter:label1\" content=\"\u00c9crit par\" \/>\n\t<meta name=\"twitter:data1\" content=\"revue@dmin\" \/>\n\t<meta name=\"twitter:label2\" content=\"Dur\u00e9e de lecture estim\u00e9e\" \/>\n\t<meta name=\"twitter:data2\" content=\"1 minute\" \/>\n<script type=\"application\/ld+json\" class=\"yoast-schema-graph\">{\"@context\":\"https:\/\/schema.org\",\"@graph\":[{\"@type\":\"Article\",\"@id\":\"https:\/\/dev.centtreize.com\/rsr\/article\/vatican-ii-levenement-des-historiens\/#article\",\"isPartOf\":{\"@id\":\"https:\/\/dev.centtreize.com\/rsr\/article\/vatican-ii-levenement-des-historiens\/\"},\"author\":{\"name\":\"revue@dmin\",\"@id\":\"https:\/\/dev.centtreize.com\/rsr\/#\/schema\/person\/9f242145bf00253a95a38d0e33921be1\"},\"headline\":\"Vatican II, l\u2019\u00e9v\u00e9nement des historiens\",\"datePublished\":\"2013-10-28T20:08:10+00:00\",\"dateModified\":\"2024-10-02T01:18:21+00:00\",\"mainEntityOfPage\":{\"@id\":\"https:\/\/dev.centtreize.com\/rsr\/article\/vatican-ii-levenement-des-historiens\/\"},\"wordCount\":175,\"publisher\":{\"@id\":\"https:\/\/dev.centtreize.com\/rsr\/#organization\"},\"articleSection\":[\"article\"],\"inLanguage\":\"fr-FR\"},{\"@type\":\"WebPage\",\"@id\":\"https:\/\/dev.centtreize.com\/rsr\/article\/vatican-ii-levenement-des-historiens\/\",\"url\":\"https:\/\/dev.centtreize.com\/rsr\/article\/vatican-ii-levenement-des-historiens\/\",\"name\":\"Vatican II, l\u2019\u00e9v\u00e9nement des historiens - Recherches de Science Religieuse\",\"isPartOf\":{\"@id\":\"https:\/\/dev.centtreize.com\/rsr\/#website\"},\"datePublished\":\"2013-10-28T20:08:10+00:00\",\"dateModified\":\"2024-10-02T01:18:21+00:00\",\"breadcrumb\":{\"@id\":\"https:\/\/dev.centtreize.com\/rsr\/article\/vatican-ii-levenement-des-historiens\/#breadcrumb\"},\"inLanguage\":\"fr-FR\",\"potentialAction\":[{\"@type\":\"ReadAction\",\"target\":[\"https:\/\/dev.centtreize.com\/rsr\/article\/vatican-ii-levenement-des-historiens\/\"]}]},{\"@type\":\"BreadcrumbList\",\"@id\":\"https:\/\/dev.centtreize.com\/rsr\/article\/vatican-ii-levenement-des-historiens\/#breadcrumb\",\"itemListElement\":[{\"@type\":\"ListItem\",\"position\":1,\"name\":\"Accueil\",\"item\":\"https:\/\/dev.centtreize.com\/rsr\/\"},{\"@type\":\"ListItem\",\"position\":2,\"name\":\"Vatican II, l\u2019\u00e9v\u00e9nement des historiens\"}]},{\"@type\":\"WebSite\",\"@id\":\"https:\/\/dev.centtreize.com\/rsr\/#website\",\"url\":\"https:\/\/dev.centtreize.com\/rsr\/\",\"name\":\"Recherches de Science Religieuse\",\"description\":\"Recherches de Science Religieuse\",\"publisher\":{\"@id\":\"https:\/\/dev.centtreize.com\/rsr\/#organization\"},\"potentialAction\":[{\"@type\":\"SearchAction\",\"target\":{\"@type\":\"EntryPoint\",\"urlTemplate\":\"https:\/\/dev.centtreize.com\/rsr\/?s={search_term_string}\"},\"query-input\":{\"@type\":\"PropertyValueSpecification\",\"valueRequired\":true,\"valueName\":\"search_term_string\"}}],\"inLanguage\":\"fr-FR\"},{\"@type\":\"Organization\",\"@id\":\"https:\/\/dev.centtreize.com\/rsr\/#organization\",\"name\":\"Recherches de Science Religieuse\",\"url\":\"https:\/\/dev.centtreize.com\/rsr\/\",\"logo\":{\"@type\":\"ImageObject\",\"inLanguage\":\"fr-FR\",\"@id\":\"https:\/\/dev.centtreize.com\/rsr\/#\/schema\/logo\/image\/\",\"url\":\"https:\/\/dev.centtreize.com\/rsr\/wp-content\/uploads\/2024\/10\/logo_rsr.png\",\"contentUrl\":\"https:\/\/dev.centtreize.com\/rsr\/wp-content\/uploads\/2024\/10\/logo_rsr.png\",\"width\":300,\"height\":225,\"caption\":\"Recherches de Science Religieuse\"},\"image\":{\"@id\":\"https:\/\/dev.centtreize.com\/rsr\/#\/schema\/logo\/image\/\"}},{\"@type\":\"Person\",\"@id\":\"https:\/\/dev.centtreize.com\/rsr\/#\/schema\/person\/9f242145bf00253a95a38d0e33921be1\",\"name\":\"revue@dmin\",\"url\":\"https:\/\/dev.centtreize.com\/rsr\/author\/revuedmin\/\"}]}<\/script>\n<!-- \/ Yoast SEO plugin. -->","yoast_head_json":{"title":"Vatican II, l\u2019\u00e9v\u00e9nement des historiens - Recherches de Science Religieuse","robots":{"index":"index","follow":"follow","max-snippet":"max-snippet:-1","max-image-preview":"max-image-preview:large","max-video-preview":"max-video-preview:-1"},"canonical":"https:\/\/dev.centtreize.com\/rsr\/article\/vatican-ii-levenement-des-historiens\/","og_locale":"fr_FR","og_type":"article","og_title":"Vatican II, l\u2019\u00e9v\u00e9nement des historiens - Recherches de Science Religieuse","og_description":"A propos de l\u2019Histoire du Concile Vatican II, 1959-1965 r\u00e9alis\u00e9e sous la direction de Giuseppe Alberigo, P. Vallin appr\u00e9cie les enjeux de ce Concile tels que le recul du temps et donc la distanciation historienne permettent d\u2019en parler. Mais son analyse de l\u2019\u0153uvre va plus loin dans la mesure o\u00f9 il tente d\u2019appr\u00e9cier l\u2019action historienne dans le travail m\u00eame des historiens. En dehors du fait qu\u2019ils ont le recul du temps, ils disposent d\u2019un ensemble de documents et surtout d\u2019archives plus ou moins personnelles d\u2019acteurs et de t\u00e9moins qui posent la question de la&nbsp;\u00ab&nbsp;relecture&nbsp;\u00bb de l\u2019\u00e9v\u00e8nement. A quoi s\u2019ajoute la&nbsp;\u00ab&nbsp;construction du r\u00e9cit&nbsp;\u00bb.&nbsp;\u00ab&nbsp;Probl\u00e8me complexe, sur lequel tous les collaborateurs des entreprises d\u2019histoire sociale, culturelle, voire politique, ne donnent pas les m\u00eames r\u00e9ponses&nbsp;\u00bb. Les auteurs de cette \u0153uvre monumentale et tout \u00e0 fait remarquable, n\u2019\u00e9chappent pas \u00e0 cette question et \u00e0 la multiplicit\u00e9 des r\u00e9ponses.","og_url":"https:\/\/dev.centtreize.com\/rsr\/article\/vatican-ii-levenement-des-historiens\/","og_site_name":"Recherches de Science Religieuse","article_published_time":"2013-10-28T20:08:10+00:00","article_modified_time":"2024-10-02T01:18:21+00:00","author":"revue@dmin","twitter_card":"summary_large_image","twitter_misc":{"\u00c9crit par":"revue@dmin","Dur\u00e9e de lecture estim\u00e9e":"1 minute"},"schema":{"@context":"https:\/\/schema.org","@graph":[{"@type":"Article","@id":"https:\/\/dev.centtreize.com\/rsr\/article\/vatican-ii-levenement-des-historiens\/#article","isPartOf":{"@id":"https:\/\/dev.centtreize.com\/rsr\/article\/vatican-ii-levenement-des-historiens\/"},"author":{"name":"revue@dmin","@id":"https:\/\/dev.centtreize.com\/rsr\/#\/schema\/person\/9f242145bf00253a95a38d0e33921be1"},"headline":"Vatican II, l\u2019\u00e9v\u00e9nement des historiens","datePublished":"2013-10-28T20:08:10+00:00","dateModified":"2024-10-02T01:18:21+00:00","mainEntityOfPage":{"@id":"https:\/\/dev.centtreize.com\/rsr\/article\/vatican-ii-levenement-des-historiens\/"},"wordCount":175,"publisher":{"@id":"https:\/\/dev.centtreize.com\/rsr\/#organization"},"articleSection":["article"],"inLanguage":"fr-FR"},{"@type":"WebPage","@id":"https:\/\/dev.centtreize.com\/rsr\/article\/vatican-ii-levenement-des-historiens\/","url":"https:\/\/dev.centtreize.com\/rsr\/article\/vatican-ii-levenement-des-historiens\/","name":"Vatican II, l\u2019\u00e9v\u00e9nement des historiens - Recherches de Science Religieuse","isPartOf":{"@id":"https:\/\/dev.centtreize.com\/rsr\/#website"},"datePublished":"2013-10-28T20:08:10+00:00","dateModified":"2024-10-02T01:18:21+00:00","breadcrumb":{"@id":"https:\/\/dev.centtreize.com\/rsr\/article\/vatican-ii-levenement-des-historiens\/#breadcrumb"},"inLanguage":"fr-FR","potentialAction":[{"@type":"ReadAction","target":["https:\/\/dev.centtreize.com\/rsr\/article\/vatican-ii-levenement-des-historiens\/"]}]},{"@type":"BreadcrumbList","@id":"https:\/\/dev.centtreize.com\/rsr\/article\/vatican-ii-levenement-des-historiens\/#breadcrumb","itemListElement":[{"@type":"ListItem","position":1,"name":"Accueil","item":"https:\/\/dev.centtreize.com\/rsr\/"},{"@type":"ListItem","position":2,"name":"Vatican II, l\u2019\u00e9v\u00e9nement des historiens"}]},{"@type":"WebSite","@id":"https:\/\/dev.centtreize.com\/rsr\/#website","url":"https:\/\/dev.centtreize.com\/rsr\/","name":"Recherches de Science Religieuse","description":"Recherches de Science Religieuse","publisher":{"@id":"https:\/\/dev.centtreize.com\/rsr\/#organization"},"potentialAction":[{"@type":"SearchAction","target":{"@type":"EntryPoint","urlTemplate":"https:\/\/dev.centtreize.com\/rsr\/?s={search_term_string}"},"query-input":{"@type":"PropertyValueSpecification","valueRequired":true,"valueName":"search_term_string"}}],"inLanguage":"fr-FR"},{"@type":"Organization","@id":"https:\/\/dev.centtreize.com\/rsr\/#organization","name":"Recherches de Science Religieuse","url":"https:\/\/dev.centtreize.com\/rsr\/","logo":{"@type":"ImageObject","inLanguage":"fr-FR","@id":"https:\/\/dev.centtreize.com\/rsr\/#\/schema\/logo\/image\/","url":"https:\/\/dev.centtreize.com\/rsr\/wp-content\/uploads\/2024\/10\/logo_rsr.png","contentUrl":"https:\/\/dev.centtreize.com\/rsr\/wp-content\/uploads\/2024\/10\/logo_rsr.png","width":300,"height":225,"caption":"Recherches de Science Religieuse"},"image":{"@id":"https:\/\/dev.centtreize.com\/rsr\/#\/schema\/logo\/image\/"}},{"@type":"Person","@id":"https:\/\/dev.centtreize.com\/rsr\/#\/schema\/person\/9f242145bf00253a95a38d0e33921be1","name":"revue@dmin","url":"https:\/\/dev.centtreize.com\/rsr\/author\/revuedmin\/"}]}},"_links":{"self":[{"href":"https:\/\/dev.centtreize.com\/rsr\/wp-json\/wp\/v2\/posts\/1665","targetHints":{"allow":["GET"]}}],"collection":[{"href":"https:\/\/dev.centtreize.com\/rsr\/wp-json\/wp\/v2\/posts"}],"about":[{"href":"https:\/\/dev.centtreize.com\/rsr\/wp-json\/wp\/v2\/types\/post"}],"author":[{"embeddable":true,"href":"https:\/\/dev.centtreize.com\/rsr\/wp-json\/wp\/v2\/users\/1"}],"replies":[{"embeddable":true,"href":"https:\/\/dev.centtreize.com\/rsr\/wp-json\/wp\/v2\/comments?post=1665"}],"version-history":[{"count":3,"href":"https:\/\/dev.centtreize.com\/rsr\/wp-json\/wp\/v2\/posts\/1665\/revisions"}],"predecessor-version":[{"id":17313,"href":"https:\/\/dev.centtreize.com\/rsr\/wp-json\/wp\/v2\/posts\/1665\/revisions\/17313"}],"wp:attachment":[{"href":"https:\/\/dev.centtreize.com\/rsr\/wp-json\/wp\/v2\/media?parent=1665"}],"wp:term":[{"taxonomy":"category","embeddable":true,"href":"https:\/\/dev.centtreize.com\/rsr\/wp-json\/wp\/v2\/categories?post=1665"},{"taxonomy":"post_tag","embeddable":true,"href":"https:\/\/dev.centtreize.com\/rsr\/wp-json\/wp\/v2\/tags?post=1665"},{"taxonomy":"keywords","embeddable":true,"href":"https:\/\/dev.centtreize.com\/rsr\/wp-json\/wp\/v2\/keywords?post=1665"}],"curies":[{"name":"wp","href":"https:\/\/api.w.org\/{rel}","templated":true}]}}