{"id":1664,"date":"2013-10-28T21:10:05","date_gmt":"2013-10-28T20:10:05","guid":{"rendered":"http:\/\/dev.revue-rsr.com\/?p=1664"},"modified":"2024-10-02T02:18:05","modified_gmt":"2024-10-02T01:18:05","slug":"le-reve-dun-nouveau-concile","status":"publish","type":"post","link":"https:\/\/dev.centtreize.com\/rsr\/article\/le-reve-dun-nouveau-concile\/","title":{"rendered":"Le r\u00eave d\u2019un nouveau concile"},"content":{"rendered":"<p>Suffit-il de faire appel \u00e0 un nouveau concile soit en raison du&nbsp;\u00ab&nbsp;d\u00e9passement&nbsp;\u00bb de Vatican II, soit en raison de l\u2019urgence \u00e0 traiter des questions nouvelles&nbsp;? Si la fr\u00e9quence des conciles n\u2019est pas d\u00e9termin\u00e9e par le droit, leur convocation est sujette \u00e0 l\u2019appr\u00e9ciation de la situation. Or, il s\u2019agit par l\u00e0 d\u2019accro\u00eetre l\u2019unit\u00e9 de l\u2019Eglise, d\u2019affronter ensemble les questions nouvelles, et de disposer de figures institutionnelles ad\u00e9quates. C\u2019est pourquoi, la distinction entre la conciliarit\u00e9 fondamentale de l\u2019Eglise, et le concile comme figure institutionnelle qui l\u2019exprime, s\u2019av\u00e8re ici essentielle. Sans se fixer sur l\u2019id\u00e9e d\u2019un Vatican III, il est n\u00e9cessaire d\u2019imaginer de nouveaux modes d\u2019expression de la conciliarit\u00e9, adapt\u00e9s aux conditions et exigences du temps.<\/p>\n","protected":false},"excerpt":{"rendered":"<p>Suffit-il de faire appel \u00e0 un nouveau concile soit en raison du&nbsp;\u00ab&nbsp;d\u00e9passement&nbsp;\u00bb de Vatican II, soit en raison de l\u2019urgence \u00e0 traiter des questions nouvelles&nbsp;? Si la fr\u00e9quence des conciles n\u2019est pas d\u00e9termin\u00e9e par le droit, leur convocation est sujette \u00e0 l\u2019appr\u00e9ciation de la situation. Or, il s\u2019agit par l\u00e0 d\u2019accro\u00eetre l\u2019unit\u00e9 de l\u2019Eglise, d\u2019affronter ensemble les questions nouvelles, et de disposer de figures institutionnelles ad\u00e9quates. C\u2019est pourquoi, la distinction entre la conciliarit\u00e9 fondamentale de l\u2019Eglise, et le concile comme figure institutionnelle qui l\u2019exprime, s\u2019av\u00e8re ici essentielle. Sans se fixer sur l\u2019id\u00e9e d\u2019un Vatican III, il est n\u00e9cessaire d\u2019imaginer de nouveaux modes d\u2019expression de la conciliarit\u00e9, adapt\u00e9s aux conditions et exigences du temps.<\/p>\n","protected":false},"author":1,"featured_media":0,"comment_status":"closed","ping_status":"closed","sticky":false,"template":"","format":"standard","meta":{"_acf_changed":false,"footnotes":""},"categories":[6],"tags":[],"keywords":[],"class_list":["post-1664","post","type-post","status-publish","format-standard","hentry","category-article"],"acf":[],"yoast_head":"<!-- This site is optimized with the Yoast SEO plugin v27.2 - https:\/\/yoast.com\/product\/yoast-seo-wordpress\/ -->\n<title>Le r\u00eave d\u2019un nouveau concile - Recherches de Science Religieuse<\/title>\n<meta name=\"robots\" content=\"index, follow, max-snippet:-1, max-image-preview:large, max-video-preview:-1\" \/>\n<link rel=\"canonical\" href=\"https:\/\/dev.centtreize.com\/rsr\/article\/le-reve-dun-nouveau-concile\/\" \/>\n<meta property=\"og:locale\" content=\"fr_FR\" \/>\n<meta property=\"og:type\" content=\"article\" \/>\n<meta property=\"og:title\" content=\"Le r\u00eave d\u2019un nouveau concile - Recherches de Science Religieuse\" \/>\n<meta property=\"og:description\" content=\"Suffit-il de faire appel \u00e0 un nouveau concile soit en raison du&nbsp;\u00ab&nbsp;d\u00e9passement&nbsp;\u00bb de Vatican II, soit en raison de l\u2019urgence \u00e0 traiter des questions nouvelles&nbsp;? Si la fr\u00e9quence des conciles n\u2019est pas d\u00e9termin\u00e9e par le droit, leur convocation est sujette \u00e0 l\u2019appr\u00e9ciation de la situation. Or, il s\u2019agit par l\u00e0 d\u2019accro\u00eetre l\u2019unit\u00e9 de l\u2019Eglise, d\u2019affronter ensemble les questions nouvelles, et de disposer de figures institutionnelles ad\u00e9quates. C\u2019est pourquoi, la distinction entre la conciliarit\u00e9 fondamentale de l\u2019Eglise, et le concile comme figure institutionnelle qui l\u2019exprime, s\u2019av\u00e8re ici essentielle. Sans se fixer sur l\u2019id\u00e9e d\u2019un Vatican III, il est n\u00e9cessaire d\u2019imaginer de nouveaux modes d\u2019expression de la conciliarit\u00e9, adapt\u00e9s aux conditions et exigences du temps.\" \/>\n<meta property=\"og:url\" content=\"https:\/\/dev.centtreize.com\/rsr\/article\/le-reve-dun-nouveau-concile\/\" \/>\n<meta property=\"og:site_name\" content=\"Recherches de Science Religieuse\" \/>\n<meta property=\"article:published_time\" content=\"2013-10-28T20:10:05+00:00\" \/>\n<meta property=\"article:modified_time\" content=\"2024-10-02T01:18:05+00:00\" \/>\n<meta name=\"author\" content=\"revue@dmin\" \/>\n<meta name=\"twitter:card\" content=\"summary_large_image\" \/>\n<meta name=\"twitter:label1\" content=\"\u00c9crit par\" \/>\n\t<meta name=\"twitter:data1\" content=\"revue@dmin\" \/>\n\t<meta name=\"twitter:label2\" content=\"Dur\u00e9e de lecture estim\u00e9e\" \/>\n\t<meta name=\"twitter:data2\" content=\"1 minute\" \/>\n<script type=\"application\/ld+json\" class=\"yoast-schema-graph\">{\"@context\":\"https:\/\/schema.org\",\"@graph\":[{\"@type\":\"Article\",\"@id\":\"https:\/\/dev.centtreize.com\/rsr\/article\/le-reve-dun-nouveau-concile\/#article\",\"isPartOf\":{\"@id\":\"https:\/\/dev.centtreize.com\/rsr\/article\/le-reve-dun-nouveau-concile\/\"},\"author\":{\"name\":\"revue@dmin\",\"@id\":\"https:\/\/dev.centtreize.com\/rsr\/#\/schema\/person\/9f242145bf00253a95a38d0e33921be1\"},\"headline\":\"Le r\u00eave d\u2019un nouveau concile\",\"datePublished\":\"2013-10-28T20:10:05+00:00\",\"dateModified\":\"2024-10-02T01:18:05+00:00\",\"mainEntityOfPage\":{\"@id\":\"https:\/\/dev.centtreize.com\/rsr\/article\/le-reve-dun-nouveau-concile\/\"},\"wordCount\":145,\"publisher\":{\"@id\":\"https:\/\/dev.centtreize.com\/rsr\/#organization\"},\"articleSection\":[\"article\"],\"inLanguage\":\"fr-FR\"},{\"@type\":\"WebPage\",\"@id\":\"https:\/\/dev.centtreize.com\/rsr\/article\/le-reve-dun-nouveau-concile\/\",\"url\":\"https:\/\/dev.centtreize.com\/rsr\/article\/le-reve-dun-nouveau-concile\/\",\"name\":\"Le r\u00eave d\u2019un nouveau concile - Recherches de Science Religieuse\",\"isPartOf\":{\"@id\":\"https:\/\/dev.centtreize.com\/rsr\/#website\"},\"datePublished\":\"2013-10-28T20:10:05+00:00\",\"dateModified\":\"2024-10-02T01:18:05+00:00\",\"breadcrumb\":{\"@id\":\"https:\/\/dev.centtreize.com\/rsr\/article\/le-reve-dun-nouveau-concile\/#breadcrumb\"},\"inLanguage\":\"fr-FR\",\"potentialAction\":[{\"@type\":\"ReadAction\",\"target\":[\"https:\/\/dev.centtreize.com\/rsr\/article\/le-reve-dun-nouveau-concile\/\"]}]},{\"@type\":\"BreadcrumbList\",\"@id\":\"https:\/\/dev.centtreize.com\/rsr\/article\/le-reve-dun-nouveau-concile\/#breadcrumb\",\"itemListElement\":[{\"@type\":\"ListItem\",\"position\":1,\"name\":\"Accueil\",\"item\":\"https:\/\/dev.centtreize.com\/rsr\/\"},{\"@type\":\"ListItem\",\"position\":2,\"name\":\"Le r\u00eave d\u2019un nouveau concile\"}]},{\"@type\":\"WebSite\",\"@id\":\"https:\/\/dev.centtreize.com\/rsr\/#website\",\"url\":\"https:\/\/dev.centtreize.com\/rsr\/\",\"name\":\"Recherches de Science Religieuse\",\"description\":\"Recherches de Science Religieuse\",\"publisher\":{\"@id\":\"https:\/\/dev.centtreize.com\/rsr\/#organization\"},\"potentialAction\":[{\"@type\":\"SearchAction\",\"target\":{\"@type\":\"EntryPoint\",\"urlTemplate\":\"https:\/\/dev.centtreize.com\/rsr\/?s={search_term_string}\"},\"query-input\":{\"@type\":\"PropertyValueSpecification\",\"valueRequired\":true,\"valueName\":\"search_term_string\"}}],\"inLanguage\":\"fr-FR\"},{\"@type\":\"Organization\",\"@id\":\"https:\/\/dev.centtreize.com\/rsr\/#organization\",\"name\":\"Recherches de Science Religieuse\",\"url\":\"https:\/\/dev.centtreize.com\/rsr\/\",\"logo\":{\"@type\":\"ImageObject\",\"inLanguage\":\"fr-FR\",\"@id\":\"https:\/\/dev.centtreize.com\/rsr\/#\/schema\/logo\/image\/\",\"url\":\"https:\/\/dev.centtreize.com\/rsr\/wp-content\/uploads\/2024\/10\/logo_rsr.png\",\"contentUrl\":\"https:\/\/dev.centtreize.com\/rsr\/wp-content\/uploads\/2024\/10\/logo_rsr.png\",\"width\":300,\"height\":225,\"caption\":\"Recherches de Science Religieuse\"},\"image\":{\"@id\":\"https:\/\/dev.centtreize.com\/rsr\/#\/schema\/logo\/image\/\"}},{\"@type\":\"Person\",\"@id\":\"https:\/\/dev.centtreize.com\/rsr\/#\/schema\/person\/9f242145bf00253a95a38d0e33921be1\",\"name\":\"revue@dmin\",\"url\":\"https:\/\/dev.centtreize.com\/rsr\/author\/revuedmin\/\"}]}<\/script>\n<!-- \/ Yoast SEO plugin. -->","yoast_head_json":{"title":"Le r\u00eave d\u2019un nouveau concile - Recherches de Science Religieuse","robots":{"index":"index","follow":"follow","max-snippet":"max-snippet:-1","max-image-preview":"max-image-preview:large","max-video-preview":"max-video-preview:-1"},"canonical":"https:\/\/dev.centtreize.com\/rsr\/article\/le-reve-dun-nouveau-concile\/","og_locale":"fr_FR","og_type":"article","og_title":"Le r\u00eave d\u2019un nouveau concile - Recherches de Science Religieuse","og_description":"Suffit-il de faire appel \u00e0 un nouveau concile soit en raison du&nbsp;\u00ab&nbsp;d\u00e9passement&nbsp;\u00bb de Vatican II, soit en raison de l\u2019urgence \u00e0 traiter des questions nouvelles&nbsp;? Si la fr\u00e9quence des conciles n\u2019est pas d\u00e9termin\u00e9e par le droit, leur convocation est sujette \u00e0 l\u2019appr\u00e9ciation de la situation. Or, il s\u2019agit par l\u00e0 d\u2019accro\u00eetre l\u2019unit\u00e9 de l\u2019Eglise, d\u2019affronter ensemble les questions nouvelles, et de disposer de figures institutionnelles ad\u00e9quates. C\u2019est pourquoi, la distinction entre la conciliarit\u00e9 fondamentale de l\u2019Eglise, et le concile comme figure institutionnelle qui l\u2019exprime, s\u2019av\u00e8re ici essentielle. Sans se fixer sur l\u2019id\u00e9e d\u2019un Vatican III, il est n\u00e9cessaire d\u2019imaginer de nouveaux modes d\u2019expression de la conciliarit\u00e9, adapt\u00e9s aux conditions et exigences du temps.","og_url":"https:\/\/dev.centtreize.com\/rsr\/article\/le-reve-dun-nouveau-concile\/","og_site_name":"Recherches de Science Religieuse","article_published_time":"2013-10-28T20:10:05+00:00","article_modified_time":"2024-10-02T01:18:05+00:00","author":"revue@dmin","twitter_card":"summary_large_image","twitter_misc":{"\u00c9crit par":"revue@dmin","Dur\u00e9e de lecture estim\u00e9e":"1 minute"},"schema":{"@context":"https:\/\/schema.org","@graph":[{"@type":"Article","@id":"https:\/\/dev.centtreize.com\/rsr\/article\/le-reve-dun-nouveau-concile\/#article","isPartOf":{"@id":"https:\/\/dev.centtreize.com\/rsr\/article\/le-reve-dun-nouveau-concile\/"},"author":{"name":"revue@dmin","@id":"https:\/\/dev.centtreize.com\/rsr\/#\/schema\/person\/9f242145bf00253a95a38d0e33921be1"},"headline":"Le r\u00eave d\u2019un nouveau concile","datePublished":"2013-10-28T20:10:05+00:00","dateModified":"2024-10-02T01:18:05+00:00","mainEntityOfPage":{"@id":"https:\/\/dev.centtreize.com\/rsr\/article\/le-reve-dun-nouveau-concile\/"},"wordCount":145,"publisher":{"@id":"https:\/\/dev.centtreize.com\/rsr\/#organization"},"articleSection":["article"],"inLanguage":"fr-FR"},{"@type":"WebPage","@id":"https:\/\/dev.centtreize.com\/rsr\/article\/le-reve-dun-nouveau-concile\/","url":"https:\/\/dev.centtreize.com\/rsr\/article\/le-reve-dun-nouveau-concile\/","name":"Le r\u00eave d\u2019un nouveau concile - Recherches de Science Religieuse","isPartOf":{"@id":"https:\/\/dev.centtreize.com\/rsr\/#website"},"datePublished":"2013-10-28T20:10:05+00:00","dateModified":"2024-10-02T01:18:05+00:00","breadcrumb":{"@id":"https:\/\/dev.centtreize.com\/rsr\/article\/le-reve-dun-nouveau-concile\/#breadcrumb"},"inLanguage":"fr-FR","potentialAction":[{"@type":"ReadAction","target":["https:\/\/dev.centtreize.com\/rsr\/article\/le-reve-dun-nouveau-concile\/"]}]},{"@type":"BreadcrumbList","@id":"https:\/\/dev.centtreize.com\/rsr\/article\/le-reve-dun-nouveau-concile\/#breadcrumb","itemListElement":[{"@type":"ListItem","position":1,"name":"Accueil","item":"https:\/\/dev.centtreize.com\/rsr\/"},{"@type":"ListItem","position":2,"name":"Le r\u00eave d\u2019un nouveau concile"}]},{"@type":"WebSite","@id":"https:\/\/dev.centtreize.com\/rsr\/#website","url":"https:\/\/dev.centtreize.com\/rsr\/","name":"Recherches de Science Religieuse","description":"Recherches de Science Religieuse","publisher":{"@id":"https:\/\/dev.centtreize.com\/rsr\/#organization"},"potentialAction":[{"@type":"SearchAction","target":{"@type":"EntryPoint","urlTemplate":"https:\/\/dev.centtreize.com\/rsr\/?s={search_term_string}"},"query-input":{"@type":"PropertyValueSpecification","valueRequired":true,"valueName":"search_term_string"}}],"inLanguage":"fr-FR"},{"@type":"Organization","@id":"https:\/\/dev.centtreize.com\/rsr\/#organization","name":"Recherches de Science Religieuse","url":"https:\/\/dev.centtreize.com\/rsr\/","logo":{"@type":"ImageObject","inLanguage":"fr-FR","@id":"https:\/\/dev.centtreize.com\/rsr\/#\/schema\/logo\/image\/","url":"https:\/\/dev.centtreize.com\/rsr\/wp-content\/uploads\/2024\/10\/logo_rsr.png","contentUrl":"https:\/\/dev.centtreize.com\/rsr\/wp-content\/uploads\/2024\/10\/logo_rsr.png","width":300,"height":225,"caption":"Recherches de Science Religieuse"},"image":{"@id":"https:\/\/dev.centtreize.com\/rsr\/#\/schema\/logo\/image\/"}},{"@type":"Person","@id":"https:\/\/dev.centtreize.com\/rsr\/#\/schema\/person\/9f242145bf00253a95a38d0e33921be1","name":"revue@dmin","url":"https:\/\/dev.centtreize.com\/rsr\/author\/revuedmin\/"}]}},"_links":{"self":[{"href":"https:\/\/dev.centtreize.com\/rsr\/wp-json\/wp\/v2\/posts\/1664","targetHints":{"allow":["GET"]}}],"collection":[{"href":"https:\/\/dev.centtreize.com\/rsr\/wp-json\/wp\/v2\/posts"}],"about":[{"href":"https:\/\/dev.centtreize.com\/rsr\/wp-json\/wp\/v2\/types\/post"}],"author":[{"embeddable":true,"href":"https:\/\/dev.centtreize.com\/rsr\/wp-json\/wp\/v2\/users\/1"}],"replies":[{"embeddable":true,"href":"https:\/\/dev.centtreize.com\/rsr\/wp-json\/wp\/v2\/comments?post=1664"}],"version-history":[{"count":3,"href":"https:\/\/dev.centtreize.com\/rsr\/wp-json\/wp\/v2\/posts\/1664\/revisions"}],"predecessor-version":[{"id":17312,"href":"https:\/\/dev.centtreize.com\/rsr\/wp-json\/wp\/v2\/posts\/1664\/revisions\/17312"}],"wp:attachment":[{"href":"https:\/\/dev.centtreize.com\/rsr\/wp-json\/wp\/v2\/media?parent=1664"}],"wp:term":[{"taxonomy":"category","embeddable":true,"href":"https:\/\/dev.centtreize.com\/rsr\/wp-json\/wp\/v2\/categories?post=1664"},{"taxonomy":"post_tag","embeddable":true,"href":"https:\/\/dev.centtreize.com\/rsr\/wp-json\/wp\/v2\/tags?post=1664"},{"taxonomy":"keywords","embeddable":true,"href":"https:\/\/dev.centtreize.com\/rsr\/wp-json\/wp\/v2\/keywords?post=1664"}],"curies":[{"name":"wp","href":"https:\/\/api.w.org\/{rel}","templated":true}]}}