{"id":1663,"date":"2013-10-28T21:11:20","date_gmt":"2013-10-28T20:11:20","guid":{"rendered":"http:\/\/dev.revue-rsr.com\/?p=1663"},"modified":"2024-10-02T02:17:49","modified_gmt":"2024-10-02T01:17:49","slug":"pour-une-theologie-de-linstitution-conciliaire","status":"publish","type":"post","link":"https:\/\/dev.centtreize.com\/rsr\/article\/pour-une-theologie-de-linstitution-conciliaire\/","title":{"rendered":"Pour une th\u00e9ologie de l\u2019institution conciliaire"},"content":{"rendered":"<p>\u00c0 la suite de Vatican 1 et du Code de droit Canon de 1917, Vatican Il traite de l&rsquo;institution conciliaire dans le cadre de l&rsquo;eccl\u00e9siologie et la comprend comme expression de la coll\u00e9gialit\u00e9 des \u00e9v\u00eaques et de leur fonction de&nbsp;\u00ab&nbsp;docteurs et de juges en mati\u00e8re de foi et de moeurs&nbsp;\u00bb. Tandis que certains r\u00e9duisent &#8211; avec le Code de 1983 &#8211; l&rsquo;institution conciliaire \u00e0 une modalit\u00e9 parmi d&rsquo;autres de cette coll\u00e9gialit\u00e9, d&rsquo;autres affirment que le concile fait partie de la structure de l&rsquo;Eglise, celle-ci \u00e9tant par essence conciliaire. Pour prendre position dans ce d\u00e9bat, Christoph Theobald propose une p\u00e9riodisation th\u00e9ologique de l&rsquo;histoire des conciles oecum\u00e9niques et du d\u00e9veloppement de la conscience herm\u00e9neutique, qui s&rsquo;y manifeste. La mondialisation de l&rsquo;Eglise, son pluralisme culturel interne et l&rsquo;avanc\u00e9e du d\u00e9bat oecum\u00e9nique n\u00e9cessitent aujourd&rsquo;hui que le principe de l&rsquo;institution conciliaire soit situ\u00e9 non pas dans l&rsquo;eccl\u00e9siologie mais dans le processus de la Paradosis \u00e9vang\u00e9lique, compos\u00e9 indissolublement de tradentes et d&rsquo;un traditum. Dans une situation qui exige la cr\u00e9ativit\u00e9 herm\u00e9neutique de tous, la conciliarit\u00e9 devient le lieu, dans l&rsquo;\u00e9conomie de la R\u00e9v\u00e9lation, o\u00f9 celle-ci existe historiquement en son actualit\u00e9&nbsp;: victoire myst\u00e9rieuse, jamais acquise d\u00e9finitivement, sur une diss\u00e9mination toujours possible qui la ferait sortir de son \u00e9l\u00e9ment eschatologique.<\/p>\n","protected":false},"excerpt":{"rendered":"<p>\u00c0 la suite de Vatican 1 et du Code de droit Canon de 1917, Vatican Il traite de l&rsquo;institution conciliaire dans le cadre de l&rsquo;eccl\u00e9siologie et la comprend comme expression de la coll\u00e9gialit\u00e9 des \u00e9v\u00eaques et de leur fonction de&nbsp;\u00ab&nbsp;docteurs et de juges en mati\u00e8re de foi et de moeurs&nbsp;\u00bb. Tandis que certains r\u00e9duisent &#8211; avec le Code de 1983 &#8211; l&rsquo;institution conciliaire \u00e0 une modalit\u00e9 parmi d&rsquo;autres de cette coll\u00e9gialit\u00e9, d&rsquo;autres affirment que le concile fait partie de la structure de l&rsquo;Eglise, celle-ci \u00e9tant par essence conciliaire. Pour prendre position dans ce d\u00e9bat, Christoph Theobald propose une p\u00e9riodisation th\u00e9ologique de l&rsquo;histoire des conciles oecum\u00e9niques et du d\u00e9veloppement de la conscience herm\u00e9neutique, qui s&rsquo;y manifeste. La mondialisation de l&rsquo;Eglise, son pluralisme culturel interne et l&rsquo;avanc\u00e9e du d\u00e9bat oecum\u00e9nique n\u00e9cessitent aujourd&rsquo;hui que le principe de l&rsquo;institution conciliaire soit situ\u00e9 non pas dans l&rsquo;eccl\u00e9siologie mais dans le processus de la Paradosis \u00e9vang\u00e9lique, compos\u00e9 indissolublement de tradentes et d&rsquo;un traditum. Dans une situation<a class=\"read-more\" href=\"https:\/\/dev.centtreize.com\/rsr\/article\/pour-une-theologie-de-linstitution-conciliaire\/\"><\/a><\/p>\n","protected":false},"author":1,"featured_media":0,"comment_status":"closed","ping_status":"closed","sticky":false,"template":"","format":"standard","meta":{"_acf_changed":false,"footnotes":""},"categories":[6],"tags":[],"keywords":[],"class_list":["post-1663","post","type-post","status-publish","format-standard","hentry","category-article"],"acf":[],"yoast_head":"<!-- This site is optimized with the Yoast SEO plugin v27.2 - https:\/\/yoast.com\/product\/yoast-seo-wordpress\/ -->\n<title>Pour une th\u00e9ologie de l\u2019institution conciliaire - Recherches de Science Religieuse<\/title>\n<meta name=\"robots\" content=\"index, follow, max-snippet:-1, max-image-preview:large, max-video-preview:-1\" \/>\n<link rel=\"canonical\" href=\"https:\/\/dev.centtreize.com\/rsr\/article\/pour-une-theologie-de-linstitution-conciliaire\/\" \/>\n<meta property=\"og:locale\" content=\"fr_FR\" \/>\n<meta property=\"og:type\" content=\"article\" \/>\n<meta property=\"og:title\" content=\"Pour une th\u00e9ologie de l\u2019institution conciliaire - Recherches de Science Religieuse\" \/>\n<meta property=\"og:description\" content=\"\u00c0 la suite de Vatican 1 et du Code de droit Canon de 1917, Vatican Il traite de l&rsquo;institution conciliaire dans le cadre de l&rsquo;eccl\u00e9siologie et la comprend comme expression de la coll\u00e9gialit\u00e9 des \u00e9v\u00eaques et de leur fonction de&nbsp;\u00ab&nbsp;docteurs et de juges en mati\u00e8re de foi et de moeurs&nbsp;\u00bb. Tandis que certains r\u00e9duisent &#8211; avec le Code de 1983 &#8211; l&rsquo;institution conciliaire \u00e0 une modalit\u00e9 parmi d&rsquo;autres de cette coll\u00e9gialit\u00e9, d&rsquo;autres affirment que le concile fait partie de la structure de l&rsquo;Eglise, celle-ci \u00e9tant par essence conciliaire. Pour prendre position dans ce d\u00e9bat, Christoph Theobald propose une p\u00e9riodisation th\u00e9ologique de l&rsquo;histoire des conciles oecum\u00e9niques et du d\u00e9veloppement de la conscience herm\u00e9neutique, qui s&rsquo;y manifeste. La mondialisation de l&rsquo;Eglise, son pluralisme culturel interne et l&rsquo;avanc\u00e9e du d\u00e9bat oecum\u00e9nique n\u00e9cessitent aujourd&rsquo;hui que le principe de l&rsquo;institution conciliaire soit situ\u00e9 non pas dans l&rsquo;eccl\u00e9siologie mais dans le processus de la Paradosis \u00e9vang\u00e9lique, compos\u00e9 indissolublement de tradentes et d&rsquo;un traditum. Dans une situation\" \/>\n<meta property=\"og:url\" content=\"https:\/\/dev.centtreize.com\/rsr\/article\/pour-une-theologie-de-linstitution-conciliaire\/\" \/>\n<meta property=\"og:site_name\" content=\"Recherches de Science Religieuse\" \/>\n<meta property=\"article:published_time\" content=\"2013-10-28T20:11:20+00:00\" \/>\n<meta property=\"article:modified_time\" content=\"2024-10-02T01:17:49+00:00\" \/>\n<meta name=\"author\" content=\"revue@dmin\" \/>\n<meta name=\"twitter:card\" content=\"summary_large_image\" \/>\n<meta name=\"twitter:label1\" content=\"\u00c9crit par\" \/>\n\t<meta name=\"twitter:data1\" content=\"revue@dmin\" \/>\n\t<meta name=\"twitter:label2\" content=\"Dur\u00e9e de lecture estim\u00e9e\" \/>\n\t<meta name=\"twitter:data2\" content=\"1 minute\" \/>\n<script type=\"application\/ld+json\" class=\"yoast-schema-graph\">{\"@context\":\"https:\/\/schema.org\",\"@graph\":[{\"@type\":\"Article\",\"@id\":\"https:\/\/dev.centtreize.com\/rsr\/article\/pour-une-theologie-de-linstitution-conciliaire\/#article\",\"isPartOf\":{\"@id\":\"https:\/\/dev.centtreize.com\/rsr\/article\/pour-une-theologie-de-linstitution-conciliaire\/\"},\"author\":{\"name\":\"revue@dmin\",\"@id\":\"https:\/\/dev.centtreize.com\/rsr\/#\/schema\/person\/9f242145bf00253a95a38d0e33921be1\"},\"headline\":\"Pour une th\u00e9ologie de l\u2019institution conciliaire\",\"datePublished\":\"2013-10-28T20:11:20+00:00\",\"dateModified\":\"2024-10-02T01:17:49+00:00\",\"mainEntityOfPage\":{\"@id\":\"https:\/\/dev.centtreize.com\/rsr\/article\/pour-une-theologie-de-linstitution-conciliaire\/\"},\"wordCount\":247,\"publisher\":{\"@id\":\"https:\/\/dev.centtreize.com\/rsr\/#organization\"},\"articleSection\":[\"article\"],\"inLanguage\":\"fr-FR\"},{\"@type\":\"WebPage\",\"@id\":\"https:\/\/dev.centtreize.com\/rsr\/article\/pour-une-theologie-de-linstitution-conciliaire\/\",\"url\":\"https:\/\/dev.centtreize.com\/rsr\/article\/pour-une-theologie-de-linstitution-conciliaire\/\",\"name\":\"Pour une th\u00e9ologie de l\u2019institution conciliaire - Recherches de Science Religieuse\",\"isPartOf\":{\"@id\":\"https:\/\/dev.centtreize.com\/rsr\/#website\"},\"datePublished\":\"2013-10-28T20:11:20+00:00\",\"dateModified\":\"2024-10-02T01:17:49+00:00\",\"breadcrumb\":{\"@id\":\"https:\/\/dev.centtreize.com\/rsr\/article\/pour-une-theologie-de-linstitution-conciliaire\/#breadcrumb\"},\"inLanguage\":\"fr-FR\",\"potentialAction\":[{\"@type\":\"ReadAction\",\"target\":[\"https:\/\/dev.centtreize.com\/rsr\/article\/pour-une-theologie-de-linstitution-conciliaire\/\"]}]},{\"@type\":\"BreadcrumbList\",\"@id\":\"https:\/\/dev.centtreize.com\/rsr\/article\/pour-une-theologie-de-linstitution-conciliaire\/#breadcrumb\",\"itemListElement\":[{\"@type\":\"ListItem\",\"position\":1,\"name\":\"Accueil\",\"item\":\"https:\/\/dev.centtreize.com\/rsr\/\"},{\"@type\":\"ListItem\",\"position\":2,\"name\":\"Pour une th\u00e9ologie de l\u2019institution conciliaire\"}]},{\"@type\":\"WebSite\",\"@id\":\"https:\/\/dev.centtreize.com\/rsr\/#website\",\"url\":\"https:\/\/dev.centtreize.com\/rsr\/\",\"name\":\"Recherches de Science Religieuse\",\"description\":\"Recherches de Science Religieuse\",\"publisher\":{\"@id\":\"https:\/\/dev.centtreize.com\/rsr\/#organization\"},\"potentialAction\":[{\"@type\":\"SearchAction\",\"target\":{\"@type\":\"EntryPoint\",\"urlTemplate\":\"https:\/\/dev.centtreize.com\/rsr\/?s={search_term_string}\"},\"query-input\":{\"@type\":\"PropertyValueSpecification\",\"valueRequired\":true,\"valueName\":\"search_term_string\"}}],\"inLanguage\":\"fr-FR\"},{\"@type\":\"Organization\",\"@id\":\"https:\/\/dev.centtreize.com\/rsr\/#organization\",\"name\":\"Recherches de Science Religieuse\",\"url\":\"https:\/\/dev.centtreize.com\/rsr\/\",\"logo\":{\"@type\":\"ImageObject\",\"inLanguage\":\"fr-FR\",\"@id\":\"https:\/\/dev.centtreize.com\/rsr\/#\/schema\/logo\/image\/\",\"url\":\"https:\/\/dev.centtreize.com\/rsr\/wp-content\/uploads\/2024\/10\/logo_rsr.png\",\"contentUrl\":\"https:\/\/dev.centtreize.com\/rsr\/wp-content\/uploads\/2024\/10\/logo_rsr.png\",\"width\":300,\"height\":225,\"caption\":\"Recherches de Science Religieuse\"},\"image\":{\"@id\":\"https:\/\/dev.centtreize.com\/rsr\/#\/schema\/logo\/image\/\"}},{\"@type\":\"Person\",\"@id\":\"https:\/\/dev.centtreize.com\/rsr\/#\/schema\/person\/9f242145bf00253a95a38d0e33921be1\",\"name\":\"revue@dmin\",\"url\":\"https:\/\/dev.centtreize.com\/rsr\/author\/revuedmin\/\"}]}<\/script>\n<!-- \/ Yoast SEO plugin. -->","yoast_head_json":{"title":"Pour une th\u00e9ologie de l\u2019institution conciliaire - Recherches de Science Religieuse","robots":{"index":"index","follow":"follow","max-snippet":"max-snippet:-1","max-image-preview":"max-image-preview:large","max-video-preview":"max-video-preview:-1"},"canonical":"https:\/\/dev.centtreize.com\/rsr\/article\/pour-une-theologie-de-linstitution-conciliaire\/","og_locale":"fr_FR","og_type":"article","og_title":"Pour une th\u00e9ologie de l\u2019institution conciliaire - Recherches de Science Religieuse","og_description":"\u00c0 la suite de Vatican 1 et du Code de droit Canon de 1917, Vatican Il traite de l&rsquo;institution conciliaire dans le cadre de l&rsquo;eccl\u00e9siologie et la comprend comme expression de la coll\u00e9gialit\u00e9 des \u00e9v\u00eaques et de leur fonction de&nbsp;\u00ab&nbsp;docteurs et de juges en mati\u00e8re de foi et de moeurs&nbsp;\u00bb. Tandis que certains r\u00e9duisent &#8211; avec le Code de 1983 &#8211; l&rsquo;institution conciliaire \u00e0 une modalit\u00e9 parmi d&rsquo;autres de cette coll\u00e9gialit\u00e9, d&rsquo;autres affirment que le concile fait partie de la structure de l&rsquo;Eglise, celle-ci \u00e9tant par essence conciliaire. Pour prendre position dans ce d\u00e9bat, Christoph Theobald propose une p\u00e9riodisation th\u00e9ologique de l&rsquo;histoire des conciles oecum\u00e9niques et du d\u00e9veloppement de la conscience herm\u00e9neutique, qui s&rsquo;y manifeste. La mondialisation de l&rsquo;Eglise, son pluralisme culturel interne et l&rsquo;avanc\u00e9e du d\u00e9bat oecum\u00e9nique n\u00e9cessitent aujourd&rsquo;hui que le principe de l&rsquo;institution conciliaire soit situ\u00e9 non pas dans l&rsquo;eccl\u00e9siologie mais dans le processus de la Paradosis \u00e9vang\u00e9lique, compos\u00e9 indissolublement de tradentes et d&rsquo;un traditum. Dans une situation","og_url":"https:\/\/dev.centtreize.com\/rsr\/article\/pour-une-theologie-de-linstitution-conciliaire\/","og_site_name":"Recherches de Science Religieuse","article_published_time":"2013-10-28T20:11:20+00:00","article_modified_time":"2024-10-02T01:17:49+00:00","author":"revue@dmin","twitter_card":"summary_large_image","twitter_misc":{"\u00c9crit par":"revue@dmin","Dur\u00e9e de lecture estim\u00e9e":"1 minute"},"schema":{"@context":"https:\/\/schema.org","@graph":[{"@type":"Article","@id":"https:\/\/dev.centtreize.com\/rsr\/article\/pour-une-theologie-de-linstitution-conciliaire\/#article","isPartOf":{"@id":"https:\/\/dev.centtreize.com\/rsr\/article\/pour-une-theologie-de-linstitution-conciliaire\/"},"author":{"name":"revue@dmin","@id":"https:\/\/dev.centtreize.com\/rsr\/#\/schema\/person\/9f242145bf00253a95a38d0e33921be1"},"headline":"Pour une th\u00e9ologie de l\u2019institution conciliaire","datePublished":"2013-10-28T20:11:20+00:00","dateModified":"2024-10-02T01:17:49+00:00","mainEntityOfPage":{"@id":"https:\/\/dev.centtreize.com\/rsr\/article\/pour-une-theologie-de-linstitution-conciliaire\/"},"wordCount":247,"publisher":{"@id":"https:\/\/dev.centtreize.com\/rsr\/#organization"},"articleSection":["article"],"inLanguage":"fr-FR"},{"@type":"WebPage","@id":"https:\/\/dev.centtreize.com\/rsr\/article\/pour-une-theologie-de-linstitution-conciliaire\/","url":"https:\/\/dev.centtreize.com\/rsr\/article\/pour-une-theologie-de-linstitution-conciliaire\/","name":"Pour une th\u00e9ologie de l\u2019institution conciliaire - Recherches de Science Religieuse","isPartOf":{"@id":"https:\/\/dev.centtreize.com\/rsr\/#website"},"datePublished":"2013-10-28T20:11:20+00:00","dateModified":"2024-10-02T01:17:49+00:00","breadcrumb":{"@id":"https:\/\/dev.centtreize.com\/rsr\/article\/pour-une-theologie-de-linstitution-conciliaire\/#breadcrumb"},"inLanguage":"fr-FR","potentialAction":[{"@type":"ReadAction","target":["https:\/\/dev.centtreize.com\/rsr\/article\/pour-une-theologie-de-linstitution-conciliaire\/"]}]},{"@type":"BreadcrumbList","@id":"https:\/\/dev.centtreize.com\/rsr\/article\/pour-une-theologie-de-linstitution-conciliaire\/#breadcrumb","itemListElement":[{"@type":"ListItem","position":1,"name":"Accueil","item":"https:\/\/dev.centtreize.com\/rsr\/"},{"@type":"ListItem","position":2,"name":"Pour une th\u00e9ologie de l\u2019institution conciliaire"}]},{"@type":"WebSite","@id":"https:\/\/dev.centtreize.com\/rsr\/#website","url":"https:\/\/dev.centtreize.com\/rsr\/","name":"Recherches de Science Religieuse","description":"Recherches de Science Religieuse","publisher":{"@id":"https:\/\/dev.centtreize.com\/rsr\/#organization"},"potentialAction":[{"@type":"SearchAction","target":{"@type":"EntryPoint","urlTemplate":"https:\/\/dev.centtreize.com\/rsr\/?s={search_term_string}"},"query-input":{"@type":"PropertyValueSpecification","valueRequired":true,"valueName":"search_term_string"}}],"inLanguage":"fr-FR"},{"@type":"Organization","@id":"https:\/\/dev.centtreize.com\/rsr\/#organization","name":"Recherches de Science Religieuse","url":"https:\/\/dev.centtreize.com\/rsr\/","logo":{"@type":"ImageObject","inLanguage":"fr-FR","@id":"https:\/\/dev.centtreize.com\/rsr\/#\/schema\/logo\/image\/","url":"https:\/\/dev.centtreize.com\/rsr\/wp-content\/uploads\/2024\/10\/logo_rsr.png","contentUrl":"https:\/\/dev.centtreize.com\/rsr\/wp-content\/uploads\/2024\/10\/logo_rsr.png","width":300,"height":225,"caption":"Recherches de Science Religieuse"},"image":{"@id":"https:\/\/dev.centtreize.com\/rsr\/#\/schema\/logo\/image\/"}},{"@type":"Person","@id":"https:\/\/dev.centtreize.com\/rsr\/#\/schema\/person\/9f242145bf00253a95a38d0e33921be1","name":"revue@dmin","url":"https:\/\/dev.centtreize.com\/rsr\/author\/revuedmin\/"}]}},"_links":{"self":[{"href":"https:\/\/dev.centtreize.com\/rsr\/wp-json\/wp\/v2\/posts\/1663","targetHints":{"allow":["GET"]}}],"collection":[{"href":"https:\/\/dev.centtreize.com\/rsr\/wp-json\/wp\/v2\/posts"}],"about":[{"href":"https:\/\/dev.centtreize.com\/rsr\/wp-json\/wp\/v2\/types\/post"}],"author":[{"embeddable":true,"href":"https:\/\/dev.centtreize.com\/rsr\/wp-json\/wp\/v2\/users\/1"}],"replies":[{"embeddable":true,"href":"https:\/\/dev.centtreize.com\/rsr\/wp-json\/wp\/v2\/comments?post=1663"}],"version-history":[{"count":2,"href":"https:\/\/dev.centtreize.com\/rsr\/wp-json\/wp\/v2\/posts\/1663\/revisions"}],"predecessor-version":[{"id":17311,"href":"https:\/\/dev.centtreize.com\/rsr\/wp-json\/wp\/v2\/posts\/1663\/revisions\/17311"}],"wp:attachment":[{"href":"https:\/\/dev.centtreize.com\/rsr\/wp-json\/wp\/v2\/media?parent=1663"}],"wp:term":[{"taxonomy":"category","embeddable":true,"href":"https:\/\/dev.centtreize.com\/rsr\/wp-json\/wp\/v2\/categories?post=1663"},{"taxonomy":"post_tag","embeddable":true,"href":"https:\/\/dev.centtreize.com\/rsr\/wp-json\/wp\/v2\/tags?post=1663"},{"taxonomy":"keywords","embeddable":true,"href":"https:\/\/dev.centtreize.com\/rsr\/wp-json\/wp\/v2\/keywords?post=1663"}],"curies":[{"name":"wp","href":"https:\/\/api.w.org\/{rel}","templated":true}]}}