{"id":1659,"date":"2013-10-28T20:54:53","date_gmt":"2013-10-28T19:54:53","guid":{"rendered":"http:\/\/dev.revue-rsr.com\/?p=1659"},"modified":"2024-09-24T06:58:33","modified_gmt":"2024-09-24T05:58:33","slug":"editorial-5","status":"publish","type":"post","link":"https:\/\/dev.centtreize.com\/rsr\/edito\/editorial-5\/","title":{"rendered":"Editorial 93\/2 &#8211; 2005"},"content":{"rendered":"<p>Ouvrir un nouveau Tome des RSR, m\u00eame si le premier num\u00e9ro dit une ann\u00e9e d\u00e9j\u00e0 avanc\u00e9e, c\u2019est toujours proposer un certain renouvellement dans l\u2019espoir qu\u2019il ne sera pas trop pr\u00e9tentieux ou illusoire. Pour cette ann\u00e9e 2005 pr\u00e9cis\u00e9ment, la marque du renouvellement est d\u2019abord dans la nomination d\u2019un r\u00e9dacteur en chef adjoint. Ainsi, apr\u00e8s accord du Conseil de r\u00e9daction, le Provincial des J\u00e9suites de France a nomm\u00e9 Christoph Theobald pour me seconder dans la t\u00e2che de r\u00e9dacteur en chef.<br \/>\nDans la mesure o\u00f9 les lecteurs de la revue connaissent d\u00e9j\u00e0 la signature de ce th\u00e9ologien tant pour les articles que pour le Bulletin dont il a la charge, je gage qu\u2019il n\u2019y ait gu\u00e8re d\u2019\u00e9tonnement en cette nomination. Permettez-moi de vous faire part de ma compl\u00e8te satisfaction pour une collaboration que je d\u00e9sirais depuis un certain temps. Les comp\u00e9tences et qualit\u00e9s personnelles de Christoph Theobald sont mieux que bienvenues, n\u00e9cessaires, dans le service de la revue dont, j\u2019esp\u00e8re, on ne devrait soup\u00e7onner ni l\u2019exigence ni le s\u00e9rieux.<br \/>\nLe renouvellement marque aussi le Conseil de r\u00e9daction. Pour des raisons de contraintes personnelles, Guy Petitdemange et Genevi\u00e8ve M\u00e9devielle ont d\u00fb renoncer \u00e0 une collaboration qu\u2019ils aimaient. Qu\u2019il me soit permis de dire ici toute ma reconnaissance et la reconnaissance des coll\u00e8gues du Conseil pour leur collaboration. Genevi\u00e8ve M\u00e9devielle continuera cependant d\u2019assurer sa responsabilit\u00e9 pour le Bulletin de th\u00e9ologie morale.<br \/>\nEnfin, deux th\u00e9ologiens entrent dans ce Conseil, Vincent Holzer, de la Facult\u00e9 de th\u00e9ologie et de sciences religieuses de l\u2019Institut catholique de Paris, et Fran\u00e7ois Euv\u00e9, des Facult\u00e9s j\u00e9suites de Paris.<\/p>\n<p>Le programme de cette ann\u00e9e 2005, inaugur\u00e9 dans le pr\u00e9sent num\u00e9ro par une double r\u00e9flexion sur le shabbat et le dimanche, sera suivi, dans le num\u00e9ro suivant, par un dossier sur la question du concile et de l\u2019avenir de cette institution eccl\u00e9siale. Apr\u00e8s quoi, sera faite la reprise d\u2019un point de vue plus th\u00e9ologique du dossier sur S. Paul. Enfin, l\u2019ann\u00e9e se cl\u00f4turera par une sorte de recueil d\u2019actes du colloque 2004 des RSR sur l\u2019Inspiration. En compl\u00e9ment du num\u00e9ro pr\u00e9paratoire, ce dossier fera part \u00e0 la fois des d\u00e9bats et des nouvelles r\u00e9flexions qu\u2019a suscit\u00e9s ce th\u00e8me.<br \/>\nDans le pr\u00e9sent num\u00e9ro, l\u2019article de M. le Rabbin Krygier aurait m\u00e9rit\u00e9 un plus large dossier tant l\u2019int\u00e9r\u00eat qu\u2019il suscite et l\u2019originalit\u00e9 du propos l\u2019appelaient. Pour diverses raisons, il ne nous a pas \u00e9t\u00e9 possible de donner plus d\u2019ampleur \u00e0 un th\u00e8me et \u00e0 un point de vue qui le m\u00e9ritaient, m\u00eame si la r\u00e9flexion d\u2019Enzo Bianchi apporte un tr\u00e8s int\u00e9ressant contrepoint. Pour nous-m\u00eame comme pour M. Krygier, et comme pour beaucoup de nos lecteurs sans doute, nous le regrettons.<br \/>\nLe prochain num\u00e9ro nous conduira donc \u00e0 l\u2019examen de l\u2019id\u00e9e de concile. Sans pr\u00e9juger de l\u2019ensemble des contributions et de ce qui en ressortira, nous pouvons dire d\u00e8s maintenant l\u2019enjeu d\u2019un tel dossier. Si on ne peut oublier une longue histoire eccl\u00e9siale, il s\u2019agira de faire sortir les questions induites par un tel sujet \u00e0 un moment o\u00f9 l\u2019Eglise catholique et les diff\u00e9rentes Eglises peuvent s\u2019interroger sur leur fonctionnement, leur avenir, leur mission, et donc sur elles-m\u00eames. M\u00eame si pour l\u2019Eglise catholique, Vatican II reste une sorte de lumi\u00e8re dominante de la seconde moiti\u00e9 du XXe si\u00e8cle, penser qu\u2019un nouveau concile soit envisageable, ce n\u2019est pas rejoindre le ch\u0153ur de ceux qui n\u2019ont cess\u00e9 de faire peser un soup\u00e7on quasi h\u00e9r\u00e9tique sur Vatican II\u00a0; c\u2019est prendre acte d\u2019une autre phase de l\u2019histoire de l\u2019Eglise, et donc voir \u00e0 quelles conditions l\u2019institution conciliaire peut g\u00e9rer dans un avenir proche ou lointain les urgences qui la rendent n\u00e9cessaire.<br \/>\nLe programme qui se dessine pour l\u2019ann\u00e9e 2005 devrait ainsi rejoindre \u00e0 la fois les exigences d\u2019une r\u00e9flexion rigoureuse et celles d\u2019enjeux tr\u00e8s contemporains quant \u00e0 ce qui int\u00e9resse nos lecteurs et justifie leur fid\u00e9lit\u00e9.<\/p>\n<p>A quoi je voudrais ajouter un dernier mot pour rappeler ce qui, plus que jamais, doit rendre sa pertinence \u00e0 l\u2019intitul\u00e9 m\u00eame des&nbsp;\u00ab\u00a0Recherches de science religieuse\u00a0\u00bb\u00a0: la recherche pr\u00e9cis\u00e9ment dans ce territoire du religieux o\u00f9 \u00e0 l\u2019heure de la mondialisation, des communications, des d\u00e9cloisonnements des nations, des continents et des cultures, se jouent, tant\u00f4t de fa\u00e7on presque imperceptible, tant\u00f4t de fa\u00e7on violente, \u00e9changes et confrontations, quand ce n\u2019est pas dilutions, entre les religions et leurs avatars sectaires, superstitieux ou d\u00e9lirants. Qu\u2019est-ce que le dialogue interreligieux\u00a0? Qu\u2019est-ce que l\u2019\u00a0\u00ab\u00a0interreligieux\u00a0\u00bb\u00a0? Que faut-il faire pour \u00e9viter les d\u00e9rives, violences, confusions, dangerosit\u00e9 m\u00eame de certains mouvements et de leurs heurts\u00a0? Car derri\u00e8re ces soup\u00e7ons et questions c\u2019est en fin de compte la question de la v\u00e9rit\u00e9\u00a0qui se pose.<br \/>\nIl y a vingt si\u00e8cles maintenant qu\u2019un certain Pilate posait cette question face \u00e0 celui dont il refusait toute r\u00e9ponse. C\u2019est \u00e0 cette m\u00eame question que nous sommes aujourd\u2019hui et plus que jamais confront\u00e9s par ces&nbsp;\u00ab\u00a0rencontres\u00a0\u00bb des religions qui ne peuvent plus, sous peine de comportement suicidaire, se rassurer dans les certitudes d\u2019une circularit\u00e9 de raisonnement et de r\u00e9f\u00e9rences. Les RSR au d\u00e9but du XXe si\u00e8cle ont \u00e9t\u00e9 fond\u00e9es pour contribuer \u00e0 apporter des \u00e9l\u00e9ments de r\u00e9ponse \u00e0 la question du&nbsp;\u00ab\u00a0religieux\u00a0\u00bb jusque dans sa diversit\u00e9, et ce, par l\u2019exigence m\u00eame de la recherche dans l\u2019ordre, non pas seulement d\u2019une th\u00e9ologie particuli\u00e8re, mais d\u2019une&nbsp;\u00ab\u00a0science&nbsp;\u00bb.<br \/>\nA quelques ann\u00e9es du centenaire de la revue, et \u00e9tant donn\u00e9 la nouvelle&nbsp;\u00ab\u00a0donne\u00a0\u00bb religieuse du monde, nous sommes plus que jamais confront\u00e9s \u00e0 l\u2019exigence de cette recherche. Il faut que nous relevions ce d\u00e9fi. Les prochaines ann\u00e9es de la revue devront s\u2019y consacrer \u00e0 nouveau dans la fid\u00e9lit\u00e9 \u00e0 une fondation et \u00e0 une ligne qui ont toujours \u00e9t\u00e9 orient\u00e9es sur un champ auquel la fid\u00e9lit\u00e9 de nos lecteurs ne peut que nous encourager.<\/p>\n<p>Pierre GIBERT, R\u00e9dacteur en chef<\/p>\n","protected":false},"excerpt":{"rendered":"<p>Ouvrir un nouveau Tome des RSR, m\u00eame si le premier num\u00e9ro dit une ann\u00e9e d\u00e9j\u00e0 avanc\u00e9e, c\u2019est toujours proposer un certain renouvellement dans l\u2019espoir qu\u2019il ne sera pas trop pr\u00e9tentieux ou illusoire. Pour cette ann\u00e9e 2005 pr\u00e9cis\u00e9ment, la marque du renouvellement est d\u2019abord dans la nomination d\u2019un r\u00e9dacteur en chef adjoint. Ainsi, apr\u00e8s accord du Conseil de r\u00e9daction, le Provincial des J\u00e9suites de France a nomm\u00e9 Christoph Theobald pour me seconder dans la t\u00e2che de r\u00e9dacteur en chef. Dans la mesure o\u00f9 les lecteurs de la revue connaissent d\u00e9j\u00e0 la signature de ce th\u00e9ologien tant pour les articles que pour le Bulletin dont il a la charge, je gage qu\u2019il n\u2019y ait gu\u00e8re d\u2019\u00e9tonnement en cette nomination. Permettez-moi de vous faire part de ma compl\u00e8te satisfaction pour une collaboration que je d\u00e9sirais depuis un certain temps. Les comp\u00e9tences et qualit\u00e9s personnelles de Christoph Theobald sont mieux que bienvenues, n\u00e9cessaires, dans le service de la revue dont, j\u2019esp\u00e8re, on ne devrait<a class=\"read-more\" href=\"https:\/\/dev.centtreize.com\/rsr\/edito\/editorial-5\/\"><\/a><\/p>\n","protected":false},"author":1,"featured_media":0,"comment_status":"open","ping_status":"open","sticky":false,"template":"","format":"standard","meta":{"_acf_changed":false,"footnotes":""},"categories":[8],"tags":[],"keywords":[],"class_list":["post-1659","post","type-post","status-publish","format-standard","hentry","category-edito"],"acf":[],"yoast_head":"<!-- This site is optimized with the Yoast SEO plugin v27.2 - https:\/\/yoast.com\/product\/yoast-seo-wordpress\/ -->\n<title>Editorial 93\/2 - 2005 - Recherches de Science Religieuse<\/title>\n<meta name=\"robots\" content=\"index, follow, max-snippet:-1, max-image-preview:large, max-video-preview:-1\" \/>\n<link rel=\"canonical\" href=\"https:\/\/dev.centtreize.com\/rsr\/edito\/editorial-5\/\" \/>\n<meta property=\"og:locale\" content=\"fr_FR\" \/>\n<meta property=\"og:type\" content=\"article\" \/>\n<meta property=\"og:title\" content=\"Editorial 93\/2 - 2005 - Recherches de Science Religieuse\" \/>\n<meta property=\"og:description\" content=\"Ouvrir un nouveau Tome des RSR, m\u00eame si le premier num\u00e9ro dit une ann\u00e9e d\u00e9j\u00e0 avanc\u00e9e, c\u2019est toujours proposer un certain renouvellement dans l\u2019espoir qu\u2019il ne sera pas trop pr\u00e9tentieux ou illusoire. Pour cette ann\u00e9e 2005 pr\u00e9cis\u00e9ment, la marque du renouvellement est d\u2019abord dans la nomination d\u2019un r\u00e9dacteur en chef adjoint. Ainsi, apr\u00e8s accord du Conseil de r\u00e9daction, le Provincial des J\u00e9suites de France a nomm\u00e9 Christoph Theobald pour me seconder dans la t\u00e2che de r\u00e9dacteur en chef. Dans la mesure o\u00f9 les lecteurs de la revue connaissent d\u00e9j\u00e0 la signature de ce th\u00e9ologien tant pour les articles que pour le Bulletin dont il a la charge, je gage qu\u2019il n\u2019y ait gu\u00e8re d\u2019\u00e9tonnement en cette nomination. Permettez-moi de vous faire part de ma compl\u00e8te satisfaction pour une collaboration que je d\u00e9sirais depuis un certain temps. Les comp\u00e9tences et qualit\u00e9s personnelles de Christoph Theobald sont mieux que bienvenues, n\u00e9cessaires, dans le service de la revue dont, j\u2019esp\u00e8re, on ne devrait\" \/>\n<meta property=\"og:url\" content=\"https:\/\/dev.centtreize.com\/rsr\/edito\/editorial-5\/\" \/>\n<meta property=\"og:site_name\" content=\"Recherches de Science Religieuse\" \/>\n<meta property=\"article:published_time\" content=\"2013-10-28T19:54:53+00:00\" \/>\n<meta property=\"article:modified_time\" content=\"2024-09-24T05:58:33+00:00\" \/>\n<meta name=\"author\" content=\"revue@dmin\" \/>\n<meta name=\"twitter:card\" content=\"summary_large_image\" \/>\n<meta name=\"twitter:label1\" content=\"\u00c9crit par\" \/>\n\t<meta name=\"twitter:data1\" content=\"revue@dmin\" \/>\n\t<meta name=\"twitter:label2\" content=\"Dur\u00e9e de lecture estim\u00e9e\" \/>\n\t<meta name=\"twitter:data2\" content=\"6 minutes\" \/>\n<script type=\"application\/ld+json\" class=\"yoast-schema-graph\">{\"@context\":\"https:\/\/schema.org\",\"@graph\":[{\"@type\":\"Article\",\"@id\":\"https:\/\/dev.centtreize.com\/rsr\/edito\/editorial-5\/#article\",\"isPartOf\":{\"@id\":\"https:\/\/dev.centtreize.com\/rsr\/edito\/editorial-5\/\"},\"author\":{\"name\":\"revue@dmin\",\"@id\":\"https:\/\/dev.centtreize.com\/rsr\/#\/schema\/person\/9f242145bf00253a95a38d0e33921be1\"},\"headline\":\"Editorial 93\/2 &#8211; 2005\",\"datePublished\":\"2013-10-28T19:54:53+00:00\",\"dateModified\":\"2024-09-24T05:58:33+00:00\",\"mainEntityOfPage\":{\"@id\":\"https:\/\/dev.centtreize.com\/rsr\/edito\/editorial-5\/\"},\"wordCount\":1105,\"commentCount\":0,\"publisher\":{\"@id\":\"https:\/\/dev.centtreize.com\/rsr\/#organization\"},\"articleSection\":[\"edito\"],\"inLanguage\":\"fr-FR\",\"potentialAction\":[{\"@type\":\"CommentAction\",\"name\":\"Comment\",\"target\":[\"https:\/\/dev.centtreize.com\/rsr\/edito\/editorial-5\/#respond\"]}]},{\"@type\":\"WebPage\",\"@id\":\"https:\/\/dev.centtreize.com\/rsr\/edito\/editorial-5\/\",\"url\":\"https:\/\/dev.centtreize.com\/rsr\/edito\/editorial-5\/\",\"name\":\"Editorial 93\/2 - 2005 - Recherches de Science Religieuse\",\"isPartOf\":{\"@id\":\"https:\/\/dev.centtreize.com\/rsr\/#website\"},\"datePublished\":\"2013-10-28T19:54:53+00:00\",\"dateModified\":\"2024-09-24T05:58:33+00:00\",\"breadcrumb\":{\"@id\":\"https:\/\/dev.centtreize.com\/rsr\/edito\/editorial-5\/#breadcrumb\"},\"inLanguage\":\"fr-FR\",\"potentialAction\":[{\"@type\":\"ReadAction\",\"target\":[\"https:\/\/dev.centtreize.com\/rsr\/edito\/editorial-5\/\"]}]},{\"@type\":\"BreadcrumbList\",\"@id\":\"https:\/\/dev.centtreize.com\/rsr\/edito\/editorial-5\/#breadcrumb\",\"itemListElement\":[{\"@type\":\"ListItem\",\"position\":1,\"name\":\"Accueil\",\"item\":\"https:\/\/dev.centtreize.com\/rsr\/\"},{\"@type\":\"ListItem\",\"position\":2,\"name\":\"Editorial 93\/2 &#8211; 2005\"}]},{\"@type\":\"WebSite\",\"@id\":\"https:\/\/dev.centtreize.com\/rsr\/#website\",\"url\":\"https:\/\/dev.centtreize.com\/rsr\/\",\"name\":\"Recherches de Science Religieuse\",\"description\":\"Recherches de Science Religieuse\",\"publisher\":{\"@id\":\"https:\/\/dev.centtreize.com\/rsr\/#organization\"},\"potentialAction\":[{\"@type\":\"SearchAction\",\"target\":{\"@type\":\"EntryPoint\",\"urlTemplate\":\"https:\/\/dev.centtreize.com\/rsr\/?s={search_term_string}\"},\"query-input\":{\"@type\":\"PropertyValueSpecification\",\"valueRequired\":true,\"valueName\":\"search_term_string\"}}],\"inLanguage\":\"fr-FR\"},{\"@type\":\"Organization\",\"@id\":\"https:\/\/dev.centtreize.com\/rsr\/#organization\",\"name\":\"Recherches de Science Religieuse\",\"url\":\"https:\/\/dev.centtreize.com\/rsr\/\",\"logo\":{\"@type\":\"ImageObject\",\"inLanguage\":\"fr-FR\",\"@id\":\"https:\/\/dev.centtreize.com\/rsr\/#\/schema\/logo\/image\/\",\"url\":\"https:\/\/dev.centtreize.com\/rsr\/wp-content\/uploads\/2024\/10\/logo_rsr.png\",\"contentUrl\":\"https:\/\/dev.centtreize.com\/rsr\/wp-content\/uploads\/2024\/10\/logo_rsr.png\",\"width\":300,\"height\":225,\"caption\":\"Recherches de Science Religieuse\"},\"image\":{\"@id\":\"https:\/\/dev.centtreize.com\/rsr\/#\/schema\/logo\/image\/\"}},{\"@type\":\"Person\",\"@id\":\"https:\/\/dev.centtreize.com\/rsr\/#\/schema\/person\/9f242145bf00253a95a38d0e33921be1\",\"name\":\"revue@dmin\",\"url\":\"https:\/\/dev.centtreize.com\/rsr\/author\/revuedmin\/\"}]}<\/script>\n<!-- \/ Yoast SEO plugin. -->","yoast_head_json":{"title":"Editorial 93\/2 - 2005 - Recherches de Science Religieuse","robots":{"index":"index","follow":"follow","max-snippet":"max-snippet:-1","max-image-preview":"max-image-preview:large","max-video-preview":"max-video-preview:-1"},"canonical":"https:\/\/dev.centtreize.com\/rsr\/edito\/editorial-5\/","og_locale":"fr_FR","og_type":"article","og_title":"Editorial 93\/2 - 2005 - Recherches de Science Religieuse","og_description":"Ouvrir un nouveau Tome des RSR, m\u00eame si le premier num\u00e9ro dit une ann\u00e9e d\u00e9j\u00e0 avanc\u00e9e, c\u2019est toujours proposer un certain renouvellement dans l\u2019espoir qu\u2019il ne sera pas trop pr\u00e9tentieux ou illusoire. Pour cette ann\u00e9e 2005 pr\u00e9cis\u00e9ment, la marque du renouvellement est d\u2019abord dans la nomination d\u2019un r\u00e9dacteur en chef adjoint. Ainsi, apr\u00e8s accord du Conseil de r\u00e9daction, le Provincial des J\u00e9suites de France a nomm\u00e9 Christoph Theobald pour me seconder dans la t\u00e2che de r\u00e9dacteur en chef. Dans la mesure o\u00f9 les lecteurs de la revue connaissent d\u00e9j\u00e0 la signature de ce th\u00e9ologien tant pour les articles que pour le Bulletin dont il a la charge, je gage qu\u2019il n\u2019y ait gu\u00e8re d\u2019\u00e9tonnement en cette nomination. Permettez-moi de vous faire part de ma compl\u00e8te satisfaction pour une collaboration que je d\u00e9sirais depuis un certain temps. Les comp\u00e9tences et qualit\u00e9s personnelles de Christoph Theobald sont mieux que bienvenues, n\u00e9cessaires, dans le service de la revue dont, j\u2019esp\u00e8re, on ne devrait","og_url":"https:\/\/dev.centtreize.com\/rsr\/edito\/editorial-5\/","og_site_name":"Recherches de Science Religieuse","article_published_time":"2013-10-28T19:54:53+00:00","article_modified_time":"2024-09-24T05:58:33+00:00","author":"revue@dmin","twitter_card":"summary_large_image","twitter_misc":{"\u00c9crit par":"revue@dmin","Dur\u00e9e de lecture estim\u00e9e":"6 minutes"},"schema":{"@context":"https:\/\/schema.org","@graph":[{"@type":"Article","@id":"https:\/\/dev.centtreize.com\/rsr\/edito\/editorial-5\/#article","isPartOf":{"@id":"https:\/\/dev.centtreize.com\/rsr\/edito\/editorial-5\/"},"author":{"name":"revue@dmin","@id":"https:\/\/dev.centtreize.com\/rsr\/#\/schema\/person\/9f242145bf00253a95a38d0e33921be1"},"headline":"Editorial 93\/2 &#8211; 2005","datePublished":"2013-10-28T19:54:53+00:00","dateModified":"2024-09-24T05:58:33+00:00","mainEntityOfPage":{"@id":"https:\/\/dev.centtreize.com\/rsr\/edito\/editorial-5\/"},"wordCount":1105,"commentCount":0,"publisher":{"@id":"https:\/\/dev.centtreize.com\/rsr\/#organization"},"articleSection":["edito"],"inLanguage":"fr-FR","potentialAction":[{"@type":"CommentAction","name":"Comment","target":["https:\/\/dev.centtreize.com\/rsr\/edito\/editorial-5\/#respond"]}]},{"@type":"WebPage","@id":"https:\/\/dev.centtreize.com\/rsr\/edito\/editorial-5\/","url":"https:\/\/dev.centtreize.com\/rsr\/edito\/editorial-5\/","name":"Editorial 93\/2 - 2005 - Recherches de Science Religieuse","isPartOf":{"@id":"https:\/\/dev.centtreize.com\/rsr\/#website"},"datePublished":"2013-10-28T19:54:53+00:00","dateModified":"2024-09-24T05:58:33+00:00","breadcrumb":{"@id":"https:\/\/dev.centtreize.com\/rsr\/edito\/editorial-5\/#breadcrumb"},"inLanguage":"fr-FR","potentialAction":[{"@type":"ReadAction","target":["https:\/\/dev.centtreize.com\/rsr\/edito\/editorial-5\/"]}]},{"@type":"BreadcrumbList","@id":"https:\/\/dev.centtreize.com\/rsr\/edito\/editorial-5\/#breadcrumb","itemListElement":[{"@type":"ListItem","position":1,"name":"Accueil","item":"https:\/\/dev.centtreize.com\/rsr\/"},{"@type":"ListItem","position":2,"name":"Editorial 93\/2 &#8211; 2005"}]},{"@type":"WebSite","@id":"https:\/\/dev.centtreize.com\/rsr\/#website","url":"https:\/\/dev.centtreize.com\/rsr\/","name":"Recherches de Science Religieuse","description":"Recherches de Science Religieuse","publisher":{"@id":"https:\/\/dev.centtreize.com\/rsr\/#organization"},"potentialAction":[{"@type":"SearchAction","target":{"@type":"EntryPoint","urlTemplate":"https:\/\/dev.centtreize.com\/rsr\/?s={search_term_string}"},"query-input":{"@type":"PropertyValueSpecification","valueRequired":true,"valueName":"search_term_string"}}],"inLanguage":"fr-FR"},{"@type":"Organization","@id":"https:\/\/dev.centtreize.com\/rsr\/#organization","name":"Recherches de Science Religieuse","url":"https:\/\/dev.centtreize.com\/rsr\/","logo":{"@type":"ImageObject","inLanguage":"fr-FR","@id":"https:\/\/dev.centtreize.com\/rsr\/#\/schema\/logo\/image\/","url":"https:\/\/dev.centtreize.com\/rsr\/wp-content\/uploads\/2024\/10\/logo_rsr.png","contentUrl":"https:\/\/dev.centtreize.com\/rsr\/wp-content\/uploads\/2024\/10\/logo_rsr.png","width":300,"height":225,"caption":"Recherches de Science Religieuse"},"image":{"@id":"https:\/\/dev.centtreize.com\/rsr\/#\/schema\/logo\/image\/"}},{"@type":"Person","@id":"https:\/\/dev.centtreize.com\/rsr\/#\/schema\/person\/9f242145bf00253a95a38d0e33921be1","name":"revue@dmin","url":"https:\/\/dev.centtreize.com\/rsr\/author\/revuedmin\/"}]}},"_links":{"self":[{"href":"https:\/\/dev.centtreize.com\/rsr\/wp-json\/wp\/v2\/posts\/1659","targetHints":{"allow":["GET"]}}],"collection":[{"href":"https:\/\/dev.centtreize.com\/rsr\/wp-json\/wp\/v2\/posts"}],"about":[{"href":"https:\/\/dev.centtreize.com\/rsr\/wp-json\/wp\/v2\/types\/post"}],"author":[{"embeddable":true,"href":"https:\/\/dev.centtreize.com\/rsr\/wp-json\/wp\/v2\/users\/1"}],"replies":[{"embeddable":true,"href":"https:\/\/dev.centtreize.com\/rsr\/wp-json\/wp\/v2\/comments?post=1659"}],"version-history":[{"count":2,"href":"https:\/\/dev.centtreize.com\/rsr\/wp-json\/wp\/v2\/posts\/1659\/revisions"}],"predecessor-version":[{"id":2086,"href":"https:\/\/dev.centtreize.com\/rsr\/wp-json\/wp\/v2\/posts\/1659\/revisions\/2086"}],"wp:attachment":[{"href":"https:\/\/dev.centtreize.com\/rsr\/wp-json\/wp\/v2\/media?parent=1659"}],"wp:term":[{"taxonomy":"category","embeddable":true,"href":"https:\/\/dev.centtreize.com\/rsr\/wp-json\/wp\/v2\/categories?post=1659"},{"taxonomy":"post_tag","embeddable":true,"href":"https:\/\/dev.centtreize.com\/rsr\/wp-json\/wp\/v2\/tags?post=1659"},{"taxonomy":"keywords","embeddable":true,"href":"https:\/\/dev.centtreize.com\/rsr\/wp-json\/wp\/v2\/keywords?post=1659"}],"curies":[{"name":"wp","href":"https:\/\/api.w.org\/{rel}","templated":true}]}}