{"id":1579,"date":"2013-10-28T18:12:46","date_gmt":"2013-10-28T17:12:46","guid":{"rendered":"http:\/\/dev.revue-rsr.com\/?p=1579"},"modified":"2024-10-02T05:54:53","modified_gmt":"2024-10-02T04:54:53","slug":"le-probleme-de-lextension-du-canon-des-ecritures","status":"publish","type":"post","link":"https:\/\/dev.centtreize.com\/rsr\/article\/le-probleme-de-lextension-du-canon-des-ecritures\/","title":{"rendered":"Le probl\u00e8me de l\u2019extension du Canon des \u00c9critures"},"content":{"rendered":"<p>L\u2019examen du&nbsp;\u00ab&nbsp;canon des Ecritures&nbsp;\u00bb, apr\u00e8s la cons\u00e9cration de l\u2019expression par Athanase au IVe si\u00e8cle, r\u00e9v\u00e8le d\u2019abord une \u00e9poque o\u00f9 une certaine fluidit\u00e9 caract\u00e9risait la r\u00e9flexion sur l\u2019extension des Ecritures et sur leurs limites. A partir du IVe si\u00e8cle, une mutation d\u00e9cisive se produit, \u00e0 laquelle il faut adjoindre une autre \u00e9volution s\u00e9mantique pr\u00e9par\u00e9e de longue date \u00e0 travers l\u2019emploi de diat\u00e8k\u00e8, traduit en latin par testamentum. Ainsi apparaissent deux temps forts dans l\u2019histoire des Ecritures aux premiers si\u00e8cles du christianisme. Le premier (fin du IIe si\u00e8cle, d\u00e9but du IIIe) est celui de l\u2019extension du concept de livre saint \u00e0 d\u2019autres textes que les \u00e9crits h\u00e9rit\u00e9s du juda\u00efsme&nbsp;; le second, dans la seconde moiti\u00e9 du IVe si\u00e8cle, est celui des efforts de d\u00e9limitation de l\u2019Ancien et du Nouveau Testament, des d\u00e9cisions prises pour trancher les d\u00e9bats, commenc\u00e9s deux si\u00e8cles plus t\u00f4t. L\u2019examen de quelques-uns des probl\u00e8mes que pose l\u2019extension du canon et qui s\u2019offrent ici \u00e0 l\u2019historien confirme qu\u2019ils ne sont pas r\u00e9solus d\u00e9finitivement par les Eglises.<\/p>\n","protected":false},"excerpt":{"rendered":"<p>L\u2019examen du&nbsp;\u00ab&nbsp;canon des Ecritures&nbsp;\u00bb, apr\u00e8s la cons\u00e9cration de l\u2019expression par Athanase au IVe si\u00e8cle, r\u00e9v\u00e8le d\u2019abord une \u00e9poque o\u00f9 une certaine fluidit\u00e9 caract\u00e9risait la r\u00e9flexion sur l\u2019extension des Ecritures et sur leurs limites. A partir du IVe si\u00e8cle, une mutation d\u00e9cisive se produit, \u00e0 laquelle il faut adjoindre une autre \u00e9volution s\u00e9mantique pr\u00e9par\u00e9e de longue date \u00e0 travers l\u2019emploi de diat\u00e8k\u00e8, traduit en latin par testamentum. Ainsi apparaissent deux temps forts dans l\u2019histoire des Ecritures aux premiers si\u00e8cles du christianisme. Le premier (fin du IIe si\u00e8cle, d\u00e9but du IIIe) est celui de l\u2019extension du concept de livre saint \u00e0 d\u2019autres textes que les \u00e9crits h\u00e9rit\u00e9s du juda\u00efsme&nbsp;; le second, dans la seconde moiti\u00e9 du IVe si\u00e8cle, est celui des efforts de d\u00e9limitation de l\u2019Ancien et du Nouveau Testament, des d\u00e9cisions prises pour trancher les d\u00e9bats, commenc\u00e9s deux si\u00e8cles plus t\u00f4t. L\u2019examen de quelques-uns des probl\u00e8mes que pose l\u2019extension du canon et qui s\u2019offrent ici \u00e0 l\u2019historien confirme qu\u2019ils ne sont<a class=\"read-more\" href=\"https:\/\/dev.centtreize.com\/rsr\/article\/le-probleme-de-lextension-du-canon-des-ecritures\/\"><\/a><\/p>\n","protected":false},"author":1,"featured_media":0,"comment_status":"closed","ping_status":"closed","sticky":false,"template":"","format":"standard","meta":{"_acf_changed":false,"footnotes":""},"categories":[6],"tags":[],"keywords":[],"class_list":["post-1579","post","type-post","status-publish","format-standard","hentry","category-article"],"acf":[],"yoast_head":"<!-- This site is optimized with the Yoast SEO plugin v27.2 - https:\/\/yoast.com\/product\/yoast-seo-wordpress\/ -->\n<title>Le probl\u00e8me de l\u2019extension du Canon des \u00c9critures - Recherches de Science Religieuse<\/title>\n<meta name=\"robots\" content=\"index, follow, max-snippet:-1, max-image-preview:large, max-video-preview:-1\" \/>\n<link rel=\"canonical\" href=\"https:\/\/dev.centtreize.com\/rsr\/article\/le-probleme-de-lextension-du-canon-des-ecritures\/\" \/>\n<meta property=\"og:locale\" content=\"fr_FR\" \/>\n<meta property=\"og:type\" content=\"article\" \/>\n<meta property=\"og:title\" content=\"Le probl\u00e8me de l\u2019extension du Canon des \u00c9critures - Recherches de Science Religieuse\" \/>\n<meta property=\"og:description\" content=\"L\u2019examen du&nbsp;\u00ab&nbsp;canon des Ecritures&nbsp;\u00bb, apr\u00e8s la cons\u00e9cration de l\u2019expression par Athanase au IVe si\u00e8cle, r\u00e9v\u00e8le d\u2019abord une \u00e9poque o\u00f9 une certaine fluidit\u00e9 caract\u00e9risait la r\u00e9flexion sur l\u2019extension des Ecritures et sur leurs limites. A partir du IVe si\u00e8cle, une mutation d\u00e9cisive se produit, \u00e0 laquelle il faut adjoindre une autre \u00e9volution s\u00e9mantique pr\u00e9par\u00e9e de longue date \u00e0 travers l\u2019emploi de diat\u00e8k\u00e8, traduit en latin par testamentum. Ainsi apparaissent deux temps forts dans l\u2019histoire des Ecritures aux premiers si\u00e8cles du christianisme. Le premier (fin du IIe si\u00e8cle, d\u00e9but du IIIe) est celui de l\u2019extension du concept de livre saint \u00e0 d\u2019autres textes que les \u00e9crits h\u00e9rit\u00e9s du juda\u00efsme&nbsp;; le second, dans la seconde moiti\u00e9 du IVe si\u00e8cle, est celui des efforts de d\u00e9limitation de l\u2019Ancien et du Nouveau Testament, des d\u00e9cisions prises pour trancher les d\u00e9bats, commenc\u00e9s deux si\u00e8cles plus t\u00f4t. L\u2019examen de quelques-uns des probl\u00e8mes que pose l\u2019extension du canon et qui s\u2019offrent ici \u00e0 l\u2019historien confirme qu\u2019ils ne sont\" \/>\n<meta property=\"og:url\" content=\"https:\/\/dev.centtreize.com\/rsr\/article\/le-probleme-de-lextension-du-canon-des-ecritures\/\" \/>\n<meta property=\"og:site_name\" content=\"Recherches de Science Religieuse\" \/>\n<meta property=\"article:published_time\" content=\"2013-10-28T17:12:46+00:00\" \/>\n<meta property=\"article:modified_time\" content=\"2024-10-02T04:54:53+00:00\" \/>\n<meta name=\"author\" content=\"revue@dmin\" \/>\n<meta name=\"twitter:card\" content=\"summary_large_image\" \/>\n<meta name=\"twitter:label1\" content=\"\u00c9crit par\" \/>\n\t<meta name=\"twitter:data1\" content=\"revue@dmin\" \/>\n\t<meta name=\"twitter:label2\" content=\"Dur\u00e9e de lecture estim\u00e9e\" \/>\n\t<meta name=\"twitter:data2\" content=\"1 minute\" \/>\n<script type=\"application\/ld+json\" class=\"yoast-schema-graph\">{\"@context\":\"https:\/\/schema.org\",\"@graph\":[{\"@type\":\"Article\",\"@id\":\"https:\/\/dev.centtreize.com\/rsr\/article\/le-probleme-de-lextension-du-canon-des-ecritures\/#article\",\"isPartOf\":{\"@id\":\"https:\/\/dev.centtreize.com\/rsr\/article\/le-probleme-de-lextension-du-canon-des-ecritures\/\"},\"author\":{\"name\":\"revue@dmin\",\"@id\":\"https:\/\/dev.centtreize.com\/rsr\/#\/schema\/person\/9f242145bf00253a95a38d0e33921be1\"},\"headline\":\"Le probl\u00e8me de l\u2019extension du Canon des \u00c9critures\",\"datePublished\":\"2013-10-28T17:12:46+00:00\",\"dateModified\":\"2024-10-02T04:54:53+00:00\",\"mainEntityOfPage\":{\"@id\":\"https:\/\/dev.centtreize.com\/rsr\/article\/le-probleme-de-lextension-du-canon-des-ecritures\/\"},\"wordCount\":216,\"publisher\":{\"@id\":\"https:\/\/dev.centtreize.com\/rsr\/#organization\"},\"articleSection\":[\"article\"],\"inLanguage\":\"fr-FR\"},{\"@type\":\"WebPage\",\"@id\":\"https:\/\/dev.centtreize.com\/rsr\/article\/le-probleme-de-lextension-du-canon-des-ecritures\/\",\"url\":\"https:\/\/dev.centtreize.com\/rsr\/article\/le-probleme-de-lextension-du-canon-des-ecritures\/\",\"name\":\"Le probl\u00e8me de l\u2019extension du Canon des \u00c9critures - Recherches de Science Religieuse\",\"isPartOf\":{\"@id\":\"https:\/\/dev.centtreize.com\/rsr\/#website\"},\"datePublished\":\"2013-10-28T17:12:46+00:00\",\"dateModified\":\"2024-10-02T04:54:53+00:00\",\"breadcrumb\":{\"@id\":\"https:\/\/dev.centtreize.com\/rsr\/article\/le-probleme-de-lextension-du-canon-des-ecritures\/#breadcrumb\"},\"inLanguage\":\"fr-FR\",\"potentialAction\":[{\"@type\":\"ReadAction\",\"target\":[\"https:\/\/dev.centtreize.com\/rsr\/article\/le-probleme-de-lextension-du-canon-des-ecritures\/\"]}]},{\"@type\":\"BreadcrumbList\",\"@id\":\"https:\/\/dev.centtreize.com\/rsr\/article\/le-probleme-de-lextension-du-canon-des-ecritures\/#breadcrumb\",\"itemListElement\":[{\"@type\":\"ListItem\",\"position\":1,\"name\":\"Accueil\",\"item\":\"https:\/\/dev.centtreize.com\/rsr\/\"},{\"@type\":\"ListItem\",\"position\":2,\"name\":\"Le probl\u00e8me de l\u2019extension du Canon des \u00c9critures\"}]},{\"@type\":\"WebSite\",\"@id\":\"https:\/\/dev.centtreize.com\/rsr\/#website\",\"url\":\"https:\/\/dev.centtreize.com\/rsr\/\",\"name\":\"Recherches de Science Religieuse\",\"description\":\"Recherches de Science Religieuse\",\"publisher\":{\"@id\":\"https:\/\/dev.centtreize.com\/rsr\/#organization\"},\"potentialAction\":[{\"@type\":\"SearchAction\",\"target\":{\"@type\":\"EntryPoint\",\"urlTemplate\":\"https:\/\/dev.centtreize.com\/rsr\/?s={search_term_string}\"},\"query-input\":{\"@type\":\"PropertyValueSpecification\",\"valueRequired\":true,\"valueName\":\"search_term_string\"}}],\"inLanguage\":\"fr-FR\"},{\"@type\":\"Organization\",\"@id\":\"https:\/\/dev.centtreize.com\/rsr\/#organization\",\"name\":\"Recherches de Science Religieuse\",\"url\":\"https:\/\/dev.centtreize.com\/rsr\/\",\"logo\":{\"@type\":\"ImageObject\",\"inLanguage\":\"fr-FR\",\"@id\":\"https:\/\/dev.centtreize.com\/rsr\/#\/schema\/logo\/image\/\",\"url\":\"https:\/\/dev.centtreize.com\/rsr\/wp-content\/uploads\/2024\/10\/logo_rsr.png\",\"contentUrl\":\"https:\/\/dev.centtreize.com\/rsr\/wp-content\/uploads\/2024\/10\/logo_rsr.png\",\"width\":300,\"height\":225,\"caption\":\"Recherches de Science Religieuse\"},\"image\":{\"@id\":\"https:\/\/dev.centtreize.com\/rsr\/#\/schema\/logo\/image\/\"}},{\"@type\":\"Person\",\"@id\":\"https:\/\/dev.centtreize.com\/rsr\/#\/schema\/person\/9f242145bf00253a95a38d0e33921be1\",\"name\":\"revue@dmin\",\"url\":\"https:\/\/dev.centtreize.com\/rsr\/author\/revuedmin\/\"}]}<\/script>\n<!-- \/ Yoast SEO plugin. -->","yoast_head_json":{"title":"Le probl\u00e8me de l\u2019extension du Canon des \u00c9critures - Recherches de Science Religieuse","robots":{"index":"index","follow":"follow","max-snippet":"max-snippet:-1","max-image-preview":"max-image-preview:large","max-video-preview":"max-video-preview:-1"},"canonical":"https:\/\/dev.centtreize.com\/rsr\/article\/le-probleme-de-lextension-du-canon-des-ecritures\/","og_locale":"fr_FR","og_type":"article","og_title":"Le probl\u00e8me de l\u2019extension du Canon des \u00c9critures - Recherches de Science Religieuse","og_description":"L\u2019examen du&nbsp;\u00ab&nbsp;canon des Ecritures&nbsp;\u00bb, apr\u00e8s la cons\u00e9cration de l\u2019expression par Athanase au IVe si\u00e8cle, r\u00e9v\u00e8le d\u2019abord une \u00e9poque o\u00f9 une certaine fluidit\u00e9 caract\u00e9risait la r\u00e9flexion sur l\u2019extension des Ecritures et sur leurs limites. A partir du IVe si\u00e8cle, une mutation d\u00e9cisive se produit, \u00e0 laquelle il faut adjoindre une autre \u00e9volution s\u00e9mantique pr\u00e9par\u00e9e de longue date \u00e0 travers l\u2019emploi de diat\u00e8k\u00e8, traduit en latin par testamentum. Ainsi apparaissent deux temps forts dans l\u2019histoire des Ecritures aux premiers si\u00e8cles du christianisme. Le premier (fin du IIe si\u00e8cle, d\u00e9but du IIIe) est celui de l\u2019extension du concept de livre saint \u00e0 d\u2019autres textes que les \u00e9crits h\u00e9rit\u00e9s du juda\u00efsme&nbsp;; le second, dans la seconde moiti\u00e9 du IVe si\u00e8cle, est celui des efforts de d\u00e9limitation de l\u2019Ancien et du Nouveau Testament, des d\u00e9cisions prises pour trancher les d\u00e9bats, commenc\u00e9s deux si\u00e8cles plus t\u00f4t. L\u2019examen de quelques-uns des probl\u00e8mes que pose l\u2019extension du canon et qui s\u2019offrent ici \u00e0 l\u2019historien confirme qu\u2019ils ne sont","og_url":"https:\/\/dev.centtreize.com\/rsr\/article\/le-probleme-de-lextension-du-canon-des-ecritures\/","og_site_name":"Recherches de Science Religieuse","article_published_time":"2013-10-28T17:12:46+00:00","article_modified_time":"2024-10-02T04:54:53+00:00","author":"revue@dmin","twitter_card":"summary_large_image","twitter_misc":{"\u00c9crit par":"revue@dmin","Dur\u00e9e de lecture estim\u00e9e":"1 minute"},"schema":{"@context":"https:\/\/schema.org","@graph":[{"@type":"Article","@id":"https:\/\/dev.centtreize.com\/rsr\/article\/le-probleme-de-lextension-du-canon-des-ecritures\/#article","isPartOf":{"@id":"https:\/\/dev.centtreize.com\/rsr\/article\/le-probleme-de-lextension-du-canon-des-ecritures\/"},"author":{"name":"revue@dmin","@id":"https:\/\/dev.centtreize.com\/rsr\/#\/schema\/person\/9f242145bf00253a95a38d0e33921be1"},"headline":"Le probl\u00e8me de l\u2019extension du Canon des \u00c9critures","datePublished":"2013-10-28T17:12:46+00:00","dateModified":"2024-10-02T04:54:53+00:00","mainEntityOfPage":{"@id":"https:\/\/dev.centtreize.com\/rsr\/article\/le-probleme-de-lextension-du-canon-des-ecritures\/"},"wordCount":216,"publisher":{"@id":"https:\/\/dev.centtreize.com\/rsr\/#organization"},"articleSection":["article"],"inLanguage":"fr-FR"},{"@type":"WebPage","@id":"https:\/\/dev.centtreize.com\/rsr\/article\/le-probleme-de-lextension-du-canon-des-ecritures\/","url":"https:\/\/dev.centtreize.com\/rsr\/article\/le-probleme-de-lextension-du-canon-des-ecritures\/","name":"Le probl\u00e8me de l\u2019extension du Canon des \u00c9critures - Recherches de Science Religieuse","isPartOf":{"@id":"https:\/\/dev.centtreize.com\/rsr\/#website"},"datePublished":"2013-10-28T17:12:46+00:00","dateModified":"2024-10-02T04:54:53+00:00","breadcrumb":{"@id":"https:\/\/dev.centtreize.com\/rsr\/article\/le-probleme-de-lextension-du-canon-des-ecritures\/#breadcrumb"},"inLanguage":"fr-FR","potentialAction":[{"@type":"ReadAction","target":["https:\/\/dev.centtreize.com\/rsr\/article\/le-probleme-de-lextension-du-canon-des-ecritures\/"]}]},{"@type":"BreadcrumbList","@id":"https:\/\/dev.centtreize.com\/rsr\/article\/le-probleme-de-lextension-du-canon-des-ecritures\/#breadcrumb","itemListElement":[{"@type":"ListItem","position":1,"name":"Accueil","item":"https:\/\/dev.centtreize.com\/rsr\/"},{"@type":"ListItem","position":2,"name":"Le probl\u00e8me de l\u2019extension du Canon des \u00c9critures"}]},{"@type":"WebSite","@id":"https:\/\/dev.centtreize.com\/rsr\/#website","url":"https:\/\/dev.centtreize.com\/rsr\/","name":"Recherches de Science Religieuse","description":"Recherches de Science Religieuse","publisher":{"@id":"https:\/\/dev.centtreize.com\/rsr\/#organization"},"potentialAction":[{"@type":"SearchAction","target":{"@type":"EntryPoint","urlTemplate":"https:\/\/dev.centtreize.com\/rsr\/?s={search_term_string}"},"query-input":{"@type":"PropertyValueSpecification","valueRequired":true,"valueName":"search_term_string"}}],"inLanguage":"fr-FR"},{"@type":"Organization","@id":"https:\/\/dev.centtreize.com\/rsr\/#organization","name":"Recherches de Science Religieuse","url":"https:\/\/dev.centtreize.com\/rsr\/","logo":{"@type":"ImageObject","inLanguage":"fr-FR","@id":"https:\/\/dev.centtreize.com\/rsr\/#\/schema\/logo\/image\/","url":"https:\/\/dev.centtreize.com\/rsr\/wp-content\/uploads\/2024\/10\/logo_rsr.png","contentUrl":"https:\/\/dev.centtreize.com\/rsr\/wp-content\/uploads\/2024\/10\/logo_rsr.png","width":300,"height":225,"caption":"Recherches de Science Religieuse"},"image":{"@id":"https:\/\/dev.centtreize.com\/rsr\/#\/schema\/logo\/image\/"}},{"@type":"Person","@id":"https:\/\/dev.centtreize.com\/rsr\/#\/schema\/person\/9f242145bf00253a95a38d0e33921be1","name":"revue@dmin","url":"https:\/\/dev.centtreize.com\/rsr\/author\/revuedmin\/"}]}},"_links":{"self":[{"href":"https:\/\/dev.centtreize.com\/rsr\/wp-json\/wp\/v2\/posts\/1579","targetHints":{"allow":["GET"]}}],"collection":[{"href":"https:\/\/dev.centtreize.com\/rsr\/wp-json\/wp\/v2\/posts"}],"about":[{"href":"https:\/\/dev.centtreize.com\/rsr\/wp-json\/wp\/v2\/types\/post"}],"author":[{"embeddable":true,"href":"https:\/\/dev.centtreize.com\/rsr\/wp-json\/wp\/v2\/users\/1"}],"replies":[{"embeddable":true,"href":"https:\/\/dev.centtreize.com\/rsr\/wp-json\/wp\/v2\/comments?post=1579"}],"version-history":[{"count":4,"href":"https:\/\/dev.centtreize.com\/rsr\/wp-json\/wp\/v2\/posts\/1579\/revisions"}],"predecessor-version":[{"id":17850,"href":"https:\/\/dev.centtreize.com\/rsr\/wp-json\/wp\/v2\/posts\/1579\/revisions\/17850"}],"wp:attachment":[{"href":"https:\/\/dev.centtreize.com\/rsr\/wp-json\/wp\/v2\/media?parent=1579"}],"wp:term":[{"taxonomy":"category","embeddable":true,"href":"https:\/\/dev.centtreize.com\/rsr\/wp-json\/wp\/v2\/categories?post=1579"},{"taxonomy":"post_tag","embeddable":true,"href":"https:\/\/dev.centtreize.com\/rsr\/wp-json\/wp\/v2\/tags?post=1579"},{"taxonomy":"keywords","embeddable":true,"href":"https:\/\/dev.centtreize.com\/rsr\/wp-json\/wp\/v2\/keywords?post=1579"}],"curies":[{"name":"wp","href":"https:\/\/api.w.org\/{rel}","templated":true}]}}