{"id":1548,"date":"2013-10-28T17:32:45","date_gmt":"2013-10-28T16:32:45","guid":{"rendered":"http:\/\/dev.revue-rsr.com\/?p=1548"},"modified":"2024-10-01T13:01:43","modified_gmt":"2024-10-01T12:01:43","slug":"le-jansenisme-une-realite-politique-et-un-enjeu-de-pouvoirs","status":"publish","type":"post","link":"https:\/\/dev.centtreize.com\/rsr\/article\/le-jansenisme-une-realite-politique-et-un-enjeu-de-pouvoirs\/","title":{"rendered":"Le Jans\u00e9nisme : une r\u00e9alit\u00e9 politique et un enjeu de pouvoirs"},"content":{"rendered":"<p>Le Jans\u00e9nisme c\u2019est d\u2019abord un mot, une id\u00e9e et une r\u00e9alit\u00e9. Ce sont aussi des personnages, hommes et femmes, qui au XVIIe et au XVIIIe si\u00e8cles ont jou\u00e9 une incarnation qui n\u2019\u00e9tait pas que religieuse ou th\u00e9ologique, malgr\u00e9 le primat de celle-ci. Le tableau historique que propose M. Le Guern est aussi l\u2019analyse des positions et r\u00e9actions des principaux acteurs, de Richelieu et Saint-Cyran \u00e0 Antoine Arnaud, de Nicolas Pavillon et le Formulaire, jusqu\u2019\u00e0 Quesnel et la reprise des hostilit\u00e9s apr\u00e8s une certaine accalmie fin de si\u00e8cle, avec les effets de la Bulle Unigenitus. Comme on le sait, le terme, sinon vraiment d\u00e9finitif dont il faudrait encore parler, du moins selon d\u2019importants rep\u00e8res historiques, se lit aujourd\u2019hui en divers mouvements qui, apr\u00e8s miracles et convulsions, se r\u00e9duiront, \u00e0 d\u00e9faut de se r\u00e9soudre, dans les conflits, les dispersions et les d\u00e9rives sectaires.<\/p>\n","protected":false},"excerpt":{"rendered":"<p>Le Jans\u00e9nisme c\u2019est d\u2019abord un mot, une id\u00e9e et une r\u00e9alit\u00e9. Ce sont aussi des personnages, hommes et femmes, qui au XVIIe et au XVIIIe si\u00e8cles ont jou\u00e9 une incarnation qui n\u2019\u00e9tait pas que religieuse ou th\u00e9ologique, malgr\u00e9 le primat de celle-ci. Le tableau historique que propose M. Le Guern est aussi l\u2019analyse des positions et r\u00e9actions des principaux acteurs, de Richelieu et Saint-Cyran \u00e0 Antoine Arnaud, de Nicolas Pavillon et le Formulaire, jusqu\u2019\u00e0 Quesnel et la reprise des hostilit\u00e9s apr\u00e8s une certaine accalmie fin de si\u00e8cle, avec les effets de la Bulle Unigenitus. Comme on le sait, le terme, sinon vraiment d\u00e9finitif dont il faudrait encore parler, du moins selon d\u2019importants rep\u00e8res historiques, se lit aujourd\u2019hui en divers mouvements qui, apr\u00e8s miracles et convulsions, se r\u00e9duiront, \u00e0 d\u00e9faut de se r\u00e9soudre, dans les conflits, les dispersions et les d\u00e9rives sectaires.<\/p>\n","protected":false},"author":1,"featured_media":0,"comment_status":"open","ping_status":"open","sticky":false,"template":"","format":"standard","meta":{"_acf_changed":false,"footnotes":""},"categories":[6],"tags":[],"keywords":[],"class_list":["post-1548","post","type-post","status-publish","format-standard","hentry","category-article"],"acf":[],"yoast_head":"<!-- This site is optimized with the Yoast SEO plugin v27.2 - https:\/\/yoast.com\/product\/yoast-seo-wordpress\/ -->\n<title>Le Jans\u00e9nisme : une r\u00e9alit\u00e9 politique et un enjeu de pouvoirs - Recherches de Science Religieuse<\/title>\n<meta name=\"robots\" content=\"index, follow, max-snippet:-1, max-image-preview:large, max-video-preview:-1\" \/>\n<link rel=\"canonical\" href=\"https:\/\/dev.centtreize.com\/rsr\/article\/le-jansenisme-une-realite-politique-et-un-enjeu-de-pouvoirs\/\" \/>\n<meta property=\"og:locale\" content=\"fr_FR\" \/>\n<meta property=\"og:type\" content=\"article\" \/>\n<meta property=\"og:title\" content=\"Le Jans\u00e9nisme : une r\u00e9alit\u00e9 politique et un enjeu de pouvoirs - Recherches de Science Religieuse\" \/>\n<meta property=\"og:description\" content=\"Le Jans\u00e9nisme c\u2019est d\u2019abord un mot, une id\u00e9e et une r\u00e9alit\u00e9. Ce sont aussi des personnages, hommes et femmes, qui au XVIIe et au XVIIIe si\u00e8cles ont jou\u00e9 une incarnation qui n\u2019\u00e9tait pas que religieuse ou th\u00e9ologique, malgr\u00e9 le primat de celle-ci. Le tableau historique que propose M. Le Guern est aussi l\u2019analyse des positions et r\u00e9actions des principaux acteurs, de Richelieu et Saint-Cyran \u00e0 Antoine Arnaud, de Nicolas Pavillon et le Formulaire, jusqu\u2019\u00e0 Quesnel et la reprise des hostilit\u00e9s apr\u00e8s une certaine accalmie fin de si\u00e8cle, avec les effets de la Bulle Unigenitus. Comme on le sait, le terme, sinon vraiment d\u00e9finitif dont il faudrait encore parler, du moins selon d\u2019importants rep\u00e8res historiques, se lit aujourd\u2019hui en divers mouvements qui, apr\u00e8s miracles et convulsions, se r\u00e9duiront, \u00e0 d\u00e9faut de se r\u00e9soudre, dans les conflits, les dispersions et les d\u00e9rives sectaires.\" \/>\n<meta property=\"og:url\" content=\"https:\/\/dev.centtreize.com\/rsr\/article\/le-jansenisme-une-realite-politique-et-un-enjeu-de-pouvoirs\/\" \/>\n<meta property=\"og:site_name\" content=\"Recherches de Science Religieuse\" \/>\n<meta property=\"article:published_time\" content=\"2013-10-28T16:32:45+00:00\" \/>\n<meta property=\"article:modified_time\" content=\"2024-10-01T12:01:43+00:00\" \/>\n<meta name=\"author\" content=\"revue@dmin\" \/>\n<meta name=\"twitter:card\" content=\"summary_large_image\" \/>\n<meta name=\"twitter:label1\" content=\"\u00c9crit par\" \/>\n\t<meta name=\"twitter:data1\" content=\"revue@dmin\" \/>\n\t<meta name=\"twitter:label2\" content=\"Dur\u00e9e de lecture estim\u00e9e\" \/>\n\t<meta name=\"twitter:data2\" content=\"1 minute\" \/>\n<script type=\"application\/ld+json\" class=\"yoast-schema-graph\">{\"@context\":\"https:\/\/schema.org\",\"@graph\":[{\"@type\":\"Article\",\"@id\":\"https:\/\/dev.centtreize.com\/rsr\/article\/le-jansenisme-une-realite-politique-et-un-enjeu-de-pouvoirs\/#article\",\"isPartOf\":{\"@id\":\"https:\/\/dev.centtreize.com\/rsr\/article\/le-jansenisme-une-realite-politique-et-un-enjeu-de-pouvoirs\/\"},\"author\":{\"name\":\"revue@dmin\",\"@id\":\"https:\/\/dev.centtreize.com\/rsr\/#\/schema\/person\/9f242145bf00253a95a38d0e33921be1\"},\"headline\":\"Le Jans\u00e9nisme : une r\u00e9alit\u00e9 politique et un enjeu de pouvoirs\",\"datePublished\":\"2013-10-28T16:32:45+00:00\",\"dateModified\":\"2024-10-01T12:01:43+00:00\",\"mainEntityOfPage\":{\"@id\":\"https:\/\/dev.centtreize.com\/rsr\/article\/le-jansenisme-une-realite-politique-et-un-enjeu-de-pouvoirs\/\"},\"wordCount\":173,\"commentCount\":0,\"publisher\":{\"@id\":\"https:\/\/dev.centtreize.com\/rsr\/#organization\"},\"articleSection\":[\"article\"],\"inLanguage\":\"fr-FR\",\"potentialAction\":[{\"@type\":\"CommentAction\",\"name\":\"Comment\",\"target\":[\"https:\/\/dev.centtreize.com\/rsr\/article\/le-jansenisme-une-realite-politique-et-un-enjeu-de-pouvoirs\/#respond\"]}]},{\"@type\":\"WebPage\",\"@id\":\"https:\/\/dev.centtreize.com\/rsr\/article\/le-jansenisme-une-realite-politique-et-un-enjeu-de-pouvoirs\/\",\"url\":\"https:\/\/dev.centtreize.com\/rsr\/article\/le-jansenisme-une-realite-politique-et-un-enjeu-de-pouvoirs\/\",\"name\":\"Le Jans\u00e9nisme : une r\u00e9alit\u00e9 politique et un enjeu de pouvoirs - Recherches de Science Religieuse\",\"isPartOf\":{\"@id\":\"https:\/\/dev.centtreize.com\/rsr\/#website\"},\"datePublished\":\"2013-10-28T16:32:45+00:00\",\"dateModified\":\"2024-10-01T12:01:43+00:00\",\"breadcrumb\":{\"@id\":\"https:\/\/dev.centtreize.com\/rsr\/article\/le-jansenisme-une-realite-politique-et-un-enjeu-de-pouvoirs\/#breadcrumb\"},\"inLanguage\":\"fr-FR\",\"potentialAction\":[{\"@type\":\"ReadAction\",\"target\":[\"https:\/\/dev.centtreize.com\/rsr\/article\/le-jansenisme-une-realite-politique-et-un-enjeu-de-pouvoirs\/\"]}]},{\"@type\":\"BreadcrumbList\",\"@id\":\"https:\/\/dev.centtreize.com\/rsr\/article\/le-jansenisme-une-realite-politique-et-un-enjeu-de-pouvoirs\/#breadcrumb\",\"itemListElement\":[{\"@type\":\"ListItem\",\"position\":1,\"name\":\"Accueil\",\"item\":\"https:\/\/dev.centtreize.com\/rsr\/\"},{\"@type\":\"ListItem\",\"position\":2,\"name\":\"Le Jans\u00e9nisme : une r\u00e9alit\u00e9 politique et un enjeu de pouvoirs\"}]},{\"@type\":\"WebSite\",\"@id\":\"https:\/\/dev.centtreize.com\/rsr\/#website\",\"url\":\"https:\/\/dev.centtreize.com\/rsr\/\",\"name\":\"Recherches de Science Religieuse\",\"description\":\"Recherches de Science Religieuse\",\"publisher\":{\"@id\":\"https:\/\/dev.centtreize.com\/rsr\/#organization\"},\"potentialAction\":[{\"@type\":\"SearchAction\",\"target\":{\"@type\":\"EntryPoint\",\"urlTemplate\":\"https:\/\/dev.centtreize.com\/rsr\/?s={search_term_string}\"},\"query-input\":{\"@type\":\"PropertyValueSpecification\",\"valueRequired\":true,\"valueName\":\"search_term_string\"}}],\"inLanguage\":\"fr-FR\"},{\"@type\":\"Organization\",\"@id\":\"https:\/\/dev.centtreize.com\/rsr\/#organization\",\"name\":\"Recherches de Science Religieuse\",\"url\":\"https:\/\/dev.centtreize.com\/rsr\/\",\"logo\":{\"@type\":\"ImageObject\",\"inLanguage\":\"fr-FR\",\"@id\":\"https:\/\/dev.centtreize.com\/rsr\/#\/schema\/logo\/image\/\",\"url\":\"https:\/\/dev.centtreize.com\/rsr\/wp-content\/uploads\/2024\/10\/logo_rsr.png\",\"contentUrl\":\"https:\/\/dev.centtreize.com\/rsr\/wp-content\/uploads\/2024\/10\/logo_rsr.png\",\"width\":300,\"height\":225,\"caption\":\"Recherches de Science Religieuse\"},\"image\":{\"@id\":\"https:\/\/dev.centtreize.com\/rsr\/#\/schema\/logo\/image\/\"}},{\"@type\":\"Person\",\"@id\":\"https:\/\/dev.centtreize.com\/rsr\/#\/schema\/person\/9f242145bf00253a95a38d0e33921be1\",\"name\":\"revue@dmin\",\"url\":\"https:\/\/dev.centtreize.com\/rsr\/author\/revuedmin\/\"}]}<\/script>\n<!-- \/ Yoast SEO plugin. -->","yoast_head_json":{"title":"Le Jans\u00e9nisme : une r\u00e9alit\u00e9 politique et un enjeu de pouvoirs - Recherches de Science Religieuse","robots":{"index":"index","follow":"follow","max-snippet":"max-snippet:-1","max-image-preview":"max-image-preview:large","max-video-preview":"max-video-preview:-1"},"canonical":"https:\/\/dev.centtreize.com\/rsr\/article\/le-jansenisme-une-realite-politique-et-un-enjeu-de-pouvoirs\/","og_locale":"fr_FR","og_type":"article","og_title":"Le Jans\u00e9nisme : une r\u00e9alit\u00e9 politique et un enjeu de pouvoirs - Recherches de Science Religieuse","og_description":"Le Jans\u00e9nisme c\u2019est d\u2019abord un mot, une id\u00e9e et une r\u00e9alit\u00e9. Ce sont aussi des personnages, hommes et femmes, qui au XVIIe et au XVIIIe si\u00e8cles ont jou\u00e9 une incarnation qui n\u2019\u00e9tait pas que religieuse ou th\u00e9ologique, malgr\u00e9 le primat de celle-ci. Le tableau historique que propose M. Le Guern est aussi l\u2019analyse des positions et r\u00e9actions des principaux acteurs, de Richelieu et Saint-Cyran \u00e0 Antoine Arnaud, de Nicolas Pavillon et le Formulaire, jusqu\u2019\u00e0 Quesnel et la reprise des hostilit\u00e9s apr\u00e8s une certaine accalmie fin de si\u00e8cle, avec les effets de la Bulle Unigenitus. Comme on le sait, le terme, sinon vraiment d\u00e9finitif dont il faudrait encore parler, du moins selon d\u2019importants rep\u00e8res historiques, se lit aujourd\u2019hui en divers mouvements qui, apr\u00e8s miracles et convulsions, se r\u00e9duiront, \u00e0 d\u00e9faut de se r\u00e9soudre, dans les conflits, les dispersions et les d\u00e9rives sectaires.","og_url":"https:\/\/dev.centtreize.com\/rsr\/article\/le-jansenisme-une-realite-politique-et-un-enjeu-de-pouvoirs\/","og_site_name":"Recherches de Science Religieuse","article_published_time":"2013-10-28T16:32:45+00:00","article_modified_time":"2024-10-01T12:01:43+00:00","author":"revue@dmin","twitter_card":"summary_large_image","twitter_misc":{"\u00c9crit par":"revue@dmin","Dur\u00e9e de lecture estim\u00e9e":"1 minute"},"schema":{"@context":"https:\/\/schema.org","@graph":[{"@type":"Article","@id":"https:\/\/dev.centtreize.com\/rsr\/article\/le-jansenisme-une-realite-politique-et-un-enjeu-de-pouvoirs\/#article","isPartOf":{"@id":"https:\/\/dev.centtreize.com\/rsr\/article\/le-jansenisme-une-realite-politique-et-un-enjeu-de-pouvoirs\/"},"author":{"name":"revue@dmin","@id":"https:\/\/dev.centtreize.com\/rsr\/#\/schema\/person\/9f242145bf00253a95a38d0e33921be1"},"headline":"Le Jans\u00e9nisme : une r\u00e9alit\u00e9 politique et un enjeu de pouvoirs","datePublished":"2013-10-28T16:32:45+00:00","dateModified":"2024-10-01T12:01:43+00:00","mainEntityOfPage":{"@id":"https:\/\/dev.centtreize.com\/rsr\/article\/le-jansenisme-une-realite-politique-et-un-enjeu-de-pouvoirs\/"},"wordCount":173,"commentCount":0,"publisher":{"@id":"https:\/\/dev.centtreize.com\/rsr\/#organization"},"articleSection":["article"],"inLanguage":"fr-FR","potentialAction":[{"@type":"CommentAction","name":"Comment","target":["https:\/\/dev.centtreize.com\/rsr\/article\/le-jansenisme-une-realite-politique-et-un-enjeu-de-pouvoirs\/#respond"]}]},{"@type":"WebPage","@id":"https:\/\/dev.centtreize.com\/rsr\/article\/le-jansenisme-une-realite-politique-et-un-enjeu-de-pouvoirs\/","url":"https:\/\/dev.centtreize.com\/rsr\/article\/le-jansenisme-une-realite-politique-et-un-enjeu-de-pouvoirs\/","name":"Le Jans\u00e9nisme : une r\u00e9alit\u00e9 politique et un enjeu de pouvoirs - Recherches de Science Religieuse","isPartOf":{"@id":"https:\/\/dev.centtreize.com\/rsr\/#website"},"datePublished":"2013-10-28T16:32:45+00:00","dateModified":"2024-10-01T12:01:43+00:00","breadcrumb":{"@id":"https:\/\/dev.centtreize.com\/rsr\/article\/le-jansenisme-une-realite-politique-et-un-enjeu-de-pouvoirs\/#breadcrumb"},"inLanguage":"fr-FR","potentialAction":[{"@type":"ReadAction","target":["https:\/\/dev.centtreize.com\/rsr\/article\/le-jansenisme-une-realite-politique-et-un-enjeu-de-pouvoirs\/"]}]},{"@type":"BreadcrumbList","@id":"https:\/\/dev.centtreize.com\/rsr\/article\/le-jansenisme-une-realite-politique-et-un-enjeu-de-pouvoirs\/#breadcrumb","itemListElement":[{"@type":"ListItem","position":1,"name":"Accueil","item":"https:\/\/dev.centtreize.com\/rsr\/"},{"@type":"ListItem","position":2,"name":"Le Jans\u00e9nisme : une r\u00e9alit\u00e9 politique et un enjeu de pouvoirs"}]},{"@type":"WebSite","@id":"https:\/\/dev.centtreize.com\/rsr\/#website","url":"https:\/\/dev.centtreize.com\/rsr\/","name":"Recherches de Science Religieuse","description":"Recherches de Science Religieuse","publisher":{"@id":"https:\/\/dev.centtreize.com\/rsr\/#organization"},"potentialAction":[{"@type":"SearchAction","target":{"@type":"EntryPoint","urlTemplate":"https:\/\/dev.centtreize.com\/rsr\/?s={search_term_string}"},"query-input":{"@type":"PropertyValueSpecification","valueRequired":true,"valueName":"search_term_string"}}],"inLanguage":"fr-FR"},{"@type":"Organization","@id":"https:\/\/dev.centtreize.com\/rsr\/#organization","name":"Recherches de Science Religieuse","url":"https:\/\/dev.centtreize.com\/rsr\/","logo":{"@type":"ImageObject","inLanguage":"fr-FR","@id":"https:\/\/dev.centtreize.com\/rsr\/#\/schema\/logo\/image\/","url":"https:\/\/dev.centtreize.com\/rsr\/wp-content\/uploads\/2024\/10\/logo_rsr.png","contentUrl":"https:\/\/dev.centtreize.com\/rsr\/wp-content\/uploads\/2024\/10\/logo_rsr.png","width":300,"height":225,"caption":"Recherches de Science Religieuse"},"image":{"@id":"https:\/\/dev.centtreize.com\/rsr\/#\/schema\/logo\/image\/"}},{"@type":"Person","@id":"https:\/\/dev.centtreize.com\/rsr\/#\/schema\/person\/9f242145bf00253a95a38d0e33921be1","name":"revue@dmin","url":"https:\/\/dev.centtreize.com\/rsr\/author\/revuedmin\/"}]}},"_links":{"self":[{"href":"https:\/\/dev.centtreize.com\/rsr\/wp-json\/wp\/v2\/posts\/1548","targetHints":{"allow":["GET"]}}],"collection":[{"href":"https:\/\/dev.centtreize.com\/rsr\/wp-json\/wp\/v2\/posts"}],"about":[{"href":"https:\/\/dev.centtreize.com\/rsr\/wp-json\/wp\/v2\/types\/post"}],"author":[{"embeddable":true,"href":"https:\/\/dev.centtreize.com\/rsr\/wp-json\/wp\/v2\/users\/1"}],"replies":[{"embeddable":true,"href":"https:\/\/dev.centtreize.com\/rsr\/wp-json\/wp\/v2\/comments?post=1548"}],"version-history":[{"count":2,"href":"https:\/\/dev.centtreize.com\/rsr\/wp-json\/wp\/v2\/posts\/1548\/revisions"}],"predecessor-version":[{"id":17285,"href":"https:\/\/dev.centtreize.com\/rsr\/wp-json\/wp\/v2\/posts\/1548\/revisions\/17285"}],"wp:attachment":[{"href":"https:\/\/dev.centtreize.com\/rsr\/wp-json\/wp\/v2\/media?parent=1548"}],"wp:term":[{"taxonomy":"category","embeddable":true,"href":"https:\/\/dev.centtreize.com\/rsr\/wp-json\/wp\/v2\/categories?post=1548"},{"taxonomy":"post_tag","embeddable":true,"href":"https:\/\/dev.centtreize.com\/rsr\/wp-json\/wp\/v2\/tags?post=1548"},{"taxonomy":"keywords","embeddable":true,"href":"https:\/\/dev.centtreize.com\/rsr\/wp-json\/wp\/v2\/keywords?post=1548"}],"curies":[{"name":"wp","href":"https:\/\/api.w.org\/{rel}","templated":true}]}}