{"id":1544,"date":"2013-10-28T17:29:30","date_gmt":"2013-10-28T16:29:30","guid":{"rendered":"http:\/\/dev.revue-rsr.com\/?p=1544"},"modified":"2024-10-01T13:15:13","modified_gmt":"2024-10-01T12:15:13","slug":"la-somme-theologique-de-thomas-daquin-a-lepreuve-des-16e-18-e-siecles","status":"publish","type":"post","link":"https:\/\/dev.centtreize.com\/rsr\/article\/la-somme-theologique-de-thomas-daquin-a-lepreuve-des-16e-18-e-siecles\/","title":{"rendered":"La Somme th\u00e9ologique de Thomas d\u2019Aquin \u00e0 l\u2019\u00e9preuve des 16\u00e8-18 \u00e8 si\u00e8cles"},"content":{"rendered":"<p>On discerne habituellement trois grands moments dans l\u2019histoire du thomisme&nbsp;: les cent cinquante ann\u00e9es qui suivirent la mort de Thomas d\u2019Aquin (1274), les efflorescences des XVIe-XVIIIe si\u00e8cles, et le temps qui suivit l\u2019encyclique Aeterna Patris de L\u00e9on XIII. A quoi s\u2019ajoute un quatri\u00e8me moment, celui des derni\u00e8res d\u00e9cennies, dont rend compte dans ce dossier J.-P. Torrell. La contribution de Ph. L\u00e9crivain s\u2019en tient \u00e0 ce moment o\u00f9, pouss\u00e9s par l\u2019humanisme et l\u2019&nbsp;\u00ab&nbsp;\u00e9vang\u00e9lisme&nbsp;\u00bb, les th\u00e9ologiens souhaitent une authentique r\u00e9novation de leur discipline. Pour cela, ils abandonnent les jeux subtils de la dialectique d\u00e9cadente pour en revenir aux sources, la Bible et les P\u00e8res. Le parcours historique se fait ici en trois parties&nbsp;: l\u2019av\u00e8nement de la&nbsp;\u00ab&nbsp;Somme th\u00e9ologique&nbsp;\u00bb comme texte classique chez les Dominicains aux prises avec la Renaissance et la R\u00e9forme&nbsp;; les grandes heures des \u00e9coles salmantines et leur enfermement&nbsp;; enfin, la d\u00e9sagr\u00e9gation de la th\u00e9ologie sous les assauts d\u2019une nouvelle rationalit\u00e9.<\/p>\n","protected":false},"excerpt":{"rendered":"<p>On discerne habituellement trois grands moments dans l\u2019histoire du thomisme&nbsp;: les cent cinquante ann\u00e9es qui suivirent la mort de Thomas d\u2019Aquin (1274), les efflorescences des XVIe-XVIIIe si\u00e8cles, et le temps qui suivit l\u2019encyclique Aeterna Patris de L\u00e9on XIII. A quoi s\u2019ajoute un quatri\u00e8me moment, celui des derni\u00e8res d\u00e9cennies, dont rend compte dans ce dossier J.-P. Torrell. La contribution de Ph. L\u00e9crivain s\u2019en tient \u00e0 ce moment o\u00f9, pouss\u00e9s par l\u2019humanisme et l\u2019&nbsp;\u00ab&nbsp;\u00e9vang\u00e9lisme&nbsp;\u00bb, les th\u00e9ologiens souhaitent une authentique r\u00e9novation de leur discipline. Pour cela, ils abandonnent les jeux subtils de la dialectique d\u00e9cadente pour en revenir aux sources, la Bible et les P\u00e8res. Le parcours historique se fait ici en trois parties&nbsp;: l\u2019av\u00e8nement de la&nbsp;\u00ab&nbsp;Somme th\u00e9ologique&nbsp;\u00bb comme texte classique chez les Dominicains aux prises avec la Renaissance et la R\u00e9forme&nbsp;; les grandes heures des \u00e9coles salmantines et leur enfermement&nbsp;; enfin, la d\u00e9sagr\u00e9gation de la th\u00e9ologie sous les assauts d\u2019une nouvelle rationalit\u00e9.<\/p>\n","protected":false},"author":1,"featured_media":0,"comment_status":"closed","ping_status":"closed","sticky":false,"template":"","format":"standard","meta":{"_acf_changed":false,"footnotes":""},"categories":[6],"tags":[],"keywords":[],"class_list":["post-1544","post","type-post","status-publish","format-standard","hentry","category-article"],"acf":[],"yoast_head":"<!-- This site is optimized with the Yoast SEO plugin v27.2 - https:\/\/yoast.com\/product\/yoast-seo-wordpress\/ -->\n<title>La Somme th\u00e9ologique de Thomas d\u2019Aquin \u00e0 l\u2019\u00e9preuve des 16\u00e8-18 \u00e8 si\u00e8cles - Recherches de Science Religieuse<\/title>\n<meta name=\"robots\" content=\"index, follow, max-snippet:-1, max-image-preview:large, max-video-preview:-1\" \/>\n<link rel=\"canonical\" href=\"https:\/\/dev.centtreize.com\/rsr\/article\/la-somme-theologique-de-thomas-daquin-a-lepreuve-des-16e-18-e-siecles\/\" \/>\n<meta property=\"og:locale\" content=\"fr_FR\" \/>\n<meta property=\"og:type\" content=\"article\" \/>\n<meta property=\"og:title\" content=\"La Somme th\u00e9ologique de Thomas d\u2019Aquin \u00e0 l\u2019\u00e9preuve des 16\u00e8-18 \u00e8 si\u00e8cles - Recherches de Science Religieuse\" \/>\n<meta property=\"og:description\" content=\"On discerne habituellement trois grands moments dans l\u2019histoire du thomisme&nbsp;: les cent cinquante ann\u00e9es qui suivirent la mort de Thomas d\u2019Aquin (1274), les efflorescences des XVIe-XVIIIe si\u00e8cles, et le temps qui suivit l\u2019encyclique Aeterna Patris de L\u00e9on XIII. A quoi s\u2019ajoute un quatri\u00e8me moment, celui des derni\u00e8res d\u00e9cennies, dont rend compte dans ce dossier J.-P. Torrell. La contribution de Ph. L\u00e9crivain s\u2019en tient \u00e0 ce moment o\u00f9, pouss\u00e9s par l\u2019humanisme et l\u2019&nbsp;\u00ab&nbsp;\u00e9vang\u00e9lisme&nbsp;\u00bb, les th\u00e9ologiens souhaitent une authentique r\u00e9novation de leur discipline. Pour cela, ils abandonnent les jeux subtils de la dialectique d\u00e9cadente pour en revenir aux sources, la Bible et les P\u00e8res. Le parcours historique se fait ici en trois parties&nbsp;: l\u2019av\u00e8nement de la&nbsp;\u00ab&nbsp;Somme th\u00e9ologique&nbsp;\u00bb comme texte classique chez les Dominicains aux prises avec la Renaissance et la R\u00e9forme&nbsp;; les grandes heures des \u00e9coles salmantines et leur enfermement&nbsp;; enfin, la d\u00e9sagr\u00e9gation de la th\u00e9ologie sous les assauts d\u2019une nouvelle rationalit\u00e9.\" \/>\n<meta property=\"og:url\" content=\"https:\/\/dev.centtreize.com\/rsr\/article\/la-somme-theologique-de-thomas-daquin-a-lepreuve-des-16e-18-e-siecles\/\" \/>\n<meta property=\"og:site_name\" content=\"Recherches de Science Religieuse\" \/>\n<meta property=\"article:published_time\" content=\"2013-10-28T16:29:30+00:00\" \/>\n<meta property=\"article:modified_time\" content=\"2024-10-01T12:15:13+00:00\" \/>\n<meta name=\"author\" content=\"revue@dmin\" \/>\n<meta name=\"twitter:card\" content=\"summary_large_image\" \/>\n<meta name=\"twitter:label1\" content=\"\u00c9crit par\" \/>\n\t<meta name=\"twitter:data1\" content=\"revue@dmin\" \/>\n\t<meta name=\"twitter:label2\" content=\"Dur\u00e9e de lecture estim\u00e9e\" \/>\n\t<meta name=\"twitter:data2\" content=\"1 minute\" \/>\n<script type=\"application\/ld+json\" class=\"yoast-schema-graph\">{\"@context\":\"https:\/\/schema.org\",\"@graph\":[{\"@type\":\"Article\",\"@id\":\"https:\/\/dev.centtreize.com\/rsr\/article\/la-somme-theologique-de-thomas-daquin-a-lepreuve-des-16e-18-e-siecles\/#article\",\"isPartOf\":{\"@id\":\"https:\/\/dev.centtreize.com\/rsr\/article\/la-somme-theologique-de-thomas-daquin-a-lepreuve-des-16e-18-e-siecles\/\"},\"author\":{\"name\":\"revue@dmin\",\"@id\":\"https:\/\/dev.centtreize.com\/rsr\/#\/schema\/person\/9f242145bf00253a95a38d0e33921be1\"},\"headline\":\"La Somme th\u00e9ologique de Thomas d\u2019Aquin \u00e0 l\u2019\u00e9preuve des 16\u00e8-18 \u00e8 si\u00e8cles\",\"datePublished\":\"2013-10-28T16:29:30+00:00\",\"dateModified\":\"2024-10-01T12:15:13+00:00\",\"mainEntityOfPage\":{\"@id\":\"https:\/\/dev.centtreize.com\/rsr\/article\/la-somme-theologique-de-thomas-daquin-a-lepreuve-des-16e-18-e-siecles\/\"},\"wordCount\":192,\"publisher\":{\"@id\":\"https:\/\/dev.centtreize.com\/rsr\/#organization\"},\"articleSection\":[\"article\"],\"inLanguage\":\"fr-FR\"},{\"@type\":\"WebPage\",\"@id\":\"https:\/\/dev.centtreize.com\/rsr\/article\/la-somme-theologique-de-thomas-daquin-a-lepreuve-des-16e-18-e-siecles\/\",\"url\":\"https:\/\/dev.centtreize.com\/rsr\/article\/la-somme-theologique-de-thomas-daquin-a-lepreuve-des-16e-18-e-siecles\/\",\"name\":\"La Somme th\u00e9ologique de Thomas d\u2019Aquin \u00e0 l\u2019\u00e9preuve des 16\u00e8-18 \u00e8 si\u00e8cles - Recherches de Science Religieuse\",\"isPartOf\":{\"@id\":\"https:\/\/dev.centtreize.com\/rsr\/#website\"},\"datePublished\":\"2013-10-28T16:29:30+00:00\",\"dateModified\":\"2024-10-01T12:15:13+00:00\",\"breadcrumb\":{\"@id\":\"https:\/\/dev.centtreize.com\/rsr\/article\/la-somme-theologique-de-thomas-daquin-a-lepreuve-des-16e-18-e-siecles\/#breadcrumb\"},\"inLanguage\":\"fr-FR\",\"potentialAction\":[{\"@type\":\"ReadAction\",\"target\":[\"https:\/\/dev.centtreize.com\/rsr\/article\/la-somme-theologique-de-thomas-daquin-a-lepreuve-des-16e-18-e-siecles\/\"]}]},{\"@type\":\"BreadcrumbList\",\"@id\":\"https:\/\/dev.centtreize.com\/rsr\/article\/la-somme-theologique-de-thomas-daquin-a-lepreuve-des-16e-18-e-siecles\/#breadcrumb\",\"itemListElement\":[{\"@type\":\"ListItem\",\"position\":1,\"name\":\"Accueil\",\"item\":\"https:\/\/dev.centtreize.com\/rsr\/\"},{\"@type\":\"ListItem\",\"position\":2,\"name\":\"La Somme th\u00e9ologique de Thomas d\u2019Aquin \u00e0 l\u2019\u00e9preuve des 16\u00e8-18 \u00e8 si\u00e8cles\"}]},{\"@type\":\"WebSite\",\"@id\":\"https:\/\/dev.centtreize.com\/rsr\/#website\",\"url\":\"https:\/\/dev.centtreize.com\/rsr\/\",\"name\":\"Recherches de Science Religieuse\",\"description\":\"Recherches de Science Religieuse\",\"publisher\":{\"@id\":\"https:\/\/dev.centtreize.com\/rsr\/#organization\"},\"potentialAction\":[{\"@type\":\"SearchAction\",\"target\":{\"@type\":\"EntryPoint\",\"urlTemplate\":\"https:\/\/dev.centtreize.com\/rsr\/?s={search_term_string}\"},\"query-input\":{\"@type\":\"PropertyValueSpecification\",\"valueRequired\":true,\"valueName\":\"search_term_string\"}}],\"inLanguage\":\"fr-FR\"},{\"@type\":\"Organization\",\"@id\":\"https:\/\/dev.centtreize.com\/rsr\/#organization\",\"name\":\"Recherches de Science Religieuse\",\"url\":\"https:\/\/dev.centtreize.com\/rsr\/\",\"logo\":{\"@type\":\"ImageObject\",\"inLanguage\":\"fr-FR\",\"@id\":\"https:\/\/dev.centtreize.com\/rsr\/#\/schema\/logo\/image\/\",\"url\":\"https:\/\/dev.centtreize.com\/rsr\/wp-content\/uploads\/2024\/10\/logo_rsr.png\",\"contentUrl\":\"https:\/\/dev.centtreize.com\/rsr\/wp-content\/uploads\/2024\/10\/logo_rsr.png\",\"width\":300,\"height\":225,\"caption\":\"Recherches de Science Religieuse\"},\"image\":{\"@id\":\"https:\/\/dev.centtreize.com\/rsr\/#\/schema\/logo\/image\/\"}},{\"@type\":\"Person\",\"@id\":\"https:\/\/dev.centtreize.com\/rsr\/#\/schema\/person\/9f242145bf00253a95a38d0e33921be1\",\"name\":\"revue@dmin\",\"url\":\"https:\/\/dev.centtreize.com\/rsr\/author\/revuedmin\/\"}]}<\/script>\n<!-- \/ Yoast SEO plugin. -->","yoast_head_json":{"title":"La Somme th\u00e9ologique de Thomas d\u2019Aquin \u00e0 l\u2019\u00e9preuve des 16\u00e8-18 \u00e8 si\u00e8cles - Recherches de Science Religieuse","robots":{"index":"index","follow":"follow","max-snippet":"max-snippet:-1","max-image-preview":"max-image-preview:large","max-video-preview":"max-video-preview:-1"},"canonical":"https:\/\/dev.centtreize.com\/rsr\/article\/la-somme-theologique-de-thomas-daquin-a-lepreuve-des-16e-18-e-siecles\/","og_locale":"fr_FR","og_type":"article","og_title":"La Somme th\u00e9ologique de Thomas d\u2019Aquin \u00e0 l\u2019\u00e9preuve des 16\u00e8-18 \u00e8 si\u00e8cles - Recherches de Science Religieuse","og_description":"On discerne habituellement trois grands moments dans l\u2019histoire du thomisme&nbsp;: les cent cinquante ann\u00e9es qui suivirent la mort de Thomas d\u2019Aquin (1274), les efflorescences des XVIe-XVIIIe si\u00e8cles, et le temps qui suivit l\u2019encyclique Aeterna Patris de L\u00e9on XIII. A quoi s\u2019ajoute un quatri\u00e8me moment, celui des derni\u00e8res d\u00e9cennies, dont rend compte dans ce dossier J.-P. Torrell. La contribution de Ph. L\u00e9crivain s\u2019en tient \u00e0 ce moment o\u00f9, pouss\u00e9s par l\u2019humanisme et l\u2019&nbsp;\u00ab&nbsp;\u00e9vang\u00e9lisme&nbsp;\u00bb, les th\u00e9ologiens souhaitent une authentique r\u00e9novation de leur discipline. Pour cela, ils abandonnent les jeux subtils de la dialectique d\u00e9cadente pour en revenir aux sources, la Bible et les P\u00e8res. Le parcours historique se fait ici en trois parties&nbsp;: l\u2019av\u00e8nement de la&nbsp;\u00ab&nbsp;Somme th\u00e9ologique&nbsp;\u00bb comme texte classique chez les Dominicains aux prises avec la Renaissance et la R\u00e9forme&nbsp;; les grandes heures des \u00e9coles salmantines et leur enfermement&nbsp;; enfin, la d\u00e9sagr\u00e9gation de la th\u00e9ologie sous les assauts d\u2019une nouvelle rationalit\u00e9.","og_url":"https:\/\/dev.centtreize.com\/rsr\/article\/la-somme-theologique-de-thomas-daquin-a-lepreuve-des-16e-18-e-siecles\/","og_site_name":"Recherches de Science Religieuse","article_published_time":"2013-10-28T16:29:30+00:00","article_modified_time":"2024-10-01T12:15:13+00:00","author":"revue@dmin","twitter_card":"summary_large_image","twitter_misc":{"\u00c9crit par":"revue@dmin","Dur\u00e9e de lecture estim\u00e9e":"1 minute"},"schema":{"@context":"https:\/\/schema.org","@graph":[{"@type":"Article","@id":"https:\/\/dev.centtreize.com\/rsr\/article\/la-somme-theologique-de-thomas-daquin-a-lepreuve-des-16e-18-e-siecles\/#article","isPartOf":{"@id":"https:\/\/dev.centtreize.com\/rsr\/article\/la-somme-theologique-de-thomas-daquin-a-lepreuve-des-16e-18-e-siecles\/"},"author":{"name":"revue@dmin","@id":"https:\/\/dev.centtreize.com\/rsr\/#\/schema\/person\/9f242145bf00253a95a38d0e33921be1"},"headline":"La Somme th\u00e9ologique de Thomas d\u2019Aquin \u00e0 l\u2019\u00e9preuve des 16\u00e8-18 \u00e8 si\u00e8cles","datePublished":"2013-10-28T16:29:30+00:00","dateModified":"2024-10-01T12:15:13+00:00","mainEntityOfPage":{"@id":"https:\/\/dev.centtreize.com\/rsr\/article\/la-somme-theologique-de-thomas-daquin-a-lepreuve-des-16e-18-e-siecles\/"},"wordCount":192,"publisher":{"@id":"https:\/\/dev.centtreize.com\/rsr\/#organization"},"articleSection":["article"],"inLanguage":"fr-FR"},{"@type":"WebPage","@id":"https:\/\/dev.centtreize.com\/rsr\/article\/la-somme-theologique-de-thomas-daquin-a-lepreuve-des-16e-18-e-siecles\/","url":"https:\/\/dev.centtreize.com\/rsr\/article\/la-somme-theologique-de-thomas-daquin-a-lepreuve-des-16e-18-e-siecles\/","name":"La Somme th\u00e9ologique de Thomas d\u2019Aquin \u00e0 l\u2019\u00e9preuve des 16\u00e8-18 \u00e8 si\u00e8cles - Recherches de Science Religieuse","isPartOf":{"@id":"https:\/\/dev.centtreize.com\/rsr\/#website"},"datePublished":"2013-10-28T16:29:30+00:00","dateModified":"2024-10-01T12:15:13+00:00","breadcrumb":{"@id":"https:\/\/dev.centtreize.com\/rsr\/article\/la-somme-theologique-de-thomas-daquin-a-lepreuve-des-16e-18-e-siecles\/#breadcrumb"},"inLanguage":"fr-FR","potentialAction":[{"@type":"ReadAction","target":["https:\/\/dev.centtreize.com\/rsr\/article\/la-somme-theologique-de-thomas-daquin-a-lepreuve-des-16e-18-e-siecles\/"]}]},{"@type":"BreadcrumbList","@id":"https:\/\/dev.centtreize.com\/rsr\/article\/la-somme-theologique-de-thomas-daquin-a-lepreuve-des-16e-18-e-siecles\/#breadcrumb","itemListElement":[{"@type":"ListItem","position":1,"name":"Accueil","item":"https:\/\/dev.centtreize.com\/rsr\/"},{"@type":"ListItem","position":2,"name":"La Somme th\u00e9ologique de Thomas d\u2019Aquin \u00e0 l\u2019\u00e9preuve des 16\u00e8-18 \u00e8 si\u00e8cles"}]},{"@type":"WebSite","@id":"https:\/\/dev.centtreize.com\/rsr\/#website","url":"https:\/\/dev.centtreize.com\/rsr\/","name":"Recherches de Science Religieuse","description":"Recherches de Science Religieuse","publisher":{"@id":"https:\/\/dev.centtreize.com\/rsr\/#organization"},"potentialAction":[{"@type":"SearchAction","target":{"@type":"EntryPoint","urlTemplate":"https:\/\/dev.centtreize.com\/rsr\/?s={search_term_string}"},"query-input":{"@type":"PropertyValueSpecification","valueRequired":true,"valueName":"search_term_string"}}],"inLanguage":"fr-FR"},{"@type":"Organization","@id":"https:\/\/dev.centtreize.com\/rsr\/#organization","name":"Recherches de Science Religieuse","url":"https:\/\/dev.centtreize.com\/rsr\/","logo":{"@type":"ImageObject","inLanguage":"fr-FR","@id":"https:\/\/dev.centtreize.com\/rsr\/#\/schema\/logo\/image\/","url":"https:\/\/dev.centtreize.com\/rsr\/wp-content\/uploads\/2024\/10\/logo_rsr.png","contentUrl":"https:\/\/dev.centtreize.com\/rsr\/wp-content\/uploads\/2024\/10\/logo_rsr.png","width":300,"height":225,"caption":"Recherches de Science Religieuse"},"image":{"@id":"https:\/\/dev.centtreize.com\/rsr\/#\/schema\/logo\/image\/"}},{"@type":"Person","@id":"https:\/\/dev.centtreize.com\/rsr\/#\/schema\/person\/9f242145bf00253a95a38d0e33921be1","name":"revue@dmin","url":"https:\/\/dev.centtreize.com\/rsr\/author\/revuedmin\/"}]}},"_links":{"self":[{"href":"https:\/\/dev.centtreize.com\/rsr\/wp-json\/wp\/v2\/posts\/1544","targetHints":{"allow":["GET"]}}],"collection":[{"href":"https:\/\/dev.centtreize.com\/rsr\/wp-json\/wp\/v2\/posts"}],"about":[{"href":"https:\/\/dev.centtreize.com\/rsr\/wp-json\/wp\/v2\/types\/post"}],"author":[{"embeddable":true,"href":"https:\/\/dev.centtreize.com\/rsr\/wp-json\/wp\/v2\/users\/1"}],"replies":[{"embeddable":true,"href":"https:\/\/dev.centtreize.com\/rsr\/wp-json\/wp\/v2\/comments?post=1544"}],"version-history":[{"count":5,"href":"https:\/\/dev.centtreize.com\/rsr\/wp-json\/wp\/v2\/posts\/1544\/revisions"}],"predecessor-version":[{"id":17292,"href":"https:\/\/dev.centtreize.com\/rsr\/wp-json\/wp\/v2\/posts\/1544\/revisions\/17292"}],"wp:attachment":[{"href":"https:\/\/dev.centtreize.com\/rsr\/wp-json\/wp\/v2\/media?parent=1544"}],"wp:term":[{"taxonomy":"category","embeddable":true,"href":"https:\/\/dev.centtreize.com\/rsr\/wp-json\/wp\/v2\/categories?post=1544"},{"taxonomy":"post_tag","embeddable":true,"href":"https:\/\/dev.centtreize.com\/rsr\/wp-json\/wp\/v2\/tags?post=1544"},{"taxonomy":"keywords","embeddable":true,"href":"https:\/\/dev.centtreize.com\/rsr\/wp-json\/wp\/v2\/keywords?post=1544"}],"curies":[{"name":"wp","href":"https:\/\/api.w.org\/{rel}","templated":true}]}}