{"id":14177,"date":"2024-07-15T00:03:40","date_gmt":"2024-07-14T23:03:40","guid":{"rendered":"http:\/\/www.revue-rsr.com\/?p=14177"},"modified":"2025-06-13T08:23:09","modified_gmt":"2025-06-13T07:23:09","slug":"nommer-les-savoirs-du-religieux-essai-sur-les-enjeux-de-denomination-au-moment-moderniste","status":"publish","type":"post","link":"https:\/\/dev.centtreize.com\/rsr\/article\/nommer-les-savoirs-du-religieux-essai-sur-les-enjeux-de-denomination-au-moment-moderniste\/","title":{"rendered":"Nommer les savoirs du religieux : essai sur les enjeux de d\u00e9nomination au moment moderniste"},"content":{"rendered":"<p>Il n\u2019allait pas de soi, en 1910, de placer une revue d\u2019\u00e9rudition catholique sous le vocable de la&nbsp;\u00ab\u00a0science religieuse\u00a0\u00bb. Cette d\u00e9signation s\u2019inscrit dans un champ de forces, en tension avec d\u2019autres d\u00e9nominations possibles, chacune \u00e9tant porteuse d\u2019une conception des rapports entre th\u00e9ologie et sciences historiques et sociales. Les enjeux de ce r\u00e9seau de possibles sont \u00e9tudi\u00e9s ici, dans le contexte tr\u00e8s particulier de la crise moderniste, o\u00f9 se pose de fa\u00e7on aigu\u00eb&nbsp;la question de l\u2019assimilation du legs m\u00e9thodologique du XIXe si\u00e8cle.<\/p>\n","protected":false},"excerpt":{"rendered":"<p>Il n\u2019allait pas de soi, en 1910, de placer une revue d\u2019\u00e9rudition catholique sous le vocable de la&nbsp;\u00ab\u00a0science religieuse\u00a0\u00bb. Cette d\u00e9signation s\u2019inscrit dans un champ de forces, en tension avec d\u2019autres d\u00e9nominations possibles, chacune \u00e9tant porteuse d\u2019une conception des rapports entre th\u00e9ologie et sciences historiques et sociales. Les enjeux de ce r\u00e9seau de possibles sont \u00e9tudi\u00e9s ici, dans le contexte tr\u00e8s particulier de la crise moderniste, o\u00f9 se pose de fa\u00e7on aigu\u00eb&nbsp;la question de l\u2019assimilation du legs m\u00e9thodologique du XIXe si\u00e8cle.<\/p>\n","protected":false},"author":2,"featured_media":0,"comment_status":"closed","ping_status":"closed","sticky":false,"template":"","format":"standard","meta":{"_acf_changed":false,"footnotes":""},"categories":[6],"tags":[52,794,1081,47,803,1082,1083,795,1084],"keywords":[1173,1172],"class_list":["post-14177","post","type-post","status-publish","format-standard","hentry","category-article","tag-anthropologie","tag-apologetique","tag-erudition","tag-histoire","tag-modernisme","tag-psychologie","tag-sciences-des-religions","tag-sociologie","tag-theologie-positive","keywords-modernisme","keywords-sciences-religieuses"],"acf":[],"yoast_head":"<!-- This site is optimized with the Yoast SEO plugin v27.2 - https:\/\/yoast.com\/product\/yoast-seo-wordpress\/ -->\n<title>Nommer les savoirs du religieux : essai sur les enjeux de d\u00e9nomination au moment moderniste - Recherches de Science Religieuse<\/title>\n<meta name=\"robots\" content=\"index, follow, max-snippet:-1, max-image-preview:large, max-video-preview:-1\" \/>\n<link rel=\"canonical\" href=\"https:\/\/dev.centtreize.com\/rsr\/article\/nommer-les-savoirs-du-religieux-essai-sur-les-enjeux-de-denomination-au-moment-moderniste\/\" \/>\n<meta property=\"og:locale\" content=\"fr_FR\" \/>\n<meta property=\"og:type\" content=\"article\" \/>\n<meta property=\"og:title\" content=\"Nommer les savoirs du religieux : essai sur les enjeux de d\u00e9nomination au moment moderniste - Recherches de Science Religieuse\" \/>\n<meta property=\"og:description\" content=\"Il n\u2019allait pas de soi, en 1910, de placer une revue d\u2019\u00e9rudition catholique sous le vocable de la&nbsp;\u00ab\u00a0science religieuse\u00a0\u00bb. Cette d\u00e9signation s\u2019inscrit dans un champ de forces, en tension avec d\u2019autres d\u00e9nominations possibles, chacune \u00e9tant porteuse d\u2019une conception des rapports entre th\u00e9ologie et sciences historiques et sociales. Les enjeux de ce r\u00e9seau de possibles sont \u00e9tudi\u00e9s ici, dans le contexte tr\u00e8s particulier de la crise moderniste, o\u00f9 se pose de fa\u00e7on aigu\u00eb&nbsp;la question de l\u2019assimilation du legs m\u00e9thodologique du XIXe si\u00e8cle.\" \/>\n<meta property=\"og:url\" content=\"https:\/\/dev.centtreize.com\/rsr\/article\/nommer-les-savoirs-du-religieux-essai-sur-les-enjeux-de-denomination-au-moment-moderniste\/\" \/>\n<meta property=\"og:site_name\" content=\"Recherches de Science Religieuse\" \/>\n<meta property=\"article:published_time\" content=\"2024-07-14T23:03:40+00:00\" \/>\n<meta property=\"article:modified_time\" content=\"2025-06-13T07:23:09+00:00\" \/>\n<meta name=\"author\" content=\"H\u00e9l\u00e8ne\" \/>\n<meta name=\"twitter:card\" content=\"summary_large_image\" \/>\n<meta name=\"twitter:label1\" content=\"\u00c9crit par\" \/>\n\t<meta name=\"twitter:data1\" content=\"H\u00e9l\u00e8ne\" \/>\n<script type=\"application\/ld+json\" class=\"yoast-schema-graph\">{\"@context\":\"https:\/\/schema.org\",\"@graph\":[{\"@type\":\"Article\",\"@id\":\"https:\/\/dev.centtreize.com\/rsr\/article\/nommer-les-savoirs-du-religieux-essai-sur-les-enjeux-de-denomination-au-moment-moderniste\/#article\",\"isPartOf\":{\"@id\":\"https:\/\/dev.centtreize.com\/rsr\/article\/nommer-les-savoirs-du-religieux-essai-sur-les-enjeux-de-denomination-au-moment-moderniste\/\"},\"author\":{\"name\":\"H\u00e9l\u00e8ne\",\"@id\":\"https:\/\/dev.centtreize.com\/rsr\/#\/schema\/person\/eb039ce63dcbc3fec0a6b81e43e29ad3\"},\"headline\":\"Nommer les savoirs du religieux : essai sur les enjeux de d\u00e9nomination au moment moderniste\",\"datePublished\":\"2024-07-14T23:03:40+00:00\",\"dateModified\":\"2025-06-13T07:23:09+00:00\",\"mainEntityOfPage\":{\"@id\":\"https:\/\/dev.centtreize.com\/rsr\/article\/nommer-les-savoirs-du-religieux-essai-sur-les-enjeux-de-denomination-au-moment-moderniste\/\"},\"wordCount\":112,\"publisher\":{\"@id\":\"https:\/\/dev.centtreize.com\/rsr\/#organization\"},\"keywords\":[\"anthropologie\",\"Apolog\u00e9tique\",\"\u00c9rudition\",\"histoire\",\"Modernisme\",\"Psychologie\",\"Sciences des religions\",\"Sociologie\",\"Th\u00e9ologie positive\"],\"articleSection\":[\"article\"],\"inLanguage\":\"fr-FR\"},{\"@type\":\"WebPage\",\"@id\":\"https:\/\/dev.centtreize.com\/rsr\/article\/nommer-les-savoirs-du-religieux-essai-sur-les-enjeux-de-denomination-au-moment-moderniste\/\",\"url\":\"https:\/\/dev.centtreize.com\/rsr\/article\/nommer-les-savoirs-du-religieux-essai-sur-les-enjeux-de-denomination-au-moment-moderniste\/\",\"name\":\"Nommer les savoirs du religieux : essai sur les enjeux de d\u00e9nomination au moment moderniste - Recherches de Science Religieuse\",\"isPartOf\":{\"@id\":\"https:\/\/dev.centtreize.com\/rsr\/#website\"},\"datePublished\":\"2024-07-14T23:03:40+00:00\",\"dateModified\":\"2025-06-13T07:23:09+00:00\",\"breadcrumb\":{\"@id\":\"https:\/\/dev.centtreize.com\/rsr\/article\/nommer-les-savoirs-du-religieux-essai-sur-les-enjeux-de-denomination-au-moment-moderniste\/#breadcrumb\"},\"inLanguage\":\"fr-FR\",\"potentialAction\":[{\"@type\":\"ReadAction\",\"target\":[\"https:\/\/dev.centtreize.com\/rsr\/article\/nommer-les-savoirs-du-religieux-essai-sur-les-enjeux-de-denomination-au-moment-moderniste\/\"]}]},{\"@type\":\"BreadcrumbList\",\"@id\":\"https:\/\/dev.centtreize.com\/rsr\/article\/nommer-les-savoirs-du-religieux-essai-sur-les-enjeux-de-denomination-au-moment-moderniste\/#breadcrumb\",\"itemListElement\":[{\"@type\":\"ListItem\",\"position\":1,\"name\":\"Accueil\",\"item\":\"https:\/\/dev.centtreize.com\/rsr\/\"},{\"@type\":\"ListItem\",\"position\":2,\"name\":\"Nommer les savoirs du religieux : essai sur les enjeux de d\u00e9nomination au moment moderniste\"}]},{\"@type\":\"WebSite\",\"@id\":\"https:\/\/dev.centtreize.com\/rsr\/#website\",\"url\":\"https:\/\/dev.centtreize.com\/rsr\/\",\"name\":\"Recherches de Science Religieuse\",\"description\":\"Recherches de Science Religieuse\",\"publisher\":{\"@id\":\"https:\/\/dev.centtreize.com\/rsr\/#organization\"},\"potentialAction\":[{\"@type\":\"SearchAction\",\"target\":{\"@type\":\"EntryPoint\",\"urlTemplate\":\"https:\/\/dev.centtreize.com\/rsr\/?s={search_term_string}\"},\"query-input\":{\"@type\":\"PropertyValueSpecification\",\"valueRequired\":true,\"valueName\":\"search_term_string\"}}],\"inLanguage\":\"fr-FR\"},{\"@type\":\"Organization\",\"@id\":\"https:\/\/dev.centtreize.com\/rsr\/#organization\",\"name\":\"Recherches de Science Religieuse\",\"url\":\"https:\/\/dev.centtreize.com\/rsr\/\",\"logo\":{\"@type\":\"ImageObject\",\"inLanguage\":\"fr-FR\",\"@id\":\"https:\/\/dev.centtreize.com\/rsr\/#\/schema\/logo\/image\/\",\"url\":\"https:\/\/dev.centtreize.com\/rsr\/wp-content\/uploads\/2024\/10\/logo_rsr.png\",\"contentUrl\":\"https:\/\/dev.centtreize.com\/rsr\/wp-content\/uploads\/2024\/10\/logo_rsr.png\",\"width\":300,\"height\":225,\"caption\":\"Recherches de Science Religieuse\"},\"image\":{\"@id\":\"https:\/\/dev.centtreize.com\/rsr\/#\/schema\/logo\/image\/\"}},{\"@type\":\"Person\",\"@id\":\"https:\/\/dev.centtreize.com\/rsr\/#\/schema\/person\/eb039ce63dcbc3fec0a6b81e43e29ad3\",\"name\":\"H\u00e9l\u00e8ne\",\"url\":\"https:\/\/dev.centtreize.com\/rsr\/author\/rsr\/\"}]}<\/script>\n<!-- \/ Yoast SEO plugin. -->","yoast_head_json":{"title":"Nommer les savoirs du religieux : essai sur les enjeux de d\u00e9nomination au moment moderniste - Recherches de Science Religieuse","robots":{"index":"index","follow":"follow","max-snippet":"max-snippet:-1","max-image-preview":"max-image-preview:large","max-video-preview":"max-video-preview:-1"},"canonical":"https:\/\/dev.centtreize.com\/rsr\/article\/nommer-les-savoirs-du-religieux-essai-sur-les-enjeux-de-denomination-au-moment-moderniste\/","og_locale":"fr_FR","og_type":"article","og_title":"Nommer les savoirs du religieux : essai sur les enjeux de d\u00e9nomination au moment moderniste - Recherches de Science Religieuse","og_description":"Il n\u2019allait pas de soi, en 1910, de placer une revue d\u2019\u00e9rudition catholique sous le vocable de la&nbsp;\u00ab\u00a0science religieuse\u00a0\u00bb. Cette d\u00e9signation s\u2019inscrit dans un champ de forces, en tension avec d\u2019autres d\u00e9nominations possibles, chacune \u00e9tant porteuse d\u2019une conception des rapports entre th\u00e9ologie et sciences historiques et sociales. Les enjeux de ce r\u00e9seau de possibles sont \u00e9tudi\u00e9s ici, dans le contexte tr\u00e8s particulier de la crise moderniste, o\u00f9 se pose de fa\u00e7on aigu\u00eb&nbsp;la question de l\u2019assimilation du legs m\u00e9thodologique du XIXe si\u00e8cle.","og_url":"https:\/\/dev.centtreize.com\/rsr\/article\/nommer-les-savoirs-du-religieux-essai-sur-les-enjeux-de-denomination-au-moment-moderniste\/","og_site_name":"Recherches de Science Religieuse","article_published_time":"2024-07-14T23:03:40+00:00","article_modified_time":"2025-06-13T07:23:09+00:00","author":"H\u00e9l\u00e8ne","twitter_card":"summary_large_image","twitter_misc":{"\u00c9crit par":"H\u00e9l\u00e8ne"},"schema":{"@context":"https:\/\/schema.org","@graph":[{"@type":"Article","@id":"https:\/\/dev.centtreize.com\/rsr\/article\/nommer-les-savoirs-du-religieux-essai-sur-les-enjeux-de-denomination-au-moment-moderniste\/#article","isPartOf":{"@id":"https:\/\/dev.centtreize.com\/rsr\/article\/nommer-les-savoirs-du-religieux-essai-sur-les-enjeux-de-denomination-au-moment-moderniste\/"},"author":{"name":"H\u00e9l\u00e8ne","@id":"https:\/\/dev.centtreize.com\/rsr\/#\/schema\/person\/eb039ce63dcbc3fec0a6b81e43e29ad3"},"headline":"Nommer les savoirs du religieux : essai sur les enjeux de d\u00e9nomination au moment moderniste","datePublished":"2024-07-14T23:03:40+00:00","dateModified":"2025-06-13T07:23:09+00:00","mainEntityOfPage":{"@id":"https:\/\/dev.centtreize.com\/rsr\/article\/nommer-les-savoirs-du-religieux-essai-sur-les-enjeux-de-denomination-au-moment-moderniste\/"},"wordCount":112,"publisher":{"@id":"https:\/\/dev.centtreize.com\/rsr\/#organization"},"keywords":["anthropologie","Apolog\u00e9tique","\u00c9rudition","histoire","Modernisme","Psychologie","Sciences des religions","Sociologie","Th\u00e9ologie positive"],"articleSection":["article"],"inLanguage":"fr-FR"},{"@type":"WebPage","@id":"https:\/\/dev.centtreize.com\/rsr\/article\/nommer-les-savoirs-du-religieux-essai-sur-les-enjeux-de-denomination-au-moment-moderniste\/","url":"https:\/\/dev.centtreize.com\/rsr\/article\/nommer-les-savoirs-du-religieux-essai-sur-les-enjeux-de-denomination-au-moment-moderniste\/","name":"Nommer les savoirs du religieux : essai sur les enjeux de d\u00e9nomination au moment moderniste - Recherches de Science Religieuse","isPartOf":{"@id":"https:\/\/dev.centtreize.com\/rsr\/#website"},"datePublished":"2024-07-14T23:03:40+00:00","dateModified":"2025-06-13T07:23:09+00:00","breadcrumb":{"@id":"https:\/\/dev.centtreize.com\/rsr\/article\/nommer-les-savoirs-du-religieux-essai-sur-les-enjeux-de-denomination-au-moment-moderniste\/#breadcrumb"},"inLanguage":"fr-FR","potentialAction":[{"@type":"ReadAction","target":["https:\/\/dev.centtreize.com\/rsr\/article\/nommer-les-savoirs-du-religieux-essai-sur-les-enjeux-de-denomination-au-moment-moderniste\/"]}]},{"@type":"BreadcrumbList","@id":"https:\/\/dev.centtreize.com\/rsr\/article\/nommer-les-savoirs-du-religieux-essai-sur-les-enjeux-de-denomination-au-moment-moderniste\/#breadcrumb","itemListElement":[{"@type":"ListItem","position":1,"name":"Accueil","item":"https:\/\/dev.centtreize.com\/rsr\/"},{"@type":"ListItem","position":2,"name":"Nommer les savoirs du religieux : essai sur les enjeux de d\u00e9nomination au moment moderniste"}]},{"@type":"WebSite","@id":"https:\/\/dev.centtreize.com\/rsr\/#website","url":"https:\/\/dev.centtreize.com\/rsr\/","name":"Recherches de Science Religieuse","description":"Recherches de Science Religieuse","publisher":{"@id":"https:\/\/dev.centtreize.com\/rsr\/#organization"},"potentialAction":[{"@type":"SearchAction","target":{"@type":"EntryPoint","urlTemplate":"https:\/\/dev.centtreize.com\/rsr\/?s={search_term_string}"},"query-input":{"@type":"PropertyValueSpecification","valueRequired":true,"valueName":"search_term_string"}}],"inLanguage":"fr-FR"},{"@type":"Organization","@id":"https:\/\/dev.centtreize.com\/rsr\/#organization","name":"Recherches de Science Religieuse","url":"https:\/\/dev.centtreize.com\/rsr\/","logo":{"@type":"ImageObject","inLanguage":"fr-FR","@id":"https:\/\/dev.centtreize.com\/rsr\/#\/schema\/logo\/image\/","url":"https:\/\/dev.centtreize.com\/rsr\/wp-content\/uploads\/2024\/10\/logo_rsr.png","contentUrl":"https:\/\/dev.centtreize.com\/rsr\/wp-content\/uploads\/2024\/10\/logo_rsr.png","width":300,"height":225,"caption":"Recherches de Science Religieuse"},"image":{"@id":"https:\/\/dev.centtreize.com\/rsr\/#\/schema\/logo\/image\/"}},{"@type":"Person","@id":"https:\/\/dev.centtreize.com\/rsr\/#\/schema\/person\/eb039ce63dcbc3fec0a6b81e43e29ad3","name":"H\u00e9l\u00e8ne","url":"https:\/\/dev.centtreize.com\/rsr\/author\/rsr\/"}]}},"_links":{"self":[{"href":"https:\/\/dev.centtreize.com\/rsr\/wp-json\/wp\/v2\/posts\/14177","targetHints":{"allow":["GET"]}}],"collection":[{"href":"https:\/\/dev.centtreize.com\/rsr\/wp-json\/wp\/v2\/posts"}],"about":[{"href":"https:\/\/dev.centtreize.com\/rsr\/wp-json\/wp\/v2\/types\/post"}],"author":[{"embeddable":true,"href":"https:\/\/dev.centtreize.com\/rsr\/wp-json\/wp\/v2\/users\/2"}],"replies":[{"embeddable":true,"href":"https:\/\/dev.centtreize.com\/rsr\/wp-json\/wp\/v2\/comments?post=14177"}],"version-history":[{"count":10,"href":"https:\/\/dev.centtreize.com\/rsr\/wp-json\/wp\/v2\/posts\/14177\/revisions"}],"predecessor-version":[{"id":17844,"href":"https:\/\/dev.centtreize.com\/rsr\/wp-json\/wp\/v2\/posts\/14177\/revisions\/17844"}],"wp:attachment":[{"href":"https:\/\/dev.centtreize.com\/rsr\/wp-json\/wp\/v2\/media?parent=14177"}],"wp:term":[{"taxonomy":"category","embeddable":true,"href":"https:\/\/dev.centtreize.com\/rsr\/wp-json\/wp\/v2\/categories?post=14177"},{"taxonomy":"post_tag","embeddable":true,"href":"https:\/\/dev.centtreize.com\/rsr\/wp-json\/wp\/v2\/tags?post=14177"},{"taxonomy":"keywords","embeddable":true,"href":"https:\/\/dev.centtreize.com\/rsr\/wp-json\/wp\/v2\/keywords?post=14177"}],"curies":[{"name":"wp","href":"https:\/\/api.w.org\/{rel}","templated":true}]}}