{"id":13842,"date":"2023-07-15T00:07:56","date_gmt":"2023-07-14T23:07:56","guid":{"rendered":"http:\/\/www.revue-rsr.com\/?p=13842"},"modified":"2025-01-29T19:32:55","modified_gmt":"2025-01-29T18:32:55","slug":"bulletin-dhistoire-religieuse-et-sociale-du-moyen-age-1113-2023","status":"publish","type":"post","link":"https:\/\/dev.centtreize.com\/rsr\/bulletin\/bulletin-dhistoire-religieuse-et-sociale-du-moyen-age-1113-2023\/","title":{"rendered":"Bulletin d\u2019histoire religieuse et sociale du Moyen \u00c2ge (111\/3 &#8211; 2023)"},"content":{"rendered":"<h4><strong> Moines et religieux<\/strong><\/h4>\n<ul>\n<li><strong> BEACH Alison I.<\/strong>,<strong> COCHELIN Isabelle <\/strong>(\u00e9ds.),<em> Cambridge history of medieval monasticism in the Latin West<\/em>, 2 vol., CUP\u00a0, Cambridge, 2020, 1217 p.<\/li>\n<li><strong> RIPART Laurent<\/strong>, <em>Les d\u00e9serts de l\u2019Occident. Gen\u00e8se des lieux monastiques dans le Sud-Est de la Gaule (fin IV<sup>e<\/sup>-milieu VI<sup>e<\/sup> si\u00e8cle)<\/em>, Brepols, Turnhout, 2021, 541 p.<\/li>\n<li><strong> HRAMER Rutger<\/strong>,<strong> KURDZIEL Emilie<\/strong>, <strong>WARD Graeme <\/strong>(\u00e9ds.), <em>Monastic communities and canonical clergy in the Carolingian world (780-840). Categorizing the Church<\/em>, Brepols, Turnhout, 2022, 454 p.<\/li>\n<li><strong> DALARUN Jacques<\/strong>, <em>Mod\u00e8le monastique. <\/em><em>Un laboratoire de la modernit\u00e9<\/em>, CNRS \u00c9ditions, Paris, 2019, 319 p.<\/li>\n<\/ul>\n<h4><strong>\u00c9v\u00eaques et pr\u00eatres<\/strong><\/h4>\n<ul>\n<li><strong> PATZOLD Steffen<\/strong>, <em>Presbyter. Moral, Mobilit\u00e4t und die Kirchenorganisation im Karolingerreich<\/em>,&nbsp;\u00ab\u00a0Monographien zur Geschichte des Mittelalters\u00a0\u00bb 68, Anton Hiersemann, Stuttgart, 2020, 599 p.<\/li>\n<li><strong> CLOSS Peter, DENNIS Chris, JULIAN-JONES Melissa, SILVESTRI Angelo <\/strong>(\u00e9ds.)<em>, Episcopal power and personnality in medieval Europe, 900-1480<\/em>, Brepols, Turnhout, 2020, 310 p.<\/li>\n<li><strong> COMBALBERT Gr\u00e9gory<\/strong>, <em>\u00ab&nbsp;Sauf le droit \u00e9piscopal&nbsp;\u00bb. <\/em><em>\u00c9v\u00eaques, paroisses et soci\u00e9t\u00e9 dans la province eccl\u00e9siastique de Rouen (XI<sup>e<\/sup>-milieu du XIII<sup>e<\/sup> si\u00e8cle)<\/em>, Presses universitaires de Caen, Caen, 2021, 560 p.<\/li>\n<\/ul>\n<h4><strong>\u00a0Saintet\u00e9 et hagiographie<\/strong><\/h4>\n<ul>\n<li><strong> FAUQUIER Michel, <\/strong>Martyres pacis<em>. La saintet\u00e9 en Gaule \u00e0 la fin de l\u2019Antiquit\u00e9 et au d\u00e9but du Moyen \u00c2ge (IVe-VIe si\u00e8cles)<\/em>,&nbsp;\u00ab\u00a0Histoire culturelle\u00a0\u00bb 8, Garnier, Paris, 2018, 1198 p.<\/li>\n<li><strong> PELOUX Fernand<\/strong>, <em>Les premiers \u00e9v\u00eaques du Languedoc. Une m\u00e9moire hagiographique m\u00e9di\u00e9vale<\/em>,&nbsp;\u00ab\u00a0Hautes \u00e9tudes m\u00e9di\u00e9vales et modernes\u00a0\u00bb 115, Droz, Gen\u00e8ve, 2022, 606 p.<\/li>\n<li><strong> BOQUET Damien<\/strong>, <em>Sainte vergogne. Les privil\u00e8ges de la honte dans l\u2019hagiographie f\u00e9minine au XIII<sup>e<\/sup> si\u00e8cle<\/em>,&nbsp;\u00ab\u00a0POLEN &#8211; Pouvoirs, lettres, normes\u00a0\u00bb, Garnier, Paris, 2020, 552 p.<\/li>\n<\/ul>\n<h4><strong>Juridiction, pastorale, morale<\/strong><\/h4>\n<ul>\n<li><strong> BEAULANDE-BARRAUD V\u00e9ronique<\/strong>, <em>Les p\u00e9ch\u00e9s les plus grands. Hi\u00e9rarchie de l\u2019\u00c9glise et for de la p\u00e9nitence (France, Angleterre, XIII<sup>e<\/sup>-XV<sup>e<\/sup> si\u00e8cle), <\/em>\u00ab\u00a0Histoire\u00a0\u00bb, PUR, Rennes, 2019, 344 p.<\/li>\n<li><strong> GUITTON Laurent<\/strong>, <em>La fabrique de la morale au Moyen \u00c2ge. Vices, normes et identit\u00e9s (Bretagne, XII<sup>e<\/sup>-XV<sup>e<\/sup> si\u00e8cles)<\/em>,&nbsp;\u00ab\u00a0Histoire\u00a0\u00bb, PUR, Rennes, 2022, 522 p.<\/li>\n<\/ul>\n<h4>\u00a0<strong>\u00c9conomie, \u00c9glise et christianisme<\/strong><\/h4>\n<ul>\n<li><strong> CALVET Ga\u00eblle<\/strong>, <em>Assassin des pauvres. L\u2019\u00c9glise et l\u2019inali\u00e9nabilit\u00e9 des terres \u00e0 l\u2019\u00e9poque carolingienne<\/em>,&nbsp;\u00ab\u00a0Haut Moyen \u00c2ge\u00a0\u00bb 30, Brepols, Turnhout, 2019, 358 p.<\/li>\n<li><strong> LAUWERS<\/strong> <strong>Michel <\/strong>(\u00e9d.),<em> Labeur, production et \u00e9conomie monastique dans l\u2019Occident m\u00e9di\u00e9val de la r\u00e8gle de saint Beno\u00eet aux cisterciens<\/em>,&nbsp;\u00ab\u00a0Collection d\u2019\u00e9tudes m\u00e9di\u00e9vales de Nice\u00a0\u00bb 17, Turnhout, Brepols, 2021, 600 p.<\/li>\n<li><strong> DAVIS Adam J., <\/strong><em>The medieval economy of salvation. Charity, commerce and the rise of the hospital<\/em>, Cornell University Press, Ithaca-Londres, 2019, 336 p.<\/li>\n<\/ul>\n<h4>\u00a0<strong>Orthodoxie et h\u00e9r\u00e9sie<\/strong><\/h4>\n<ul>\n<li><strong> MOORE Jill<\/strong>, <em>Inquisition and its organisation in Italy, 1250-1350<\/em>,&nbsp;\u00ab&nbsp;Heresy and Inquisition in the Middle Ages&nbsp;\u00bb 8, York Medieval Press, York, 2019, 314 p.<\/li>\n<li><strong> HILL Derek<\/strong>, <em>Inquisition in the 14th century. The Manual of Bernard Gui and Nicolas Eymerich<\/em>,&nbsp;\u00ab&nbsp;Heresy and Inquisition in the Middle Ages&nbsp;\u00bb 7, York Medieval Press, York, 2019, 262 p.<\/li>\n<li><strong> V\u00c4LIM\u00c4KI Reima<\/strong>, <em>Heresy in Late medieval Germany. The inquisitor Petrus Zwicker and the Waldensians<\/em>,&nbsp;\u00ab&nbsp;Heresy and Inquisition in the Middle Ages&nbsp;\u00bb 6, York Medieval Press, York, 2019, 352 p.<\/li>\n<li><strong> MARIN Olivier<\/strong>, <em>La R\u00e9forme commence \u00e0 Prague. Histoire des hussites, XV<sup>e<\/sup>-XX<sup>e<\/sup> si\u00e8cle<\/em>, Pass\u00e9s compos\u00e9s, Paris, 2021, 320 p.<\/li>\n<li><strong> MARIN Olivier<\/strong>, <em>La patience ou le z\u00e8le. Les Fran\u00e7ais devant le hussitisme (ann\u00e9es 1400-ann\u00e9es 1510)<\/em>, Institut d\u2019\u00e9tudes augustiniennes, Paris, 2020, 574 p.<\/li>\n<li><strong> \u0160MAHEL<\/strong> <strong>Franti\u0161ek<\/strong>, <em>Die Basler Kompaktaten mit den Hussiten (1436). Untersuchung und Edition<\/em>,&nbsp;\u00ab&nbsp;Monumenta Germaniae Historica Studien und Texte&nbsp;\u00bb 65, Harrassowitz Verlag, Wiesbaden, 2019, 248 p.<\/li>\n<\/ul>\n<h4><em>\u00a0<\/em><strong>Juifs et chr\u00e9tiens<\/strong><\/h4>\n<ul>\n<li><strong> SOUSSEN Claire<\/strong>, <em>La puret\u00e9 en question. Exaltation et d\u00e9voilement d\u2019un id\u00e9al entre juifs et chr\u00e9tiens<\/em>,&nbsp;\u00ab\u00a0Biblioth\u00e8que de la Casa de Vel\u00e1zquez\u00a0\u00bb, Casa de Vel\u00e1zquez, Madrid, 2020, 380 p.<\/li>\n<li><strong> VANNIER Marie-Anne <\/strong>(dir.), <em>Juda\u00efsme et christianisme au Moyen \u00c2ge<\/em>,&nbsp;\u00ab\u00a0Juda\u00efsme ancien et origines du christianisme\u00a0\u00bb, Brepols, Turnhout, 2019, 149 p.<\/li>\n<\/ul>\n<h4><strong>\u00c9ditions de sources<\/strong><\/h4>\n<ul>\n<li><strong> ISA\u00cfA Marie-C\u00e9line, BRET Florence <\/strong>(\u00e9dition et traduction), <em>Vie de sainte Genevi\u00e8ve<\/em>, SC 610, \u00c9d. du Cerf, Paris, 2020, 392 p.<\/li>\n<li><strong> PIETRI Luce <\/strong>(r\u00e9vision et traduction), Gr\u00e9goire de Tours, <em>La gloire des martyrs<\/em>,&nbsp;\u00ab\u00a0Classiques de l&rsquo;histoire au Moyen \u00c2ge\u00a0\u00bb 57, Belles Lettres, Paris, 2020, lxxiv + 342 p.<\/li>\n<li><strong> BATE Keith, CARPENTIER \u00c9lisabeth, PON Georges <\/strong>(\u00e9dition et traduction), <em>La Vie de saint Didier, \u00e9v\u00eaque de Cahors (630-655)<\/em>,&nbsp;\u00ab\u00a0Hagiologia\u00a0\u00bb, Brepols, Turnhout, 2021, 280 p.<\/li>\n<li><strong>COTTIER Jean-Fran\u00e7ois <\/strong>(\u00e9dition et traduction), Pierre Damien, <em>Le livre de Gomorrhe<\/em>, \u00c9d. du Cerf, Paris, 2021, 264 p.<\/li>\n<li><strong> POIREL Dominique <\/strong>(\u00e9d.), Fran\u00e7ois d\u2019Assise, <em>Commentaire du Notre P\u00e8re. Un document inconnu du Poverello\u00a0?<\/em>, \u00c9d. du Cerf, Paris, 2019, 130 p.<\/li>\n<li><strong> B\u00c9RIOU Nicole, HODEL Bernard <\/strong>(traduction, annotation et pr\u00e9sentation), <em>Saint Dominique de l\u2019ordre des Fr\u00e8res pr\u00eacheurs. T\u00e9moignages \u00e9crits, fin XII<sup>e<\/sup>-XIV<sup>e<\/sup> si\u00e8cle,<\/em> \u00c9d. du Cerf, Paris, 2019, 1772 p.<\/li>\n<li><strong> PARENT Sylvain<\/strong>, <em>Le pape et les rebelles. Trois proc\u00e8s pour r\u00e9bellion et h\u00e9r\u00e9sie au temps de Jean XXII (Marche d\u2019Anc\u00f4ne, Romagne, Lombardie)<\/em>,&nbsp;\u00ab\u00a0Sources et documents\u00a0\u00bb 9, \u00c9cole fran\u00e7aise de Rome, Rome, 2019, 744 p.<\/li>\n<\/ul>\n","protected":false},"excerpt":{"rendered":"<p>Moines et religieux BEACH Alison I., COCHELIN Isabelle (\u00e9ds.), Cambridge history of medieval monasticism in the Latin West, 2 vol., CUP\u00a0, Cambridge, 2020, 1217 p. RIPART Laurent, Les d\u00e9serts de l\u2019Occident. Gen\u00e8se des lieux monastiques dans le Sud-Est de la Gaule (fin IVe-milieu VIe si\u00e8cle), Brepols, Turnhout, 2021, 541 p. HRAMER Rutger, KURDZIEL Emilie, WARD Graeme (\u00e9ds.), Monastic communities and canonical clergy in the Carolingian world (780-840). Categorizing the Church, Brepols, Turnhout, 2022, 454 p. DALARUN Jacques, Mod\u00e8le monastique. Un laboratoire de la modernit\u00e9, CNRS \u00c9ditions, Paris, 2019, 319 p. \u00c9v\u00eaques et pr\u00eatres PATZOLD Steffen, Presbyter. Moral, Mobilit\u00e4t und die Kirchenorganisation im Karolingerreich,&nbsp;\u00ab\u00a0Monographien zur Geschichte des Mittelalters\u00a0\u00bb 68, Anton Hiersemann, Stuttgart, 2020, 599 p. CLOSS Peter, DENNIS Chris, JULIAN-JONES Melissa, SILVESTRI Angelo (\u00e9ds.), Episcopal power and personnality in medieval Europe, 900-1480, Brepols, Turnhout, 2020, 310 p. COMBALBERT Gr\u00e9gory, \u00ab&nbsp;Sauf le droit \u00e9piscopal&nbsp;\u00bb. \u00c9v\u00eaques, paroisses et soci\u00e9t\u00e9 dans la province eccl\u00e9siastique de Rouen (XIe-milieu du XIIIe si\u00e8cle), Presses universitaires de Caen,<a class=\"read-more\" href=\"https:\/\/dev.centtreize.com\/rsr\/bulletin\/bulletin-dhistoire-religieuse-et-sociale-du-moyen-age-1113-2023\/\"><\/a><\/p>\n","protected":false},"author":2,"featured_media":0,"comment_status":"closed","ping_status":"closed","sticky":false,"template":"","format":"standard","meta":{"_acf_changed":false,"footnotes":""},"categories":[10],"tags":[],"keywords":[],"class_list":["post-13842","post","type-post","status-publish","format-standard","hentry","category-bulletin"],"acf":[],"yoast_head":"<!-- This site is optimized with the Yoast SEO plugin v27.2 - https:\/\/yoast.com\/product\/yoast-seo-wordpress\/ -->\n<title>Bulletin d\u2019histoire religieuse et sociale du Moyen \u00c2ge (111\/3 - 2023) - Recherches de Science Religieuse<\/title>\n<meta name=\"robots\" content=\"index, follow, max-snippet:-1, max-image-preview:large, max-video-preview:-1\" \/>\n<link rel=\"canonical\" href=\"https:\/\/dev.centtreize.com\/rsr\/bulletin\/bulletin-dhistoire-religieuse-et-sociale-du-moyen-age-1113-2023\/\" \/>\n<meta property=\"og:locale\" content=\"fr_FR\" \/>\n<meta property=\"og:type\" content=\"article\" \/>\n<meta property=\"og:title\" content=\"Bulletin d\u2019histoire religieuse et sociale du Moyen \u00c2ge (111\/3 - 2023) - Recherches de Science Religieuse\" \/>\n<meta property=\"og:description\" content=\"Moines et religieux BEACH Alison I., COCHELIN Isabelle (\u00e9ds.), Cambridge history of medieval monasticism in the Latin West, 2 vol., CUP\u00a0, Cambridge, 2020, 1217 p. RIPART Laurent, Les d\u00e9serts de l\u2019Occident. Gen\u00e8se des lieux monastiques dans le Sud-Est de la Gaule (fin IVe-milieu VIe si\u00e8cle), Brepols, Turnhout, 2021, 541 p. HRAMER Rutger, KURDZIEL Emilie, WARD Graeme (\u00e9ds.), Monastic communities and canonical clergy in the Carolingian world (780-840). Categorizing the Church, Brepols, Turnhout, 2022, 454 p. DALARUN Jacques, Mod\u00e8le monastique. Un laboratoire de la modernit\u00e9, CNRS \u00c9ditions, Paris, 2019, 319 p. \u00c9v\u00eaques et pr\u00eatres PATZOLD Steffen, Presbyter. Moral, Mobilit\u00e4t und die Kirchenorganisation im Karolingerreich,&nbsp;\u00ab\u00a0Monographien zur Geschichte des Mittelalters\u00a0\u00bb 68, Anton Hiersemann, Stuttgart, 2020, 599 p. CLOSS Peter, DENNIS Chris, JULIAN-JONES Melissa, SILVESTRI Angelo (\u00e9ds.), Episcopal power and personnality in medieval Europe, 900-1480, Brepols, Turnhout, 2020, 310 p. COMBALBERT Gr\u00e9gory, \u00ab&nbsp;Sauf le droit \u00e9piscopal&nbsp;\u00bb. \u00c9v\u00eaques, paroisses et soci\u00e9t\u00e9 dans la province eccl\u00e9siastique de Rouen (XIe-milieu du XIIIe si\u00e8cle), Presses universitaires de Caen,\" \/>\n<meta property=\"og:url\" content=\"https:\/\/dev.centtreize.com\/rsr\/bulletin\/bulletin-dhistoire-religieuse-et-sociale-du-moyen-age-1113-2023\/\" \/>\n<meta property=\"og:site_name\" content=\"Recherches de Science Religieuse\" \/>\n<meta property=\"article:published_time\" content=\"2023-07-14T23:07:56+00:00\" \/>\n<meta property=\"article:modified_time\" content=\"2025-01-29T18:32:55+00:00\" \/>\n<meta name=\"author\" content=\"H\u00e9l\u00e8ne\" \/>\n<meta name=\"twitter:card\" content=\"summary_large_image\" \/>\n<meta name=\"twitter:label1\" content=\"\u00c9crit par\" \/>\n\t<meta name=\"twitter:data1\" content=\"H\u00e9l\u00e8ne\" \/>\n\t<meta name=\"twitter:label2\" content=\"Dur\u00e9e de lecture estim\u00e9e\" \/>\n\t<meta name=\"twitter:data2\" content=\"4 minutes\" \/>\n<script type=\"application\/ld+json\" class=\"yoast-schema-graph\">{\"@context\":\"https:\/\/schema.org\",\"@graph\":[{\"@type\":\"Article\",\"@id\":\"https:\/\/dev.centtreize.com\/rsr\/bulletin\/bulletin-dhistoire-religieuse-et-sociale-du-moyen-age-1113-2023\/#article\",\"isPartOf\":{\"@id\":\"https:\/\/dev.centtreize.com\/rsr\/bulletin\/bulletin-dhistoire-religieuse-et-sociale-du-moyen-age-1113-2023\/\"},\"author\":{\"name\":\"H\u00e9l\u00e8ne\",\"@id\":\"https:\/\/dev.centtreize.com\/rsr\/#\/schema\/person\/eb039ce63dcbc3fec0a6b81e43e29ad3\"},\"headline\":\"Bulletin d\u2019histoire religieuse et sociale du Moyen \u00c2ge (111\/3 &#8211; 2023)\",\"datePublished\":\"2023-07-14T23:07:56+00:00\",\"dateModified\":\"2025-01-29T18:32:55+00:00\",\"mainEntityOfPage\":{\"@id\":\"https:\/\/dev.centtreize.com\/rsr\/bulletin\/bulletin-dhistoire-religieuse-et-sociale-du-moyen-age-1113-2023\/\"},\"wordCount\":779,\"publisher\":{\"@id\":\"https:\/\/dev.centtreize.com\/rsr\/#organization\"},\"articleSection\":[\"bulletin\"],\"inLanguage\":\"fr-FR\"},{\"@type\":\"WebPage\",\"@id\":\"https:\/\/dev.centtreize.com\/rsr\/bulletin\/bulletin-dhistoire-religieuse-et-sociale-du-moyen-age-1113-2023\/\",\"url\":\"https:\/\/dev.centtreize.com\/rsr\/bulletin\/bulletin-dhistoire-religieuse-et-sociale-du-moyen-age-1113-2023\/\",\"name\":\"Bulletin d\u2019histoire religieuse et sociale du Moyen \u00c2ge (111\/3 - 2023) - Recherches de Science Religieuse\",\"isPartOf\":{\"@id\":\"https:\/\/dev.centtreize.com\/rsr\/#website\"},\"datePublished\":\"2023-07-14T23:07:56+00:00\",\"dateModified\":\"2025-01-29T18:32:55+00:00\",\"breadcrumb\":{\"@id\":\"https:\/\/dev.centtreize.com\/rsr\/bulletin\/bulletin-dhistoire-religieuse-et-sociale-du-moyen-age-1113-2023\/#breadcrumb\"},\"inLanguage\":\"fr-FR\",\"potentialAction\":[{\"@type\":\"ReadAction\",\"target\":[\"https:\/\/dev.centtreize.com\/rsr\/bulletin\/bulletin-dhistoire-religieuse-et-sociale-du-moyen-age-1113-2023\/\"]}]},{\"@type\":\"BreadcrumbList\",\"@id\":\"https:\/\/dev.centtreize.com\/rsr\/bulletin\/bulletin-dhistoire-religieuse-et-sociale-du-moyen-age-1113-2023\/#breadcrumb\",\"itemListElement\":[{\"@type\":\"ListItem\",\"position\":1,\"name\":\"Accueil\",\"item\":\"https:\/\/dev.centtreize.com\/rsr\/\"},{\"@type\":\"ListItem\",\"position\":2,\"name\":\"Bulletin d\u2019histoire religieuse et sociale du Moyen \u00c2ge (111\/3 &#8211; 2023)\"}]},{\"@type\":\"WebSite\",\"@id\":\"https:\/\/dev.centtreize.com\/rsr\/#website\",\"url\":\"https:\/\/dev.centtreize.com\/rsr\/\",\"name\":\"Recherches de Science Religieuse\",\"description\":\"Recherches de Science Religieuse\",\"publisher\":{\"@id\":\"https:\/\/dev.centtreize.com\/rsr\/#organization\"},\"potentialAction\":[{\"@type\":\"SearchAction\",\"target\":{\"@type\":\"EntryPoint\",\"urlTemplate\":\"https:\/\/dev.centtreize.com\/rsr\/?s={search_term_string}\"},\"query-input\":{\"@type\":\"PropertyValueSpecification\",\"valueRequired\":true,\"valueName\":\"search_term_string\"}}],\"inLanguage\":\"fr-FR\"},{\"@type\":\"Organization\",\"@id\":\"https:\/\/dev.centtreize.com\/rsr\/#organization\",\"name\":\"Recherches de Science Religieuse\",\"url\":\"https:\/\/dev.centtreize.com\/rsr\/\",\"logo\":{\"@type\":\"ImageObject\",\"inLanguage\":\"fr-FR\",\"@id\":\"https:\/\/dev.centtreize.com\/rsr\/#\/schema\/logo\/image\/\",\"url\":\"https:\/\/dev.centtreize.com\/rsr\/wp-content\/uploads\/2024\/10\/logo_rsr.png\",\"contentUrl\":\"https:\/\/dev.centtreize.com\/rsr\/wp-content\/uploads\/2024\/10\/logo_rsr.png\",\"width\":300,\"height\":225,\"caption\":\"Recherches de Science Religieuse\"},\"image\":{\"@id\":\"https:\/\/dev.centtreize.com\/rsr\/#\/schema\/logo\/image\/\"}},{\"@type\":\"Person\",\"@id\":\"https:\/\/dev.centtreize.com\/rsr\/#\/schema\/person\/eb039ce63dcbc3fec0a6b81e43e29ad3\",\"name\":\"H\u00e9l\u00e8ne\",\"url\":\"https:\/\/dev.centtreize.com\/rsr\/author\/rsr\/\"}]}<\/script>\n<!-- \/ Yoast SEO plugin. -->","yoast_head_json":{"title":"Bulletin d\u2019histoire religieuse et sociale du Moyen \u00c2ge (111\/3 - 2023) - Recherches de Science Religieuse","robots":{"index":"index","follow":"follow","max-snippet":"max-snippet:-1","max-image-preview":"max-image-preview:large","max-video-preview":"max-video-preview:-1"},"canonical":"https:\/\/dev.centtreize.com\/rsr\/bulletin\/bulletin-dhistoire-religieuse-et-sociale-du-moyen-age-1113-2023\/","og_locale":"fr_FR","og_type":"article","og_title":"Bulletin d\u2019histoire religieuse et sociale du Moyen \u00c2ge (111\/3 - 2023) - Recherches de Science Religieuse","og_description":"Moines et religieux BEACH Alison I., COCHELIN Isabelle (\u00e9ds.), Cambridge history of medieval monasticism in the Latin West, 2 vol., CUP\u00a0, Cambridge, 2020, 1217 p. RIPART Laurent, Les d\u00e9serts de l\u2019Occident. Gen\u00e8se des lieux monastiques dans le Sud-Est de la Gaule (fin IVe-milieu VIe si\u00e8cle), Brepols, Turnhout, 2021, 541 p. HRAMER Rutger, KURDZIEL Emilie, WARD Graeme (\u00e9ds.), Monastic communities and canonical clergy in the Carolingian world (780-840). Categorizing the Church, Brepols, Turnhout, 2022, 454 p. DALARUN Jacques, Mod\u00e8le monastique. Un laboratoire de la modernit\u00e9, CNRS \u00c9ditions, Paris, 2019, 319 p. \u00c9v\u00eaques et pr\u00eatres PATZOLD Steffen, Presbyter. Moral, Mobilit\u00e4t und die Kirchenorganisation im Karolingerreich,&nbsp;\u00ab\u00a0Monographien zur Geschichte des Mittelalters\u00a0\u00bb 68, Anton Hiersemann, Stuttgart, 2020, 599 p. CLOSS Peter, DENNIS Chris, JULIAN-JONES Melissa, SILVESTRI Angelo (\u00e9ds.), Episcopal power and personnality in medieval Europe, 900-1480, Brepols, Turnhout, 2020, 310 p. COMBALBERT Gr\u00e9gory, \u00ab&nbsp;Sauf le droit \u00e9piscopal&nbsp;\u00bb. \u00c9v\u00eaques, paroisses et soci\u00e9t\u00e9 dans la province eccl\u00e9siastique de Rouen (XIe-milieu du XIIIe si\u00e8cle), Presses universitaires de Caen,","og_url":"https:\/\/dev.centtreize.com\/rsr\/bulletin\/bulletin-dhistoire-religieuse-et-sociale-du-moyen-age-1113-2023\/","og_site_name":"Recherches de Science Religieuse","article_published_time":"2023-07-14T23:07:56+00:00","article_modified_time":"2025-01-29T18:32:55+00:00","author":"H\u00e9l\u00e8ne","twitter_card":"summary_large_image","twitter_misc":{"\u00c9crit par":"H\u00e9l\u00e8ne","Dur\u00e9e de lecture estim\u00e9e":"4 minutes"},"schema":{"@context":"https:\/\/schema.org","@graph":[{"@type":"Article","@id":"https:\/\/dev.centtreize.com\/rsr\/bulletin\/bulletin-dhistoire-religieuse-et-sociale-du-moyen-age-1113-2023\/#article","isPartOf":{"@id":"https:\/\/dev.centtreize.com\/rsr\/bulletin\/bulletin-dhistoire-religieuse-et-sociale-du-moyen-age-1113-2023\/"},"author":{"name":"H\u00e9l\u00e8ne","@id":"https:\/\/dev.centtreize.com\/rsr\/#\/schema\/person\/eb039ce63dcbc3fec0a6b81e43e29ad3"},"headline":"Bulletin d\u2019histoire religieuse et sociale du Moyen \u00c2ge (111\/3 &#8211; 2023)","datePublished":"2023-07-14T23:07:56+00:00","dateModified":"2025-01-29T18:32:55+00:00","mainEntityOfPage":{"@id":"https:\/\/dev.centtreize.com\/rsr\/bulletin\/bulletin-dhistoire-religieuse-et-sociale-du-moyen-age-1113-2023\/"},"wordCount":779,"publisher":{"@id":"https:\/\/dev.centtreize.com\/rsr\/#organization"},"articleSection":["bulletin"],"inLanguage":"fr-FR"},{"@type":"WebPage","@id":"https:\/\/dev.centtreize.com\/rsr\/bulletin\/bulletin-dhistoire-religieuse-et-sociale-du-moyen-age-1113-2023\/","url":"https:\/\/dev.centtreize.com\/rsr\/bulletin\/bulletin-dhistoire-religieuse-et-sociale-du-moyen-age-1113-2023\/","name":"Bulletin d\u2019histoire religieuse et sociale du Moyen \u00c2ge (111\/3 - 2023) - Recherches de Science Religieuse","isPartOf":{"@id":"https:\/\/dev.centtreize.com\/rsr\/#website"},"datePublished":"2023-07-14T23:07:56+00:00","dateModified":"2025-01-29T18:32:55+00:00","breadcrumb":{"@id":"https:\/\/dev.centtreize.com\/rsr\/bulletin\/bulletin-dhistoire-religieuse-et-sociale-du-moyen-age-1113-2023\/#breadcrumb"},"inLanguage":"fr-FR","potentialAction":[{"@type":"ReadAction","target":["https:\/\/dev.centtreize.com\/rsr\/bulletin\/bulletin-dhistoire-religieuse-et-sociale-du-moyen-age-1113-2023\/"]}]},{"@type":"BreadcrumbList","@id":"https:\/\/dev.centtreize.com\/rsr\/bulletin\/bulletin-dhistoire-religieuse-et-sociale-du-moyen-age-1113-2023\/#breadcrumb","itemListElement":[{"@type":"ListItem","position":1,"name":"Accueil","item":"https:\/\/dev.centtreize.com\/rsr\/"},{"@type":"ListItem","position":2,"name":"Bulletin d\u2019histoire religieuse et sociale du Moyen \u00c2ge (111\/3 &#8211; 2023)"}]},{"@type":"WebSite","@id":"https:\/\/dev.centtreize.com\/rsr\/#website","url":"https:\/\/dev.centtreize.com\/rsr\/","name":"Recherches de Science Religieuse","description":"Recherches de Science Religieuse","publisher":{"@id":"https:\/\/dev.centtreize.com\/rsr\/#organization"},"potentialAction":[{"@type":"SearchAction","target":{"@type":"EntryPoint","urlTemplate":"https:\/\/dev.centtreize.com\/rsr\/?s={search_term_string}"},"query-input":{"@type":"PropertyValueSpecification","valueRequired":true,"valueName":"search_term_string"}}],"inLanguage":"fr-FR"},{"@type":"Organization","@id":"https:\/\/dev.centtreize.com\/rsr\/#organization","name":"Recherches de Science Religieuse","url":"https:\/\/dev.centtreize.com\/rsr\/","logo":{"@type":"ImageObject","inLanguage":"fr-FR","@id":"https:\/\/dev.centtreize.com\/rsr\/#\/schema\/logo\/image\/","url":"https:\/\/dev.centtreize.com\/rsr\/wp-content\/uploads\/2024\/10\/logo_rsr.png","contentUrl":"https:\/\/dev.centtreize.com\/rsr\/wp-content\/uploads\/2024\/10\/logo_rsr.png","width":300,"height":225,"caption":"Recherches de Science Religieuse"},"image":{"@id":"https:\/\/dev.centtreize.com\/rsr\/#\/schema\/logo\/image\/"}},{"@type":"Person","@id":"https:\/\/dev.centtreize.com\/rsr\/#\/schema\/person\/eb039ce63dcbc3fec0a6b81e43e29ad3","name":"H\u00e9l\u00e8ne","url":"https:\/\/dev.centtreize.com\/rsr\/author\/rsr\/"}]}},"_links":{"self":[{"href":"https:\/\/dev.centtreize.com\/rsr\/wp-json\/wp\/v2\/posts\/13842","targetHints":{"allow":["GET"]}}],"collection":[{"href":"https:\/\/dev.centtreize.com\/rsr\/wp-json\/wp\/v2\/posts"}],"about":[{"href":"https:\/\/dev.centtreize.com\/rsr\/wp-json\/wp\/v2\/types\/post"}],"author":[{"embeddable":true,"href":"https:\/\/dev.centtreize.com\/rsr\/wp-json\/wp\/v2\/users\/2"}],"replies":[{"embeddable":true,"href":"https:\/\/dev.centtreize.com\/rsr\/wp-json\/wp\/v2\/comments?post=13842"}],"version-history":[{"count":11,"href":"https:\/\/dev.centtreize.com\/rsr\/wp-json\/wp\/v2\/posts\/13842\/revisions"}],"predecessor-version":[{"id":19133,"href":"https:\/\/dev.centtreize.com\/rsr\/wp-json\/wp\/v2\/posts\/13842\/revisions\/19133"}],"wp:attachment":[{"href":"https:\/\/dev.centtreize.com\/rsr\/wp-json\/wp\/v2\/media?parent=13842"}],"wp:term":[{"taxonomy":"category","embeddable":true,"href":"https:\/\/dev.centtreize.com\/rsr\/wp-json\/wp\/v2\/categories?post=13842"},{"taxonomy":"post_tag","embeddable":true,"href":"https:\/\/dev.centtreize.com\/rsr\/wp-json\/wp\/v2\/tags?post=13842"},{"taxonomy":"keywords","embeddable":true,"href":"https:\/\/dev.centtreize.com\/rsr\/wp-json\/wp\/v2\/keywords?post=13842"}],"curies":[{"name":"wp","href":"https:\/\/api.w.org\/{rel}","templated":true}]}}