{"id":13821,"date":"2023-07-15T00:02:52","date_gmt":"2023-07-14T23:02:52","guid":{"rendered":"http:\/\/www.revue-rsr.com\/?p=13821"},"modified":"2025-06-13T08:19:25","modified_gmt":"2025-06-13T07:19:25","slug":"leglise-au-sein-de-lhistoire-messianique-de-lhumanite","status":"publish","type":"post","link":"https:\/\/dev.centtreize.com\/rsr\/article\/leglise-au-sein-de-lhistoire-messianique-de-lhumanite\/","title":{"rendered":"L\u2019\u00c9glise au sein de l\u2019histoire messianique de l\u2019humanit\u00e9"},"content":{"rendered":"<p>L\u2019enjeu de cet article est de faire comprendre, dans un m\u00eame mouvement, ce qui, \u00e0 l\u2019\u00e2ge de l\u2019anthropoc\u00e8ne, advient \u00e0 notre commune humanit\u00e9 sur notre terre et ce que la Communio Ecclesiarum est appel\u00e9e \u00e0 devenir pour \u00eatre fid\u00e8le \u00e0 sa mission. Presque soixante ans apr\u00e8s l\u2019ouverture de Vatican II, la convocation d\u2019un&nbsp;\u00ab\u00a0synode sur la synodalit\u00e9\u00a0\u00bb en octobre 2021 \u00e9largit la mani\u00e8re de proc\u00e9der du Concile \u00e0 l\u2019ensemble des \u00c9glises particuli\u00e8res et active ainsi leur statut \u0153cum\u00e9nique de&nbsp;\u00ab\u00a0peuple messianique\u00a0\u00bb (Lumen gentium, 9). On commencera par expliciter l\u2019enjeu de cette focalisation sur une conception messianique de l\u2019histoire et les possibilit\u00e9s herm\u00e9neutiques qu\u2019elle nous offre dans la t\u00e2che d\u2019interpr\u00e9tation de la situation actuelle de l\u2019humanit\u00e9 sur notre terre et de reconfiguration de la mission de l\u2019\u00c9glise. On reviendra ensuite sur le concile Vatican II et on pr\u00e9cisera comment cette vision messianique peut \u00e9clairer les apories du corpus conciliaire, qui se sont r\u00e9v\u00e9l\u00e9es lors du processus de r\u00e9ception, et ouvrir ses potentialit\u00e9s d\u2019avenir. Ce qui permettra, pour finir, de penser la configuration synodale de l\u2019\u00c9glise au sein de notre histoire messianique et d\u2019en esquisser quelques marqueurs sur le&nbsp;\u00ab\u00a0syn-hodos\u00a0\u00bb d\u00e9j\u00e0 engag\u00e9.<\/p>\n","protected":false},"excerpt":{"rendered":"<p>L\u2019enjeu de cet article est de faire comprendre, dans un m\u00eame mouvement, ce qui, \u00e0 l\u2019\u00e2ge de l\u2019anthropoc\u00e8ne, advient \u00e0 notre commune humanit\u00e9 sur notre terre et ce que la Communio Ecclesiarum est appel\u00e9e \u00e0 devenir pour \u00eatre fid\u00e8le \u00e0 sa mission. Presque soixante ans apr\u00e8s l\u2019ouverture de Vatican II, la convocation d\u2019un&nbsp;\u00ab\u00a0synode sur la synodalit\u00e9\u00a0\u00bb en octobre 2021 \u00e9largit la mani\u00e8re de proc\u00e9der du Concile \u00e0 l\u2019ensemble des \u00c9glises particuli\u00e8res et active ainsi leur statut \u0153cum\u00e9nique de&nbsp;\u00ab\u00a0peuple messianique\u00a0\u00bb (Lumen gentium, 9). On commencera par expliciter l\u2019enjeu de cette focalisation sur une conception messianique de l\u2019histoire et les possibilit\u00e9s herm\u00e9neutiques qu\u2019elle nous offre dans la t\u00e2che d\u2019interpr\u00e9tation de la situation actuelle de l\u2019humanit\u00e9 sur notre terre et de reconfiguration de la mission de l\u2019\u00c9glise. On reviendra ensuite sur le concile Vatican II et on pr\u00e9cisera comment cette vision messianique peut \u00e9clairer les apories du corpus conciliaire, qui se sont r\u00e9v\u00e9l\u00e9es lors du processus de r\u00e9ception, et ouvrir ses potentialit\u00e9s d\u2019avenir.<a class=\"read-more\" href=\"https:\/\/dev.centtreize.com\/rsr\/article\/leglise-au-sein-de-lhistoire-messianique-de-lhumanite\/\"><\/a><\/p>\n","protected":false},"author":2,"featured_media":0,"comment_status":"closed","ping_status":"closed","sticky":false,"template":"","format":"standard","meta":{"_acf_changed":false,"footnotes":""},"categories":[6],"tags":[601,981,983,140,982,979,986,709,984,525,530,980,985,3],"keywords":[1137,1238],"class_list":["post-13821","post","type-post","status-publish","format-standard","hentry","category-article","tag-anthropocene","tag-bible-chretienne","tag-communio-ecclesiarum","tag-ecclesiologie","tag-eglises-particulieres","tag-messianisme","tag-ministere-ordonne","tag-sacre","tag-seculier","tag-synodalite","tag-synode","tag-tanakh","tag-tria-munera","tag-vatican-ii","keywords-eglise","keywords-mission"],"acf":[],"yoast_head":"<!-- This site is optimized with the Yoast SEO plugin v27.2 - https:\/\/yoast.com\/product\/yoast-seo-wordpress\/ -->\n<title>L\u2019\u00c9glise au sein de l\u2019histoire messianique de l\u2019humanit\u00e9 - Recherches de Science Religieuse<\/title>\n<meta name=\"robots\" content=\"index, follow, max-snippet:-1, max-image-preview:large, max-video-preview:-1\" \/>\n<link rel=\"canonical\" href=\"https:\/\/dev.centtreize.com\/rsr\/article\/leglise-au-sein-de-lhistoire-messianique-de-lhumanite\/\" \/>\n<meta property=\"og:locale\" content=\"fr_FR\" \/>\n<meta property=\"og:type\" content=\"article\" \/>\n<meta property=\"og:title\" content=\"L\u2019\u00c9glise au sein de l\u2019histoire messianique de l\u2019humanit\u00e9 - Recherches de Science Religieuse\" \/>\n<meta property=\"og:description\" content=\"L\u2019enjeu de cet article est de faire comprendre, dans un m\u00eame mouvement, ce qui, \u00e0 l\u2019\u00e2ge de l\u2019anthropoc\u00e8ne, advient \u00e0 notre commune humanit\u00e9 sur notre terre et ce que la Communio Ecclesiarum est appel\u00e9e \u00e0 devenir pour \u00eatre fid\u00e8le \u00e0 sa mission. Presque soixante ans apr\u00e8s l\u2019ouverture de Vatican II, la convocation d\u2019un&nbsp;\u00ab\u00a0synode sur la synodalit\u00e9\u00a0\u00bb en octobre 2021 \u00e9largit la mani\u00e8re de proc\u00e9der du Concile \u00e0 l\u2019ensemble des \u00c9glises particuli\u00e8res et active ainsi leur statut \u0153cum\u00e9nique de&nbsp;\u00ab\u00a0peuple messianique\u00a0\u00bb (Lumen gentium, 9). On commencera par expliciter l\u2019enjeu de cette focalisation sur une conception messianique de l\u2019histoire et les possibilit\u00e9s herm\u00e9neutiques qu\u2019elle nous offre dans la t\u00e2che d\u2019interpr\u00e9tation de la situation actuelle de l\u2019humanit\u00e9 sur notre terre et de reconfiguration de la mission de l\u2019\u00c9glise. On reviendra ensuite sur le concile Vatican II et on pr\u00e9cisera comment cette vision messianique peut \u00e9clairer les apories du corpus conciliaire, qui se sont r\u00e9v\u00e9l\u00e9es lors du processus de r\u00e9ception, et ouvrir ses potentialit\u00e9s d\u2019avenir.\" \/>\n<meta property=\"og:url\" content=\"https:\/\/dev.centtreize.com\/rsr\/article\/leglise-au-sein-de-lhistoire-messianique-de-lhumanite\/\" \/>\n<meta property=\"og:site_name\" content=\"Recherches de Science Religieuse\" \/>\n<meta property=\"article:published_time\" content=\"2023-07-14T23:02:52+00:00\" \/>\n<meta property=\"article:modified_time\" content=\"2025-06-13T07:19:25+00:00\" \/>\n<meta name=\"author\" content=\"H\u00e9l\u00e8ne\" \/>\n<meta name=\"twitter:card\" content=\"summary_large_image\" \/>\n<meta name=\"twitter:label1\" content=\"\u00c9crit par\" \/>\n\t<meta name=\"twitter:data1\" content=\"H\u00e9l\u00e8ne\" \/>\n\t<meta name=\"twitter:label2\" content=\"Dur\u00e9e de lecture estim\u00e9e\" \/>\n\t<meta name=\"twitter:data2\" content=\"1 minute\" \/>\n<script type=\"application\/ld+json\" class=\"yoast-schema-graph\">{\"@context\":\"https:\/\/schema.org\",\"@graph\":[{\"@type\":\"Article\",\"@id\":\"https:\/\/dev.centtreize.com\/rsr\/article\/leglise-au-sein-de-lhistoire-messianique-de-lhumanite\/#article\",\"isPartOf\":{\"@id\":\"https:\/\/dev.centtreize.com\/rsr\/article\/leglise-au-sein-de-lhistoire-messianique-de-lhumanite\/\"},\"author\":{\"name\":\"H\u00e9l\u00e8ne\",\"@id\":\"https:\/\/dev.centtreize.com\/rsr\/#\/schema\/person\/eb039ce63dcbc3fec0a6b81e43e29ad3\"},\"headline\":\"L\u2019\u00c9glise au sein de l\u2019histoire messianique de l\u2019humanit\u00e9\",\"datePublished\":\"2023-07-14T23:02:52+00:00\",\"dateModified\":\"2025-06-13T07:19:25+00:00\",\"mainEntityOfPage\":{\"@id\":\"https:\/\/dev.centtreize.com\/rsr\/article\/leglise-au-sein-de-lhistoire-messianique-de-lhumanite\/\"},\"wordCount\":229,\"publisher\":{\"@id\":\"https:\/\/dev.centtreize.com\/rsr\/#organization\"},\"keywords\":[\"Anthropoc\u00e8ne\",\"Bible chr\u00e9tienne\",\"Communio Ecclesiarum\",\"eccl\u00e9siologie\",\"\u00c9glises particuli\u00e8res\",\"messianisme\",\"minist\u00e8re ordonn\u00e9\",\"sacr\u00e9\",\"s\u00e9culier\",\"synodalit\u00e9\",\"synode\",\"Tanakh\",\"tria munera\",\"Vatican II\"],\"articleSection\":[\"article\"],\"inLanguage\":\"fr-FR\"},{\"@type\":\"WebPage\",\"@id\":\"https:\/\/dev.centtreize.com\/rsr\/article\/leglise-au-sein-de-lhistoire-messianique-de-lhumanite\/\",\"url\":\"https:\/\/dev.centtreize.com\/rsr\/article\/leglise-au-sein-de-lhistoire-messianique-de-lhumanite\/\",\"name\":\"L\u2019\u00c9glise au sein de l\u2019histoire messianique de l\u2019humanit\u00e9 - Recherches de Science Religieuse\",\"isPartOf\":{\"@id\":\"https:\/\/dev.centtreize.com\/rsr\/#website\"},\"datePublished\":\"2023-07-14T23:02:52+00:00\",\"dateModified\":\"2025-06-13T07:19:25+00:00\",\"breadcrumb\":{\"@id\":\"https:\/\/dev.centtreize.com\/rsr\/article\/leglise-au-sein-de-lhistoire-messianique-de-lhumanite\/#breadcrumb\"},\"inLanguage\":\"fr-FR\",\"potentialAction\":[{\"@type\":\"ReadAction\",\"target\":[\"https:\/\/dev.centtreize.com\/rsr\/article\/leglise-au-sein-de-lhistoire-messianique-de-lhumanite\/\"]}]},{\"@type\":\"BreadcrumbList\",\"@id\":\"https:\/\/dev.centtreize.com\/rsr\/article\/leglise-au-sein-de-lhistoire-messianique-de-lhumanite\/#breadcrumb\",\"itemListElement\":[{\"@type\":\"ListItem\",\"position\":1,\"name\":\"Accueil\",\"item\":\"https:\/\/dev.centtreize.com\/rsr\/\"},{\"@type\":\"ListItem\",\"position\":2,\"name\":\"L\u2019\u00c9glise au sein de l\u2019histoire messianique de l\u2019humanit\u00e9\"}]},{\"@type\":\"WebSite\",\"@id\":\"https:\/\/dev.centtreize.com\/rsr\/#website\",\"url\":\"https:\/\/dev.centtreize.com\/rsr\/\",\"name\":\"Recherches de Science Religieuse\",\"description\":\"Recherches de Science Religieuse\",\"publisher\":{\"@id\":\"https:\/\/dev.centtreize.com\/rsr\/#organization\"},\"potentialAction\":[{\"@type\":\"SearchAction\",\"target\":{\"@type\":\"EntryPoint\",\"urlTemplate\":\"https:\/\/dev.centtreize.com\/rsr\/?s={search_term_string}\"},\"query-input\":{\"@type\":\"PropertyValueSpecification\",\"valueRequired\":true,\"valueName\":\"search_term_string\"}}],\"inLanguage\":\"fr-FR\"},{\"@type\":\"Organization\",\"@id\":\"https:\/\/dev.centtreize.com\/rsr\/#organization\",\"name\":\"Recherches de Science Religieuse\",\"url\":\"https:\/\/dev.centtreize.com\/rsr\/\",\"logo\":{\"@type\":\"ImageObject\",\"inLanguage\":\"fr-FR\",\"@id\":\"https:\/\/dev.centtreize.com\/rsr\/#\/schema\/logo\/image\/\",\"url\":\"https:\/\/dev.centtreize.com\/rsr\/wp-content\/uploads\/2024\/10\/logo_rsr.png\",\"contentUrl\":\"https:\/\/dev.centtreize.com\/rsr\/wp-content\/uploads\/2024\/10\/logo_rsr.png\",\"width\":300,\"height\":225,\"caption\":\"Recherches de Science Religieuse\"},\"image\":{\"@id\":\"https:\/\/dev.centtreize.com\/rsr\/#\/schema\/logo\/image\/\"}},{\"@type\":\"Person\",\"@id\":\"https:\/\/dev.centtreize.com\/rsr\/#\/schema\/person\/eb039ce63dcbc3fec0a6b81e43e29ad3\",\"name\":\"H\u00e9l\u00e8ne\",\"url\":\"https:\/\/dev.centtreize.com\/rsr\/author\/rsr\/\"}]}<\/script>\n<!-- \/ Yoast SEO plugin. -->","yoast_head_json":{"title":"L\u2019\u00c9glise au sein de l\u2019histoire messianique de l\u2019humanit\u00e9 - Recherches de Science Religieuse","robots":{"index":"index","follow":"follow","max-snippet":"max-snippet:-1","max-image-preview":"max-image-preview:large","max-video-preview":"max-video-preview:-1"},"canonical":"https:\/\/dev.centtreize.com\/rsr\/article\/leglise-au-sein-de-lhistoire-messianique-de-lhumanite\/","og_locale":"fr_FR","og_type":"article","og_title":"L\u2019\u00c9glise au sein de l\u2019histoire messianique de l\u2019humanit\u00e9 - Recherches de Science Religieuse","og_description":"L\u2019enjeu de cet article est de faire comprendre, dans un m\u00eame mouvement, ce qui, \u00e0 l\u2019\u00e2ge de l\u2019anthropoc\u00e8ne, advient \u00e0 notre commune humanit\u00e9 sur notre terre et ce que la Communio Ecclesiarum est appel\u00e9e \u00e0 devenir pour \u00eatre fid\u00e8le \u00e0 sa mission. Presque soixante ans apr\u00e8s l\u2019ouverture de Vatican II, la convocation d\u2019un&nbsp;\u00ab\u00a0synode sur la synodalit\u00e9\u00a0\u00bb en octobre 2021 \u00e9largit la mani\u00e8re de proc\u00e9der du Concile \u00e0 l\u2019ensemble des \u00c9glises particuli\u00e8res et active ainsi leur statut \u0153cum\u00e9nique de&nbsp;\u00ab\u00a0peuple messianique\u00a0\u00bb (Lumen gentium, 9). On commencera par expliciter l\u2019enjeu de cette focalisation sur une conception messianique de l\u2019histoire et les possibilit\u00e9s herm\u00e9neutiques qu\u2019elle nous offre dans la t\u00e2che d\u2019interpr\u00e9tation de la situation actuelle de l\u2019humanit\u00e9 sur notre terre et de reconfiguration de la mission de l\u2019\u00c9glise. On reviendra ensuite sur le concile Vatican II et on pr\u00e9cisera comment cette vision messianique peut \u00e9clairer les apories du corpus conciliaire, qui se sont r\u00e9v\u00e9l\u00e9es lors du processus de r\u00e9ception, et ouvrir ses potentialit\u00e9s d\u2019avenir.","og_url":"https:\/\/dev.centtreize.com\/rsr\/article\/leglise-au-sein-de-lhistoire-messianique-de-lhumanite\/","og_site_name":"Recherches de Science Religieuse","article_published_time":"2023-07-14T23:02:52+00:00","article_modified_time":"2025-06-13T07:19:25+00:00","author":"H\u00e9l\u00e8ne","twitter_card":"summary_large_image","twitter_misc":{"\u00c9crit par":"H\u00e9l\u00e8ne","Dur\u00e9e de lecture estim\u00e9e":"1 minute"},"schema":{"@context":"https:\/\/schema.org","@graph":[{"@type":"Article","@id":"https:\/\/dev.centtreize.com\/rsr\/article\/leglise-au-sein-de-lhistoire-messianique-de-lhumanite\/#article","isPartOf":{"@id":"https:\/\/dev.centtreize.com\/rsr\/article\/leglise-au-sein-de-lhistoire-messianique-de-lhumanite\/"},"author":{"name":"H\u00e9l\u00e8ne","@id":"https:\/\/dev.centtreize.com\/rsr\/#\/schema\/person\/eb039ce63dcbc3fec0a6b81e43e29ad3"},"headline":"L\u2019\u00c9glise au sein de l\u2019histoire messianique de l\u2019humanit\u00e9","datePublished":"2023-07-14T23:02:52+00:00","dateModified":"2025-06-13T07:19:25+00:00","mainEntityOfPage":{"@id":"https:\/\/dev.centtreize.com\/rsr\/article\/leglise-au-sein-de-lhistoire-messianique-de-lhumanite\/"},"wordCount":229,"publisher":{"@id":"https:\/\/dev.centtreize.com\/rsr\/#organization"},"keywords":["Anthropoc\u00e8ne","Bible chr\u00e9tienne","Communio Ecclesiarum","eccl\u00e9siologie","\u00c9glises particuli\u00e8res","messianisme","minist\u00e8re ordonn\u00e9","sacr\u00e9","s\u00e9culier","synodalit\u00e9","synode","Tanakh","tria munera","Vatican II"],"articleSection":["article"],"inLanguage":"fr-FR"},{"@type":"WebPage","@id":"https:\/\/dev.centtreize.com\/rsr\/article\/leglise-au-sein-de-lhistoire-messianique-de-lhumanite\/","url":"https:\/\/dev.centtreize.com\/rsr\/article\/leglise-au-sein-de-lhistoire-messianique-de-lhumanite\/","name":"L\u2019\u00c9glise au sein de l\u2019histoire messianique de l\u2019humanit\u00e9 - Recherches de Science Religieuse","isPartOf":{"@id":"https:\/\/dev.centtreize.com\/rsr\/#website"},"datePublished":"2023-07-14T23:02:52+00:00","dateModified":"2025-06-13T07:19:25+00:00","breadcrumb":{"@id":"https:\/\/dev.centtreize.com\/rsr\/article\/leglise-au-sein-de-lhistoire-messianique-de-lhumanite\/#breadcrumb"},"inLanguage":"fr-FR","potentialAction":[{"@type":"ReadAction","target":["https:\/\/dev.centtreize.com\/rsr\/article\/leglise-au-sein-de-lhistoire-messianique-de-lhumanite\/"]}]},{"@type":"BreadcrumbList","@id":"https:\/\/dev.centtreize.com\/rsr\/article\/leglise-au-sein-de-lhistoire-messianique-de-lhumanite\/#breadcrumb","itemListElement":[{"@type":"ListItem","position":1,"name":"Accueil","item":"https:\/\/dev.centtreize.com\/rsr\/"},{"@type":"ListItem","position":2,"name":"L\u2019\u00c9glise au sein de l\u2019histoire messianique de l\u2019humanit\u00e9"}]},{"@type":"WebSite","@id":"https:\/\/dev.centtreize.com\/rsr\/#website","url":"https:\/\/dev.centtreize.com\/rsr\/","name":"Recherches de Science Religieuse","description":"Recherches de Science Religieuse","publisher":{"@id":"https:\/\/dev.centtreize.com\/rsr\/#organization"},"potentialAction":[{"@type":"SearchAction","target":{"@type":"EntryPoint","urlTemplate":"https:\/\/dev.centtreize.com\/rsr\/?s={search_term_string}"},"query-input":{"@type":"PropertyValueSpecification","valueRequired":true,"valueName":"search_term_string"}}],"inLanguage":"fr-FR"},{"@type":"Organization","@id":"https:\/\/dev.centtreize.com\/rsr\/#organization","name":"Recherches de Science Religieuse","url":"https:\/\/dev.centtreize.com\/rsr\/","logo":{"@type":"ImageObject","inLanguage":"fr-FR","@id":"https:\/\/dev.centtreize.com\/rsr\/#\/schema\/logo\/image\/","url":"https:\/\/dev.centtreize.com\/rsr\/wp-content\/uploads\/2024\/10\/logo_rsr.png","contentUrl":"https:\/\/dev.centtreize.com\/rsr\/wp-content\/uploads\/2024\/10\/logo_rsr.png","width":300,"height":225,"caption":"Recherches de Science Religieuse"},"image":{"@id":"https:\/\/dev.centtreize.com\/rsr\/#\/schema\/logo\/image\/"}},{"@type":"Person","@id":"https:\/\/dev.centtreize.com\/rsr\/#\/schema\/person\/eb039ce63dcbc3fec0a6b81e43e29ad3","name":"H\u00e9l\u00e8ne","url":"https:\/\/dev.centtreize.com\/rsr\/author\/rsr\/"}]}},"_links":{"self":[{"href":"https:\/\/dev.centtreize.com\/rsr\/wp-json\/wp\/v2\/posts\/13821","targetHints":{"allow":["GET"]}}],"collection":[{"href":"https:\/\/dev.centtreize.com\/rsr\/wp-json\/wp\/v2\/posts"}],"about":[{"href":"https:\/\/dev.centtreize.com\/rsr\/wp-json\/wp\/v2\/types\/post"}],"author":[{"embeddable":true,"href":"https:\/\/dev.centtreize.com\/rsr\/wp-json\/wp\/v2\/users\/2"}],"replies":[{"embeddable":true,"href":"https:\/\/dev.centtreize.com\/rsr\/wp-json\/wp\/v2\/comments?post=13821"}],"version-history":[{"count":13,"href":"https:\/\/dev.centtreize.com\/rsr\/wp-json\/wp\/v2\/posts\/13821\/revisions"}],"predecessor-version":[{"id":17814,"href":"https:\/\/dev.centtreize.com\/rsr\/wp-json\/wp\/v2\/posts\/13821\/revisions\/17814"}],"wp:attachment":[{"href":"https:\/\/dev.centtreize.com\/rsr\/wp-json\/wp\/v2\/media?parent=13821"}],"wp:term":[{"taxonomy":"category","embeddable":true,"href":"https:\/\/dev.centtreize.com\/rsr\/wp-json\/wp\/v2\/categories?post=13821"},{"taxonomy":"post_tag","embeddable":true,"href":"https:\/\/dev.centtreize.com\/rsr\/wp-json\/wp\/v2\/tags?post=13821"},{"taxonomy":"keywords","embeddable":true,"href":"https:\/\/dev.centtreize.com\/rsr\/wp-json\/wp\/v2\/keywords?post=13821"}],"curies":[{"name":"wp","href":"https:\/\/api.w.org\/{rel}","templated":true}]}}