{"id":13778,"date":"2023-04-15T00:12:12","date_gmt":"2023-04-14T23:12:12","guid":{"rendered":"http:\/\/www.revue-rsr.com\/?p=13778"},"modified":"2025-06-13T08:18:00","modified_gmt":"2025-06-13T07:18:00","slug":"faut-il-une-conversion-ecologique-de-lagir-politique","status":"publish","type":"post","link":"https:\/\/dev.centtreize.com\/rsr\/article\/faut-il-une-conversion-ecologique-de-lagir-politique\/","title":{"rendered":"Faut-il une conversion \u00e9cologique  de l\u2019agir politique ?"},"content":{"rendered":"<p>Pour r\u00e9pondre aux d\u00e9fis de la transition \u00e9cologique, il faut une transformation profonde de l\u2019agir politique. Mais le terme de conversion est-il ad\u00e9quat pour d\u00e9crire cette transformation\u00a0? Les appels des proph\u00e8tes \u00e0 la conversion politique peuvent nous inspirer, \u00e0 condition de les transposer de mani\u00e8re analogique au contexte moderne. La conversion peut alors \u00eatre comprise comme la r\u00e9orientation de l\u2019agir politique lorsqu\u2019il n\u2019est plus align\u00e9 avec le bien commun.<\/p>\n","protected":false},"excerpt":{"rendered":"<p>Pour r\u00e9pondre aux d\u00e9fis de la transition \u00e9cologique, il faut une transformation profonde de l\u2019agir politique. Mais le terme de conversion est-il ad\u00e9quat pour d\u00e9crire cette transformation\u00a0? Les appels des proph\u00e8tes \u00e0 la conversion politique peuvent nous inspirer, \u00e0 condition de les transposer de mani\u00e8re analogique au contexte moderne. La conversion peut alors \u00eatre comprise comme la r\u00e9orientation de l\u2019agir politique lorsqu\u2019il n\u2019est plus align\u00e9 avec le bien commun.<\/p>\n","protected":false},"author":2,"featured_media":0,"comment_status":"closed","ping_status":"closed","sticky":false,"template":"","format":"standard","meta":{"_acf_changed":false,"footnotes":""},"categories":[6],"tags":[966,860,969,967,968,970],"keywords":[1160,1235],"class_list":["post-13778","post","type-post","status-publish","format-standard","hentry","category-article","tag-agir-politique","tag-conversion-ecologique","tag-crise-ecologique","tag-dynamique-du-bien-commun","tag-peche-structurel","tag-sobriete","keywords-ecologie","keywords-politique"],"acf":[],"yoast_head":"<!-- This site is optimized with the Yoast SEO plugin v27.2 - https:\/\/yoast.com\/product\/yoast-seo-wordpress\/ -->\n<title>Faut-il une conversion \u00e9cologique de l\u2019agir politique ? - Recherches de Science Religieuse<\/title>\n<meta name=\"robots\" content=\"index, follow, max-snippet:-1, max-image-preview:large, max-video-preview:-1\" \/>\n<link rel=\"canonical\" href=\"https:\/\/dev.centtreize.com\/rsr\/article\/faut-il-une-conversion-ecologique-de-lagir-politique\/\" \/>\n<meta property=\"og:locale\" content=\"fr_FR\" \/>\n<meta property=\"og:type\" content=\"article\" \/>\n<meta property=\"og:title\" content=\"Faut-il une conversion \u00e9cologique de l\u2019agir politique ? - Recherches de Science Religieuse\" \/>\n<meta property=\"og:description\" content=\"Pour r\u00e9pondre aux d\u00e9fis de la transition \u00e9cologique, il faut une transformation profonde de l\u2019agir politique. Mais le terme de conversion est-il ad\u00e9quat pour d\u00e9crire cette transformation\u00a0? Les appels des proph\u00e8tes \u00e0 la conversion politique peuvent nous inspirer, \u00e0 condition de les transposer de mani\u00e8re analogique au contexte moderne. La conversion peut alors \u00eatre comprise comme la r\u00e9orientation de l\u2019agir politique lorsqu\u2019il n\u2019est plus align\u00e9 avec le bien commun.\" \/>\n<meta property=\"og:url\" content=\"https:\/\/dev.centtreize.com\/rsr\/article\/faut-il-une-conversion-ecologique-de-lagir-politique\/\" \/>\n<meta property=\"og:site_name\" content=\"Recherches de Science Religieuse\" \/>\n<meta property=\"article:published_time\" content=\"2023-04-14T23:12:12+00:00\" \/>\n<meta property=\"article:modified_time\" content=\"2025-06-13T07:18:00+00:00\" \/>\n<meta name=\"author\" content=\"H\u00e9l\u00e8ne\" \/>\n<meta name=\"twitter:card\" content=\"summary_large_image\" \/>\n<meta name=\"twitter:label1\" content=\"\u00c9crit par\" \/>\n\t<meta name=\"twitter:data1\" content=\"H\u00e9l\u00e8ne\" \/>\n<script type=\"application\/ld+json\" class=\"yoast-schema-graph\">{\"@context\":\"https:\/\/schema.org\",\"@graph\":[{\"@type\":\"Article\",\"@id\":\"https:\/\/dev.centtreize.com\/rsr\/article\/faut-il-une-conversion-ecologique-de-lagir-politique\/#article\",\"isPartOf\":{\"@id\":\"https:\/\/dev.centtreize.com\/rsr\/article\/faut-il-une-conversion-ecologique-de-lagir-politique\/\"},\"author\":{\"name\":\"H\u00e9l\u00e8ne\",\"@id\":\"https:\/\/dev.centtreize.com\/rsr\/#\/schema\/person\/eb039ce63dcbc3fec0a6b81e43e29ad3\"},\"headline\":\"Faut-il une conversion \u00e9cologique de l\u2019agir politique ?\",\"datePublished\":\"2023-04-14T23:12:12+00:00\",\"dateModified\":\"2025-06-13T07:18:00+00:00\",\"mainEntityOfPage\":{\"@id\":\"https:\/\/dev.centtreize.com\/rsr\/article\/faut-il-une-conversion-ecologique-de-lagir-politique\/\"},\"wordCount\":86,\"publisher\":{\"@id\":\"https:\/\/dev.centtreize.com\/rsr\/#organization\"},\"keywords\":[\"agir politique\",\"Conversion \u00e9cologique\",\"crise \u00e9cologique\",\"dynamique du bien commun\",\"p\u00e9ch\u00e9 structurel\",\"sobri\u00e9t\u00e9\"],\"articleSection\":[\"article\"],\"inLanguage\":\"fr-FR\"},{\"@type\":\"WebPage\",\"@id\":\"https:\/\/dev.centtreize.com\/rsr\/article\/faut-il-une-conversion-ecologique-de-lagir-politique\/\",\"url\":\"https:\/\/dev.centtreize.com\/rsr\/article\/faut-il-une-conversion-ecologique-de-lagir-politique\/\",\"name\":\"Faut-il une conversion \u00e9cologique de l\u2019agir politique ? - Recherches de Science Religieuse\",\"isPartOf\":{\"@id\":\"https:\/\/dev.centtreize.com\/rsr\/#website\"},\"datePublished\":\"2023-04-14T23:12:12+00:00\",\"dateModified\":\"2025-06-13T07:18:00+00:00\",\"breadcrumb\":{\"@id\":\"https:\/\/dev.centtreize.com\/rsr\/article\/faut-il-une-conversion-ecologique-de-lagir-politique\/#breadcrumb\"},\"inLanguage\":\"fr-FR\",\"potentialAction\":[{\"@type\":\"ReadAction\",\"target\":[\"https:\/\/dev.centtreize.com\/rsr\/article\/faut-il-une-conversion-ecologique-de-lagir-politique\/\"]}]},{\"@type\":\"BreadcrumbList\",\"@id\":\"https:\/\/dev.centtreize.com\/rsr\/article\/faut-il-une-conversion-ecologique-de-lagir-politique\/#breadcrumb\",\"itemListElement\":[{\"@type\":\"ListItem\",\"position\":1,\"name\":\"Accueil\",\"item\":\"https:\/\/dev.centtreize.com\/rsr\/\"},{\"@type\":\"ListItem\",\"position\":2,\"name\":\"Faut-il une conversion \u00e9cologique de l\u2019agir politique ?\"}]},{\"@type\":\"WebSite\",\"@id\":\"https:\/\/dev.centtreize.com\/rsr\/#website\",\"url\":\"https:\/\/dev.centtreize.com\/rsr\/\",\"name\":\"Recherches de Science Religieuse\",\"description\":\"Recherches de Science Religieuse\",\"publisher\":{\"@id\":\"https:\/\/dev.centtreize.com\/rsr\/#organization\"},\"potentialAction\":[{\"@type\":\"SearchAction\",\"target\":{\"@type\":\"EntryPoint\",\"urlTemplate\":\"https:\/\/dev.centtreize.com\/rsr\/?s={search_term_string}\"},\"query-input\":{\"@type\":\"PropertyValueSpecification\",\"valueRequired\":true,\"valueName\":\"search_term_string\"}}],\"inLanguage\":\"fr-FR\"},{\"@type\":\"Organization\",\"@id\":\"https:\/\/dev.centtreize.com\/rsr\/#organization\",\"name\":\"Recherches de Science Religieuse\",\"url\":\"https:\/\/dev.centtreize.com\/rsr\/\",\"logo\":{\"@type\":\"ImageObject\",\"inLanguage\":\"fr-FR\",\"@id\":\"https:\/\/dev.centtreize.com\/rsr\/#\/schema\/logo\/image\/\",\"url\":\"https:\/\/dev.centtreize.com\/rsr\/wp-content\/uploads\/2024\/10\/logo_rsr.png\",\"contentUrl\":\"https:\/\/dev.centtreize.com\/rsr\/wp-content\/uploads\/2024\/10\/logo_rsr.png\",\"width\":300,\"height\":225,\"caption\":\"Recherches de Science Religieuse\"},\"image\":{\"@id\":\"https:\/\/dev.centtreize.com\/rsr\/#\/schema\/logo\/image\/\"}},{\"@type\":\"Person\",\"@id\":\"https:\/\/dev.centtreize.com\/rsr\/#\/schema\/person\/eb039ce63dcbc3fec0a6b81e43e29ad3\",\"name\":\"H\u00e9l\u00e8ne\",\"url\":\"https:\/\/dev.centtreize.com\/rsr\/author\/rsr\/\"}]}<\/script>\n<!-- \/ Yoast SEO plugin. -->","yoast_head_json":{"title":"Faut-il une conversion \u00e9cologique de l\u2019agir politique ? - Recherches de Science Religieuse","robots":{"index":"index","follow":"follow","max-snippet":"max-snippet:-1","max-image-preview":"max-image-preview:large","max-video-preview":"max-video-preview:-1"},"canonical":"https:\/\/dev.centtreize.com\/rsr\/article\/faut-il-une-conversion-ecologique-de-lagir-politique\/","og_locale":"fr_FR","og_type":"article","og_title":"Faut-il une conversion \u00e9cologique de l\u2019agir politique ? - Recherches de Science Religieuse","og_description":"Pour r\u00e9pondre aux d\u00e9fis de la transition \u00e9cologique, il faut une transformation profonde de l\u2019agir politique. Mais le terme de conversion est-il ad\u00e9quat pour d\u00e9crire cette transformation\u00a0? Les appels des proph\u00e8tes \u00e0 la conversion politique peuvent nous inspirer, \u00e0 condition de les transposer de mani\u00e8re analogique au contexte moderne. La conversion peut alors \u00eatre comprise comme la r\u00e9orientation de l\u2019agir politique lorsqu\u2019il n\u2019est plus align\u00e9 avec le bien commun.","og_url":"https:\/\/dev.centtreize.com\/rsr\/article\/faut-il-une-conversion-ecologique-de-lagir-politique\/","og_site_name":"Recherches de Science Religieuse","article_published_time":"2023-04-14T23:12:12+00:00","article_modified_time":"2025-06-13T07:18:00+00:00","author":"H\u00e9l\u00e8ne","twitter_card":"summary_large_image","twitter_misc":{"\u00c9crit par":"H\u00e9l\u00e8ne"},"schema":{"@context":"https:\/\/schema.org","@graph":[{"@type":"Article","@id":"https:\/\/dev.centtreize.com\/rsr\/article\/faut-il-une-conversion-ecologique-de-lagir-politique\/#article","isPartOf":{"@id":"https:\/\/dev.centtreize.com\/rsr\/article\/faut-il-une-conversion-ecologique-de-lagir-politique\/"},"author":{"name":"H\u00e9l\u00e8ne","@id":"https:\/\/dev.centtreize.com\/rsr\/#\/schema\/person\/eb039ce63dcbc3fec0a6b81e43e29ad3"},"headline":"Faut-il une conversion \u00e9cologique de l\u2019agir politique ?","datePublished":"2023-04-14T23:12:12+00:00","dateModified":"2025-06-13T07:18:00+00:00","mainEntityOfPage":{"@id":"https:\/\/dev.centtreize.com\/rsr\/article\/faut-il-une-conversion-ecologique-de-lagir-politique\/"},"wordCount":86,"publisher":{"@id":"https:\/\/dev.centtreize.com\/rsr\/#organization"},"keywords":["agir politique","Conversion \u00e9cologique","crise \u00e9cologique","dynamique du bien commun","p\u00e9ch\u00e9 structurel","sobri\u00e9t\u00e9"],"articleSection":["article"],"inLanguage":"fr-FR"},{"@type":"WebPage","@id":"https:\/\/dev.centtreize.com\/rsr\/article\/faut-il-une-conversion-ecologique-de-lagir-politique\/","url":"https:\/\/dev.centtreize.com\/rsr\/article\/faut-il-une-conversion-ecologique-de-lagir-politique\/","name":"Faut-il une conversion \u00e9cologique de l\u2019agir politique ? - Recherches de Science Religieuse","isPartOf":{"@id":"https:\/\/dev.centtreize.com\/rsr\/#website"},"datePublished":"2023-04-14T23:12:12+00:00","dateModified":"2025-06-13T07:18:00+00:00","breadcrumb":{"@id":"https:\/\/dev.centtreize.com\/rsr\/article\/faut-il-une-conversion-ecologique-de-lagir-politique\/#breadcrumb"},"inLanguage":"fr-FR","potentialAction":[{"@type":"ReadAction","target":["https:\/\/dev.centtreize.com\/rsr\/article\/faut-il-une-conversion-ecologique-de-lagir-politique\/"]}]},{"@type":"BreadcrumbList","@id":"https:\/\/dev.centtreize.com\/rsr\/article\/faut-il-une-conversion-ecologique-de-lagir-politique\/#breadcrumb","itemListElement":[{"@type":"ListItem","position":1,"name":"Accueil","item":"https:\/\/dev.centtreize.com\/rsr\/"},{"@type":"ListItem","position":2,"name":"Faut-il une conversion \u00e9cologique de l\u2019agir politique ?"}]},{"@type":"WebSite","@id":"https:\/\/dev.centtreize.com\/rsr\/#website","url":"https:\/\/dev.centtreize.com\/rsr\/","name":"Recherches de Science Religieuse","description":"Recherches de Science Religieuse","publisher":{"@id":"https:\/\/dev.centtreize.com\/rsr\/#organization"},"potentialAction":[{"@type":"SearchAction","target":{"@type":"EntryPoint","urlTemplate":"https:\/\/dev.centtreize.com\/rsr\/?s={search_term_string}"},"query-input":{"@type":"PropertyValueSpecification","valueRequired":true,"valueName":"search_term_string"}}],"inLanguage":"fr-FR"},{"@type":"Organization","@id":"https:\/\/dev.centtreize.com\/rsr\/#organization","name":"Recherches de Science Religieuse","url":"https:\/\/dev.centtreize.com\/rsr\/","logo":{"@type":"ImageObject","inLanguage":"fr-FR","@id":"https:\/\/dev.centtreize.com\/rsr\/#\/schema\/logo\/image\/","url":"https:\/\/dev.centtreize.com\/rsr\/wp-content\/uploads\/2024\/10\/logo_rsr.png","contentUrl":"https:\/\/dev.centtreize.com\/rsr\/wp-content\/uploads\/2024\/10\/logo_rsr.png","width":300,"height":225,"caption":"Recherches de Science Religieuse"},"image":{"@id":"https:\/\/dev.centtreize.com\/rsr\/#\/schema\/logo\/image\/"}},{"@type":"Person","@id":"https:\/\/dev.centtreize.com\/rsr\/#\/schema\/person\/eb039ce63dcbc3fec0a6b81e43e29ad3","name":"H\u00e9l\u00e8ne","url":"https:\/\/dev.centtreize.com\/rsr\/author\/rsr\/"}]}},"_links":{"self":[{"href":"https:\/\/dev.centtreize.com\/rsr\/wp-json\/wp\/v2\/posts\/13778","targetHints":{"allow":["GET"]}}],"collection":[{"href":"https:\/\/dev.centtreize.com\/rsr\/wp-json\/wp\/v2\/posts"}],"about":[{"href":"https:\/\/dev.centtreize.com\/rsr\/wp-json\/wp\/v2\/types\/post"}],"author":[{"embeddable":true,"href":"https:\/\/dev.centtreize.com\/rsr\/wp-json\/wp\/v2\/users\/2"}],"replies":[{"embeddable":true,"href":"https:\/\/dev.centtreize.com\/rsr\/wp-json\/wp\/v2\/comments?post=13778"}],"version-history":[{"count":12,"href":"https:\/\/dev.centtreize.com\/rsr\/wp-json\/wp\/v2\/posts\/13778\/revisions"}],"predecessor-version":[{"id":17811,"href":"https:\/\/dev.centtreize.com\/rsr\/wp-json\/wp\/v2\/posts\/13778\/revisions\/17811"}],"wp:attachment":[{"href":"https:\/\/dev.centtreize.com\/rsr\/wp-json\/wp\/v2\/media?parent=13778"}],"wp:term":[{"taxonomy":"category","embeddable":true,"href":"https:\/\/dev.centtreize.com\/rsr\/wp-json\/wp\/v2\/categories?post=13778"},{"taxonomy":"post_tag","embeddable":true,"href":"https:\/\/dev.centtreize.com\/rsr\/wp-json\/wp\/v2\/tags?post=13778"},{"taxonomy":"keywords","embeddable":true,"href":"https:\/\/dev.centtreize.com\/rsr\/wp-json\/wp\/v2\/keywords?post=13778"}],"curies":[{"name":"wp","href":"https:\/\/api.w.org\/{rel}","templated":true}]}}