{"id":13774,"date":"2023-04-15T00:11:39","date_gmt":"2023-04-14T23:11:39","guid":{"rendered":"http:\/\/www.revue-rsr.com\/?p=13774"},"modified":"2025-06-13T08:17:11","modified_gmt":"2025-06-13T07:17:11","slug":"penser-globalement-agir-localement-une-maxime-pour-lecologie-politique","status":"publish","type":"post","link":"https:\/\/dev.centtreize.com\/rsr\/article\/penser-globalement-agir-localement-une-maxime-pour-lecologie-politique\/","title":{"rendered":"Penser globalement, agir  localement : une maxime  pour l\u2019\u00e9cologie politique ?"},"content":{"rendered":"<p>\u00ab&nbsp;Penser globalement, agir localement&nbsp;\u00bb&nbsp;? Bien trouv\u00e9e dans les ann\u00e9es 1970 alors que la crise environnementale prenait une ampleur plan\u00e9taire, la formule a perdu peu \u00e0 peu de sa pertinence. Certes le global a pris de plus en plus d\u2019importance, c\u2019est au niveau global que se sont concert\u00e9s les scientifiques et r\u00e9unis les politiques. Mais outre qu\u2019elle a r\u00e9v\u00e9l\u00e9 ses limites (elle lance l\u2019alerte mais ne permet pas d\u2019agir) cette globalisation extr\u00eame a occult\u00e9 les actions locales, les faisant para\u00eetre n\u00e9gligeables. Elles existent pourtant, multiples, vivaces, inventives. Pour d\u00e9passer la scission entre une globalit\u00e9 terrifiante et des localismes \u00e9parpill\u00e9s, il faut r\u00e9interroger les notions de global et de local. Il ne s\u2019agit pas tant d\u2019opposer le global et le local que de distinguer deux types de globalisation.\u00a0 L\u2019une qui homog\u00e9n\u00e9ise la diversit\u00e9 des donn\u00e9es dans une globalit\u00e9 pr\u00e9existante h\u00e9rit\u00e9e de l\u2019espace et du temps galil\u00e9o-newtoniens. L\u2019autre, que l\u2019on peut nommer mondialisation, qui correspond \u00e0 l\u2019ensemble des processus par lesquels les vivants, humains et non humains, se lient les uns aux autres \u00e0 partir des interactions et d\u00e9pendances saisies localement. Le mondial ne peut \u00eatre appr\u00e9hend\u00e9 qu\u2019\u00e0 partir du local, c\u2019est-\u00e0-dire des mobilisations et des actions en cours pour rendre la Terre habitable \u00e0 condition que celles-ci se multiplient et se relient.<\/p>\n","protected":false},"excerpt":{"rendered":"<p>\u00ab&nbsp;Penser globalement, agir localement&nbsp;\u00bb&nbsp;? Bien trouv\u00e9e dans les ann\u00e9es 1970 alors que la crise environnementale prenait une ampleur plan\u00e9taire, la formule a perdu peu \u00e0 peu de sa pertinence. Certes le global a pris de plus en plus d\u2019importance, c\u2019est au niveau global que se sont concert\u00e9s les scientifiques et r\u00e9unis les politiques. Mais outre qu\u2019elle a r\u00e9v\u00e9l\u00e9 ses limites (elle lance l\u2019alerte mais ne permet pas d\u2019agir) cette globalisation extr\u00eame a occult\u00e9 les actions locales, les faisant para\u00eetre n\u00e9gligeables. Elles existent pourtant, multiples, vivaces, inventives. Pour d\u00e9passer la scission entre une globalit\u00e9 terrifiante et des localismes \u00e9parpill\u00e9s, il faut r\u00e9interroger les notions de global et de local. Il ne s\u2019agit pas tant d\u2019opposer le global et le local que de distinguer deux types de globalisation.\u00a0 L\u2019une qui homog\u00e9n\u00e9ise la diversit\u00e9 des donn\u00e9es dans une globalit\u00e9 pr\u00e9existante h\u00e9rit\u00e9e de l\u2019espace et du temps galil\u00e9o-newtoniens. L\u2019autre, que l\u2019on peut nommer mondialisation, qui correspond \u00e0 l\u2019ensemble des processus par lesquels les vivants,<a class=\"read-more\" href=\"https:\/\/dev.centtreize.com\/rsr\/article\/penser-globalement-agir-localement-une-maxime-pour-lecologie-politique\/\"><\/a><\/p>\n","protected":false},"author":2,"featured_media":0,"comment_status":"closed","ping_status":"closed","sticky":false,"template":"","format":"standard","meta":{"_acf_changed":false,"footnotes":""},"categories":[6],"tags":[962,963,960,964,965,961],"keywords":[1160,1235],"class_list":["post-13774","post","type-post","status-publish","format-standard","hentry","category-article","tag-dereglement-climatique","tag-erosion-de-la-biodiversite","tag-global","tag-impuissance-des-etats","tag-initiatives-citoyennes","tag-local","keywords-ecologie","keywords-politique"],"acf":[],"yoast_head":"<!-- This site is optimized with the Yoast SEO plugin v27.2 - https:\/\/yoast.com\/product\/yoast-seo-wordpress\/ -->\n<title>Penser globalement, agir localement : une maxime pour l\u2019\u00e9cologie politique ? - Recherches de Science Religieuse<\/title>\n<meta name=\"robots\" content=\"index, follow, max-snippet:-1, max-image-preview:large, max-video-preview:-1\" \/>\n<link rel=\"canonical\" href=\"https:\/\/dev.centtreize.com\/rsr\/article\/penser-globalement-agir-localement-une-maxime-pour-lecologie-politique\/\" \/>\n<meta property=\"og:locale\" content=\"fr_FR\" \/>\n<meta property=\"og:type\" content=\"article\" \/>\n<meta property=\"og:title\" content=\"Penser globalement, agir localement : une maxime pour l\u2019\u00e9cologie politique ? - Recherches de Science Religieuse\" \/>\n<meta property=\"og:description\" content=\"\u00ab&nbsp;Penser globalement, agir localement&nbsp;\u00bb&nbsp;? Bien trouv\u00e9e dans les ann\u00e9es 1970 alors que la crise environnementale prenait une ampleur plan\u00e9taire, la formule a perdu peu \u00e0 peu de sa pertinence. Certes le global a pris de plus en plus d\u2019importance, c\u2019est au niveau global que se sont concert\u00e9s les scientifiques et r\u00e9unis les politiques. Mais outre qu\u2019elle a r\u00e9v\u00e9l\u00e9 ses limites (elle lance l\u2019alerte mais ne permet pas d\u2019agir) cette globalisation extr\u00eame a occult\u00e9 les actions locales, les faisant para\u00eetre n\u00e9gligeables. Elles existent pourtant, multiples, vivaces, inventives. Pour d\u00e9passer la scission entre une globalit\u00e9 terrifiante et des localismes \u00e9parpill\u00e9s, il faut r\u00e9interroger les notions de global et de local. Il ne s\u2019agit pas tant d\u2019opposer le global et le local que de distinguer deux types de globalisation.\u00a0 L\u2019une qui homog\u00e9n\u00e9ise la diversit\u00e9 des donn\u00e9es dans une globalit\u00e9 pr\u00e9existante h\u00e9rit\u00e9e de l\u2019espace et du temps galil\u00e9o-newtoniens. L\u2019autre, que l\u2019on peut nommer mondialisation, qui correspond \u00e0 l\u2019ensemble des processus par lesquels les vivants,\" \/>\n<meta property=\"og:url\" content=\"https:\/\/dev.centtreize.com\/rsr\/article\/penser-globalement-agir-localement-une-maxime-pour-lecologie-politique\/\" \/>\n<meta property=\"og:site_name\" content=\"Recherches de Science Religieuse\" \/>\n<meta property=\"article:published_time\" content=\"2023-04-14T23:11:39+00:00\" \/>\n<meta property=\"article:modified_time\" content=\"2025-06-13T07:17:11+00:00\" \/>\n<meta name=\"author\" content=\"H\u00e9l\u00e8ne\" \/>\n<meta name=\"twitter:card\" content=\"summary_large_image\" \/>\n<meta name=\"twitter:label1\" content=\"\u00c9crit par\" \/>\n\t<meta name=\"twitter:data1\" content=\"H\u00e9l\u00e8ne\" \/>\n\t<meta name=\"twitter:label2\" content=\"Dur\u00e9e de lecture estim\u00e9e\" \/>\n\t<meta name=\"twitter:data2\" content=\"1 minute\" \/>\n<script type=\"application\/ld+json\" class=\"yoast-schema-graph\">{\"@context\":\"https:\/\/schema.org\",\"@graph\":[{\"@type\":\"Article\",\"@id\":\"https:\/\/dev.centtreize.com\/rsr\/article\/penser-globalement-agir-localement-une-maxime-pour-lecologie-politique\/#article\",\"isPartOf\":{\"@id\":\"https:\/\/dev.centtreize.com\/rsr\/article\/penser-globalement-agir-localement-une-maxime-pour-lecologie-politique\/\"},\"author\":{\"name\":\"H\u00e9l\u00e8ne\",\"@id\":\"https:\/\/dev.centtreize.com\/rsr\/#\/schema\/person\/eb039ce63dcbc3fec0a6b81e43e29ad3\"},\"headline\":\"Penser globalement, agir localement : une maxime pour l\u2019\u00e9cologie politique ?\",\"datePublished\":\"2023-04-14T23:11:39+00:00\",\"dateModified\":\"2025-06-13T07:17:11+00:00\",\"mainEntityOfPage\":{\"@id\":\"https:\/\/dev.centtreize.com\/rsr\/article\/penser-globalement-agir-localement-une-maxime-pour-lecologie-politique\/\"},\"wordCount\":251,\"publisher\":{\"@id\":\"https:\/\/dev.centtreize.com\/rsr\/#organization\"},\"keywords\":[\"d\u00e9r\u00e8glement climatique\",\"\u00e9rosion de la biodiversit\u00e9\",\"Global\",\"impuissance des Etats\",\"initiatives citoyennes\",\"local\"],\"articleSection\":[\"article\"],\"inLanguage\":\"fr-FR\"},{\"@type\":\"WebPage\",\"@id\":\"https:\/\/dev.centtreize.com\/rsr\/article\/penser-globalement-agir-localement-une-maxime-pour-lecologie-politique\/\",\"url\":\"https:\/\/dev.centtreize.com\/rsr\/article\/penser-globalement-agir-localement-une-maxime-pour-lecologie-politique\/\",\"name\":\"Penser globalement, agir localement : une maxime pour l\u2019\u00e9cologie politique ? - Recherches de Science Religieuse\",\"isPartOf\":{\"@id\":\"https:\/\/dev.centtreize.com\/rsr\/#website\"},\"datePublished\":\"2023-04-14T23:11:39+00:00\",\"dateModified\":\"2025-06-13T07:17:11+00:00\",\"breadcrumb\":{\"@id\":\"https:\/\/dev.centtreize.com\/rsr\/article\/penser-globalement-agir-localement-une-maxime-pour-lecologie-politique\/#breadcrumb\"},\"inLanguage\":\"fr-FR\",\"potentialAction\":[{\"@type\":\"ReadAction\",\"target\":[\"https:\/\/dev.centtreize.com\/rsr\/article\/penser-globalement-agir-localement-une-maxime-pour-lecologie-politique\/\"]}]},{\"@type\":\"BreadcrumbList\",\"@id\":\"https:\/\/dev.centtreize.com\/rsr\/article\/penser-globalement-agir-localement-une-maxime-pour-lecologie-politique\/#breadcrumb\",\"itemListElement\":[{\"@type\":\"ListItem\",\"position\":1,\"name\":\"Accueil\",\"item\":\"https:\/\/dev.centtreize.com\/rsr\/\"},{\"@type\":\"ListItem\",\"position\":2,\"name\":\"Penser globalement, agir localement : une maxime pour l\u2019\u00e9cologie politique ?\"}]},{\"@type\":\"WebSite\",\"@id\":\"https:\/\/dev.centtreize.com\/rsr\/#website\",\"url\":\"https:\/\/dev.centtreize.com\/rsr\/\",\"name\":\"Recherches de Science Religieuse\",\"description\":\"Recherches de Science Religieuse\",\"publisher\":{\"@id\":\"https:\/\/dev.centtreize.com\/rsr\/#organization\"},\"potentialAction\":[{\"@type\":\"SearchAction\",\"target\":{\"@type\":\"EntryPoint\",\"urlTemplate\":\"https:\/\/dev.centtreize.com\/rsr\/?s={search_term_string}\"},\"query-input\":{\"@type\":\"PropertyValueSpecification\",\"valueRequired\":true,\"valueName\":\"search_term_string\"}}],\"inLanguage\":\"fr-FR\"},{\"@type\":\"Organization\",\"@id\":\"https:\/\/dev.centtreize.com\/rsr\/#organization\",\"name\":\"Recherches de Science Religieuse\",\"url\":\"https:\/\/dev.centtreize.com\/rsr\/\",\"logo\":{\"@type\":\"ImageObject\",\"inLanguage\":\"fr-FR\",\"@id\":\"https:\/\/dev.centtreize.com\/rsr\/#\/schema\/logo\/image\/\",\"url\":\"https:\/\/dev.centtreize.com\/rsr\/wp-content\/uploads\/2024\/10\/logo_rsr.png\",\"contentUrl\":\"https:\/\/dev.centtreize.com\/rsr\/wp-content\/uploads\/2024\/10\/logo_rsr.png\",\"width\":300,\"height\":225,\"caption\":\"Recherches de Science Religieuse\"},\"image\":{\"@id\":\"https:\/\/dev.centtreize.com\/rsr\/#\/schema\/logo\/image\/\"}},{\"@type\":\"Person\",\"@id\":\"https:\/\/dev.centtreize.com\/rsr\/#\/schema\/person\/eb039ce63dcbc3fec0a6b81e43e29ad3\",\"name\":\"H\u00e9l\u00e8ne\",\"url\":\"https:\/\/dev.centtreize.com\/rsr\/author\/rsr\/\"}]}<\/script>\n<!-- \/ Yoast SEO plugin. -->","yoast_head_json":{"title":"Penser globalement, agir localement : une maxime pour l\u2019\u00e9cologie politique ? - Recherches de Science Religieuse","robots":{"index":"index","follow":"follow","max-snippet":"max-snippet:-1","max-image-preview":"max-image-preview:large","max-video-preview":"max-video-preview:-1"},"canonical":"https:\/\/dev.centtreize.com\/rsr\/article\/penser-globalement-agir-localement-une-maxime-pour-lecologie-politique\/","og_locale":"fr_FR","og_type":"article","og_title":"Penser globalement, agir localement : une maxime pour l\u2019\u00e9cologie politique ? - Recherches de Science Religieuse","og_description":"\u00ab&nbsp;Penser globalement, agir localement&nbsp;\u00bb&nbsp;? Bien trouv\u00e9e dans les ann\u00e9es 1970 alors que la crise environnementale prenait une ampleur plan\u00e9taire, la formule a perdu peu \u00e0 peu de sa pertinence. Certes le global a pris de plus en plus d\u2019importance, c\u2019est au niveau global que se sont concert\u00e9s les scientifiques et r\u00e9unis les politiques. Mais outre qu\u2019elle a r\u00e9v\u00e9l\u00e9 ses limites (elle lance l\u2019alerte mais ne permet pas d\u2019agir) cette globalisation extr\u00eame a occult\u00e9 les actions locales, les faisant para\u00eetre n\u00e9gligeables. Elles existent pourtant, multiples, vivaces, inventives. Pour d\u00e9passer la scission entre une globalit\u00e9 terrifiante et des localismes \u00e9parpill\u00e9s, il faut r\u00e9interroger les notions de global et de local. Il ne s\u2019agit pas tant d\u2019opposer le global et le local que de distinguer deux types de globalisation.\u00a0 L\u2019une qui homog\u00e9n\u00e9ise la diversit\u00e9 des donn\u00e9es dans une globalit\u00e9 pr\u00e9existante h\u00e9rit\u00e9e de l\u2019espace et du temps galil\u00e9o-newtoniens. L\u2019autre, que l\u2019on peut nommer mondialisation, qui correspond \u00e0 l\u2019ensemble des processus par lesquels les vivants,","og_url":"https:\/\/dev.centtreize.com\/rsr\/article\/penser-globalement-agir-localement-une-maxime-pour-lecologie-politique\/","og_site_name":"Recherches de Science Religieuse","article_published_time":"2023-04-14T23:11:39+00:00","article_modified_time":"2025-06-13T07:17:11+00:00","author":"H\u00e9l\u00e8ne","twitter_card":"summary_large_image","twitter_misc":{"\u00c9crit par":"H\u00e9l\u00e8ne","Dur\u00e9e de lecture estim\u00e9e":"1 minute"},"schema":{"@context":"https:\/\/schema.org","@graph":[{"@type":"Article","@id":"https:\/\/dev.centtreize.com\/rsr\/article\/penser-globalement-agir-localement-une-maxime-pour-lecologie-politique\/#article","isPartOf":{"@id":"https:\/\/dev.centtreize.com\/rsr\/article\/penser-globalement-agir-localement-une-maxime-pour-lecologie-politique\/"},"author":{"name":"H\u00e9l\u00e8ne","@id":"https:\/\/dev.centtreize.com\/rsr\/#\/schema\/person\/eb039ce63dcbc3fec0a6b81e43e29ad3"},"headline":"Penser globalement, agir localement : une maxime pour l\u2019\u00e9cologie politique ?","datePublished":"2023-04-14T23:11:39+00:00","dateModified":"2025-06-13T07:17:11+00:00","mainEntityOfPage":{"@id":"https:\/\/dev.centtreize.com\/rsr\/article\/penser-globalement-agir-localement-une-maxime-pour-lecologie-politique\/"},"wordCount":251,"publisher":{"@id":"https:\/\/dev.centtreize.com\/rsr\/#organization"},"keywords":["d\u00e9r\u00e8glement climatique","\u00e9rosion de la biodiversit\u00e9","Global","impuissance des Etats","initiatives citoyennes","local"],"articleSection":["article"],"inLanguage":"fr-FR"},{"@type":"WebPage","@id":"https:\/\/dev.centtreize.com\/rsr\/article\/penser-globalement-agir-localement-une-maxime-pour-lecologie-politique\/","url":"https:\/\/dev.centtreize.com\/rsr\/article\/penser-globalement-agir-localement-une-maxime-pour-lecologie-politique\/","name":"Penser globalement, agir localement : une maxime pour l\u2019\u00e9cologie politique ? - Recherches de Science Religieuse","isPartOf":{"@id":"https:\/\/dev.centtreize.com\/rsr\/#website"},"datePublished":"2023-04-14T23:11:39+00:00","dateModified":"2025-06-13T07:17:11+00:00","breadcrumb":{"@id":"https:\/\/dev.centtreize.com\/rsr\/article\/penser-globalement-agir-localement-une-maxime-pour-lecologie-politique\/#breadcrumb"},"inLanguage":"fr-FR","potentialAction":[{"@type":"ReadAction","target":["https:\/\/dev.centtreize.com\/rsr\/article\/penser-globalement-agir-localement-une-maxime-pour-lecologie-politique\/"]}]},{"@type":"BreadcrumbList","@id":"https:\/\/dev.centtreize.com\/rsr\/article\/penser-globalement-agir-localement-une-maxime-pour-lecologie-politique\/#breadcrumb","itemListElement":[{"@type":"ListItem","position":1,"name":"Accueil","item":"https:\/\/dev.centtreize.com\/rsr\/"},{"@type":"ListItem","position":2,"name":"Penser globalement, agir localement : une maxime pour l\u2019\u00e9cologie politique ?"}]},{"@type":"WebSite","@id":"https:\/\/dev.centtreize.com\/rsr\/#website","url":"https:\/\/dev.centtreize.com\/rsr\/","name":"Recherches de Science Religieuse","description":"Recherches de Science Religieuse","publisher":{"@id":"https:\/\/dev.centtreize.com\/rsr\/#organization"},"potentialAction":[{"@type":"SearchAction","target":{"@type":"EntryPoint","urlTemplate":"https:\/\/dev.centtreize.com\/rsr\/?s={search_term_string}"},"query-input":{"@type":"PropertyValueSpecification","valueRequired":true,"valueName":"search_term_string"}}],"inLanguage":"fr-FR"},{"@type":"Organization","@id":"https:\/\/dev.centtreize.com\/rsr\/#organization","name":"Recherches de Science Religieuse","url":"https:\/\/dev.centtreize.com\/rsr\/","logo":{"@type":"ImageObject","inLanguage":"fr-FR","@id":"https:\/\/dev.centtreize.com\/rsr\/#\/schema\/logo\/image\/","url":"https:\/\/dev.centtreize.com\/rsr\/wp-content\/uploads\/2024\/10\/logo_rsr.png","contentUrl":"https:\/\/dev.centtreize.com\/rsr\/wp-content\/uploads\/2024\/10\/logo_rsr.png","width":300,"height":225,"caption":"Recherches de Science Religieuse"},"image":{"@id":"https:\/\/dev.centtreize.com\/rsr\/#\/schema\/logo\/image\/"}},{"@type":"Person","@id":"https:\/\/dev.centtreize.com\/rsr\/#\/schema\/person\/eb039ce63dcbc3fec0a6b81e43e29ad3","name":"H\u00e9l\u00e8ne","url":"https:\/\/dev.centtreize.com\/rsr\/author\/rsr\/"}]}},"_links":{"self":[{"href":"https:\/\/dev.centtreize.com\/rsr\/wp-json\/wp\/v2\/posts\/13774","targetHints":{"allow":["GET"]}}],"collection":[{"href":"https:\/\/dev.centtreize.com\/rsr\/wp-json\/wp\/v2\/posts"}],"about":[{"href":"https:\/\/dev.centtreize.com\/rsr\/wp-json\/wp\/v2\/types\/post"}],"author":[{"embeddable":true,"href":"https:\/\/dev.centtreize.com\/rsr\/wp-json\/wp\/v2\/users\/2"}],"replies":[{"embeddable":true,"href":"https:\/\/dev.centtreize.com\/rsr\/wp-json\/wp\/v2\/comments?post=13774"}],"version-history":[{"count":11,"href":"https:\/\/dev.centtreize.com\/rsr\/wp-json\/wp\/v2\/posts\/13774\/revisions"}],"predecessor-version":[{"id":17809,"href":"https:\/\/dev.centtreize.com\/rsr\/wp-json\/wp\/v2\/posts\/13774\/revisions\/17809"}],"wp:attachment":[{"href":"https:\/\/dev.centtreize.com\/rsr\/wp-json\/wp\/v2\/media?parent=13774"}],"wp:term":[{"taxonomy":"category","embeddable":true,"href":"https:\/\/dev.centtreize.com\/rsr\/wp-json\/wp\/v2\/categories?post=13774"},{"taxonomy":"post_tag","embeddable":true,"href":"https:\/\/dev.centtreize.com\/rsr\/wp-json\/wp\/v2\/tags?post=13774"},{"taxonomy":"keywords","embeddable":true,"href":"https:\/\/dev.centtreize.com\/rsr\/wp-json\/wp\/v2\/keywords?post=13774"}],"curies":[{"name":"wp","href":"https:\/\/api.w.org\/{rel}","templated":true}]}}