{"id":13770,"date":"2023-04-15T00:10:39","date_gmt":"2023-04-14T23:10:39","guid":{"rendered":"http:\/\/www.revue-rsr.com\/?p=13770"},"modified":"2025-06-13T08:16:47","modified_gmt":"2025-06-13T07:16:47","slug":"relier-le-cri-des-pauvres-et-le-cri-de-la-terre-vers-quels-chantiers-theologiques-et-quelles-pratiques-ecclesiales","status":"publish","type":"post","link":"https:\/\/dev.centtreize.com\/rsr\/article\/relier-le-cri-des-pauvres-et-le-cri-de-la-terre-vers-quels-chantiers-theologiques-et-quelles-pratiques-ecclesiales\/","title":{"rendered":"Relier le cri des pauvres et le cri de la terre : vers quels chantiers th\u00e9ologiques et quelles pratiques eccl\u00e9siales ?"},"content":{"rendered":"<p>Relier le cri des pauvres et le cri de la terre ouvre de nouveaux chantiers th\u00e9ologiques et pratiques. L\u2019article d\u00e9veloppe trois d\u2019entre eux. Les recherches en \u00e9co-th\u00e9ologie de la lib\u00e9ration montrent que la Bible peut fournir un imaginaire utopico-critique capable de transformer nos imaginaires id\u00e9ologiques et nos pratiques dominatrices. L\u2019examen de notre rapport au temps indique une d\u00e9synchronisation avec le temps de la nature et le temps des pauvres qui appelle \u00e0 un regard vers l\u2019histoire du salut et la pratique du sabbat. Enfin la crise actuelle appelle \u00e0 d\u00e9velopper de nouvelles attitudes int\u00e9rieures et en particulier la vertu d\u2019esp\u00e9rance dont les pauvres sont des ma\u00eetres.<\/p>\n","protected":false},"excerpt":{"rendered":"<p>Relier le cri des pauvres et le cri de la terre ouvre de nouveaux chantiers th\u00e9ologiques et pratiques. L\u2019article d\u00e9veloppe trois d\u2019entre eux. Les recherches en \u00e9co-th\u00e9ologie de la lib\u00e9ration montrent que la Bible peut fournir un imaginaire utopico-critique capable de transformer nos imaginaires id\u00e9ologiques et nos pratiques dominatrices. L\u2019examen de notre rapport au temps indique une d\u00e9synchronisation avec le temps de la nature et le temps des pauvres qui appelle \u00e0 un regard vers l\u2019histoire du salut et la pratique du sabbat. Enfin la crise actuelle appelle \u00e0 d\u00e9velopper de nouvelles attitudes int\u00e9rieures et en particulier la vertu d\u2019esp\u00e9rance dont les pauvres sont des ma\u00eetres.<\/p>\n","protected":false},"author":2,"featured_media":0,"comment_status":"closed","ping_status":"closed","sticky":false,"template":"","format":"standard","meta":{"_acf_changed":false,"footnotes":""},"categories":[6],"tags":[40,893,958,959,585,46],"keywords":[1160,1137],"class_list":["post-13770","post","type-post","status-publish","format-standard","hentry","category-article","tag-bible","tag-ecologie","tag-ethique-de-la-liberation","tag-pauvres","tag-temps","tag-theologie","keywords-ecologie","keywords-eglise"],"acf":[],"yoast_head":"<!-- This site is optimized with the Yoast SEO plugin v27.2 - https:\/\/yoast.com\/product\/yoast-seo-wordpress\/ -->\n<title>Relier le cri des pauvres et le cri de la terre : vers quels chantiers th\u00e9ologiques et quelles pratiques eccl\u00e9siales ? - Recherches de Science Religieuse<\/title>\n<meta name=\"robots\" content=\"index, follow, max-snippet:-1, max-image-preview:large, max-video-preview:-1\" \/>\n<link rel=\"canonical\" href=\"https:\/\/dev.centtreize.com\/rsr\/article\/relier-le-cri-des-pauvres-et-le-cri-de-la-terre-vers-quels-chantiers-theologiques-et-quelles-pratiques-ecclesiales\/\" \/>\n<meta property=\"og:locale\" content=\"fr_FR\" \/>\n<meta property=\"og:type\" content=\"article\" \/>\n<meta property=\"og:title\" content=\"Relier le cri des pauvres et le cri de la terre : vers quels chantiers th\u00e9ologiques et quelles pratiques eccl\u00e9siales ? - Recherches de Science Religieuse\" \/>\n<meta property=\"og:description\" content=\"Relier le cri des pauvres et le cri de la terre ouvre de nouveaux chantiers th\u00e9ologiques et pratiques. L\u2019article d\u00e9veloppe trois d\u2019entre eux. Les recherches en \u00e9co-th\u00e9ologie de la lib\u00e9ration montrent que la Bible peut fournir un imaginaire utopico-critique capable de transformer nos imaginaires id\u00e9ologiques et nos pratiques dominatrices. L\u2019examen de notre rapport au temps indique une d\u00e9synchronisation avec le temps de la nature et le temps des pauvres qui appelle \u00e0 un regard vers l\u2019histoire du salut et la pratique du sabbat. Enfin la crise actuelle appelle \u00e0 d\u00e9velopper de nouvelles attitudes int\u00e9rieures et en particulier la vertu d\u2019esp\u00e9rance dont les pauvres sont des ma\u00eetres.\" \/>\n<meta property=\"og:url\" content=\"https:\/\/dev.centtreize.com\/rsr\/article\/relier-le-cri-des-pauvres-et-le-cri-de-la-terre-vers-quels-chantiers-theologiques-et-quelles-pratiques-ecclesiales\/\" \/>\n<meta property=\"og:site_name\" content=\"Recherches de Science Religieuse\" \/>\n<meta property=\"article:published_time\" content=\"2023-04-14T23:10:39+00:00\" \/>\n<meta property=\"article:modified_time\" content=\"2025-06-13T07:16:47+00:00\" \/>\n<meta name=\"author\" content=\"H\u00e9l\u00e8ne\" \/>\n<meta name=\"twitter:card\" content=\"summary_large_image\" \/>\n<meta name=\"twitter:label1\" content=\"\u00c9crit par\" \/>\n\t<meta name=\"twitter:data1\" content=\"H\u00e9l\u00e8ne\" \/>\n\t<meta name=\"twitter:label2\" content=\"Dur\u00e9e de lecture estim\u00e9e\" \/>\n\t<meta name=\"twitter:data2\" content=\"1 minute\" \/>\n<script type=\"application\/ld+json\" class=\"yoast-schema-graph\">{\"@context\":\"https:\/\/schema.org\",\"@graph\":[{\"@type\":\"Article\",\"@id\":\"https:\/\/dev.centtreize.com\/rsr\/article\/relier-le-cri-des-pauvres-et-le-cri-de-la-terre-vers-quels-chantiers-theologiques-et-quelles-pratiques-ecclesiales\/#article\",\"isPartOf\":{\"@id\":\"https:\/\/dev.centtreize.com\/rsr\/article\/relier-le-cri-des-pauvres-et-le-cri-de-la-terre-vers-quels-chantiers-theologiques-et-quelles-pratiques-ecclesiales\/\"},\"author\":{\"name\":\"H\u00e9l\u00e8ne\",\"@id\":\"https:\/\/dev.centtreize.com\/rsr\/#\/schema\/person\/eb039ce63dcbc3fec0a6b81e43e29ad3\"},\"headline\":\"Relier le cri des pauvres et le cri de la terre : vers quels chantiers th\u00e9ologiques et quelles pratiques eccl\u00e9siales ?\",\"datePublished\":\"2023-04-14T23:10:39+00:00\",\"dateModified\":\"2025-06-13T07:16:47+00:00\",\"mainEntityOfPage\":{\"@id\":\"https:\/\/dev.centtreize.com\/rsr\/article\/relier-le-cri-des-pauvres-et-le-cri-de-la-terre-vers-quels-chantiers-theologiques-et-quelles-pratiques-ecclesiales\/\"},\"wordCount\":140,\"publisher\":{\"@id\":\"https:\/\/dev.centtreize.com\/rsr\/#organization\"},\"keywords\":[\"bible\",\"\u00c9cologie\",\"\u00e9thique de la lib\u00e9ration\",\"pauvres\",\"Temps\",\"th\u00e9ologie\"],\"articleSection\":[\"article\"],\"inLanguage\":\"fr-FR\"},{\"@type\":\"WebPage\",\"@id\":\"https:\/\/dev.centtreize.com\/rsr\/article\/relier-le-cri-des-pauvres-et-le-cri-de-la-terre-vers-quels-chantiers-theologiques-et-quelles-pratiques-ecclesiales\/\",\"url\":\"https:\/\/dev.centtreize.com\/rsr\/article\/relier-le-cri-des-pauvres-et-le-cri-de-la-terre-vers-quels-chantiers-theologiques-et-quelles-pratiques-ecclesiales\/\",\"name\":\"Relier le cri des pauvres et le cri de la terre : vers quels chantiers th\u00e9ologiques et quelles pratiques eccl\u00e9siales ? - Recherches de Science Religieuse\",\"isPartOf\":{\"@id\":\"https:\/\/dev.centtreize.com\/rsr\/#website\"},\"datePublished\":\"2023-04-14T23:10:39+00:00\",\"dateModified\":\"2025-06-13T07:16:47+00:00\",\"breadcrumb\":{\"@id\":\"https:\/\/dev.centtreize.com\/rsr\/article\/relier-le-cri-des-pauvres-et-le-cri-de-la-terre-vers-quels-chantiers-theologiques-et-quelles-pratiques-ecclesiales\/#breadcrumb\"},\"inLanguage\":\"fr-FR\",\"potentialAction\":[{\"@type\":\"ReadAction\",\"target\":[\"https:\/\/dev.centtreize.com\/rsr\/article\/relier-le-cri-des-pauvres-et-le-cri-de-la-terre-vers-quels-chantiers-theologiques-et-quelles-pratiques-ecclesiales\/\"]}]},{\"@type\":\"BreadcrumbList\",\"@id\":\"https:\/\/dev.centtreize.com\/rsr\/article\/relier-le-cri-des-pauvres-et-le-cri-de-la-terre-vers-quels-chantiers-theologiques-et-quelles-pratiques-ecclesiales\/#breadcrumb\",\"itemListElement\":[{\"@type\":\"ListItem\",\"position\":1,\"name\":\"Accueil\",\"item\":\"https:\/\/dev.centtreize.com\/rsr\/\"},{\"@type\":\"ListItem\",\"position\":2,\"name\":\"Relier le cri des pauvres et le cri de la terre : vers quels chantiers th\u00e9ologiques et quelles pratiques eccl\u00e9siales ?\"}]},{\"@type\":\"WebSite\",\"@id\":\"https:\/\/dev.centtreize.com\/rsr\/#website\",\"url\":\"https:\/\/dev.centtreize.com\/rsr\/\",\"name\":\"Recherches de Science Religieuse\",\"description\":\"Recherches de Science Religieuse\",\"publisher\":{\"@id\":\"https:\/\/dev.centtreize.com\/rsr\/#organization\"},\"potentialAction\":[{\"@type\":\"SearchAction\",\"target\":{\"@type\":\"EntryPoint\",\"urlTemplate\":\"https:\/\/dev.centtreize.com\/rsr\/?s={search_term_string}\"},\"query-input\":{\"@type\":\"PropertyValueSpecification\",\"valueRequired\":true,\"valueName\":\"search_term_string\"}}],\"inLanguage\":\"fr-FR\"},{\"@type\":\"Organization\",\"@id\":\"https:\/\/dev.centtreize.com\/rsr\/#organization\",\"name\":\"Recherches de Science Religieuse\",\"url\":\"https:\/\/dev.centtreize.com\/rsr\/\",\"logo\":{\"@type\":\"ImageObject\",\"inLanguage\":\"fr-FR\",\"@id\":\"https:\/\/dev.centtreize.com\/rsr\/#\/schema\/logo\/image\/\",\"url\":\"https:\/\/dev.centtreize.com\/rsr\/wp-content\/uploads\/2024\/10\/logo_rsr.png\",\"contentUrl\":\"https:\/\/dev.centtreize.com\/rsr\/wp-content\/uploads\/2024\/10\/logo_rsr.png\",\"width\":300,\"height\":225,\"caption\":\"Recherches de Science Religieuse\"},\"image\":{\"@id\":\"https:\/\/dev.centtreize.com\/rsr\/#\/schema\/logo\/image\/\"}},{\"@type\":\"Person\",\"@id\":\"https:\/\/dev.centtreize.com\/rsr\/#\/schema\/person\/eb039ce63dcbc3fec0a6b81e43e29ad3\",\"name\":\"H\u00e9l\u00e8ne\",\"url\":\"https:\/\/dev.centtreize.com\/rsr\/author\/rsr\/\"}]}<\/script>\n<!-- \/ Yoast SEO plugin. -->","yoast_head_json":{"title":"Relier le cri des pauvres et le cri de la terre : vers quels chantiers th\u00e9ologiques et quelles pratiques eccl\u00e9siales ? - Recherches de Science Religieuse","robots":{"index":"index","follow":"follow","max-snippet":"max-snippet:-1","max-image-preview":"max-image-preview:large","max-video-preview":"max-video-preview:-1"},"canonical":"https:\/\/dev.centtreize.com\/rsr\/article\/relier-le-cri-des-pauvres-et-le-cri-de-la-terre-vers-quels-chantiers-theologiques-et-quelles-pratiques-ecclesiales\/","og_locale":"fr_FR","og_type":"article","og_title":"Relier le cri des pauvres et le cri de la terre : vers quels chantiers th\u00e9ologiques et quelles pratiques eccl\u00e9siales ? - Recherches de Science Religieuse","og_description":"Relier le cri des pauvres et le cri de la terre ouvre de nouveaux chantiers th\u00e9ologiques et pratiques. L\u2019article d\u00e9veloppe trois d\u2019entre eux. Les recherches en \u00e9co-th\u00e9ologie de la lib\u00e9ration montrent que la Bible peut fournir un imaginaire utopico-critique capable de transformer nos imaginaires id\u00e9ologiques et nos pratiques dominatrices. L\u2019examen de notre rapport au temps indique une d\u00e9synchronisation avec le temps de la nature et le temps des pauvres qui appelle \u00e0 un regard vers l\u2019histoire du salut et la pratique du sabbat. Enfin la crise actuelle appelle \u00e0 d\u00e9velopper de nouvelles attitudes int\u00e9rieures et en particulier la vertu d\u2019esp\u00e9rance dont les pauvres sont des ma\u00eetres.","og_url":"https:\/\/dev.centtreize.com\/rsr\/article\/relier-le-cri-des-pauvres-et-le-cri-de-la-terre-vers-quels-chantiers-theologiques-et-quelles-pratiques-ecclesiales\/","og_site_name":"Recherches de Science Religieuse","article_published_time":"2023-04-14T23:10:39+00:00","article_modified_time":"2025-06-13T07:16:47+00:00","author":"H\u00e9l\u00e8ne","twitter_card":"summary_large_image","twitter_misc":{"\u00c9crit par":"H\u00e9l\u00e8ne","Dur\u00e9e de lecture estim\u00e9e":"1 minute"},"schema":{"@context":"https:\/\/schema.org","@graph":[{"@type":"Article","@id":"https:\/\/dev.centtreize.com\/rsr\/article\/relier-le-cri-des-pauvres-et-le-cri-de-la-terre-vers-quels-chantiers-theologiques-et-quelles-pratiques-ecclesiales\/#article","isPartOf":{"@id":"https:\/\/dev.centtreize.com\/rsr\/article\/relier-le-cri-des-pauvres-et-le-cri-de-la-terre-vers-quels-chantiers-theologiques-et-quelles-pratiques-ecclesiales\/"},"author":{"name":"H\u00e9l\u00e8ne","@id":"https:\/\/dev.centtreize.com\/rsr\/#\/schema\/person\/eb039ce63dcbc3fec0a6b81e43e29ad3"},"headline":"Relier le cri des pauvres et le cri de la terre : vers quels chantiers th\u00e9ologiques et quelles pratiques eccl\u00e9siales ?","datePublished":"2023-04-14T23:10:39+00:00","dateModified":"2025-06-13T07:16:47+00:00","mainEntityOfPage":{"@id":"https:\/\/dev.centtreize.com\/rsr\/article\/relier-le-cri-des-pauvres-et-le-cri-de-la-terre-vers-quels-chantiers-theologiques-et-quelles-pratiques-ecclesiales\/"},"wordCount":140,"publisher":{"@id":"https:\/\/dev.centtreize.com\/rsr\/#organization"},"keywords":["bible","\u00c9cologie","\u00e9thique de la lib\u00e9ration","pauvres","Temps","th\u00e9ologie"],"articleSection":["article"],"inLanguage":"fr-FR"},{"@type":"WebPage","@id":"https:\/\/dev.centtreize.com\/rsr\/article\/relier-le-cri-des-pauvres-et-le-cri-de-la-terre-vers-quels-chantiers-theologiques-et-quelles-pratiques-ecclesiales\/","url":"https:\/\/dev.centtreize.com\/rsr\/article\/relier-le-cri-des-pauvres-et-le-cri-de-la-terre-vers-quels-chantiers-theologiques-et-quelles-pratiques-ecclesiales\/","name":"Relier le cri des pauvres et le cri de la terre : vers quels chantiers th\u00e9ologiques et quelles pratiques eccl\u00e9siales ? - Recherches de Science Religieuse","isPartOf":{"@id":"https:\/\/dev.centtreize.com\/rsr\/#website"},"datePublished":"2023-04-14T23:10:39+00:00","dateModified":"2025-06-13T07:16:47+00:00","breadcrumb":{"@id":"https:\/\/dev.centtreize.com\/rsr\/article\/relier-le-cri-des-pauvres-et-le-cri-de-la-terre-vers-quels-chantiers-theologiques-et-quelles-pratiques-ecclesiales\/#breadcrumb"},"inLanguage":"fr-FR","potentialAction":[{"@type":"ReadAction","target":["https:\/\/dev.centtreize.com\/rsr\/article\/relier-le-cri-des-pauvres-et-le-cri-de-la-terre-vers-quels-chantiers-theologiques-et-quelles-pratiques-ecclesiales\/"]}]},{"@type":"BreadcrumbList","@id":"https:\/\/dev.centtreize.com\/rsr\/article\/relier-le-cri-des-pauvres-et-le-cri-de-la-terre-vers-quels-chantiers-theologiques-et-quelles-pratiques-ecclesiales\/#breadcrumb","itemListElement":[{"@type":"ListItem","position":1,"name":"Accueil","item":"https:\/\/dev.centtreize.com\/rsr\/"},{"@type":"ListItem","position":2,"name":"Relier le cri des pauvres et le cri de la terre : vers quels chantiers th\u00e9ologiques et quelles pratiques eccl\u00e9siales ?"}]},{"@type":"WebSite","@id":"https:\/\/dev.centtreize.com\/rsr\/#website","url":"https:\/\/dev.centtreize.com\/rsr\/","name":"Recherches de Science Religieuse","description":"Recherches de Science Religieuse","publisher":{"@id":"https:\/\/dev.centtreize.com\/rsr\/#organization"},"potentialAction":[{"@type":"SearchAction","target":{"@type":"EntryPoint","urlTemplate":"https:\/\/dev.centtreize.com\/rsr\/?s={search_term_string}"},"query-input":{"@type":"PropertyValueSpecification","valueRequired":true,"valueName":"search_term_string"}}],"inLanguage":"fr-FR"},{"@type":"Organization","@id":"https:\/\/dev.centtreize.com\/rsr\/#organization","name":"Recherches de Science Religieuse","url":"https:\/\/dev.centtreize.com\/rsr\/","logo":{"@type":"ImageObject","inLanguage":"fr-FR","@id":"https:\/\/dev.centtreize.com\/rsr\/#\/schema\/logo\/image\/","url":"https:\/\/dev.centtreize.com\/rsr\/wp-content\/uploads\/2024\/10\/logo_rsr.png","contentUrl":"https:\/\/dev.centtreize.com\/rsr\/wp-content\/uploads\/2024\/10\/logo_rsr.png","width":300,"height":225,"caption":"Recherches de Science Religieuse"},"image":{"@id":"https:\/\/dev.centtreize.com\/rsr\/#\/schema\/logo\/image\/"}},{"@type":"Person","@id":"https:\/\/dev.centtreize.com\/rsr\/#\/schema\/person\/eb039ce63dcbc3fec0a6b81e43e29ad3","name":"H\u00e9l\u00e8ne","url":"https:\/\/dev.centtreize.com\/rsr\/author\/rsr\/"}]}},"_links":{"self":[{"href":"https:\/\/dev.centtreize.com\/rsr\/wp-json\/wp\/v2\/posts\/13770","targetHints":{"allow":["GET"]}}],"collection":[{"href":"https:\/\/dev.centtreize.com\/rsr\/wp-json\/wp\/v2\/posts"}],"about":[{"href":"https:\/\/dev.centtreize.com\/rsr\/wp-json\/wp\/v2\/types\/post"}],"author":[{"embeddable":true,"href":"https:\/\/dev.centtreize.com\/rsr\/wp-json\/wp\/v2\/users\/2"}],"replies":[{"embeddable":true,"href":"https:\/\/dev.centtreize.com\/rsr\/wp-json\/wp\/v2\/comments?post=13770"}],"version-history":[{"count":10,"href":"https:\/\/dev.centtreize.com\/rsr\/wp-json\/wp\/v2\/posts\/13770\/revisions"}],"predecessor-version":[{"id":17807,"href":"https:\/\/dev.centtreize.com\/rsr\/wp-json\/wp\/v2\/posts\/13770\/revisions\/17807"}],"wp:attachment":[{"href":"https:\/\/dev.centtreize.com\/rsr\/wp-json\/wp\/v2\/media?parent=13770"}],"wp:term":[{"taxonomy":"category","embeddable":true,"href":"https:\/\/dev.centtreize.com\/rsr\/wp-json\/wp\/v2\/categories?post=13770"},{"taxonomy":"post_tag","embeddable":true,"href":"https:\/\/dev.centtreize.com\/rsr\/wp-json\/wp\/v2\/tags?post=13770"},{"taxonomy":"keywords","embeddable":true,"href":"https:\/\/dev.centtreize.com\/rsr\/wp-json\/wp\/v2\/keywords?post=13770"}],"curies":[{"name":"wp","href":"https:\/\/api.w.org\/{rel}","templated":true}]}}