{"id":13745,"date":"2023-04-15T00:05:59","date_gmt":"2023-04-14T23:05:59","guid":{"rendered":"http:\/\/www.revue-rsr.com\/?p=13745"},"modified":"2025-06-13T08:18:54","modified_gmt":"2025-06-13T07:18:54","slug":"nos-traditions-theologiques-revisitees-pour-faire-face-au-defi-ecologique","status":"publish","type":"post","link":"https:\/\/dev.centtreize.com\/rsr\/article\/nos-traditions-theologiques-revisitees-pour-faire-face-au-defi-ecologique\/","title":{"rendered":"Nos traditions th\u00e9ologiques revisit\u00e9es pour faire face au d\u00e9fi \u00e9cologique"},"content":{"rendered":"<p>\u00a0\u00ab\u00a0Elle passe, la figure de ce monde\u00a0\u00bb. C\u2019est ainsi que l\u2019ap\u00f4tre Paul mettait en garde il y a deux mill\u00e9naires. Le pr\u00e9sent expos\u00e9 examinera, parmi les sources de la tradition, celles qui, au lieu de d\u00e9plorer une stabilit\u00e9 perdue, consid\u00e8rent plut\u00f4t le cycle de genesis et de phthora, de venue \u00e0 l\u2019existence et de disparition, comme le processus par lequel Dieu am\u00e8ne l\u2019ensemble de la cr\u00e9ation au r\u00e9sultat final pr\u00e9vu d\u00e8s le commencement. Nous allons voir qu\u2019il faut pour cela prendre au s\u00e9rieux la proclamation de l\u2019\u00c9vangile selon lequel la vie advient par la mort, un don qui, \u00e0 son tour, lib\u00e8re la cr\u00e9ation afin qu\u2019elle fleurisse d\u2019une mani\u00e8re que nous ne pouvons m\u00eame pas imaginer.<\/p>\n","protected":false},"excerpt":{"rendered":"<p>\u00a0\u00ab\u00a0Elle passe, la figure de ce monde\u00a0\u00bb. C\u2019est ainsi que l\u2019ap\u00f4tre Paul mettait en garde il y a deux mill\u00e9naires. Le pr\u00e9sent expos\u00e9 examinera, parmi les sources de la tradition, celles qui, au lieu de d\u00e9plorer une stabilit\u00e9 perdue, consid\u00e8rent plut\u00f4t le cycle de genesis et de phthora, de venue \u00e0 l\u2019existence et de disparition, comme le processus par lequel Dieu am\u00e8ne l\u2019ensemble de la cr\u00e9ation au r\u00e9sultat final pr\u00e9vu d\u00e8s le commencement. Nous allons voir qu\u2019il faut pour cela prendre au s\u00e9rieux la proclamation de l\u2019\u00c9vangile selon lequel la vie advient par la mort, un don qui, \u00e0 son tour, lib\u00e8re la cr\u00e9ation afin qu\u2019elle fleurisse d\u2019une mani\u00e8re que nous ne pouvons m\u00eame pas imaginer.<\/p>\n","protected":false},"author":2,"featured_media":0,"comment_status":"closed","ping_status":"closed","sticky":false,"template":"","format":"standard","meta":{"_acf_changed":false,"footnotes":""},"categories":[6],"tags":[860,938,67,385,937,463],"keywords":[1162,1149],"class_list":["post-13745","post","type-post","status-publish","format-standard","hentry","category-article","tag-conversion-ecologique","tag-derrida","tag-eschatologie","tag-esperance","tag-irenee","tag-mort","keywords-creation","keywords-eschatologie"],"acf":[],"yoast_head":"<!-- This site is optimized with the Yoast SEO plugin v27.2 - https:\/\/yoast.com\/product\/yoast-seo-wordpress\/ -->\n<title>Nos traditions th\u00e9ologiques revisit\u00e9es pour faire face au d\u00e9fi \u00e9cologique - Recherches de Science Religieuse<\/title>\n<meta name=\"robots\" content=\"index, follow, max-snippet:-1, max-image-preview:large, max-video-preview:-1\" \/>\n<link rel=\"canonical\" href=\"https:\/\/dev.centtreize.com\/rsr\/article\/nos-traditions-theologiques-revisitees-pour-faire-face-au-defi-ecologique\/\" \/>\n<meta property=\"og:locale\" content=\"fr_FR\" \/>\n<meta property=\"og:type\" content=\"article\" \/>\n<meta property=\"og:title\" content=\"Nos traditions th\u00e9ologiques revisit\u00e9es pour faire face au d\u00e9fi \u00e9cologique - Recherches de Science Religieuse\" \/>\n<meta property=\"og:description\" content=\"\u00a0\u00ab\u00a0Elle passe, la figure de ce monde\u00a0\u00bb. C\u2019est ainsi que l\u2019ap\u00f4tre Paul mettait en garde il y a deux mill\u00e9naires. Le pr\u00e9sent expos\u00e9 examinera, parmi les sources de la tradition, celles qui, au lieu de d\u00e9plorer une stabilit\u00e9 perdue, consid\u00e8rent plut\u00f4t le cycle de genesis et de phthora, de venue \u00e0 l\u2019existence et de disparition, comme le processus par lequel Dieu am\u00e8ne l\u2019ensemble de la cr\u00e9ation au r\u00e9sultat final pr\u00e9vu d\u00e8s le commencement. Nous allons voir qu\u2019il faut pour cela prendre au s\u00e9rieux la proclamation de l\u2019\u00c9vangile selon lequel la vie advient par la mort, un don qui, \u00e0 son tour, lib\u00e8re la cr\u00e9ation afin qu\u2019elle fleurisse d\u2019une mani\u00e8re que nous ne pouvons m\u00eame pas imaginer.\" \/>\n<meta property=\"og:url\" content=\"https:\/\/dev.centtreize.com\/rsr\/article\/nos-traditions-theologiques-revisitees-pour-faire-face-au-defi-ecologique\/\" \/>\n<meta property=\"og:site_name\" content=\"Recherches de Science Religieuse\" \/>\n<meta property=\"article:published_time\" content=\"2023-04-14T23:05:59+00:00\" \/>\n<meta property=\"article:modified_time\" content=\"2025-06-13T07:18:54+00:00\" \/>\n<meta name=\"author\" content=\"H\u00e9l\u00e8ne\" \/>\n<meta name=\"twitter:card\" content=\"summary_large_image\" \/>\n<meta name=\"twitter:label1\" content=\"\u00c9crit par\" \/>\n\t<meta name=\"twitter:data1\" content=\"H\u00e9l\u00e8ne\" \/>\n\t<meta name=\"twitter:label2\" content=\"Dur\u00e9e de lecture estim\u00e9e\" \/>\n\t<meta name=\"twitter:data2\" content=\"1 minute\" \/>\n<script type=\"application\/ld+json\" class=\"yoast-schema-graph\">{\"@context\":\"https:\/\/schema.org\",\"@graph\":[{\"@type\":\"Article\",\"@id\":\"https:\/\/dev.centtreize.com\/rsr\/article\/nos-traditions-theologiques-revisitees-pour-faire-face-au-defi-ecologique\/#article\",\"isPartOf\":{\"@id\":\"https:\/\/dev.centtreize.com\/rsr\/article\/nos-traditions-theologiques-revisitees-pour-faire-face-au-defi-ecologique\/\"},\"author\":{\"name\":\"H\u00e9l\u00e8ne\",\"@id\":\"https:\/\/dev.centtreize.com\/rsr\/#\/schema\/person\/eb039ce63dcbc3fec0a6b81e43e29ad3\"},\"headline\":\"Nos traditions th\u00e9ologiques revisit\u00e9es pour faire face au d\u00e9fi \u00e9cologique\",\"datePublished\":\"2023-04-14T23:05:59+00:00\",\"dateModified\":\"2025-06-13T07:18:54+00:00\",\"mainEntityOfPage\":{\"@id\":\"https:\/\/dev.centtreize.com\/rsr\/article\/nos-traditions-theologiques-revisitees-pour-faire-face-au-defi-ecologique\/\"},\"wordCount\":151,\"publisher\":{\"@id\":\"https:\/\/dev.centtreize.com\/rsr\/#organization\"},\"keywords\":[\"Conversion \u00e9cologique\",\"Derrida\",\"eschatologie\",\"esp\u00e9rance\",\"Ir\u00e9n\u00e9e\",\"mort\"],\"articleSection\":[\"article\"],\"inLanguage\":\"fr-FR\"},{\"@type\":\"WebPage\",\"@id\":\"https:\/\/dev.centtreize.com\/rsr\/article\/nos-traditions-theologiques-revisitees-pour-faire-face-au-defi-ecologique\/\",\"url\":\"https:\/\/dev.centtreize.com\/rsr\/article\/nos-traditions-theologiques-revisitees-pour-faire-face-au-defi-ecologique\/\",\"name\":\"Nos traditions th\u00e9ologiques revisit\u00e9es pour faire face au d\u00e9fi \u00e9cologique - Recherches de Science Religieuse\",\"isPartOf\":{\"@id\":\"https:\/\/dev.centtreize.com\/rsr\/#website\"},\"datePublished\":\"2023-04-14T23:05:59+00:00\",\"dateModified\":\"2025-06-13T07:18:54+00:00\",\"breadcrumb\":{\"@id\":\"https:\/\/dev.centtreize.com\/rsr\/article\/nos-traditions-theologiques-revisitees-pour-faire-face-au-defi-ecologique\/#breadcrumb\"},\"inLanguage\":\"fr-FR\",\"potentialAction\":[{\"@type\":\"ReadAction\",\"target\":[\"https:\/\/dev.centtreize.com\/rsr\/article\/nos-traditions-theologiques-revisitees-pour-faire-face-au-defi-ecologique\/\"]}]},{\"@type\":\"BreadcrumbList\",\"@id\":\"https:\/\/dev.centtreize.com\/rsr\/article\/nos-traditions-theologiques-revisitees-pour-faire-face-au-defi-ecologique\/#breadcrumb\",\"itemListElement\":[{\"@type\":\"ListItem\",\"position\":1,\"name\":\"Accueil\",\"item\":\"https:\/\/dev.centtreize.com\/rsr\/\"},{\"@type\":\"ListItem\",\"position\":2,\"name\":\"Nos traditions th\u00e9ologiques revisit\u00e9es pour faire face au d\u00e9fi \u00e9cologique\"}]},{\"@type\":\"WebSite\",\"@id\":\"https:\/\/dev.centtreize.com\/rsr\/#website\",\"url\":\"https:\/\/dev.centtreize.com\/rsr\/\",\"name\":\"Recherches de Science Religieuse\",\"description\":\"Recherches de Science Religieuse\",\"publisher\":{\"@id\":\"https:\/\/dev.centtreize.com\/rsr\/#organization\"},\"potentialAction\":[{\"@type\":\"SearchAction\",\"target\":{\"@type\":\"EntryPoint\",\"urlTemplate\":\"https:\/\/dev.centtreize.com\/rsr\/?s={search_term_string}\"},\"query-input\":{\"@type\":\"PropertyValueSpecification\",\"valueRequired\":true,\"valueName\":\"search_term_string\"}}],\"inLanguage\":\"fr-FR\"},{\"@type\":\"Organization\",\"@id\":\"https:\/\/dev.centtreize.com\/rsr\/#organization\",\"name\":\"Recherches de Science Religieuse\",\"url\":\"https:\/\/dev.centtreize.com\/rsr\/\",\"logo\":{\"@type\":\"ImageObject\",\"inLanguage\":\"fr-FR\",\"@id\":\"https:\/\/dev.centtreize.com\/rsr\/#\/schema\/logo\/image\/\",\"url\":\"https:\/\/dev.centtreize.com\/rsr\/wp-content\/uploads\/2024\/10\/logo_rsr.png\",\"contentUrl\":\"https:\/\/dev.centtreize.com\/rsr\/wp-content\/uploads\/2024\/10\/logo_rsr.png\",\"width\":300,\"height\":225,\"caption\":\"Recherches de Science Religieuse\"},\"image\":{\"@id\":\"https:\/\/dev.centtreize.com\/rsr\/#\/schema\/logo\/image\/\"}},{\"@type\":\"Person\",\"@id\":\"https:\/\/dev.centtreize.com\/rsr\/#\/schema\/person\/eb039ce63dcbc3fec0a6b81e43e29ad3\",\"name\":\"H\u00e9l\u00e8ne\",\"url\":\"https:\/\/dev.centtreize.com\/rsr\/author\/rsr\/\"}]}<\/script>\n<!-- \/ Yoast SEO plugin. -->","yoast_head_json":{"title":"Nos traditions th\u00e9ologiques revisit\u00e9es pour faire face au d\u00e9fi \u00e9cologique - Recherches de Science Religieuse","robots":{"index":"index","follow":"follow","max-snippet":"max-snippet:-1","max-image-preview":"max-image-preview:large","max-video-preview":"max-video-preview:-1"},"canonical":"https:\/\/dev.centtreize.com\/rsr\/article\/nos-traditions-theologiques-revisitees-pour-faire-face-au-defi-ecologique\/","og_locale":"fr_FR","og_type":"article","og_title":"Nos traditions th\u00e9ologiques revisit\u00e9es pour faire face au d\u00e9fi \u00e9cologique - Recherches de Science Religieuse","og_description":"\u00a0\u00ab\u00a0Elle passe, la figure de ce monde\u00a0\u00bb. C\u2019est ainsi que l\u2019ap\u00f4tre Paul mettait en garde il y a deux mill\u00e9naires. Le pr\u00e9sent expos\u00e9 examinera, parmi les sources de la tradition, celles qui, au lieu de d\u00e9plorer une stabilit\u00e9 perdue, consid\u00e8rent plut\u00f4t le cycle de genesis et de phthora, de venue \u00e0 l\u2019existence et de disparition, comme le processus par lequel Dieu am\u00e8ne l\u2019ensemble de la cr\u00e9ation au r\u00e9sultat final pr\u00e9vu d\u00e8s le commencement. Nous allons voir qu\u2019il faut pour cela prendre au s\u00e9rieux la proclamation de l\u2019\u00c9vangile selon lequel la vie advient par la mort, un don qui, \u00e0 son tour, lib\u00e8re la cr\u00e9ation afin qu\u2019elle fleurisse d\u2019une mani\u00e8re que nous ne pouvons m\u00eame pas imaginer.","og_url":"https:\/\/dev.centtreize.com\/rsr\/article\/nos-traditions-theologiques-revisitees-pour-faire-face-au-defi-ecologique\/","og_site_name":"Recherches de Science Religieuse","article_published_time":"2023-04-14T23:05:59+00:00","article_modified_time":"2025-06-13T07:18:54+00:00","author":"H\u00e9l\u00e8ne","twitter_card":"summary_large_image","twitter_misc":{"\u00c9crit par":"H\u00e9l\u00e8ne","Dur\u00e9e de lecture estim\u00e9e":"1 minute"},"schema":{"@context":"https:\/\/schema.org","@graph":[{"@type":"Article","@id":"https:\/\/dev.centtreize.com\/rsr\/article\/nos-traditions-theologiques-revisitees-pour-faire-face-au-defi-ecologique\/#article","isPartOf":{"@id":"https:\/\/dev.centtreize.com\/rsr\/article\/nos-traditions-theologiques-revisitees-pour-faire-face-au-defi-ecologique\/"},"author":{"name":"H\u00e9l\u00e8ne","@id":"https:\/\/dev.centtreize.com\/rsr\/#\/schema\/person\/eb039ce63dcbc3fec0a6b81e43e29ad3"},"headline":"Nos traditions th\u00e9ologiques revisit\u00e9es pour faire face au d\u00e9fi \u00e9cologique","datePublished":"2023-04-14T23:05:59+00:00","dateModified":"2025-06-13T07:18:54+00:00","mainEntityOfPage":{"@id":"https:\/\/dev.centtreize.com\/rsr\/article\/nos-traditions-theologiques-revisitees-pour-faire-face-au-defi-ecologique\/"},"wordCount":151,"publisher":{"@id":"https:\/\/dev.centtreize.com\/rsr\/#organization"},"keywords":["Conversion \u00e9cologique","Derrida","eschatologie","esp\u00e9rance","Ir\u00e9n\u00e9e","mort"],"articleSection":["article"],"inLanguage":"fr-FR"},{"@type":"WebPage","@id":"https:\/\/dev.centtreize.com\/rsr\/article\/nos-traditions-theologiques-revisitees-pour-faire-face-au-defi-ecologique\/","url":"https:\/\/dev.centtreize.com\/rsr\/article\/nos-traditions-theologiques-revisitees-pour-faire-face-au-defi-ecologique\/","name":"Nos traditions th\u00e9ologiques revisit\u00e9es pour faire face au d\u00e9fi \u00e9cologique - Recherches de Science Religieuse","isPartOf":{"@id":"https:\/\/dev.centtreize.com\/rsr\/#website"},"datePublished":"2023-04-14T23:05:59+00:00","dateModified":"2025-06-13T07:18:54+00:00","breadcrumb":{"@id":"https:\/\/dev.centtreize.com\/rsr\/article\/nos-traditions-theologiques-revisitees-pour-faire-face-au-defi-ecologique\/#breadcrumb"},"inLanguage":"fr-FR","potentialAction":[{"@type":"ReadAction","target":["https:\/\/dev.centtreize.com\/rsr\/article\/nos-traditions-theologiques-revisitees-pour-faire-face-au-defi-ecologique\/"]}]},{"@type":"BreadcrumbList","@id":"https:\/\/dev.centtreize.com\/rsr\/article\/nos-traditions-theologiques-revisitees-pour-faire-face-au-defi-ecologique\/#breadcrumb","itemListElement":[{"@type":"ListItem","position":1,"name":"Accueil","item":"https:\/\/dev.centtreize.com\/rsr\/"},{"@type":"ListItem","position":2,"name":"Nos traditions th\u00e9ologiques revisit\u00e9es pour faire face au d\u00e9fi \u00e9cologique"}]},{"@type":"WebSite","@id":"https:\/\/dev.centtreize.com\/rsr\/#website","url":"https:\/\/dev.centtreize.com\/rsr\/","name":"Recherches de Science Religieuse","description":"Recherches de Science Religieuse","publisher":{"@id":"https:\/\/dev.centtreize.com\/rsr\/#organization"},"potentialAction":[{"@type":"SearchAction","target":{"@type":"EntryPoint","urlTemplate":"https:\/\/dev.centtreize.com\/rsr\/?s={search_term_string}"},"query-input":{"@type":"PropertyValueSpecification","valueRequired":true,"valueName":"search_term_string"}}],"inLanguage":"fr-FR"},{"@type":"Organization","@id":"https:\/\/dev.centtreize.com\/rsr\/#organization","name":"Recherches de Science Religieuse","url":"https:\/\/dev.centtreize.com\/rsr\/","logo":{"@type":"ImageObject","inLanguage":"fr-FR","@id":"https:\/\/dev.centtreize.com\/rsr\/#\/schema\/logo\/image\/","url":"https:\/\/dev.centtreize.com\/rsr\/wp-content\/uploads\/2024\/10\/logo_rsr.png","contentUrl":"https:\/\/dev.centtreize.com\/rsr\/wp-content\/uploads\/2024\/10\/logo_rsr.png","width":300,"height":225,"caption":"Recherches de Science Religieuse"},"image":{"@id":"https:\/\/dev.centtreize.com\/rsr\/#\/schema\/logo\/image\/"}},{"@type":"Person","@id":"https:\/\/dev.centtreize.com\/rsr\/#\/schema\/person\/eb039ce63dcbc3fec0a6b81e43e29ad3","name":"H\u00e9l\u00e8ne","url":"https:\/\/dev.centtreize.com\/rsr\/author\/rsr\/"}]}},"_links":{"self":[{"href":"https:\/\/dev.centtreize.com\/rsr\/wp-json\/wp\/v2\/posts\/13745","targetHints":{"allow":["GET"]}}],"collection":[{"href":"https:\/\/dev.centtreize.com\/rsr\/wp-json\/wp\/v2\/posts"}],"about":[{"href":"https:\/\/dev.centtreize.com\/rsr\/wp-json\/wp\/v2\/types\/post"}],"author":[{"embeddable":true,"href":"https:\/\/dev.centtreize.com\/rsr\/wp-json\/wp\/v2\/users\/2"}],"replies":[{"embeddable":true,"href":"https:\/\/dev.centtreize.com\/rsr\/wp-json\/wp\/v2\/comments?post=13745"}],"version-history":[{"count":10,"href":"https:\/\/dev.centtreize.com\/rsr\/wp-json\/wp\/v2\/posts\/13745\/revisions"}],"predecessor-version":[{"id":17801,"href":"https:\/\/dev.centtreize.com\/rsr\/wp-json\/wp\/v2\/posts\/13745\/revisions\/17801"}],"wp:attachment":[{"href":"https:\/\/dev.centtreize.com\/rsr\/wp-json\/wp\/v2\/media?parent=13745"}],"wp:term":[{"taxonomy":"category","embeddable":true,"href":"https:\/\/dev.centtreize.com\/rsr\/wp-json\/wp\/v2\/categories?post=13745"},{"taxonomy":"post_tag","embeddable":true,"href":"https:\/\/dev.centtreize.com\/rsr\/wp-json\/wp\/v2\/tags?post=13745"},{"taxonomy":"keywords","embeddable":true,"href":"https:\/\/dev.centtreize.com\/rsr\/wp-json\/wp\/v2\/keywords?post=13745"}],"curies":[{"name":"wp","href":"https:\/\/api.w.org\/{rel}","templated":true}]}}