{"id":13740,"date":"2023-04-15T00:04:48","date_gmt":"2023-04-14T23:04:48","guid":{"rendered":"http:\/\/www.revue-rsr.com\/?p=13740"},"modified":"2025-06-13T08:17:47","modified_gmt":"2025-06-13T07:17:47","slug":"ecologie-integrale-comment-la-crise-ecologique-conduit-a-des-transformations-de-la-pratique-de-la-theologie","status":"publish","type":"post","link":"https:\/\/dev.centtreize.com\/rsr\/article\/ecologie-integrale-comment-la-crise-ecologique-conduit-a-des-transformations-de-la-pratique-de-la-theologie\/","title":{"rendered":"\u00c9cologie int\u00e9grale, comment la crise \u00e9cologique conduit \u00e0 des transformations de la pratique de la th\u00e9ologie"},"content":{"rendered":"<p>La question th\u00e9ologique sur l\u2019\u00e9cologie surgit en France en 1962 avec la th\u00e8se de G\u00e9rard Siegwalt en milieu protestant. Elle devient plus br\u00fblante aux \u00c9tats-Unis en 1967 avec les premi\u00e8res r\u00e9ponses adress\u00e9es aux critiques de Lynn White Jr dans son article sur les causes historiques de la crise \u00e9cologique. Alors que la question \u00e9cologique est introduite plus tard en milieu catholique par la m\u00e9diation de la doctrine sociale de l\u2019\u00c9glise et donc sous l\u2019angle de la th\u00e9ologie morale, il se passe plusieurs mouvements en th\u00e9ologie chr\u00e9tienne qui invitent \u00e0 penser les modalit\u00e9s des relations possibles entre th\u00e9ologie et \u00e9cologie sous la forme d\u2019une th\u00e9ologie de l\u2019\u00e9cologie ou \u00e9coth\u00e9ologie. Dans le contexte de l\u2019\u00e9cologie int\u00e9grale et de l\u2019annonce de la Bonne nouvelle de la cr\u00e9ation selon l\u2019encyclique Laudato si\u2019, les critiques de White appellent notamment \u00e0 remettre sur le m\u00e9tier la production des repr\u00e9sentations de la nature fournies par le discours th\u00e9ologique sur la cr\u00e9ation issue de la R\u00e9v\u00e9lation. Or ces repr\u00e9sentations ne sont pas neutres sur le plan d\u2019une \u00e9thique de la relation entre l\u2019humain et la nature. Le th\u00e9ologien se d\u00e9couvre ainsi une responsabilit\u00e9 \u00e9thique dans le cadre de la lutte contre la crise \u00e9cologique, lui permettant d\u2019explorer sa propre vocation \u00e0 \u00eatre gardien de la maison commune.<\/p>\n","protected":false},"excerpt":{"rendered":"<p>La question th\u00e9ologique sur l\u2019\u00e9cologie surgit en France en 1962 avec la th\u00e8se de G\u00e9rard Siegwalt en milieu protestant. Elle devient plus br\u00fblante aux \u00c9tats-Unis en 1967 avec les premi\u00e8res r\u00e9ponses adress\u00e9es aux critiques de Lynn White Jr dans son article sur les causes historiques de la crise \u00e9cologique. Alors que la question \u00e9cologique est introduite plus tard en milieu catholique par la m\u00e9diation de la doctrine sociale de l\u2019\u00c9glise et donc sous l\u2019angle de la th\u00e9ologie morale, il se passe plusieurs mouvements en th\u00e9ologie chr\u00e9tienne qui invitent \u00e0 penser les modalit\u00e9s des relations possibles entre th\u00e9ologie et \u00e9cologie sous la forme d\u2019une th\u00e9ologie de l\u2019\u00e9cologie ou \u00e9coth\u00e9ologie. Dans le contexte de l\u2019\u00e9cologie int\u00e9grale et de l\u2019annonce de la Bonne nouvelle de la cr\u00e9ation selon l\u2019encyclique Laudato si\u2019, les critiques de White appellent notamment \u00e0 remettre sur le m\u00e9tier la production des repr\u00e9sentations de la nature fournies par le discours th\u00e9ologique sur la cr\u00e9ation issue de la R\u00e9v\u00e9lation. Or ces<a class=\"read-more\" href=\"https:\/\/dev.centtreize.com\/rsr\/article\/ecologie-integrale-comment-la-crise-ecologique-conduit-a-des-transformations-de-la-pratique-de-la-theologie\/\"><\/a><\/p>\n","protected":false},"author":2,"featured_media":0,"comment_status":"closed","ping_status":"closed","sticky":false,"template":"","format":"standard","meta":{"_acf_changed":false,"footnotes":""},"categories":[6],"tags":[857,934,932,931,930,933,861,928,935,936],"keywords":[1162,1160],"class_list":["post-13740","post","type-post","status-publish","format-standard","hentry","category-article","tag-anthropocentrisme","tag-bonne-nouvelle-de-la-creation","tag-doctrine-sociale-de-leglise","tag-ecologie-integrale","tag-ecotheologie","tag-interdisciplinarite","tag-laudato-si","tag-paradigme","tag-representations-de-la-nature","tag-substance-de-la-revelation","keywords-creation","keywords-ecologie"],"acf":[],"yoast_head":"<!-- This site is optimized with the Yoast SEO plugin v27.2 - https:\/\/yoast.com\/product\/yoast-seo-wordpress\/ -->\n<title>\u00c9cologie int\u00e9grale, comment la crise \u00e9cologique conduit \u00e0 des transformations de la pratique de la th\u00e9ologie - Recherches de Science Religieuse<\/title>\n<meta name=\"robots\" content=\"index, follow, max-snippet:-1, max-image-preview:large, max-video-preview:-1\" \/>\n<link rel=\"canonical\" href=\"https:\/\/dev.centtreize.com\/rsr\/article\/ecologie-integrale-comment-la-crise-ecologique-conduit-a-des-transformations-de-la-pratique-de-la-theologie\/\" \/>\n<meta property=\"og:locale\" content=\"fr_FR\" \/>\n<meta property=\"og:type\" content=\"article\" \/>\n<meta property=\"og:title\" content=\"\u00c9cologie int\u00e9grale, comment la crise \u00e9cologique conduit \u00e0 des transformations de la pratique de la th\u00e9ologie - Recherches de Science Religieuse\" \/>\n<meta property=\"og:description\" content=\"La question th\u00e9ologique sur l\u2019\u00e9cologie surgit en France en 1962 avec la th\u00e8se de G\u00e9rard Siegwalt en milieu protestant. Elle devient plus br\u00fblante aux \u00c9tats-Unis en 1967 avec les premi\u00e8res r\u00e9ponses adress\u00e9es aux critiques de Lynn White Jr dans son article sur les causes historiques de la crise \u00e9cologique. Alors que la question \u00e9cologique est introduite plus tard en milieu catholique par la m\u00e9diation de la doctrine sociale de l\u2019\u00c9glise et donc sous l\u2019angle de la th\u00e9ologie morale, il se passe plusieurs mouvements en th\u00e9ologie chr\u00e9tienne qui invitent \u00e0 penser les modalit\u00e9s des relations possibles entre th\u00e9ologie et \u00e9cologie sous la forme d\u2019une th\u00e9ologie de l\u2019\u00e9cologie ou \u00e9coth\u00e9ologie. Dans le contexte de l\u2019\u00e9cologie int\u00e9grale et de l\u2019annonce de la Bonne nouvelle de la cr\u00e9ation selon l\u2019encyclique Laudato si\u2019, les critiques de White appellent notamment \u00e0 remettre sur le m\u00e9tier la production des repr\u00e9sentations de la nature fournies par le discours th\u00e9ologique sur la cr\u00e9ation issue de la R\u00e9v\u00e9lation. Or ces\" \/>\n<meta property=\"og:url\" content=\"https:\/\/dev.centtreize.com\/rsr\/article\/ecologie-integrale-comment-la-crise-ecologique-conduit-a-des-transformations-de-la-pratique-de-la-theologie\/\" \/>\n<meta property=\"og:site_name\" content=\"Recherches de Science Religieuse\" \/>\n<meta property=\"article:published_time\" content=\"2023-04-14T23:04:48+00:00\" \/>\n<meta property=\"article:modified_time\" content=\"2025-06-13T07:17:47+00:00\" \/>\n<meta name=\"author\" content=\"H\u00e9l\u00e8ne\" \/>\n<meta name=\"twitter:card\" content=\"summary_large_image\" \/>\n<meta name=\"twitter:label1\" content=\"\u00c9crit par\" \/>\n\t<meta name=\"twitter:data1\" content=\"H\u00e9l\u00e8ne\" \/>\n\t<meta name=\"twitter:label2\" content=\"Dur\u00e9e de lecture estim\u00e9e\" \/>\n\t<meta name=\"twitter:data2\" content=\"1 minute\" \/>\n<script type=\"application\/ld+json\" class=\"yoast-schema-graph\">{\"@context\":\"https:\/\/schema.org\",\"@graph\":[{\"@type\":\"Article\",\"@id\":\"https:\/\/dev.centtreize.com\/rsr\/article\/ecologie-integrale-comment-la-crise-ecologique-conduit-a-des-transformations-de-la-pratique-de-la-theologie\/#article\",\"isPartOf\":{\"@id\":\"https:\/\/dev.centtreize.com\/rsr\/article\/ecologie-integrale-comment-la-crise-ecologique-conduit-a-des-transformations-de-la-pratique-de-la-theologie\/\"},\"author\":{\"name\":\"H\u00e9l\u00e8ne\",\"@id\":\"https:\/\/dev.centtreize.com\/rsr\/#\/schema\/person\/eb039ce63dcbc3fec0a6b81e43e29ad3\"},\"headline\":\"\u00c9cologie int\u00e9grale, comment la crise \u00e9cologique conduit \u00e0 des transformations de la pratique de la th\u00e9ologie\",\"datePublished\":\"2023-04-14T23:04:48+00:00\",\"dateModified\":\"2025-06-13T07:17:47+00:00\",\"mainEntityOfPage\":{\"@id\":\"https:\/\/dev.centtreize.com\/rsr\/article\/ecologie-integrale-comment-la-crise-ecologique-conduit-a-des-transformations-de-la-pratique-de-la-theologie\/\"},\"wordCount\":258,\"publisher\":{\"@id\":\"https:\/\/dev.centtreize.com\/rsr\/#organization\"},\"keywords\":[\"Anthropocentrisme\",\"Bonne nouvelle de la cr\u00e9ation\",\"doctrine sociale de l\u2019\u00c9glise\",\"\u00e9cologie int\u00e9grale\",\"\u00e9coth\u00e9ologie\",\"interdisciplinarit\u00e9\",\"Laudato si\u2019\",\"paradigme\",\"repr\u00e9sentations de la nature\",\"Substance de la R\u00e9v\u00e9lation.\"],\"articleSection\":[\"article\"],\"inLanguage\":\"fr-FR\"},{\"@type\":\"WebPage\",\"@id\":\"https:\/\/dev.centtreize.com\/rsr\/article\/ecologie-integrale-comment-la-crise-ecologique-conduit-a-des-transformations-de-la-pratique-de-la-theologie\/\",\"url\":\"https:\/\/dev.centtreize.com\/rsr\/article\/ecologie-integrale-comment-la-crise-ecologique-conduit-a-des-transformations-de-la-pratique-de-la-theologie\/\",\"name\":\"\u00c9cologie int\u00e9grale, comment la crise \u00e9cologique conduit \u00e0 des transformations de la pratique de la th\u00e9ologie - Recherches de Science Religieuse\",\"isPartOf\":{\"@id\":\"https:\/\/dev.centtreize.com\/rsr\/#website\"},\"datePublished\":\"2023-04-14T23:04:48+00:00\",\"dateModified\":\"2025-06-13T07:17:47+00:00\",\"breadcrumb\":{\"@id\":\"https:\/\/dev.centtreize.com\/rsr\/article\/ecologie-integrale-comment-la-crise-ecologique-conduit-a-des-transformations-de-la-pratique-de-la-theologie\/#breadcrumb\"},\"inLanguage\":\"fr-FR\",\"potentialAction\":[{\"@type\":\"ReadAction\",\"target\":[\"https:\/\/dev.centtreize.com\/rsr\/article\/ecologie-integrale-comment-la-crise-ecologique-conduit-a-des-transformations-de-la-pratique-de-la-theologie\/\"]}]},{\"@type\":\"BreadcrumbList\",\"@id\":\"https:\/\/dev.centtreize.com\/rsr\/article\/ecologie-integrale-comment-la-crise-ecologique-conduit-a-des-transformations-de-la-pratique-de-la-theologie\/#breadcrumb\",\"itemListElement\":[{\"@type\":\"ListItem\",\"position\":1,\"name\":\"Accueil\",\"item\":\"https:\/\/dev.centtreize.com\/rsr\/\"},{\"@type\":\"ListItem\",\"position\":2,\"name\":\"\u00c9cologie int\u00e9grale, comment la crise \u00e9cologique conduit \u00e0 des transformations de la pratique de la th\u00e9ologie\"}]},{\"@type\":\"WebSite\",\"@id\":\"https:\/\/dev.centtreize.com\/rsr\/#website\",\"url\":\"https:\/\/dev.centtreize.com\/rsr\/\",\"name\":\"Recherches de Science Religieuse\",\"description\":\"Recherches de Science Religieuse\",\"publisher\":{\"@id\":\"https:\/\/dev.centtreize.com\/rsr\/#organization\"},\"potentialAction\":[{\"@type\":\"SearchAction\",\"target\":{\"@type\":\"EntryPoint\",\"urlTemplate\":\"https:\/\/dev.centtreize.com\/rsr\/?s={search_term_string}\"},\"query-input\":{\"@type\":\"PropertyValueSpecification\",\"valueRequired\":true,\"valueName\":\"search_term_string\"}}],\"inLanguage\":\"fr-FR\"},{\"@type\":\"Organization\",\"@id\":\"https:\/\/dev.centtreize.com\/rsr\/#organization\",\"name\":\"Recherches de Science Religieuse\",\"url\":\"https:\/\/dev.centtreize.com\/rsr\/\",\"logo\":{\"@type\":\"ImageObject\",\"inLanguage\":\"fr-FR\",\"@id\":\"https:\/\/dev.centtreize.com\/rsr\/#\/schema\/logo\/image\/\",\"url\":\"https:\/\/dev.centtreize.com\/rsr\/wp-content\/uploads\/2024\/10\/logo_rsr.png\",\"contentUrl\":\"https:\/\/dev.centtreize.com\/rsr\/wp-content\/uploads\/2024\/10\/logo_rsr.png\",\"width\":300,\"height\":225,\"caption\":\"Recherches de Science Religieuse\"},\"image\":{\"@id\":\"https:\/\/dev.centtreize.com\/rsr\/#\/schema\/logo\/image\/\"}},{\"@type\":\"Person\",\"@id\":\"https:\/\/dev.centtreize.com\/rsr\/#\/schema\/person\/eb039ce63dcbc3fec0a6b81e43e29ad3\",\"name\":\"H\u00e9l\u00e8ne\",\"url\":\"https:\/\/dev.centtreize.com\/rsr\/author\/rsr\/\"}]}<\/script>\n<!-- \/ Yoast SEO plugin. -->","yoast_head_json":{"title":"\u00c9cologie int\u00e9grale, comment la crise \u00e9cologique conduit \u00e0 des transformations de la pratique de la th\u00e9ologie - Recherches de Science Religieuse","robots":{"index":"index","follow":"follow","max-snippet":"max-snippet:-1","max-image-preview":"max-image-preview:large","max-video-preview":"max-video-preview:-1"},"canonical":"https:\/\/dev.centtreize.com\/rsr\/article\/ecologie-integrale-comment-la-crise-ecologique-conduit-a-des-transformations-de-la-pratique-de-la-theologie\/","og_locale":"fr_FR","og_type":"article","og_title":"\u00c9cologie int\u00e9grale, comment la crise \u00e9cologique conduit \u00e0 des transformations de la pratique de la th\u00e9ologie - Recherches de Science Religieuse","og_description":"La question th\u00e9ologique sur l\u2019\u00e9cologie surgit en France en 1962 avec la th\u00e8se de G\u00e9rard Siegwalt en milieu protestant. Elle devient plus br\u00fblante aux \u00c9tats-Unis en 1967 avec les premi\u00e8res r\u00e9ponses adress\u00e9es aux critiques de Lynn White Jr dans son article sur les causes historiques de la crise \u00e9cologique. Alors que la question \u00e9cologique est introduite plus tard en milieu catholique par la m\u00e9diation de la doctrine sociale de l\u2019\u00c9glise et donc sous l\u2019angle de la th\u00e9ologie morale, il se passe plusieurs mouvements en th\u00e9ologie chr\u00e9tienne qui invitent \u00e0 penser les modalit\u00e9s des relations possibles entre th\u00e9ologie et \u00e9cologie sous la forme d\u2019une th\u00e9ologie de l\u2019\u00e9cologie ou \u00e9coth\u00e9ologie. Dans le contexte de l\u2019\u00e9cologie int\u00e9grale et de l\u2019annonce de la Bonne nouvelle de la cr\u00e9ation selon l\u2019encyclique Laudato si\u2019, les critiques de White appellent notamment \u00e0 remettre sur le m\u00e9tier la production des repr\u00e9sentations de la nature fournies par le discours th\u00e9ologique sur la cr\u00e9ation issue de la R\u00e9v\u00e9lation. Or ces","og_url":"https:\/\/dev.centtreize.com\/rsr\/article\/ecologie-integrale-comment-la-crise-ecologique-conduit-a-des-transformations-de-la-pratique-de-la-theologie\/","og_site_name":"Recherches de Science Religieuse","article_published_time":"2023-04-14T23:04:48+00:00","article_modified_time":"2025-06-13T07:17:47+00:00","author":"H\u00e9l\u00e8ne","twitter_card":"summary_large_image","twitter_misc":{"\u00c9crit par":"H\u00e9l\u00e8ne","Dur\u00e9e de lecture estim\u00e9e":"1 minute"},"schema":{"@context":"https:\/\/schema.org","@graph":[{"@type":"Article","@id":"https:\/\/dev.centtreize.com\/rsr\/article\/ecologie-integrale-comment-la-crise-ecologique-conduit-a-des-transformations-de-la-pratique-de-la-theologie\/#article","isPartOf":{"@id":"https:\/\/dev.centtreize.com\/rsr\/article\/ecologie-integrale-comment-la-crise-ecologique-conduit-a-des-transformations-de-la-pratique-de-la-theologie\/"},"author":{"name":"H\u00e9l\u00e8ne","@id":"https:\/\/dev.centtreize.com\/rsr\/#\/schema\/person\/eb039ce63dcbc3fec0a6b81e43e29ad3"},"headline":"\u00c9cologie int\u00e9grale, comment la crise \u00e9cologique conduit \u00e0 des transformations de la pratique de la th\u00e9ologie","datePublished":"2023-04-14T23:04:48+00:00","dateModified":"2025-06-13T07:17:47+00:00","mainEntityOfPage":{"@id":"https:\/\/dev.centtreize.com\/rsr\/article\/ecologie-integrale-comment-la-crise-ecologique-conduit-a-des-transformations-de-la-pratique-de-la-theologie\/"},"wordCount":258,"publisher":{"@id":"https:\/\/dev.centtreize.com\/rsr\/#organization"},"keywords":["Anthropocentrisme","Bonne nouvelle de la cr\u00e9ation","doctrine sociale de l\u2019\u00c9glise","\u00e9cologie int\u00e9grale","\u00e9coth\u00e9ologie","interdisciplinarit\u00e9","Laudato si\u2019","paradigme","repr\u00e9sentations de la nature","Substance de la R\u00e9v\u00e9lation."],"articleSection":["article"],"inLanguage":"fr-FR"},{"@type":"WebPage","@id":"https:\/\/dev.centtreize.com\/rsr\/article\/ecologie-integrale-comment-la-crise-ecologique-conduit-a-des-transformations-de-la-pratique-de-la-theologie\/","url":"https:\/\/dev.centtreize.com\/rsr\/article\/ecologie-integrale-comment-la-crise-ecologique-conduit-a-des-transformations-de-la-pratique-de-la-theologie\/","name":"\u00c9cologie int\u00e9grale, comment la crise \u00e9cologique conduit \u00e0 des transformations de la pratique de la th\u00e9ologie - Recherches de Science Religieuse","isPartOf":{"@id":"https:\/\/dev.centtreize.com\/rsr\/#website"},"datePublished":"2023-04-14T23:04:48+00:00","dateModified":"2025-06-13T07:17:47+00:00","breadcrumb":{"@id":"https:\/\/dev.centtreize.com\/rsr\/article\/ecologie-integrale-comment-la-crise-ecologique-conduit-a-des-transformations-de-la-pratique-de-la-theologie\/#breadcrumb"},"inLanguage":"fr-FR","potentialAction":[{"@type":"ReadAction","target":["https:\/\/dev.centtreize.com\/rsr\/article\/ecologie-integrale-comment-la-crise-ecologique-conduit-a-des-transformations-de-la-pratique-de-la-theologie\/"]}]},{"@type":"BreadcrumbList","@id":"https:\/\/dev.centtreize.com\/rsr\/article\/ecologie-integrale-comment-la-crise-ecologique-conduit-a-des-transformations-de-la-pratique-de-la-theologie\/#breadcrumb","itemListElement":[{"@type":"ListItem","position":1,"name":"Accueil","item":"https:\/\/dev.centtreize.com\/rsr\/"},{"@type":"ListItem","position":2,"name":"\u00c9cologie int\u00e9grale, comment la crise \u00e9cologique conduit \u00e0 des transformations de la pratique de la th\u00e9ologie"}]},{"@type":"WebSite","@id":"https:\/\/dev.centtreize.com\/rsr\/#website","url":"https:\/\/dev.centtreize.com\/rsr\/","name":"Recherches de Science Religieuse","description":"Recherches de Science Religieuse","publisher":{"@id":"https:\/\/dev.centtreize.com\/rsr\/#organization"},"potentialAction":[{"@type":"SearchAction","target":{"@type":"EntryPoint","urlTemplate":"https:\/\/dev.centtreize.com\/rsr\/?s={search_term_string}"},"query-input":{"@type":"PropertyValueSpecification","valueRequired":true,"valueName":"search_term_string"}}],"inLanguage":"fr-FR"},{"@type":"Organization","@id":"https:\/\/dev.centtreize.com\/rsr\/#organization","name":"Recherches de Science Religieuse","url":"https:\/\/dev.centtreize.com\/rsr\/","logo":{"@type":"ImageObject","inLanguage":"fr-FR","@id":"https:\/\/dev.centtreize.com\/rsr\/#\/schema\/logo\/image\/","url":"https:\/\/dev.centtreize.com\/rsr\/wp-content\/uploads\/2024\/10\/logo_rsr.png","contentUrl":"https:\/\/dev.centtreize.com\/rsr\/wp-content\/uploads\/2024\/10\/logo_rsr.png","width":300,"height":225,"caption":"Recherches de Science Religieuse"},"image":{"@id":"https:\/\/dev.centtreize.com\/rsr\/#\/schema\/logo\/image\/"}},{"@type":"Person","@id":"https:\/\/dev.centtreize.com\/rsr\/#\/schema\/person\/eb039ce63dcbc3fec0a6b81e43e29ad3","name":"H\u00e9l\u00e8ne","url":"https:\/\/dev.centtreize.com\/rsr\/author\/rsr\/"}]}},"_links":{"self":[{"href":"https:\/\/dev.centtreize.com\/rsr\/wp-json\/wp\/v2\/posts\/13740","targetHints":{"allow":["GET"]}}],"collection":[{"href":"https:\/\/dev.centtreize.com\/rsr\/wp-json\/wp\/v2\/posts"}],"about":[{"href":"https:\/\/dev.centtreize.com\/rsr\/wp-json\/wp\/v2\/types\/post"}],"author":[{"embeddable":true,"href":"https:\/\/dev.centtreize.com\/rsr\/wp-json\/wp\/v2\/users\/2"}],"replies":[{"embeddable":true,"href":"https:\/\/dev.centtreize.com\/rsr\/wp-json\/wp\/v2\/comments?post=13740"}],"version-history":[{"count":11,"href":"https:\/\/dev.centtreize.com\/rsr\/wp-json\/wp\/v2\/posts\/13740\/revisions"}],"predecessor-version":[{"id":17800,"href":"https:\/\/dev.centtreize.com\/rsr\/wp-json\/wp\/v2\/posts\/13740\/revisions\/17800"}],"wp:attachment":[{"href":"https:\/\/dev.centtreize.com\/rsr\/wp-json\/wp\/v2\/media?parent=13740"}],"wp:term":[{"taxonomy":"category","embeddable":true,"href":"https:\/\/dev.centtreize.com\/rsr\/wp-json\/wp\/v2\/categories?post=13740"},{"taxonomy":"post_tag","embeddable":true,"href":"https:\/\/dev.centtreize.com\/rsr\/wp-json\/wp\/v2\/tags?post=13740"},{"taxonomy":"keywords","embeddable":true,"href":"https:\/\/dev.centtreize.com\/rsr\/wp-json\/wp\/v2\/keywords?post=13740"}],"curies":[{"name":"wp","href":"https:\/\/api.w.org\/{rel}","templated":true}]}}