{"id":13733,"date":"2023-04-15T00:03:52","date_gmt":"2023-04-14T23:03:52","guid":{"rendered":"http:\/\/www.revue-rsr.com\/?p=13733"},"modified":"2025-06-13T08:17:39","modified_gmt":"2025-06-13T07:17:39","slug":"adam-ou-en-es-tu-in-memoriam-bruno-latour","status":"publish","type":"post","link":"https:\/\/dev.centtreize.com\/rsr\/article\/adam-ou-en-es-tu-in-memoriam-bruno-latour\/","title":{"rendered":"Une anthropologie des relations"},"content":{"rendered":"<p>La conversion \u00e9cologique \u00e0 laquelle nous invite l\u2019encyclique Laudato si\u2019 constitue un v\u00e9ritable changement de paradigme qui place la relation au c\u0153ur de l\u2019existence\u00a0: une invitation \u00e0 concevoir la relation non pas comme un moyen pour vivre, mais comme la vie elle-m\u00eame. Ce changement suppose une&nbsp;\u00ab\u00a0d\u00e9s-instrumentalisation\u00a0\u00bb et une&nbsp;\u00ab\u00a0endog\u00e9n\u00e9isation\u00a0\u00bb de la relation. Cette d\u00e9marche sera esquiss\u00e9e \u00e0 l\u2019aide de trois approches qui seront mises en dialogue\u00a0: celle sous-jacente dans la conversion \u00e9cologique, celle associ\u00e9e \u00e0 la valeur \u00e9conomique, et celle v\u00e9hicul\u00e9e par la m\u00e9sologie. En guise de conclusion, l\u2019exp\u00e9rience pratique du label \u00c9glise verte servira pour illustrer une d\u00e9marche de conversion \u00e9cologique fond\u00e9e dans la dimension relationnelle de la vie.<\/p>\n","protected":false},"excerpt":{"rendered":"<p>La conversion \u00e9cologique \u00e0 laquelle nous invite l\u2019encyclique Laudato si\u2019 constitue un v\u00e9ritable changement de paradigme qui place la relation au c\u0153ur de l\u2019existence\u00a0: une invitation \u00e0 concevoir la relation non pas comme un moyen pour vivre, mais comme la vie elle-m\u00eame. Ce changement suppose une&nbsp;\u00ab\u00a0d\u00e9s-instrumentalisation\u00a0\u00bb et une&nbsp;\u00ab\u00a0endog\u00e9n\u00e9isation\u00a0\u00bb de la relation. Cette d\u00e9marche sera esquiss\u00e9e \u00e0 l\u2019aide de trois approches qui seront mises en dialogue\u00a0: celle sous-jacente dans la conversion \u00e9cologique, celle associ\u00e9e \u00e0 la valeur \u00e9conomique, et celle v\u00e9hicul\u00e9e par la m\u00e9sologie. En guise de conclusion, l\u2019exp\u00e9rience pratique du label \u00c9glise verte servira pour illustrer une d\u00e9marche de conversion \u00e9cologique fond\u00e9e dans la dimension relationnelle de la vie.<\/p>\n","protected":false},"author":2,"featured_media":0,"comment_status":"closed","ping_status":"closed","sticky":false,"template":"","format":"standard","meta":{"_acf_changed":false,"footnotes":""},"categories":[6],"tags":[52,566,893,147,929,927,926,928,925],"keywords":[1178,1160],"class_list":["post-13733","post","type-post","status-publish","format-standard","hentry","category-article","tag-anthropologie","tag-conversion","tag-ecologie","tag-economie","tag-eglise-verte","tag-instrumentalisation","tag-mesologie","tag-paradigme","tag-relation","keywords-anthropologie","keywords-ecologie"],"acf":[],"yoast_head":"<!-- This site is optimized with the Yoast SEO plugin v27.2 - https:\/\/yoast.com\/product\/yoast-seo-wordpress\/ -->\n<title>Une anthropologie des relations - Recherches de Science Religieuse<\/title>\n<meta name=\"robots\" content=\"index, follow, max-snippet:-1, max-image-preview:large, max-video-preview:-1\" \/>\n<link rel=\"canonical\" href=\"https:\/\/dev.centtreize.com\/rsr\/article\/adam-ou-en-es-tu-in-memoriam-bruno-latour\/\" \/>\n<meta property=\"og:locale\" content=\"fr_FR\" \/>\n<meta property=\"og:type\" content=\"article\" \/>\n<meta property=\"og:title\" content=\"Une anthropologie des relations - Recherches de Science Religieuse\" \/>\n<meta property=\"og:description\" content=\"La conversion \u00e9cologique \u00e0 laquelle nous invite l\u2019encyclique Laudato si\u2019 constitue un v\u00e9ritable changement de paradigme qui place la relation au c\u0153ur de l\u2019existence\u00a0: une invitation \u00e0 concevoir la relation non pas comme un moyen pour vivre, mais comme la vie elle-m\u00eame. Ce changement suppose une&nbsp;\u00ab\u00a0d\u00e9s-instrumentalisation\u00a0\u00bb et une&nbsp;\u00ab\u00a0endog\u00e9n\u00e9isation\u00a0\u00bb de la relation. Cette d\u00e9marche sera esquiss\u00e9e \u00e0 l\u2019aide de trois approches qui seront mises en dialogue\u00a0: celle sous-jacente dans la conversion \u00e9cologique, celle associ\u00e9e \u00e0 la valeur \u00e9conomique, et celle v\u00e9hicul\u00e9e par la m\u00e9sologie. En guise de conclusion, l\u2019exp\u00e9rience pratique du label \u00c9glise verte servira pour illustrer une d\u00e9marche de conversion \u00e9cologique fond\u00e9e dans la dimension relationnelle de la vie.\" \/>\n<meta property=\"og:url\" content=\"https:\/\/dev.centtreize.com\/rsr\/article\/adam-ou-en-es-tu-in-memoriam-bruno-latour\/\" \/>\n<meta property=\"og:site_name\" content=\"Recherches de Science Religieuse\" \/>\n<meta property=\"article:published_time\" content=\"2023-04-14T23:03:52+00:00\" \/>\n<meta property=\"article:modified_time\" content=\"2025-06-13T07:17:39+00:00\" \/>\n<meta name=\"author\" content=\"H\u00e9l\u00e8ne\" \/>\n<meta name=\"twitter:card\" content=\"summary_large_image\" \/>\n<meta name=\"twitter:label1\" content=\"\u00c9crit par\" \/>\n\t<meta name=\"twitter:data1\" content=\"H\u00e9l\u00e8ne\" \/>\n\t<meta name=\"twitter:label2\" content=\"Dur\u00e9e de lecture estim\u00e9e\" \/>\n\t<meta name=\"twitter:data2\" content=\"1 minute\" \/>\n<script type=\"application\/ld+json\" class=\"yoast-schema-graph\">{\"@context\":\"https:\/\/schema.org\",\"@graph\":[{\"@type\":\"Article\",\"@id\":\"https:\/\/dev.centtreize.com\/rsr\/article\/adam-ou-en-es-tu-in-memoriam-bruno-latour\/#article\",\"isPartOf\":{\"@id\":\"https:\/\/dev.centtreize.com\/rsr\/article\/adam-ou-en-es-tu-in-memoriam-bruno-latour\/\"},\"author\":{\"name\":\"H\u00e9l\u00e8ne\",\"@id\":\"https:\/\/dev.centtreize.com\/rsr\/#\/schema\/person\/eb039ce63dcbc3fec0a6b81e43e29ad3\"},\"headline\":\"Une anthropologie des relations\",\"datePublished\":\"2023-04-14T23:03:52+00:00\",\"dateModified\":\"2025-06-13T07:17:39+00:00\",\"mainEntityOfPage\":{\"@id\":\"https:\/\/dev.centtreize.com\/rsr\/article\/adam-ou-en-es-tu-in-memoriam-bruno-latour\/\"},\"wordCount\":130,\"publisher\":{\"@id\":\"https:\/\/dev.centtreize.com\/rsr\/#organization\"},\"keywords\":[\"anthropologie\",\"Conversion\",\"\u00c9cologie\",\"\u00e9conomie\",\"\u00c9glise verte\",\"instrumentalisation\",\"m\u00e9sologie\",\"paradigme\",\"Relation\"],\"articleSection\":[\"article\"],\"inLanguage\":\"fr-FR\"},{\"@type\":\"WebPage\",\"@id\":\"https:\/\/dev.centtreize.com\/rsr\/article\/adam-ou-en-es-tu-in-memoriam-bruno-latour\/\",\"url\":\"https:\/\/dev.centtreize.com\/rsr\/article\/adam-ou-en-es-tu-in-memoriam-bruno-latour\/\",\"name\":\"Une anthropologie des relations - Recherches de Science Religieuse\",\"isPartOf\":{\"@id\":\"https:\/\/dev.centtreize.com\/rsr\/#website\"},\"datePublished\":\"2023-04-14T23:03:52+00:00\",\"dateModified\":\"2025-06-13T07:17:39+00:00\",\"breadcrumb\":{\"@id\":\"https:\/\/dev.centtreize.com\/rsr\/article\/adam-ou-en-es-tu-in-memoriam-bruno-latour\/#breadcrumb\"},\"inLanguage\":\"fr-FR\",\"potentialAction\":[{\"@type\":\"ReadAction\",\"target\":[\"https:\/\/dev.centtreize.com\/rsr\/article\/adam-ou-en-es-tu-in-memoriam-bruno-latour\/\"]}]},{\"@type\":\"BreadcrumbList\",\"@id\":\"https:\/\/dev.centtreize.com\/rsr\/article\/adam-ou-en-es-tu-in-memoriam-bruno-latour\/#breadcrumb\",\"itemListElement\":[{\"@type\":\"ListItem\",\"position\":1,\"name\":\"Accueil\",\"item\":\"https:\/\/dev.centtreize.com\/rsr\/\"},{\"@type\":\"ListItem\",\"position\":2,\"name\":\"Une anthropologie des relations\"}]},{\"@type\":\"WebSite\",\"@id\":\"https:\/\/dev.centtreize.com\/rsr\/#website\",\"url\":\"https:\/\/dev.centtreize.com\/rsr\/\",\"name\":\"Recherches de Science Religieuse\",\"description\":\"Recherches de Science Religieuse\",\"publisher\":{\"@id\":\"https:\/\/dev.centtreize.com\/rsr\/#organization\"},\"potentialAction\":[{\"@type\":\"SearchAction\",\"target\":{\"@type\":\"EntryPoint\",\"urlTemplate\":\"https:\/\/dev.centtreize.com\/rsr\/?s={search_term_string}\"},\"query-input\":{\"@type\":\"PropertyValueSpecification\",\"valueRequired\":true,\"valueName\":\"search_term_string\"}}],\"inLanguage\":\"fr-FR\"},{\"@type\":\"Organization\",\"@id\":\"https:\/\/dev.centtreize.com\/rsr\/#organization\",\"name\":\"Recherches de Science Religieuse\",\"url\":\"https:\/\/dev.centtreize.com\/rsr\/\",\"logo\":{\"@type\":\"ImageObject\",\"inLanguage\":\"fr-FR\",\"@id\":\"https:\/\/dev.centtreize.com\/rsr\/#\/schema\/logo\/image\/\",\"url\":\"https:\/\/dev.centtreize.com\/rsr\/wp-content\/uploads\/2024\/10\/logo_rsr.png\",\"contentUrl\":\"https:\/\/dev.centtreize.com\/rsr\/wp-content\/uploads\/2024\/10\/logo_rsr.png\",\"width\":300,\"height\":225,\"caption\":\"Recherches de Science Religieuse\"},\"image\":{\"@id\":\"https:\/\/dev.centtreize.com\/rsr\/#\/schema\/logo\/image\/\"}},{\"@type\":\"Person\",\"@id\":\"https:\/\/dev.centtreize.com\/rsr\/#\/schema\/person\/eb039ce63dcbc3fec0a6b81e43e29ad3\",\"name\":\"H\u00e9l\u00e8ne\",\"url\":\"https:\/\/dev.centtreize.com\/rsr\/author\/rsr\/\"}]}<\/script>\n<!-- \/ Yoast SEO plugin. -->","yoast_head_json":{"title":"Une anthropologie des relations - Recherches de Science Religieuse","robots":{"index":"index","follow":"follow","max-snippet":"max-snippet:-1","max-image-preview":"max-image-preview:large","max-video-preview":"max-video-preview:-1"},"canonical":"https:\/\/dev.centtreize.com\/rsr\/article\/adam-ou-en-es-tu-in-memoriam-bruno-latour\/","og_locale":"fr_FR","og_type":"article","og_title":"Une anthropologie des relations - Recherches de Science Religieuse","og_description":"La conversion \u00e9cologique \u00e0 laquelle nous invite l\u2019encyclique Laudato si\u2019 constitue un v\u00e9ritable changement de paradigme qui place la relation au c\u0153ur de l\u2019existence\u00a0: une invitation \u00e0 concevoir la relation non pas comme un moyen pour vivre, mais comme la vie elle-m\u00eame. Ce changement suppose une&nbsp;\u00ab\u00a0d\u00e9s-instrumentalisation\u00a0\u00bb et une&nbsp;\u00ab\u00a0endog\u00e9n\u00e9isation\u00a0\u00bb de la relation. Cette d\u00e9marche sera esquiss\u00e9e \u00e0 l\u2019aide de trois approches qui seront mises en dialogue\u00a0: celle sous-jacente dans la conversion \u00e9cologique, celle associ\u00e9e \u00e0 la valeur \u00e9conomique, et celle v\u00e9hicul\u00e9e par la m\u00e9sologie. En guise de conclusion, l\u2019exp\u00e9rience pratique du label \u00c9glise verte servira pour illustrer une d\u00e9marche de conversion \u00e9cologique fond\u00e9e dans la dimension relationnelle de la vie.","og_url":"https:\/\/dev.centtreize.com\/rsr\/article\/adam-ou-en-es-tu-in-memoriam-bruno-latour\/","og_site_name":"Recherches de Science Religieuse","article_published_time":"2023-04-14T23:03:52+00:00","article_modified_time":"2025-06-13T07:17:39+00:00","author":"H\u00e9l\u00e8ne","twitter_card":"summary_large_image","twitter_misc":{"\u00c9crit par":"H\u00e9l\u00e8ne","Dur\u00e9e de lecture estim\u00e9e":"1 minute"},"schema":{"@context":"https:\/\/schema.org","@graph":[{"@type":"Article","@id":"https:\/\/dev.centtreize.com\/rsr\/article\/adam-ou-en-es-tu-in-memoriam-bruno-latour\/#article","isPartOf":{"@id":"https:\/\/dev.centtreize.com\/rsr\/article\/adam-ou-en-es-tu-in-memoriam-bruno-latour\/"},"author":{"name":"H\u00e9l\u00e8ne","@id":"https:\/\/dev.centtreize.com\/rsr\/#\/schema\/person\/eb039ce63dcbc3fec0a6b81e43e29ad3"},"headline":"Une anthropologie des relations","datePublished":"2023-04-14T23:03:52+00:00","dateModified":"2025-06-13T07:17:39+00:00","mainEntityOfPage":{"@id":"https:\/\/dev.centtreize.com\/rsr\/article\/adam-ou-en-es-tu-in-memoriam-bruno-latour\/"},"wordCount":130,"publisher":{"@id":"https:\/\/dev.centtreize.com\/rsr\/#organization"},"keywords":["anthropologie","Conversion","\u00c9cologie","\u00e9conomie","\u00c9glise verte","instrumentalisation","m\u00e9sologie","paradigme","Relation"],"articleSection":["article"],"inLanguage":"fr-FR"},{"@type":"WebPage","@id":"https:\/\/dev.centtreize.com\/rsr\/article\/adam-ou-en-es-tu-in-memoriam-bruno-latour\/","url":"https:\/\/dev.centtreize.com\/rsr\/article\/adam-ou-en-es-tu-in-memoriam-bruno-latour\/","name":"Une anthropologie des relations - Recherches de Science Religieuse","isPartOf":{"@id":"https:\/\/dev.centtreize.com\/rsr\/#website"},"datePublished":"2023-04-14T23:03:52+00:00","dateModified":"2025-06-13T07:17:39+00:00","breadcrumb":{"@id":"https:\/\/dev.centtreize.com\/rsr\/article\/adam-ou-en-es-tu-in-memoriam-bruno-latour\/#breadcrumb"},"inLanguage":"fr-FR","potentialAction":[{"@type":"ReadAction","target":["https:\/\/dev.centtreize.com\/rsr\/article\/adam-ou-en-es-tu-in-memoriam-bruno-latour\/"]}]},{"@type":"BreadcrumbList","@id":"https:\/\/dev.centtreize.com\/rsr\/article\/adam-ou-en-es-tu-in-memoriam-bruno-latour\/#breadcrumb","itemListElement":[{"@type":"ListItem","position":1,"name":"Accueil","item":"https:\/\/dev.centtreize.com\/rsr\/"},{"@type":"ListItem","position":2,"name":"Une anthropologie des relations"}]},{"@type":"WebSite","@id":"https:\/\/dev.centtreize.com\/rsr\/#website","url":"https:\/\/dev.centtreize.com\/rsr\/","name":"Recherches de Science Religieuse","description":"Recherches de Science Religieuse","publisher":{"@id":"https:\/\/dev.centtreize.com\/rsr\/#organization"},"potentialAction":[{"@type":"SearchAction","target":{"@type":"EntryPoint","urlTemplate":"https:\/\/dev.centtreize.com\/rsr\/?s={search_term_string}"},"query-input":{"@type":"PropertyValueSpecification","valueRequired":true,"valueName":"search_term_string"}}],"inLanguage":"fr-FR"},{"@type":"Organization","@id":"https:\/\/dev.centtreize.com\/rsr\/#organization","name":"Recherches de Science Religieuse","url":"https:\/\/dev.centtreize.com\/rsr\/","logo":{"@type":"ImageObject","inLanguage":"fr-FR","@id":"https:\/\/dev.centtreize.com\/rsr\/#\/schema\/logo\/image\/","url":"https:\/\/dev.centtreize.com\/rsr\/wp-content\/uploads\/2024\/10\/logo_rsr.png","contentUrl":"https:\/\/dev.centtreize.com\/rsr\/wp-content\/uploads\/2024\/10\/logo_rsr.png","width":300,"height":225,"caption":"Recherches de Science Religieuse"},"image":{"@id":"https:\/\/dev.centtreize.com\/rsr\/#\/schema\/logo\/image\/"}},{"@type":"Person","@id":"https:\/\/dev.centtreize.com\/rsr\/#\/schema\/person\/eb039ce63dcbc3fec0a6b81e43e29ad3","name":"H\u00e9l\u00e8ne","url":"https:\/\/dev.centtreize.com\/rsr\/author\/rsr\/"}]}},"_links":{"self":[{"href":"https:\/\/dev.centtreize.com\/rsr\/wp-json\/wp\/v2\/posts\/13733","targetHints":{"allow":["GET"]}}],"collection":[{"href":"https:\/\/dev.centtreize.com\/rsr\/wp-json\/wp\/v2\/posts"}],"about":[{"href":"https:\/\/dev.centtreize.com\/rsr\/wp-json\/wp\/v2\/types\/post"}],"author":[{"embeddable":true,"href":"https:\/\/dev.centtreize.com\/rsr\/wp-json\/wp\/v2\/users\/2"}],"replies":[{"embeddable":true,"href":"https:\/\/dev.centtreize.com\/rsr\/wp-json\/wp\/v2\/comments?post=13733"}],"version-history":[{"count":12,"href":"https:\/\/dev.centtreize.com\/rsr\/wp-json\/wp\/v2\/posts\/13733\/revisions"}],"predecessor-version":[{"id":17797,"href":"https:\/\/dev.centtreize.com\/rsr\/wp-json\/wp\/v2\/posts\/13733\/revisions\/17797"}],"wp:attachment":[{"href":"https:\/\/dev.centtreize.com\/rsr\/wp-json\/wp\/v2\/media?parent=13733"}],"wp:term":[{"taxonomy":"category","embeddable":true,"href":"https:\/\/dev.centtreize.com\/rsr\/wp-json\/wp\/v2\/categories?post=13733"},{"taxonomy":"post_tag","embeddable":true,"href":"https:\/\/dev.centtreize.com\/rsr\/wp-json\/wp\/v2\/tags?post=13733"},{"taxonomy":"keywords","embeddable":true,"href":"https:\/\/dev.centtreize.com\/rsr\/wp-json\/wp\/v2\/keywords?post=13733"}],"curies":[{"name":"wp","href":"https:\/\/api.w.org\/{rel}","templated":true}]}}