{"id":13416,"date":"2022-07-15T00:02:07","date_gmt":"2022-07-14T23:02:07","guid":{"rendered":"http:\/\/www.revue-rsr.com\/?p=13416"},"modified":"2025-06-13T08:13:34","modified_gmt":"2025-06-13T07:13:34","slug":"la-lente-emergence-de-lidee-de-conversion-ecologique-dans-le-monde-catholique","status":"publish","type":"post","link":"https:\/\/dev.centtreize.com\/rsr\/article\/la-lente-emergence-de-lidee-de-conversion-ecologique-dans-le-monde-catholique\/","title":{"rendered":"La lente \u00e9mergence de l\u2019id\u00e9e de conversion \u00e9cologique dans le monde catholique"},"content":{"rendered":"<p>L\u2019encyclique Laudato si\u2019 invite \u00e0 une&nbsp;\u00ab\u00a0conversion \u00e9cologique\u00a0\u00bb. D\u2019autres textes magist\u00e9riels l\u2019avaient pr\u00e9c\u00e9d\u00e9e dans cette voie, marquant ce qu\u2019Adolphe Gesch\u00e9 avait qualifi\u00e9 de&nbsp;\u00ab\u00a0tournant cosmocentrique\u00a0\u00bb, par contraste au&nbsp;\u00ab\u00a0tournant anthropocentrique\u00a0\u00bb (Karl Rahner), caract\u00e9ristique de Vatican II. Ce double tournant explique pourquoi, en d\u00e9pit de signaux pr\u00e9coces alertant sur la d\u00e9gradation de l\u2019environnement et sur la responsabilit\u00e9 humaine, le monde catholique a per\u00e7u plus tardivement que le monde protestant la n\u00e9cessit\u00e9 d\u2019un changement d\u2019attitude. En outre, cela pose la question de la place de l\u2019humain au sein du monde selon le dessein cr\u00e9ateur de Dieu. Parler de&nbsp;\u00ab\u00a0conversion\u00a0\u00bb suppose un retournement ou un d\u00e9centrement vers Dieu, mais un Dieu qui conf\u00e8re \u00e0 chaque cr\u00e9ature une&nbsp;\u00ab\u00a0valeur propre\u00a0\u00bb.<\/p>\n","protected":false},"excerpt":{"rendered":"<p>L\u2019encyclique Laudato si\u2019 invite \u00e0 une&nbsp;\u00ab\u00a0conversion \u00e9cologique\u00a0\u00bb. D\u2019autres textes magist\u00e9riels l\u2019avaient pr\u00e9c\u00e9d\u00e9e dans cette voie, marquant ce qu\u2019Adolphe Gesch\u00e9 avait qualifi\u00e9 de&nbsp;\u00ab\u00a0tournant cosmocentrique\u00a0\u00bb, par contraste au&nbsp;\u00ab\u00a0tournant anthropocentrique\u00a0\u00bb (Karl Rahner), caract\u00e9ristique de Vatican II. Ce double tournant explique pourquoi, en d\u00e9pit de signaux pr\u00e9coces alertant sur la d\u00e9gradation de l\u2019environnement et sur la responsabilit\u00e9 humaine, le monde catholique a per\u00e7u plus tardivement que le monde protestant la n\u00e9cessit\u00e9 d\u2019un changement d\u2019attitude. En outre, cela pose la question de la place de l\u2019humain au sein du monde selon le dessein cr\u00e9ateur de Dieu. Parler de&nbsp;\u00ab\u00a0conversion\u00a0\u00bb suppose un retournement ou un d\u00e9centrement vers Dieu, mais un Dieu qui conf\u00e8re \u00e0 chaque cr\u00e9ature une&nbsp;\u00ab\u00a0valeur propre\u00a0\u00bb.<\/p>\n","protected":false},"author":2,"featured_media":0,"comment_status":"closed","ping_status":"closed","sticky":false,"template":"","format":"standard","meta":{"_acf_changed":false,"footnotes":""},"categories":[6],"tags":[857,858,591,860,859,461,861,862],"keywords":[1160],"class_list":["post-13416","post","type-post","status-publish","format-standard","hentry","category-article","tag-anthropocentrisme","tag-anthropologie-relationnelle","tag-catastrophe","tag-conversion-ecologique","tag-cosmocentrisme","tag-creation","tag-laudato-si","tag-peche-ecologique","keywords-ecologie"],"acf":[],"yoast_head":"<!-- This site is optimized with the Yoast SEO plugin v27.2 - https:\/\/yoast.com\/product\/yoast-seo-wordpress\/ -->\n<title>La lente \u00e9mergence de l\u2019id\u00e9e de conversion \u00e9cologique dans le monde catholique - Recherches de Science Religieuse<\/title>\n<meta name=\"robots\" content=\"index, follow, max-snippet:-1, max-image-preview:large, max-video-preview:-1\" \/>\n<link rel=\"canonical\" href=\"https:\/\/dev.centtreize.com\/rsr\/article\/la-lente-emergence-de-lidee-de-conversion-ecologique-dans-le-monde-catholique\/\" \/>\n<meta property=\"og:locale\" content=\"fr_FR\" \/>\n<meta property=\"og:type\" content=\"article\" \/>\n<meta property=\"og:title\" content=\"La lente \u00e9mergence de l\u2019id\u00e9e de conversion \u00e9cologique dans le monde catholique - Recherches de Science Religieuse\" \/>\n<meta property=\"og:description\" content=\"L\u2019encyclique Laudato si\u2019 invite \u00e0 une&nbsp;\u00ab\u00a0conversion \u00e9cologique\u00a0\u00bb. D\u2019autres textes magist\u00e9riels l\u2019avaient pr\u00e9c\u00e9d\u00e9e dans cette voie, marquant ce qu\u2019Adolphe Gesch\u00e9 avait qualifi\u00e9 de&nbsp;\u00ab\u00a0tournant cosmocentrique\u00a0\u00bb, par contraste au&nbsp;\u00ab\u00a0tournant anthropocentrique\u00a0\u00bb (Karl Rahner), caract\u00e9ristique de Vatican II. Ce double tournant explique pourquoi, en d\u00e9pit de signaux pr\u00e9coces alertant sur la d\u00e9gradation de l\u2019environnement et sur la responsabilit\u00e9 humaine, le monde catholique a per\u00e7u plus tardivement que le monde protestant la n\u00e9cessit\u00e9 d\u2019un changement d\u2019attitude. En outre, cela pose la question de la place de l\u2019humain au sein du monde selon le dessein cr\u00e9ateur de Dieu. Parler de&nbsp;\u00ab\u00a0conversion\u00a0\u00bb suppose un retournement ou un d\u00e9centrement vers Dieu, mais un Dieu qui conf\u00e8re \u00e0 chaque cr\u00e9ature une&nbsp;\u00ab\u00a0valeur propre\u00a0\u00bb.\" \/>\n<meta property=\"og:url\" content=\"https:\/\/dev.centtreize.com\/rsr\/article\/la-lente-emergence-de-lidee-de-conversion-ecologique-dans-le-monde-catholique\/\" \/>\n<meta property=\"og:site_name\" content=\"Recherches de Science Religieuse\" \/>\n<meta property=\"article:published_time\" content=\"2022-07-14T23:02:07+00:00\" \/>\n<meta property=\"article:modified_time\" content=\"2025-06-13T07:13:34+00:00\" \/>\n<meta name=\"author\" content=\"H\u00e9l\u00e8ne\" \/>\n<meta name=\"twitter:card\" content=\"summary_large_image\" \/>\n<meta name=\"twitter:label1\" content=\"\u00c9crit par\" \/>\n\t<meta name=\"twitter:data1\" content=\"H\u00e9l\u00e8ne\" \/>\n\t<meta name=\"twitter:label2\" content=\"Dur\u00e9e de lecture estim\u00e9e\" \/>\n\t<meta name=\"twitter:data2\" content=\"1 minute\" \/>\n<script type=\"application\/ld+json\" class=\"yoast-schema-graph\">{\"@context\":\"https:\/\/schema.org\",\"@graph\":[{\"@type\":\"Article\",\"@id\":\"https:\/\/dev.centtreize.com\/rsr\/article\/la-lente-emergence-de-lidee-de-conversion-ecologique-dans-le-monde-catholique\/#article\",\"isPartOf\":{\"@id\":\"https:\/\/dev.centtreize.com\/rsr\/article\/la-lente-emergence-de-lidee-de-conversion-ecologique-dans-le-monde-catholique\/\"},\"author\":{\"name\":\"H\u00e9l\u00e8ne\",\"@id\":\"https:\/\/dev.centtreize.com\/rsr\/#\/schema\/person\/eb039ce63dcbc3fec0a6b81e43e29ad3\"},\"headline\":\"La lente \u00e9mergence de l\u2019id\u00e9e de conversion \u00e9cologique dans le monde catholique\",\"datePublished\":\"2022-07-14T23:02:07+00:00\",\"dateModified\":\"2025-06-13T07:13:34+00:00\",\"mainEntityOfPage\":{\"@id\":\"https:\/\/dev.centtreize.com\/rsr\/article\/la-lente-emergence-de-lidee-de-conversion-ecologique-dans-le-monde-catholique\/\"},\"wordCount\":150,\"publisher\":{\"@id\":\"https:\/\/dev.centtreize.com\/rsr\/#organization\"},\"keywords\":[\"Anthropocentrisme\",\"Anthropologie relationnelle\",\"Catastrophe\",\"Conversion \u00e9cologique\",\"Cosmocentrisme\",\"cr\u00e9ation\",\"Laudato si\u2019\",\"P\u00e9ch\u00e9 \u00e9cologique\"],\"articleSection\":[\"article\"],\"inLanguage\":\"fr-FR\"},{\"@type\":\"WebPage\",\"@id\":\"https:\/\/dev.centtreize.com\/rsr\/article\/la-lente-emergence-de-lidee-de-conversion-ecologique-dans-le-monde-catholique\/\",\"url\":\"https:\/\/dev.centtreize.com\/rsr\/article\/la-lente-emergence-de-lidee-de-conversion-ecologique-dans-le-monde-catholique\/\",\"name\":\"La lente \u00e9mergence de l\u2019id\u00e9e de conversion \u00e9cologique dans le monde catholique - Recherches de Science Religieuse\",\"isPartOf\":{\"@id\":\"https:\/\/dev.centtreize.com\/rsr\/#website\"},\"datePublished\":\"2022-07-14T23:02:07+00:00\",\"dateModified\":\"2025-06-13T07:13:34+00:00\",\"breadcrumb\":{\"@id\":\"https:\/\/dev.centtreize.com\/rsr\/article\/la-lente-emergence-de-lidee-de-conversion-ecologique-dans-le-monde-catholique\/#breadcrumb\"},\"inLanguage\":\"fr-FR\",\"potentialAction\":[{\"@type\":\"ReadAction\",\"target\":[\"https:\/\/dev.centtreize.com\/rsr\/article\/la-lente-emergence-de-lidee-de-conversion-ecologique-dans-le-monde-catholique\/\"]}]},{\"@type\":\"BreadcrumbList\",\"@id\":\"https:\/\/dev.centtreize.com\/rsr\/article\/la-lente-emergence-de-lidee-de-conversion-ecologique-dans-le-monde-catholique\/#breadcrumb\",\"itemListElement\":[{\"@type\":\"ListItem\",\"position\":1,\"name\":\"Accueil\",\"item\":\"https:\/\/dev.centtreize.com\/rsr\/\"},{\"@type\":\"ListItem\",\"position\":2,\"name\":\"La lente \u00e9mergence de l\u2019id\u00e9e de conversion \u00e9cologique dans le monde catholique\"}]},{\"@type\":\"WebSite\",\"@id\":\"https:\/\/dev.centtreize.com\/rsr\/#website\",\"url\":\"https:\/\/dev.centtreize.com\/rsr\/\",\"name\":\"Recherches de Science Religieuse\",\"description\":\"Recherches de Science Religieuse\",\"publisher\":{\"@id\":\"https:\/\/dev.centtreize.com\/rsr\/#organization\"},\"potentialAction\":[{\"@type\":\"SearchAction\",\"target\":{\"@type\":\"EntryPoint\",\"urlTemplate\":\"https:\/\/dev.centtreize.com\/rsr\/?s={search_term_string}\"},\"query-input\":{\"@type\":\"PropertyValueSpecification\",\"valueRequired\":true,\"valueName\":\"search_term_string\"}}],\"inLanguage\":\"fr-FR\"},{\"@type\":\"Organization\",\"@id\":\"https:\/\/dev.centtreize.com\/rsr\/#organization\",\"name\":\"Recherches de Science Religieuse\",\"url\":\"https:\/\/dev.centtreize.com\/rsr\/\",\"logo\":{\"@type\":\"ImageObject\",\"inLanguage\":\"fr-FR\",\"@id\":\"https:\/\/dev.centtreize.com\/rsr\/#\/schema\/logo\/image\/\",\"url\":\"https:\/\/dev.centtreize.com\/rsr\/wp-content\/uploads\/2024\/10\/logo_rsr.png\",\"contentUrl\":\"https:\/\/dev.centtreize.com\/rsr\/wp-content\/uploads\/2024\/10\/logo_rsr.png\",\"width\":300,\"height\":225,\"caption\":\"Recherches de Science Religieuse\"},\"image\":{\"@id\":\"https:\/\/dev.centtreize.com\/rsr\/#\/schema\/logo\/image\/\"}},{\"@type\":\"Person\",\"@id\":\"https:\/\/dev.centtreize.com\/rsr\/#\/schema\/person\/eb039ce63dcbc3fec0a6b81e43e29ad3\",\"name\":\"H\u00e9l\u00e8ne\",\"url\":\"https:\/\/dev.centtreize.com\/rsr\/author\/rsr\/\"}]}<\/script>\n<!-- \/ Yoast SEO plugin. -->","yoast_head_json":{"title":"La lente \u00e9mergence de l\u2019id\u00e9e de conversion \u00e9cologique dans le monde catholique - Recherches de Science Religieuse","robots":{"index":"index","follow":"follow","max-snippet":"max-snippet:-1","max-image-preview":"max-image-preview:large","max-video-preview":"max-video-preview:-1"},"canonical":"https:\/\/dev.centtreize.com\/rsr\/article\/la-lente-emergence-de-lidee-de-conversion-ecologique-dans-le-monde-catholique\/","og_locale":"fr_FR","og_type":"article","og_title":"La lente \u00e9mergence de l\u2019id\u00e9e de conversion \u00e9cologique dans le monde catholique - Recherches de Science Religieuse","og_description":"L\u2019encyclique Laudato si\u2019 invite \u00e0 une&nbsp;\u00ab\u00a0conversion \u00e9cologique\u00a0\u00bb. D\u2019autres textes magist\u00e9riels l\u2019avaient pr\u00e9c\u00e9d\u00e9e dans cette voie, marquant ce qu\u2019Adolphe Gesch\u00e9 avait qualifi\u00e9 de&nbsp;\u00ab\u00a0tournant cosmocentrique\u00a0\u00bb, par contraste au&nbsp;\u00ab\u00a0tournant anthropocentrique\u00a0\u00bb (Karl Rahner), caract\u00e9ristique de Vatican II. Ce double tournant explique pourquoi, en d\u00e9pit de signaux pr\u00e9coces alertant sur la d\u00e9gradation de l\u2019environnement et sur la responsabilit\u00e9 humaine, le monde catholique a per\u00e7u plus tardivement que le monde protestant la n\u00e9cessit\u00e9 d\u2019un changement d\u2019attitude. En outre, cela pose la question de la place de l\u2019humain au sein du monde selon le dessein cr\u00e9ateur de Dieu. Parler de&nbsp;\u00ab\u00a0conversion\u00a0\u00bb suppose un retournement ou un d\u00e9centrement vers Dieu, mais un Dieu qui conf\u00e8re \u00e0 chaque cr\u00e9ature une&nbsp;\u00ab\u00a0valeur propre\u00a0\u00bb.","og_url":"https:\/\/dev.centtreize.com\/rsr\/article\/la-lente-emergence-de-lidee-de-conversion-ecologique-dans-le-monde-catholique\/","og_site_name":"Recherches de Science Religieuse","article_published_time":"2022-07-14T23:02:07+00:00","article_modified_time":"2025-06-13T07:13:34+00:00","author":"H\u00e9l\u00e8ne","twitter_card":"summary_large_image","twitter_misc":{"\u00c9crit par":"H\u00e9l\u00e8ne","Dur\u00e9e de lecture estim\u00e9e":"1 minute"},"schema":{"@context":"https:\/\/schema.org","@graph":[{"@type":"Article","@id":"https:\/\/dev.centtreize.com\/rsr\/article\/la-lente-emergence-de-lidee-de-conversion-ecologique-dans-le-monde-catholique\/#article","isPartOf":{"@id":"https:\/\/dev.centtreize.com\/rsr\/article\/la-lente-emergence-de-lidee-de-conversion-ecologique-dans-le-monde-catholique\/"},"author":{"name":"H\u00e9l\u00e8ne","@id":"https:\/\/dev.centtreize.com\/rsr\/#\/schema\/person\/eb039ce63dcbc3fec0a6b81e43e29ad3"},"headline":"La lente \u00e9mergence de l\u2019id\u00e9e de conversion \u00e9cologique dans le monde catholique","datePublished":"2022-07-14T23:02:07+00:00","dateModified":"2025-06-13T07:13:34+00:00","mainEntityOfPage":{"@id":"https:\/\/dev.centtreize.com\/rsr\/article\/la-lente-emergence-de-lidee-de-conversion-ecologique-dans-le-monde-catholique\/"},"wordCount":150,"publisher":{"@id":"https:\/\/dev.centtreize.com\/rsr\/#organization"},"keywords":["Anthropocentrisme","Anthropologie relationnelle","Catastrophe","Conversion \u00e9cologique","Cosmocentrisme","cr\u00e9ation","Laudato si\u2019","P\u00e9ch\u00e9 \u00e9cologique"],"articleSection":["article"],"inLanguage":"fr-FR"},{"@type":"WebPage","@id":"https:\/\/dev.centtreize.com\/rsr\/article\/la-lente-emergence-de-lidee-de-conversion-ecologique-dans-le-monde-catholique\/","url":"https:\/\/dev.centtreize.com\/rsr\/article\/la-lente-emergence-de-lidee-de-conversion-ecologique-dans-le-monde-catholique\/","name":"La lente \u00e9mergence de l\u2019id\u00e9e de conversion \u00e9cologique dans le monde catholique - Recherches de Science Religieuse","isPartOf":{"@id":"https:\/\/dev.centtreize.com\/rsr\/#website"},"datePublished":"2022-07-14T23:02:07+00:00","dateModified":"2025-06-13T07:13:34+00:00","breadcrumb":{"@id":"https:\/\/dev.centtreize.com\/rsr\/article\/la-lente-emergence-de-lidee-de-conversion-ecologique-dans-le-monde-catholique\/#breadcrumb"},"inLanguage":"fr-FR","potentialAction":[{"@type":"ReadAction","target":["https:\/\/dev.centtreize.com\/rsr\/article\/la-lente-emergence-de-lidee-de-conversion-ecologique-dans-le-monde-catholique\/"]}]},{"@type":"BreadcrumbList","@id":"https:\/\/dev.centtreize.com\/rsr\/article\/la-lente-emergence-de-lidee-de-conversion-ecologique-dans-le-monde-catholique\/#breadcrumb","itemListElement":[{"@type":"ListItem","position":1,"name":"Accueil","item":"https:\/\/dev.centtreize.com\/rsr\/"},{"@type":"ListItem","position":2,"name":"La lente \u00e9mergence de l\u2019id\u00e9e de conversion \u00e9cologique dans le monde catholique"}]},{"@type":"WebSite","@id":"https:\/\/dev.centtreize.com\/rsr\/#website","url":"https:\/\/dev.centtreize.com\/rsr\/","name":"Recherches de Science Religieuse","description":"Recherches de Science Religieuse","publisher":{"@id":"https:\/\/dev.centtreize.com\/rsr\/#organization"},"potentialAction":[{"@type":"SearchAction","target":{"@type":"EntryPoint","urlTemplate":"https:\/\/dev.centtreize.com\/rsr\/?s={search_term_string}"},"query-input":{"@type":"PropertyValueSpecification","valueRequired":true,"valueName":"search_term_string"}}],"inLanguage":"fr-FR"},{"@type":"Organization","@id":"https:\/\/dev.centtreize.com\/rsr\/#organization","name":"Recherches de Science Religieuse","url":"https:\/\/dev.centtreize.com\/rsr\/","logo":{"@type":"ImageObject","inLanguage":"fr-FR","@id":"https:\/\/dev.centtreize.com\/rsr\/#\/schema\/logo\/image\/","url":"https:\/\/dev.centtreize.com\/rsr\/wp-content\/uploads\/2024\/10\/logo_rsr.png","contentUrl":"https:\/\/dev.centtreize.com\/rsr\/wp-content\/uploads\/2024\/10\/logo_rsr.png","width":300,"height":225,"caption":"Recherches de Science Religieuse"},"image":{"@id":"https:\/\/dev.centtreize.com\/rsr\/#\/schema\/logo\/image\/"}},{"@type":"Person","@id":"https:\/\/dev.centtreize.com\/rsr\/#\/schema\/person\/eb039ce63dcbc3fec0a6b81e43e29ad3","name":"H\u00e9l\u00e8ne","url":"https:\/\/dev.centtreize.com\/rsr\/author\/rsr\/"}]}},"_links":{"self":[{"href":"https:\/\/dev.centtreize.com\/rsr\/wp-json\/wp\/v2\/posts\/13416","targetHints":{"allow":["GET"]}}],"collection":[{"href":"https:\/\/dev.centtreize.com\/rsr\/wp-json\/wp\/v2\/posts"}],"about":[{"href":"https:\/\/dev.centtreize.com\/rsr\/wp-json\/wp\/v2\/types\/post"}],"author":[{"embeddable":true,"href":"https:\/\/dev.centtreize.com\/rsr\/wp-json\/wp\/v2\/users\/2"}],"replies":[{"embeddable":true,"href":"https:\/\/dev.centtreize.com\/rsr\/wp-json\/wp\/v2\/comments?post=13416"}],"version-history":[{"count":9,"href":"https:\/\/dev.centtreize.com\/rsr\/wp-json\/wp\/v2\/posts\/13416\/revisions"}],"predecessor-version":[{"id":17770,"href":"https:\/\/dev.centtreize.com\/rsr\/wp-json\/wp\/v2\/posts\/13416\/revisions\/17770"}],"wp:attachment":[{"href":"https:\/\/dev.centtreize.com\/rsr\/wp-json\/wp\/v2\/media?parent=13416"}],"wp:term":[{"taxonomy":"category","embeddable":true,"href":"https:\/\/dev.centtreize.com\/rsr\/wp-json\/wp\/v2\/categories?post=13416"},{"taxonomy":"post_tag","embeddable":true,"href":"https:\/\/dev.centtreize.com\/rsr\/wp-json\/wp\/v2\/tags?post=13416"},{"taxonomy":"keywords","embeddable":true,"href":"https:\/\/dev.centtreize.com\/rsr\/wp-json\/wp\/v2\/keywords?post=13416"}],"curies":[{"name":"wp","href":"https:\/\/api.w.org\/{rel}","templated":true}]}}