{"id":13143,"date":"2021-10-15T00:05:41","date_gmt":"2021-10-14T23:05:41","guid":{"rendered":"http:\/\/www.revue-rsr.com\/?p=13143"},"modified":"2025-06-13T08:11:14","modified_gmt":"2025-06-13T07:11:14","slug":"histoire-et-theologie-du-conflit-au-multilateralisme","status":"publish","type":"post","link":"https:\/\/dev.centtreize.com\/rsr\/article\/histoire-et-theologie-du-conflit-au-multilateralisme\/","title":{"rendered":"Histoire et th\u00e9ologie : du conflit au multilat\u00e9ralisme"},"content":{"rendered":"<p>Le rapport histoire et th\u00e9ologie qui s\u2019est nou\u00e9 dans la crise moderniste a trouv\u00e9 une issue momentan\u00e9e avec la cat\u00e9gorie de la tradition cr\u00e9atrice con\u00e7ue par Maurice Blondel. Il a \u00e9volu\u00e9 vers une pens\u00e9e herm\u00e9neutique qui a influenc\u00e9 l\u2019ex\u00e9g\u00e8se critique de la Bible et l\u2019histoire des dogmes sans \u00eatre encore aujourd\u2019hui totalement re\u00e7ue. Une situation nouvelle a d\u00e9coul\u00e9 d\u2019une culture marqu\u00e9e par subjectivation des individus et leur d\u00e9traditionnalisation. Leur pr\u00e9sent est en crise car la recherche de fondement rencontre les soci\u00e9t\u00e9s liquides. Une ph\u00e9nom\u00e9nologie relisant Heidegger sous la forme d\u2019une apocalypse de la v\u00e9rit\u00e9 reconduirait jusqu\u2019\u00e0 Paul de Tarse pour r\u00e9habiliter le danger comme une puissance d\u2019imagination cr\u00e9atrice nouvelle. \u00c0 sa suite, l\u2019article sugg\u00e8re que l\u2019anamn\u00e8se chr\u00e9tienne, chez le m\u00eame Paul, pourrait fournir aux modernes un recours mieux averti \u00e0 l&rsquo;histoire.<\/p>\n","protected":false},"excerpt":{"rendered":"<p>Le rapport histoire et th\u00e9ologie qui s\u2019est nou\u00e9 dans la crise moderniste a trouv\u00e9 une issue momentan\u00e9e avec la cat\u00e9gorie de la tradition cr\u00e9atrice con\u00e7ue par Maurice Blondel. Il a \u00e9volu\u00e9 vers une pens\u00e9e herm\u00e9neutique qui a influenc\u00e9 l\u2019ex\u00e9g\u00e8se critique de la Bible et l\u2019histoire des dogmes sans \u00eatre encore aujourd\u2019hui totalement re\u00e7ue. Une situation nouvelle a d\u00e9coul\u00e9 d\u2019une culture marqu\u00e9e par subjectivation des individus et leur d\u00e9traditionnalisation. Leur pr\u00e9sent est en crise car la recherche de fondement rencontre les soci\u00e9t\u00e9s liquides. Une ph\u00e9nom\u00e9nologie relisant Heidegger sous la forme d\u2019une apocalypse de la v\u00e9rit\u00e9 reconduirait jusqu\u2019\u00e0 Paul de Tarse pour r\u00e9habiliter le danger comme une puissance d\u2019imagination cr\u00e9atrice nouvelle. \u00c0 sa suite, l\u2019article sugg\u00e8re que l\u2019anamn\u00e8se chr\u00e9tienne, chez le m\u00eame Paul, pourrait fournir aux modernes un recours mieux averti \u00e0 l&rsquo;histoire.<\/p>\n","protected":false},"author":2,"featured_media":0,"comment_status":"closed","ping_status":"closed","sticky":false,"template":"","format":"standard","meta":{"_acf_changed":false,"footnotes":""},"categories":[6],"tags":[805,564,64,804,81,47,803,360,46,186,238],"keywords":[1126,1122,1173],"class_list":["post-13143","post","type-post","status-publish","format-standard","hentry","category-article","tag-anamnese","tag-apocalypse","tag-exegese","tag-fondamentalisme","tag-hermeneutique","tag-histoire","tag-modernisme","tag-modernite","tag-theologie","tag-tradition","tag-verite","keywords-hermeneutique","keywords-histoire","keywords-modernisme"],"acf":[],"yoast_head":"<!-- This site is optimized with the Yoast SEO plugin v27.2 - https:\/\/yoast.com\/product\/yoast-seo-wordpress\/ -->\n<title>Histoire et th\u00e9ologie : du conflit au multilat\u00e9ralisme - Recherches de Science Religieuse<\/title>\n<meta name=\"robots\" content=\"index, follow, max-snippet:-1, max-image-preview:large, max-video-preview:-1\" \/>\n<link rel=\"canonical\" href=\"https:\/\/dev.centtreize.com\/rsr\/article\/histoire-et-theologie-du-conflit-au-multilateralisme\/\" \/>\n<meta property=\"og:locale\" content=\"fr_FR\" \/>\n<meta property=\"og:type\" content=\"article\" \/>\n<meta property=\"og:title\" content=\"Histoire et th\u00e9ologie : du conflit au multilat\u00e9ralisme - Recherches de Science Religieuse\" \/>\n<meta property=\"og:description\" content=\"Le rapport histoire et th\u00e9ologie qui s\u2019est nou\u00e9 dans la crise moderniste a trouv\u00e9 une issue momentan\u00e9e avec la cat\u00e9gorie de la tradition cr\u00e9atrice con\u00e7ue par Maurice Blondel. Il a \u00e9volu\u00e9 vers une pens\u00e9e herm\u00e9neutique qui a influenc\u00e9 l\u2019ex\u00e9g\u00e8se critique de la Bible et l\u2019histoire des dogmes sans \u00eatre encore aujourd\u2019hui totalement re\u00e7ue. Une situation nouvelle a d\u00e9coul\u00e9 d\u2019une culture marqu\u00e9e par subjectivation des individus et leur d\u00e9traditionnalisation. Leur pr\u00e9sent est en crise car la recherche de fondement rencontre les soci\u00e9t\u00e9s liquides. Une ph\u00e9nom\u00e9nologie relisant Heidegger sous la forme d\u2019une apocalypse de la v\u00e9rit\u00e9 reconduirait jusqu\u2019\u00e0 Paul de Tarse pour r\u00e9habiliter le danger comme une puissance d\u2019imagination cr\u00e9atrice nouvelle. \u00c0 sa suite, l\u2019article sugg\u00e8re que l\u2019anamn\u00e8se chr\u00e9tienne, chez le m\u00eame Paul, pourrait fournir aux modernes un recours mieux averti \u00e0 l&rsquo;histoire.\" \/>\n<meta property=\"og:url\" content=\"https:\/\/dev.centtreize.com\/rsr\/article\/histoire-et-theologie-du-conflit-au-multilateralisme\/\" \/>\n<meta property=\"og:site_name\" content=\"Recherches de Science Religieuse\" \/>\n<meta property=\"article:published_time\" content=\"2021-10-14T23:05:41+00:00\" \/>\n<meta property=\"article:modified_time\" content=\"2025-06-13T07:11:14+00:00\" \/>\n<meta name=\"author\" content=\"H\u00e9l\u00e8ne\" \/>\n<meta name=\"twitter:card\" content=\"summary_large_image\" \/>\n<meta name=\"twitter:label1\" content=\"\u00c9crit par\" \/>\n\t<meta name=\"twitter:data1\" content=\"H\u00e9l\u00e8ne\" \/>\n\t<meta name=\"twitter:label2\" content=\"Dur\u00e9e de lecture estim\u00e9e\" \/>\n\t<meta name=\"twitter:data2\" content=\"1 minute\" \/>\n<script type=\"application\/ld+json\" class=\"yoast-schema-graph\">{\"@context\":\"https:\/\/schema.org\",\"@graph\":[{\"@type\":\"Article\",\"@id\":\"https:\/\/dev.centtreize.com\/rsr\/article\/histoire-et-theologie-du-conflit-au-multilateralisme\/#article\",\"isPartOf\":{\"@id\":\"https:\/\/dev.centtreize.com\/rsr\/article\/histoire-et-theologie-du-conflit-au-multilateralisme\/\"},\"author\":{\"name\":\"H\u00e9l\u00e8ne\",\"@id\":\"https:\/\/dev.centtreize.com\/rsr\/#\/schema\/person\/eb039ce63dcbc3fec0a6b81e43e29ad3\"},\"headline\":\"Histoire et th\u00e9ologie : du conflit au multilat\u00e9ralisme\",\"datePublished\":\"2021-10-14T23:05:41+00:00\",\"dateModified\":\"2025-06-13T07:11:14+00:00\",\"mainEntityOfPage\":{\"@id\":\"https:\/\/dev.centtreize.com\/rsr\/article\/histoire-et-theologie-du-conflit-au-multilateralisme\/\"},\"wordCount\":173,\"publisher\":{\"@id\":\"https:\/\/dev.centtreize.com\/rsr\/#organization\"},\"keywords\":[\"Anamn\u00e8se\",\"Apocalypse\",\"ex\u00e9g\u00e8se\",\"Fondamentalisme\",\"herm\u00e9neutique\",\"histoire\",\"Modernisme\",\"modernit\u00e9\",\"th\u00e9ologie\",\"tradition\",\"v\u00e9rit\u00e9\"],\"articleSection\":[\"article\"],\"inLanguage\":\"fr-FR\"},{\"@type\":\"WebPage\",\"@id\":\"https:\/\/dev.centtreize.com\/rsr\/article\/histoire-et-theologie-du-conflit-au-multilateralisme\/\",\"url\":\"https:\/\/dev.centtreize.com\/rsr\/article\/histoire-et-theologie-du-conflit-au-multilateralisme\/\",\"name\":\"Histoire et th\u00e9ologie : du conflit au multilat\u00e9ralisme - Recherches de Science Religieuse\",\"isPartOf\":{\"@id\":\"https:\/\/dev.centtreize.com\/rsr\/#website\"},\"datePublished\":\"2021-10-14T23:05:41+00:00\",\"dateModified\":\"2025-06-13T07:11:14+00:00\",\"breadcrumb\":{\"@id\":\"https:\/\/dev.centtreize.com\/rsr\/article\/histoire-et-theologie-du-conflit-au-multilateralisme\/#breadcrumb\"},\"inLanguage\":\"fr-FR\",\"potentialAction\":[{\"@type\":\"ReadAction\",\"target\":[\"https:\/\/dev.centtreize.com\/rsr\/article\/histoire-et-theologie-du-conflit-au-multilateralisme\/\"]}]},{\"@type\":\"BreadcrumbList\",\"@id\":\"https:\/\/dev.centtreize.com\/rsr\/article\/histoire-et-theologie-du-conflit-au-multilateralisme\/#breadcrumb\",\"itemListElement\":[{\"@type\":\"ListItem\",\"position\":1,\"name\":\"Accueil\",\"item\":\"https:\/\/dev.centtreize.com\/rsr\/\"},{\"@type\":\"ListItem\",\"position\":2,\"name\":\"Histoire et th\u00e9ologie : du conflit au multilat\u00e9ralisme\"}]},{\"@type\":\"WebSite\",\"@id\":\"https:\/\/dev.centtreize.com\/rsr\/#website\",\"url\":\"https:\/\/dev.centtreize.com\/rsr\/\",\"name\":\"Recherches de Science Religieuse\",\"description\":\"Recherches de Science Religieuse\",\"publisher\":{\"@id\":\"https:\/\/dev.centtreize.com\/rsr\/#organization\"},\"potentialAction\":[{\"@type\":\"SearchAction\",\"target\":{\"@type\":\"EntryPoint\",\"urlTemplate\":\"https:\/\/dev.centtreize.com\/rsr\/?s={search_term_string}\"},\"query-input\":{\"@type\":\"PropertyValueSpecification\",\"valueRequired\":true,\"valueName\":\"search_term_string\"}}],\"inLanguage\":\"fr-FR\"},{\"@type\":\"Organization\",\"@id\":\"https:\/\/dev.centtreize.com\/rsr\/#organization\",\"name\":\"Recherches de Science Religieuse\",\"url\":\"https:\/\/dev.centtreize.com\/rsr\/\",\"logo\":{\"@type\":\"ImageObject\",\"inLanguage\":\"fr-FR\",\"@id\":\"https:\/\/dev.centtreize.com\/rsr\/#\/schema\/logo\/image\/\",\"url\":\"https:\/\/dev.centtreize.com\/rsr\/wp-content\/uploads\/2024\/10\/logo_rsr.png\",\"contentUrl\":\"https:\/\/dev.centtreize.com\/rsr\/wp-content\/uploads\/2024\/10\/logo_rsr.png\",\"width\":300,\"height\":225,\"caption\":\"Recherches de Science Religieuse\"},\"image\":{\"@id\":\"https:\/\/dev.centtreize.com\/rsr\/#\/schema\/logo\/image\/\"}},{\"@type\":\"Person\",\"@id\":\"https:\/\/dev.centtreize.com\/rsr\/#\/schema\/person\/eb039ce63dcbc3fec0a6b81e43e29ad3\",\"name\":\"H\u00e9l\u00e8ne\",\"url\":\"https:\/\/dev.centtreize.com\/rsr\/author\/rsr\/\"}]}<\/script>\n<!-- \/ Yoast SEO plugin. -->","yoast_head_json":{"title":"Histoire et th\u00e9ologie : du conflit au multilat\u00e9ralisme - Recherches de Science Religieuse","robots":{"index":"index","follow":"follow","max-snippet":"max-snippet:-1","max-image-preview":"max-image-preview:large","max-video-preview":"max-video-preview:-1"},"canonical":"https:\/\/dev.centtreize.com\/rsr\/article\/histoire-et-theologie-du-conflit-au-multilateralisme\/","og_locale":"fr_FR","og_type":"article","og_title":"Histoire et th\u00e9ologie : du conflit au multilat\u00e9ralisme - Recherches de Science Religieuse","og_description":"Le rapport histoire et th\u00e9ologie qui s\u2019est nou\u00e9 dans la crise moderniste a trouv\u00e9 une issue momentan\u00e9e avec la cat\u00e9gorie de la tradition cr\u00e9atrice con\u00e7ue par Maurice Blondel. Il a \u00e9volu\u00e9 vers une pens\u00e9e herm\u00e9neutique qui a influenc\u00e9 l\u2019ex\u00e9g\u00e8se critique de la Bible et l\u2019histoire des dogmes sans \u00eatre encore aujourd\u2019hui totalement re\u00e7ue. Une situation nouvelle a d\u00e9coul\u00e9 d\u2019une culture marqu\u00e9e par subjectivation des individus et leur d\u00e9traditionnalisation. Leur pr\u00e9sent est en crise car la recherche de fondement rencontre les soci\u00e9t\u00e9s liquides. Une ph\u00e9nom\u00e9nologie relisant Heidegger sous la forme d\u2019une apocalypse de la v\u00e9rit\u00e9 reconduirait jusqu\u2019\u00e0 Paul de Tarse pour r\u00e9habiliter le danger comme une puissance d\u2019imagination cr\u00e9atrice nouvelle. \u00c0 sa suite, l\u2019article sugg\u00e8re que l\u2019anamn\u00e8se chr\u00e9tienne, chez le m\u00eame Paul, pourrait fournir aux modernes un recours mieux averti \u00e0 l&rsquo;histoire.","og_url":"https:\/\/dev.centtreize.com\/rsr\/article\/histoire-et-theologie-du-conflit-au-multilateralisme\/","og_site_name":"Recherches de Science Religieuse","article_published_time":"2021-10-14T23:05:41+00:00","article_modified_time":"2025-06-13T07:11:14+00:00","author":"H\u00e9l\u00e8ne","twitter_card":"summary_large_image","twitter_misc":{"\u00c9crit par":"H\u00e9l\u00e8ne","Dur\u00e9e de lecture estim\u00e9e":"1 minute"},"schema":{"@context":"https:\/\/schema.org","@graph":[{"@type":"Article","@id":"https:\/\/dev.centtreize.com\/rsr\/article\/histoire-et-theologie-du-conflit-au-multilateralisme\/#article","isPartOf":{"@id":"https:\/\/dev.centtreize.com\/rsr\/article\/histoire-et-theologie-du-conflit-au-multilateralisme\/"},"author":{"name":"H\u00e9l\u00e8ne","@id":"https:\/\/dev.centtreize.com\/rsr\/#\/schema\/person\/eb039ce63dcbc3fec0a6b81e43e29ad3"},"headline":"Histoire et th\u00e9ologie : du conflit au multilat\u00e9ralisme","datePublished":"2021-10-14T23:05:41+00:00","dateModified":"2025-06-13T07:11:14+00:00","mainEntityOfPage":{"@id":"https:\/\/dev.centtreize.com\/rsr\/article\/histoire-et-theologie-du-conflit-au-multilateralisme\/"},"wordCount":173,"publisher":{"@id":"https:\/\/dev.centtreize.com\/rsr\/#organization"},"keywords":["Anamn\u00e8se","Apocalypse","ex\u00e9g\u00e8se","Fondamentalisme","herm\u00e9neutique","histoire","Modernisme","modernit\u00e9","th\u00e9ologie","tradition","v\u00e9rit\u00e9"],"articleSection":["article"],"inLanguage":"fr-FR"},{"@type":"WebPage","@id":"https:\/\/dev.centtreize.com\/rsr\/article\/histoire-et-theologie-du-conflit-au-multilateralisme\/","url":"https:\/\/dev.centtreize.com\/rsr\/article\/histoire-et-theologie-du-conflit-au-multilateralisme\/","name":"Histoire et th\u00e9ologie : du conflit au multilat\u00e9ralisme - Recherches de Science Religieuse","isPartOf":{"@id":"https:\/\/dev.centtreize.com\/rsr\/#website"},"datePublished":"2021-10-14T23:05:41+00:00","dateModified":"2025-06-13T07:11:14+00:00","breadcrumb":{"@id":"https:\/\/dev.centtreize.com\/rsr\/article\/histoire-et-theologie-du-conflit-au-multilateralisme\/#breadcrumb"},"inLanguage":"fr-FR","potentialAction":[{"@type":"ReadAction","target":["https:\/\/dev.centtreize.com\/rsr\/article\/histoire-et-theologie-du-conflit-au-multilateralisme\/"]}]},{"@type":"BreadcrumbList","@id":"https:\/\/dev.centtreize.com\/rsr\/article\/histoire-et-theologie-du-conflit-au-multilateralisme\/#breadcrumb","itemListElement":[{"@type":"ListItem","position":1,"name":"Accueil","item":"https:\/\/dev.centtreize.com\/rsr\/"},{"@type":"ListItem","position":2,"name":"Histoire et th\u00e9ologie : du conflit au multilat\u00e9ralisme"}]},{"@type":"WebSite","@id":"https:\/\/dev.centtreize.com\/rsr\/#website","url":"https:\/\/dev.centtreize.com\/rsr\/","name":"Recherches de Science Religieuse","description":"Recherches de Science Religieuse","publisher":{"@id":"https:\/\/dev.centtreize.com\/rsr\/#organization"},"potentialAction":[{"@type":"SearchAction","target":{"@type":"EntryPoint","urlTemplate":"https:\/\/dev.centtreize.com\/rsr\/?s={search_term_string}"},"query-input":{"@type":"PropertyValueSpecification","valueRequired":true,"valueName":"search_term_string"}}],"inLanguage":"fr-FR"},{"@type":"Organization","@id":"https:\/\/dev.centtreize.com\/rsr\/#organization","name":"Recherches de Science Religieuse","url":"https:\/\/dev.centtreize.com\/rsr\/","logo":{"@type":"ImageObject","inLanguage":"fr-FR","@id":"https:\/\/dev.centtreize.com\/rsr\/#\/schema\/logo\/image\/","url":"https:\/\/dev.centtreize.com\/rsr\/wp-content\/uploads\/2024\/10\/logo_rsr.png","contentUrl":"https:\/\/dev.centtreize.com\/rsr\/wp-content\/uploads\/2024\/10\/logo_rsr.png","width":300,"height":225,"caption":"Recherches de Science Religieuse"},"image":{"@id":"https:\/\/dev.centtreize.com\/rsr\/#\/schema\/logo\/image\/"}},{"@type":"Person","@id":"https:\/\/dev.centtreize.com\/rsr\/#\/schema\/person\/eb039ce63dcbc3fec0a6b81e43e29ad3","name":"H\u00e9l\u00e8ne","url":"https:\/\/dev.centtreize.com\/rsr\/author\/rsr\/"}]}},"_links":{"self":[{"href":"https:\/\/dev.centtreize.com\/rsr\/wp-json\/wp\/v2\/posts\/13143","targetHints":{"allow":["GET"]}}],"collection":[{"href":"https:\/\/dev.centtreize.com\/rsr\/wp-json\/wp\/v2\/posts"}],"about":[{"href":"https:\/\/dev.centtreize.com\/rsr\/wp-json\/wp\/v2\/types\/post"}],"author":[{"embeddable":true,"href":"https:\/\/dev.centtreize.com\/rsr\/wp-json\/wp\/v2\/users\/2"}],"replies":[{"embeddable":true,"href":"https:\/\/dev.centtreize.com\/rsr\/wp-json\/wp\/v2\/comments?post=13143"}],"version-history":[{"count":8,"href":"https:\/\/dev.centtreize.com\/rsr\/wp-json\/wp\/v2\/posts\/13143\/revisions"}],"predecessor-version":[{"id":17742,"href":"https:\/\/dev.centtreize.com\/rsr\/wp-json\/wp\/v2\/posts\/13143\/revisions\/17742"}],"wp:attachment":[{"href":"https:\/\/dev.centtreize.com\/rsr\/wp-json\/wp\/v2\/media?parent=13143"}],"wp:term":[{"taxonomy":"category","embeddable":true,"href":"https:\/\/dev.centtreize.com\/rsr\/wp-json\/wp\/v2\/categories?post=13143"},{"taxonomy":"post_tag","embeddable":true,"href":"https:\/\/dev.centtreize.com\/rsr\/wp-json\/wp\/v2\/tags?post=13143"},{"taxonomy":"keywords","embeddable":true,"href":"https:\/\/dev.centtreize.com\/rsr\/wp-json\/wp\/v2\/keywords?post=13143"}],"curies":[{"name":"wp","href":"https:\/\/api.w.org\/{rel}","templated":true}]}}