{"id":13137,"date":"2021-10-15T00:03:45","date_gmt":"2021-10-14T23:03:45","guid":{"rendered":"http:\/\/www.revue-rsr.com\/?p=13137"},"modified":"2025-06-13T08:10:48","modified_gmt":"2025-06-13T07:10:48","slug":"la-reception-du-concile-vatican-ii-entre-theologie-et-histoire","status":"publish","type":"post","link":"https:\/\/dev.centtreize.com\/rsr\/article\/la-reception-du-concile-vatican-ii-entre-theologie-et-histoire\/","title":{"rendered":"La r\u00e9ception du concile Vatican II entre th\u00e9ologie et histoire"},"content":{"rendered":"<p>La controverse nou\u00e9e en 2005 entre th\u00e9ologiens et historiens, autour de l\u2019analyse du concile Vatican II comme \u00e9v\u00e9nement ou comme texte du genre litt\u00e9raire&nbsp;\u00ab&nbsp;constitutionnel&nbsp;\u00bb, rel\u00e8ve d\u2019une histoire intellectuelle. Mais elle participe aussi d\u2019une histoire du catholicisme contemporain marqu\u00e9e par les d\u00e9bats qui se succ\u00e8dent sur la fa\u00e7on de mettre en \u0153uvre l\u2019aggiornamento. Si la majorit\u00e9 des protagonistes a le souci de donner toute sa validit\u00e9 \u00e0 un concile v\u00e9cu comme&nbsp;\u00ab&nbsp;de transition&nbsp;\u00bb et&nbsp;\u00ab&nbsp;pastoral&nbsp;\u00bb, les uns en font une lecture conservatrice, l\u2019inscrivant dans le prolongement de Vatican I et d\u2019un catholicisme intransigeant, critique de la modernit\u00e9&nbsp;; les autres soulignent son caract\u00e8re radicalement innovateur, tout en relisant \u00e0 partir des textes conciliaires l\u2019ensemble de l\u2019histoire de la r\u00e9v\u00e9lation \u00e0 travers la notion de&nbsp;\u00ab&nbsp;signes des temps&nbsp;\u00bb. La r\u00e9ception conciliaire devient ainsi un observatoire privil\u00e9gi\u00e9 pour comprendre l\u2019histoire d\u2019un catholicisme qui se mondialise, dans le contexte d\u2019un \u00e9cart qui s\u2019approfondit entre le magist\u00e8re romain et l\u2019\u00e9volution des m\u0153urs.<\/p>\n","protected":false},"excerpt":{"rendered":"<p>La controverse nou\u00e9e en 2005 entre th\u00e9ologiens et historiens, autour de l\u2019analyse du concile Vatican II comme \u00e9v\u00e9nement ou comme texte du genre litt\u00e9raire&nbsp;\u00ab&nbsp;constitutionnel&nbsp;\u00bb, rel\u00e8ve d\u2019une histoire intellectuelle. Mais elle participe aussi d\u2019une histoire du catholicisme contemporain marqu\u00e9e par les d\u00e9bats qui se succ\u00e8dent sur la fa\u00e7on de mettre en \u0153uvre l\u2019aggiornamento. Si la majorit\u00e9 des protagonistes a le souci de donner toute sa validit\u00e9 \u00e0 un concile v\u00e9cu comme&nbsp;\u00ab&nbsp;de transition&nbsp;\u00bb et&nbsp;\u00ab&nbsp;pastoral&nbsp;\u00bb, les uns en font une lecture conservatrice, l\u2019inscrivant dans le prolongement de Vatican I et d\u2019un catholicisme intransigeant, critique de la modernit\u00e9&nbsp;; les autres soulignent son caract\u00e8re radicalement innovateur, tout en relisant \u00e0 partir des textes conciliaires l\u2019ensemble de l\u2019histoire de la r\u00e9v\u00e9lation \u00e0 travers la notion de&nbsp;\u00ab&nbsp;signes des temps&nbsp;\u00bb. La r\u00e9ception conciliaire devient ainsi un observatoire privil\u00e9gi\u00e9 pour comprendre l\u2019histoire d\u2019un catholicisme qui se mondialise, dans le contexte d\u2019un \u00e9cart qui s\u2019approfondit entre le magist\u00e8re romain et l\u2019\u00e9volution des m\u0153urs.<\/p>\n","protected":false},"author":2,"featured_media":0,"comment_status":"closed","ping_status":"closed","sticky":false,"template":"","format":"standard","meta":{"_acf_changed":false,"footnotes":""},"categories":[6],"tags":[798,797,81,47,799,46],"keywords":[1122,1140],"class_list":["post-13137","post","type-post","status-publish","format-standard","hentry","category-article","tag-aggiornamento","tag-concile-vatican-ii","tag-hermeneutique","tag-histoire","tag-reception-conciliaire","tag-theologie","keywords-histoire","keywords-vatican-ii"],"acf":[],"yoast_head":"<!-- This site is optimized with the Yoast SEO plugin v27.2 - https:\/\/yoast.com\/product\/yoast-seo-wordpress\/ -->\n<title>La r\u00e9ception du concile Vatican II entre th\u00e9ologie et histoire - Recherches de Science Religieuse<\/title>\n<meta name=\"robots\" content=\"index, follow, max-snippet:-1, max-image-preview:large, max-video-preview:-1\" \/>\n<link rel=\"canonical\" href=\"https:\/\/dev.centtreize.com\/rsr\/article\/la-reception-du-concile-vatican-ii-entre-theologie-et-histoire\/\" \/>\n<meta property=\"og:locale\" content=\"fr_FR\" \/>\n<meta property=\"og:type\" content=\"article\" \/>\n<meta property=\"og:title\" content=\"La r\u00e9ception du concile Vatican II entre th\u00e9ologie et histoire - Recherches de Science Religieuse\" \/>\n<meta property=\"og:description\" content=\"La controverse nou\u00e9e en 2005 entre th\u00e9ologiens et historiens, autour de l\u2019analyse du concile Vatican II comme \u00e9v\u00e9nement ou comme texte du genre litt\u00e9raire&nbsp;\u00ab&nbsp;constitutionnel&nbsp;\u00bb, rel\u00e8ve d\u2019une histoire intellectuelle. Mais elle participe aussi d\u2019une histoire du catholicisme contemporain marqu\u00e9e par les d\u00e9bats qui se succ\u00e8dent sur la fa\u00e7on de mettre en \u0153uvre l\u2019aggiornamento. Si la majorit\u00e9 des protagonistes a le souci de donner toute sa validit\u00e9 \u00e0 un concile v\u00e9cu comme&nbsp;\u00ab&nbsp;de transition&nbsp;\u00bb et&nbsp;\u00ab&nbsp;pastoral&nbsp;\u00bb, les uns en font une lecture conservatrice, l\u2019inscrivant dans le prolongement de Vatican I et d\u2019un catholicisme intransigeant, critique de la modernit\u00e9&nbsp;; les autres soulignent son caract\u00e8re radicalement innovateur, tout en relisant \u00e0 partir des textes conciliaires l\u2019ensemble de l\u2019histoire de la r\u00e9v\u00e9lation \u00e0 travers la notion de&nbsp;\u00ab&nbsp;signes des temps&nbsp;\u00bb. La r\u00e9ception conciliaire devient ainsi un observatoire privil\u00e9gi\u00e9 pour comprendre l\u2019histoire d\u2019un catholicisme qui se mondialise, dans le contexte d\u2019un \u00e9cart qui s\u2019approfondit entre le magist\u00e8re romain et l\u2019\u00e9volution des m\u0153urs.\" \/>\n<meta property=\"og:url\" content=\"https:\/\/dev.centtreize.com\/rsr\/article\/la-reception-du-concile-vatican-ii-entre-theologie-et-histoire\/\" \/>\n<meta property=\"og:site_name\" content=\"Recherches de Science Religieuse\" \/>\n<meta property=\"article:published_time\" content=\"2021-10-14T23:03:45+00:00\" \/>\n<meta property=\"article:modified_time\" content=\"2025-06-13T07:10:48+00:00\" \/>\n<meta name=\"author\" content=\"H\u00e9l\u00e8ne\" \/>\n<meta name=\"twitter:card\" content=\"summary_large_image\" \/>\n<meta name=\"twitter:label1\" content=\"\u00c9crit par\" \/>\n\t<meta name=\"twitter:data1\" content=\"H\u00e9l\u00e8ne\" \/>\n\t<meta name=\"twitter:label2\" content=\"Dur\u00e9e de lecture estim\u00e9e\" \/>\n\t<meta name=\"twitter:data2\" content=\"1 minute\" \/>\n<script type=\"application\/ld+json\" class=\"yoast-schema-graph\">{\"@context\":\"https:\/\/schema.org\",\"@graph\":[{\"@type\":\"Article\",\"@id\":\"https:\/\/dev.centtreize.com\/rsr\/article\/la-reception-du-concile-vatican-ii-entre-theologie-et-histoire\/#article\",\"isPartOf\":{\"@id\":\"https:\/\/dev.centtreize.com\/rsr\/article\/la-reception-du-concile-vatican-ii-entre-theologie-et-histoire\/\"},\"author\":{\"name\":\"H\u00e9l\u00e8ne\",\"@id\":\"https:\/\/dev.centtreize.com\/rsr\/#\/schema\/person\/eb039ce63dcbc3fec0a6b81e43e29ad3\"},\"headline\":\"La r\u00e9ception du concile Vatican II entre th\u00e9ologie et histoire\",\"datePublished\":\"2021-10-14T23:03:45+00:00\",\"dateModified\":\"2025-06-13T07:10:48+00:00\",\"mainEntityOfPage\":{\"@id\":\"https:\/\/dev.centtreize.com\/rsr\/article\/la-reception-du-concile-vatican-ii-entre-theologie-et-histoire\/\"},\"wordCount\":195,\"publisher\":{\"@id\":\"https:\/\/dev.centtreize.com\/rsr\/#organization\"},\"keywords\":[\"Aggiornamento\",\"Concile Vatican II\",\"herm\u00e9neutique\",\"histoire\",\"R\u00e9ception conciliaire\",\"th\u00e9ologie\"],\"articleSection\":[\"article\"],\"inLanguage\":\"fr-FR\"},{\"@type\":\"WebPage\",\"@id\":\"https:\/\/dev.centtreize.com\/rsr\/article\/la-reception-du-concile-vatican-ii-entre-theologie-et-histoire\/\",\"url\":\"https:\/\/dev.centtreize.com\/rsr\/article\/la-reception-du-concile-vatican-ii-entre-theologie-et-histoire\/\",\"name\":\"La r\u00e9ception du concile Vatican II entre th\u00e9ologie et histoire - Recherches de Science Religieuse\",\"isPartOf\":{\"@id\":\"https:\/\/dev.centtreize.com\/rsr\/#website\"},\"datePublished\":\"2021-10-14T23:03:45+00:00\",\"dateModified\":\"2025-06-13T07:10:48+00:00\",\"breadcrumb\":{\"@id\":\"https:\/\/dev.centtreize.com\/rsr\/article\/la-reception-du-concile-vatican-ii-entre-theologie-et-histoire\/#breadcrumb\"},\"inLanguage\":\"fr-FR\",\"potentialAction\":[{\"@type\":\"ReadAction\",\"target\":[\"https:\/\/dev.centtreize.com\/rsr\/article\/la-reception-du-concile-vatican-ii-entre-theologie-et-histoire\/\"]}]},{\"@type\":\"BreadcrumbList\",\"@id\":\"https:\/\/dev.centtreize.com\/rsr\/article\/la-reception-du-concile-vatican-ii-entre-theologie-et-histoire\/#breadcrumb\",\"itemListElement\":[{\"@type\":\"ListItem\",\"position\":1,\"name\":\"Accueil\",\"item\":\"https:\/\/dev.centtreize.com\/rsr\/\"},{\"@type\":\"ListItem\",\"position\":2,\"name\":\"La r\u00e9ception du concile Vatican II entre th\u00e9ologie et histoire\"}]},{\"@type\":\"WebSite\",\"@id\":\"https:\/\/dev.centtreize.com\/rsr\/#website\",\"url\":\"https:\/\/dev.centtreize.com\/rsr\/\",\"name\":\"Recherches de Science Religieuse\",\"description\":\"Recherches de Science Religieuse\",\"publisher\":{\"@id\":\"https:\/\/dev.centtreize.com\/rsr\/#organization\"},\"potentialAction\":[{\"@type\":\"SearchAction\",\"target\":{\"@type\":\"EntryPoint\",\"urlTemplate\":\"https:\/\/dev.centtreize.com\/rsr\/?s={search_term_string}\"},\"query-input\":{\"@type\":\"PropertyValueSpecification\",\"valueRequired\":true,\"valueName\":\"search_term_string\"}}],\"inLanguage\":\"fr-FR\"},{\"@type\":\"Organization\",\"@id\":\"https:\/\/dev.centtreize.com\/rsr\/#organization\",\"name\":\"Recherches de Science Religieuse\",\"url\":\"https:\/\/dev.centtreize.com\/rsr\/\",\"logo\":{\"@type\":\"ImageObject\",\"inLanguage\":\"fr-FR\",\"@id\":\"https:\/\/dev.centtreize.com\/rsr\/#\/schema\/logo\/image\/\",\"url\":\"https:\/\/dev.centtreize.com\/rsr\/wp-content\/uploads\/2024\/10\/logo_rsr.png\",\"contentUrl\":\"https:\/\/dev.centtreize.com\/rsr\/wp-content\/uploads\/2024\/10\/logo_rsr.png\",\"width\":300,\"height\":225,\"caption\":\"Recherches de Science Religieuse\"},\"image\":{\"@id\":\"https:\/\/dev.centtreize.com\/rsr\/#\/schema\/logo\/image\/\"}},{\"@type\":\"Person\",\"@id\":\"https:\/\/dev.centtreize.com\/rsr\/#\/schema\/person\/eb039ce63dcbc3fec0a6b81e43e29ad3\",\"name\":\"H\u00e9l\u00e8ne\",\"url\":\"https:\/\/dev.centtreize.com\/rsr\/author\/rsr\/\"}]}<\/script>\n<!-- \/ Yoast SEO plugin. -->","yoast_head_json":{"title":"La r\u00e9ception du concile Vatican II entre th\u00e9ologie et histoire - Recherches de Science Religieuse","robots":{"index":"index","follow":"follow","max-snippet":"max-snippet:-1","max-image-preview":"max-image-preview:large","max-video-preview":"max-video-preview:-1"},"canonical":"https:\/\/dev.centtreize.com\/rsr\/article\/la-reception-du-concile-vatican-ii-entre-theologie-et-histoire\/","og_locale":"fr_FR","og_type":"article","og_title":"La r\u00e9ception du concile Vatican II entre th\u00e9ologie et histoire - Recherches de Science Religieuse","og_description":"La controverse nou\u00e9e en 2005 entre th\u00e9ologiens et historiens, autour de l\u2019analyse du concile Vatican II comme \u00e9v\u00e9nement ou comme texte du genre litt\u00e9raire&nbsp;\u00ab&nbsp;constitutionnel&nbsp;\u00bb, rel\u00e8ve d\u2019une histoire intellectuelle. Mais elle participe aussi d\u2019une histoire du catholicisme contemporain marqu\u00e9e par les d\u00e9bats qui se succ\u00e8dent sur la fa\u00e7on de mettre en \u0153uvre l\u2019aggiornamento. Si la majorit\u00e9 des protagonistes a le souci de donner toute sa validit\u00e9 \u00e0 un concile v\u00e9cu comme&nbsp;\u00ab&nbsp;de transition&nbsp;\u00bb et&nbsp;\u00ab&nbsp;pastoral&nbsp;\u00bb, les uns en font une lecture conservatrice, l\u2019inscrivant dans le prolongement de Vatican I et d\u2019un catholicisme intransigeant, critique de la modernit\u00e9&nbsp;; les autres soulignent son caract\u00e8re radicalement innovateur, tout en relisant \u00e0 partir des textes conciliaires l\u2019ensemble de l\u2019histoire de la r\u00e9v\u00e9lation \u00e0 travers la notion de&nbsp;\u00ab&nbsp;signes des temps&nbsp;\u00bb. La r\u00e9ception conciliaire devient ainsi un observatoire privil\u00e9gi\u00e9 pour comprendre l\u2019histoire d\u2019un catholicisme qui se mondialise, dans le contexte d\u2019un \u00e9cart qui s\u2019approfondit entre le magist\u00e8re romain et l\u2019\u00e9volution des m\u0153urs.","og_url":"https:\/\/dev.centtreize.com\/rsr\/article\/la-reception-du-concile-vatican-ii-entre-theologie-et-histoire\/","og_site_name":"Recherches de Science Religieuse","article_published_time":"2021-10-14T23:03:45+00:00","article_modified_time":"2025-06-13T07:10:48+00:00","author":"H\u00e9l\u00e8ne","twitter_card":"summary_large_image","twitter_misc":{"\u00c9crit par":"H\u00e9l\u00e8ne","Dur\u00e9e de lecture estim\u00e9e":"1 minute"},"schema":{"@context":"https:\/\/schema.org","@graph":[{"@type":"Article","@id":"https:\/\/dev.centtreize.com\/rsr\/article\/la-reception-du-concile-vatican-ii-entre-theologie-et-histoire\/#article","isPartOf":{"@id":"https:\/\/dev.centtreize.com\/rsr\/article\/la-reception-du-concile-vatican-ii-entre-theologie-et-histoire\/"},"author":{"name":"H\u00e9l\u00e8ne","@id":"https:\/\/dev.centtreize.com\/rsr\/#\/schema\/person\/eb039ce63dcbc3fec0a6b81e43e29ad3"},"headline":"La r\u00e9ception du concile Vatican II entre th\u00e9ologie et histoire","datePublished":"2021-10-14T23:03:45+00:00","dateModified":"2025-06-13T07:10:48+00:00","mainEntityOfPage":{"@id":"https:\/\/dev.centtreize.com\/rsr\/article\/la-reception-du-concile-vatican-ii-entre-theologie-et-histoire\/"},"wordCount":195,"publisher":{"@id":"https:\/\/dev.centtreize.com\/rsr\/#organization"},"keywords":["Aggiornamento","Concile Vatican II","herm\u00e9neutique","histoire","R\u00e9ception conciliaire","th\u00e9ologie"],"articleSection":["article"],"inLanguage":"fr-FR"},{"@type":"WebPage","@id":"https:\/\/dev.centtreize.com\/rsr\/article\/la-reception-du-concile-vatican-ii-entre-theologie-et-histoire\/","url":"https:\/\/dev.centtreize.com\/rsr\/article\/la-reception-du-concile-vatican-ii-entre-theologie-et-histoire\/","name":"La r\u00e9ception du concile Vatican II entre th\u00e9ologie et histoire - Recherches de Science Religieuse","isPartOf":{"@id":"https:\/\/dev.centtreize.com\/rsr\/#website"},"datePublished":"2021-10-14T23:03:45+00:00","dateModified":"2025-06-13T07:10:48+00:00","breadcrumb":{"@id":"https:\/\/dev.centtreize.com\/rsr\/article\/la-reception-du-concile-vatican-ii-entre-theologie-et-histoire\/#breadcrumb"},"inLanguage":"fr-FR","potentialAction":[{"@type":"ReadAction","target":["https:\/\/dev.centtreize.com\/rsr\/article\/la-reception-du-concile-vatican-ii-entre-theologie-et-histoire\/"]}]},{"@type":"BreadcrumbList","@id":"https:\/\/dev.centtreize.com\/rsr\/article\/la-reception-du-concile-vatican-ii-entre-theologie-et-histoire\/#breadcrumb","itemListElement":[{"@type":"ListItem","position":1,"name":"Accueil","item":"https:\/\/dev.centtreize.com\/rsr\/"},{"@type":"ListItem","position":2,"name":"La r\u00e9ception du concile Vatican II entre th\u00e9ologie et histoire"}]},{"@type":"WebSite","@id":"https:\/\/dev.centtreize.com\/rsr\/#website","url":"https:\/\/dev.centtreize.com\/rsr\/","name":"Recherches de Science Religieuse","description":"Recherches de Science Religieuse","publisher":{"@id":"https:\/\/dev.centtreize.com\/rsr\/#organization"},"potentialAction":[{"@type":"SearchAction","target":{"@type":"EntryPoint","urlTemplate":"https:\/\/dev.centtreize.com\/rsr\/?s={search_term_string}"},"query-input":{"@type":"PropertyValueSpecification","valueRequired":true,"valueName":"search_term_string"}}],"inLanguage":"fr-FR"},{"@type":"Organization","@id":"https:\/\/dev.centtreize.com\/rsr\/#organization","name":"Recherches de Science Religieuse","url":"https:\/\/dev.centtreize.com\/rsr\/","logo":{"@type":"ImageObject","inLanguage":"fr-FR","@id":"https:\/\/dev.centtreize.com\/rsr\/#\/schema\/logo\/image\/","url":"https:\/\/dev.centtreize.com\/rsr\/wp-content\/uploads\/2024\/10\/logo_rsr.png","contentUrl":"https:\/\/dev.centtreize.com\/rsr\/wp-content\/uploads\/2024\/10\/logo_rsr.png","width":300,"height":225,"caption":"Recherches de Science Religieuse"},"image":{"@id":"https:\/\/dev.centtreize.com\/rsr\/#\/schema\/logo\/image\/"}},{"@type":"Person","@id":"https:\/\/dev.centtreize.com\/rsr\/#\/schema\/person\/eb039ce63dcbc3fec0a6b81e43e29ad3","name":"H\u00e9l\u00e8ne","url":"https:\/\/dev.centtreize.com\/rsr\/author\/rsr\/"}]}},"_links":{"self":[{"href":"https:\/\/dev.centtreize.com\/rsr\/wp-json\/wp\/v2\/posts\/13137","targetHints":{"allow":["GET"]}}],"collection":[{"href":"https:\/\/dev.centtreize.com\/rsr\/wp-json\/wp\/v2\/posts"}],"about":[{"href":"https:\/\/dev.centtreize.com\/rsr\/wp-json\/wp\/v2\/types\/post"}],"author":[{"embeddable":true,"href":"https:\/\/dev.centtreize.com\/rsr\/wp-json\/wp\/v2\/users\/2"}],"replies":[{"embeddable":true,"href":"https:\/\/dev.centtreize.com\/rsr\/wp-json\/wp\/v2\/comments?post=13137"}],"version-history":[{"count":8,"href":"https:\/\/dev.centtreize.com\/rsr\/wp-json\/wp\/v2\/posts\/13137\/revisions"}],"predecessor-version":[{"id":17738,"href":"https:\/\/dev.centtreize.com\/rsr\/wp-json\/wp\/v2\/posts\/13137\/revisions\/17738"}],"wp:attachment":[{"href":"https:\/\/dev.centtreize.com\/rsr\/wp-json\/wp\/v2\/media?parent=13137"}],"wp:term":[{"taxonomy":"category","embeddable":true,"href":"https:\/\/dev.centtreize.com\/rsr\/wp-json\/wp\/v2\/categories?post=13137"},{"taxonomy":"post_tag","embeddable":true,"href":"https:\/\/dev.centtreize.com\/rsr\/wp-json\/wp\/v2\/tags?post=13137"},{"taxonomy":"keywords","embeddable":true,"href":"https:\/\/dev.centtreize.com\/rsr\/wp-json\/wp\/v2\/keywords?post=13137"}],"curies":[{"name":"wp","href":"https:\/\/api.w.org\/{rel}","templated":true}]}}