{"id":13040,"date":"2021-07-15T00:13:55","date_gmt":"2021-07-14T23:13:55","guid":{"rendered":"http:\/\/www.revue-rsr.com\/?p=13040"},"modified":"2025-06-13T08:10:30","modified_gmt":"2025-06-13T07:10:30","slug":"karl-rahner-et-loecumenisme-un-plaidoyer-pour-laudace","status":"publish","type":"post","link":"https:\/\/dev.centtreize.com\/rsr\/article\/karl-rahner-et-loecumenisme-un-plaidoyer-pour-laudace\/","title":{"rendered":"Karl Rahner et l\u2019\u0153cum\u00e9nisme : un plaidoyer pour l\u2019audace"},"content":{"rendered":"<p>L\u2019engagement et le souci \u0153cum\u00e9niques de Karl Rahner ne sont plus \u00e0 d\u00e9montrer. Il demeure toutefois int\u00e9ressant et important d\u2019en pr\u00e9ciser les contours, au fil d\u2019une \u0153uvre o\u00f9 le th\u00e8me de la gr\u00e2ce repr\u00e9sente une sorte de fil rouge tout sauf marginal. La pr\u00e9sente contribution s\u2019attache \u00e0 trois aspects de cette \u0153uvre, \u00e0 savoir la question du th\u00e8me ou de l&rsquo;objet m\u00eame de la th\u00e9ologie, la question de la gr\u00e2ce incr\u00e9\u00e9e et cr\u00e9\u00e9e, et enfin les audacieuses th\u00e8ses de Rahner et de Fries sur l\u2019unification des chr\u00e9tiens.<\/p>\n","protected":false},"excerpt":{"rendered":"<p>L\u2019engagement et le souci \u0153cum\u00e9niques de Karl Rahner ne sont plus \u00e0 d\u00e9montrer. Il demeure toutefois int\u00e9ressant et important d\u2019en pr\u00e9ciser les contours, au fil d\u2019une \u0153uvre o\u00f9 le th\u00e8me de la gr\u00e2ce repr\u00e9sente une sorte de fil rouge tout sauf marginal. La pr\u00e9sente contribution s\u2019attache \u00e0 trois aspects de cette \u0153uvre, \u00e0 savoir la question du th\u00e8me ou de l&rsquo;objet m\u00eame de la th\u00e9ologie, la question de la gr\u00e2ce incr\u00e9\u00e9e et cr\u00e9\u00e9e, et enfin les audacieuses th\u00e8ses de Rahner et de Fries sur l\u2019unification des chr\u00e9tiens.<\/p>\n","protected":false},"author":2,"featured_media":0,"comment_status":"closed","ping_status":"closed","sticky":false,"template":"","format":"standard","meta":{"_acf_changed":false,"footnotes":""},"categories":[6],"tags":[66,136,209,38,155,46,789],"keywords":[1237,1159],"class_list":["post-13040","post","type-post","status-publish","format-standard","hentry","category-article","tag-grace","tag-metaphysique","tag-oecumenisme","tag-philosophie","tag-rahner","tag-theologie","tag-unite","keywords-rahner-karl","keywords-oecumenisme"],"acf":[],"yoast_head":"<!-- This site is optimized with the Yoast SEO plugin v27.2 - https:\/\/yoast.com\/product\/yoast-seo-wordpress\/ -->\n<title>Karl Rahner et l\u2019\u0153cum\u00e9nisme : un plaidoyer pour l\u2019audace - Recherches de Science Religieuse<\/title>\n<meta name=\"robots\" content=\"index, follow, max-snippet:-1, max-image-preview:large, max-video-preview:-1\" \/>\n<link rel=\"canonical\" href=\"https:\/\/dev.centtreize.com\/rsr\/article\/karl-rahner-et-loecumenisme-un-plaidoyer-pour-laudace\/\" \/>\n<meta property=\"og:locale\" content=\"fr_FR\" \/>\n<meta property=\"og:type\" content=\"article\" \/>\n<meta property=\"og:title\" content=\"Karl Rahner et l\u2019\u0153cum\u00e9nisme : un plaidoyer pour l\u2019audace - Recherches de Science Religieuse\" \/>\n<meta property=\"og:description\" content=\"L\u2019engagement et le souci \u0153cum\u00e9niques de Karl Rahner ne sont plus \u00e0 d\u00e9montrer. Il demeure toutefois int\u00e9ressant et important d\u2019en pr\u00e9ciser les contours, au fil d\u2019une \u0153uvre o\u00f9 le th\u00e8me de la gr\u00e2ce repr\u00e9sente une sorte de fil rouge tout sauf marginal. La pr\u00e9sente contribution s\u2019attache \u00e0 trois aspects de cette \u0153uvre, \u00e0 savoir la question du th\u00e8me ou de l&rsquo;objet m\u00eame de la th\u00e9ologie, la question de la gr\u00e2ce incr\u00e9\u00e9e et cr\u00e9\u00e9e, et enfin les audacieuses th\u00e8ses de Rahner et de Fries sur l\u2019unification des chr\u00e9tiens.\" \/>\n<meta property=\"og:url\" content=\"https:\/\/dev.centtreize.com\/rsr\/article\/karl-rahner-et-loecumenisme-un-plaidoyer-pour-laudace\/\" \/>\n<meta property=\"og:site_name\" content=\"Recherches de Science Religieuse\" \/>\n<meta property=\"article:published_time\" content=\"2021-07-14T23:13:55+00:00\" \/>\n<meta property=\"article:modified_time\" content=\"2025-06-13T07:10:30+00:00\" \/>\n<meta name=\"author\" content=\"H\u00e9l\u00e8ne\" \/>\n<meta name=\"twitter:card\" content=\"summary_large_image\" \/>\n<meta name=\"twitter:label1\" content=\"\u00c9crit par\" \/>\n\t<meta name=\"twitter:data1\" content=\"H\u00e9l\u00e8ne\" \/>\n\t<meta name=\"twitter:label2\" content=\"Dur\u00e9e de lecture estim\u00e9e\" \/>\n\t<meta name=\"twitter:data2\" content=\"1 minute\" \/>\n<script type=\"application\/ld+json\" class=\"yoast-schema-graph\">{\"@context\":\"https:\/\/schema.org\",\"@graph\":[{\"@type\":\"Article\",\"@id\":\"https:\/\/dev.centtreize.com\/rsr\/article\/karl-rahner-et-loecumenisme-un-plaidoyer-pour-laudace\/#article\",\"isPartOf\":{\"@id\":\"https:\/\/dev.centtreize.com\/rsr\/article\/karl-rahner-et-loecumenisme-un-plaidoyer-pour-laudace\/\"},\"author\":{\"name\":\"H\u00e9l\u00e8ne\",\"@id\":\"https:\/\/dev.centtreize.com\/rsr\/#\/schema\/person\/eb039ce63dcbc3fec0a6b81e43e29ad3\"},\"headline\":\"Karl Rahner et l\u2019\u0153cum\u00e9nisme : un plaidoyer pour l\u2019audace\",\"datePublished\":\"2021-07-14T23:13:55+00:00\",\"dateModified\":\"2025-06-13T07:10:30+00:00\",\"mainEntityOfPage\":{\"@id\":\"https:\/\/dev.centtreize.com\/rsr\/article\/karl-rahner-et-loecumenisme-un-plaidoyer-pour-laudace\/\"},\"wordCount\":117,\"publisher\":{\"@id\":\"https:\/\/dev.centtreize.com\/rsr\/#organization\"},\"keywords\":[\"gr\u00e2ce\",\"m\u00e9taphysique\",\"oecum\u00e9nisme\",\"philosophie\",\"Rahner\",\"th\u00e9ologie\",\"Unit\u00e9\"],\"articleSection\":[\"article\"],\"inLanguage\":\"fr-FR\"},{\"@type\":\"WebPage\",\"@id\":\"https:\/\/dev.centtreize.com\/rsr\/article\/karl-rahner-et-loecumenisme-un-plaidoyer-pour-laudace\/\",\"url\":\"https:\/\/dev.centtreize.com\/rsr\/article\/karl-rahner-et-loecumenisme-un-plaidoyer-pour-laudace\/\",\"name\":\"Karl Rahner et l\u2019\u0153cum\u00e9nisme : un plaidoyer pour l\u2019audace - Recherches de Science Religieuse\",\"isPartOf\":{\"@id\":\"https:\/\/dev.centtreize.com\/rsr\/#website\"},\"datePublished\":\"2021-07-14T23:13:55+00:00\",\"dateModified\":\"2025-06-13T07:10:30+00:00\",\"breadcrumb\":{\"@id\":\"https:\/\/dev.centtreize.com\/rsr\/article\/karl-rahner-et-loecumenisme-un-plaidoyer-pour-laudace\/#breadcrumb\"},\"inLanguage\":\"fr-FR\",\"potentialAction\":[{\"@type\":\"ReadAction\",\"target\":[\"https:\/\/dev.centtreize.com\/rsr\/article\/karl-rahner-et-loecumenisme-un-plaidoyer-pour-laudace\/\"]}]},{\"@type\":\"BreadcrumbList\",\"@id\":\"https:\/\/dev.centtreize.com\/rsr\/article\/karl-rahner-et-loecumenisme-un-plaidoyer-pour-laudace\/#breadcrumb\",\"itemListElement\":[{\"@type\":\"ListItem\",\"position\":1,\"name\":\"Accueil\",\"item\":\"https:\/\/dev.centtreize.com\/rsr\/\"},{\"@type\":\"ListItem\",\"position\":2,\"name\":\"Karl Rahner et l\u2019\u0153cum\u00e9nisme : un plaidoyer pour l\u2019audace\"}]},{\"@type\":\"WebSite\",\"@id\":\"https:\/\/dev.centtreize.com\/rsr\/#website\",\"url\":\"https:\/\/dev.centtreize.com\/rsr\/\",\"name\":\"Recherches de Science Religieuse\",\"description\":\"Recherches de Science Religieuse\",\"publisher\":{\"@id\":\"https:\/\/dev.centtreize.com\/rsr\/#organization\"},\"potentialAction\":[{\"@type\":\"SearchAction\",\"target\":{\"@type\":\"EntryPoint\",\"urlTemplate\":\"https:\/\/dev.centtreize.com\/rsr\/?s={search_term_string}\"},\"query-input\":{\"@type\":\"PropertyValueSpecification\",\"valueRequired\":true,\"valueName\":\"search_term_string\"}}],\"inLanguage\":\"fr-FR\"},{\"@type\":\"Organization\",\"@id\":\"https:\/\/dev.centtreize.com\/rsr\/#organization\",\"name\":\"Recherches de Science Religieuse\",\"url\":\"https:\/\/dev.centtreize.com\/rsr\/\",\"logo\":{\"@type\":\"ImageObject\",\"inLanguage\":\"fr-FR\",\"@id\":\"https:\/\/dev.centtreize.com\/rsr\/#\/schema\/logo\/image\/\",\"url\":\"https:\/\/dev.centtreize.com\/rsr\/wp-content\/uploads\/2024\/10\/logo_rsr.png\",\"contentUrl\":\"https:\/\/dev.centtreize.com\/rsr\/wp-content\/uploads\/2024\/10\/logo_rsr.png\",\"width\":300,\"height\":225,\"caption\":\"Recherches de Science Religieuse\"},\"image\":{\"@id\":\"https:\/\/dev.centtreize.com\/rsr\/#\/schema\/logo\/image\/\"}},{\"@type\":\"Person\",\"@id\":\"https:\/\/dev.centtreize.com\/rsr\/#\/schema\/person\/eb039ce63dcbc3fec0a6b81e43e29ad3\",\"name\":\"H\u00e9l\u00e8ne\",\"url\":\"https:\/\/dev.centtreize.com\/rsr\/author\/rsr\/\"}]}<\/script>\n<!-- \/ Yoast SEO plugin. -->","yoast_head_json":{"title":"Karl Rahner et l\u2019\u0153cum\u00e9nisme : un plaidoyer pour l\u2019audace - Recherches de Science Religieuse","robots":{"index":"index","follow":"follow","max-snippet":"max-snippet:-1","max-image-preview":"max-image-preview:large","max-video-preview":"max-video-preview:-1"},"canonical":"https:\/\/dev.centtreize.com\/rsr\/article\/karl-rahner-et-loecumenisme-un-plaidoyer-pour-laudace\/","og_locale":"fr_FR","og_type":"article","og_title":"Karl Rahner et l\u2019\u0153cum\u00e9nisme : un plaidoyer pour l\u2019audace - Recherches de Science Religieuse","og_description":"L\u2019engagement et le souci \u0153cum\u00e9niques de Karl Rahner ne sont plus \u00e0 d\u00e9montrer. Il demeure toutefois int\u00e9ressant et important d\u2019en pr\u00e9ciser les contours, au fil d\u2019une \u0153uvre o\u00f9 le th\u00e8me de la gr\u00e2ce repr\u00e9sente une sorte de fil rouge tout sauf marginal. La pr\u00e9sente contribution s\u2019attache \u00e0 trois aspects de cette \u0153uvre, \u00e0 savoir la question du th\u00e8me ou de l&rsquo;objet m\u00eame de la th\u00e9ologie, la question de la gr\u00e2ce incr\u00e9\u00e9e et cr\u00e9\u00e9e, et enfin les audacieuses th\u00e8ses de Rahner et de Fries sur l\u2019unification des chr\u00e9tiens.","og_url":"https:\/\/dev.centtreize.com\/rsr\/article\/karl-rahner-et-loecumenisme-un-plaidoyer-pour-laudace\/","og_site_name":"Recherches de Science Religieuse","article_published_time":"2021-07-14T23:13:55+00:00","article_modified_time":"2025-06-13T07:10:30+00:00","author":"H\u00e9l\u00e8ne","twitter_card":"summary_large_image","twitter_misc":{"\u00c9crit par":"H\u00e9l\u00e8ne","Dur\u00e9e de lecture estim\u00e9e":"1 minute"},"schema":{"@context":"https:\/\/schema.org","@graph":[{"@type":"Article","@id":"https:\/\/dev.centtreize.com\/rsr\/article\/karl-rahner-et-loecumenisme-un-plaidoyer-pour-laudace\/#article","isPartOf":{"@id":"https:\/\/dev.centtreize.com\/rsr\/article\/karl-rahner-et-loecumenisme-un-plaidoyer-pour-laudace\/"},"author":{"name":"H\u00e9l\u00e8ne","@id":"https:\/\/dev.centtreize.com\/rsr\/#\/schema\/person\/eb039ce63dcbc3fec0a6b81e43e29ad3"},"headline":"Karl Rahner et l\u2019\u0153cum\u00e9nisme : un plaidoyer pour l\u2019audace","datePublished":"2021-07-14T23:13:55+00:00","dateModified":"2025-06-13T07:10:30+00:00","mainEntityOfPage":{"@id":"https:\/\/dev.centtreize.com\/rsr\/article\/karl-rahner-et-loecumenisme-un-plaidoyer-pour-laudace\/"},"wordCount":117,"publisher":{"@id":"https:\/\/dev.centtreize.com\/rsr\/#organization"},"keywords":["gr\u00e2ce","m\u00e9taphysique","oecum\u00e9nisme","philosophie","Rahner","th\u00e9ologie","Unit\u00e9"],"articleSection":["article"],"inLanguage":"fr-FR"},{"@type":"WebPage","@id":"https:\/\/dev.centtreize.com\/rsr\/article\/karl-rahner-et-loecumenisme-un-plaidoyer-pour-laudace\/","url":"https:\/\/dev.centtreize.com\/rsr\/article\/karl-rahner-et-loecumenisme-un-plaidoyer-pour-laudace\/","name":"Karl Rahner et l\u2019\u0153cum\u00e9nisme : un plaidoyer pour l\u2019audace - Recherches de Science Religieuse","isPartOf":{"@id":"https:\/\/dev.centtreize.com\/rsr\/#website"},"datePublished":"2021-07-14T23:13:55+00:00","dateModified":"2025-06-13T07:10:30+00:00","breadcrumb":{"@id":"https:\/\/dev.centtreize.com\/rsr\/article\/karl-rahner-et-loecumenisme-un-plaidoyer-pour-laudace\/#breadcrumb"},"inLanguage":"fr-FR","potentialAction":[{"@type":"ReadAction","target":["https:\/\/dev.centtreize.com\/rsr\/article\/karl-rahner-et-loecumenisme-un-plaidoyer-pour-laudace\/"]}]},{"@type":"BreadcrumbList","@id":"https:\/\/dev.centtreize.com\/rsr\/article\/karl-rahner-et-loecumenisme-un-plaidoyer-pour-laudace\/#breadcrumb","itemListElement":[{"@type":"ListItem","position":1,"name":"Accueil","item":"https:\/\/dev.centtreize.com\/rsr\/"},{"@type":"ListItem","position":2,"name":"Karl Rahner et l\u2019\u0153cum\u00e9nisme : un plaidoyer pour l\u2019audace"}]},{"@type":"WebSite","@id":"https:\/\/dev.centtreize.com\/rsr\/#website","url":"https:\/\/dev.centtreize.com\/rsr\/","name":"Recherches de Science Religieuse","description":"Recherches de Science Religieuse","publisher":{"@id":"https:\/\/dev.centtreize.com\/rsr\/#organization"},"potentialAction":[{"@type":"SearchAction","target":{"@type":"EntryPoint","urlTemplate":"https:\/\/dev.centtreize.com\/rsr\/?s={search_term_string}"},"query-input":{"@type":"PropertyValueSpecification","valueRequired":true,"valueName":"search_term_string"}}],"inLanguage":"fr-FR"},{"@type":"Organization","@id":"https:\/\/dev.centtreize.com\/rsr\/#organization","name":"Recherches de Science Religieuse","url":"https:\/\/dev.centtreize.com\/rsr\/","logo":{"@type":"ImageObject","inLanguage":"fr-FR","@id":"https:\/\/dev.centtreize.com\/rsr\/#\/schema\/logo\/image\/","url":"https:\/\/dev.centtreize.com\/rsr\/wp-content\/uploads\/2024\/10\/logo_rsr.png","contentUrl":"https:\/\/dev.centtreize.com\/rsr\/wp-content\/uploads\/2024\/10\/logo_rsr.png","width":300,"height":225,"caption":"Recherches de Science Religieuse"},"image":{"@id":"https:\/\/dev.centtreize.com\/rsr\/#\/schema\/logo\/image\/"}},{"@type":"Person","@id":"https:\/\/dev.centtreize.com\/rsr\/#\/schema\/person\/eb039ce63dcbc3fec0a6b81e43e29ad3","name":"H\u00e9l\u00e8ne","url":"https:\/\/dev.centtreize.com\/rsr\/author\/rsr\/"}]}},"_links":{"self":[{"href":"https:\/\/dev.centtreize.com\/rsr\/wp-json\/wp\/v2\/posts\/13040","targetHints":{"allow":["GET"]}}],"collection":[{"href":"https:\/\/dev.centtreize.com\/rsr\/wp-json\/wp\/v2\/posts"}],"about":[{"href":"https:\/\/dev.centtreize.com\/rsr\/wp-json\/wp\/v2\/types\/post"}],"author":[{"embeddable":true,"href":"https:\/\/dev.centtreize.com\/rsr\/wp-json\/wp\/v2\/users\/2"}],"replies":[{"embeddable":true,"href":"https:\/\/dev.centtreize.com\/rsr\/wp-json\/wp\/v2\/comments?post=13040"}],"version-history":[{"count":11,"href":"https:\/\/dev.centtreize.com\/rsr\/wp-json\/wp\/v2\/posts\/13040\/revisions"}],"predecessor-version":[{"id":17735,"href":"https:\/\/dev.centtreize.com\/rsr\/wp-json\/wp\/v2\/posts\/13040\/revisions\/17735"}],"wp:attachment":[{"href":"https:\/\/dev.centtreize.com\/rsr\/wp-json\/wp\/v2\/media?parent=13040"}],"wp:term":[{"taxonomy":"category","embeddable":true,"href":"https:\/\/dev.centtreize.com\/rsr\/wp-json\/wp\/v2\/categories?post=13040"},{"taxonomy":"post_tag","embeddable":true,"href":"https:\/\/dev.centtreize.com\/rsr\/wp-json\/wp\/v2\/tags?post=13040"},{"taxonomy":"keywords","embeddable":true,"href":"https:\/\/dev.centtreize.com\/rsr\/wp-json\/wp\/v2\/keywords?post=13040"}],"curies":[{"name":"wp","href":"https:\/\/api.w.org\/{rel}","templated":true}]}}