{"id":13036,"date":"2021-07-15T00:12:49","date_gmt":"2021-07-14T23:12:49","guid":{"rendered":"http:\/\/www.revue-rsr.com\/?p=13036"},"modified":"2025-06-13T08:09:28","modified_gmt":"2025-06-13T07:09:28","slug":"la-fecondite-philosophique-du-soubassement-transcendantal-de-la-theologie-de-rahner","status":"publish","type":"post","link":"https:\/\/dev.centtreize.com\/rsr\/article\/la-fecondite-philosophique-du-soubassement-transcendantal-de-la-theologie-de-rahner\/","title":{"rendered":"La f\u00e9condit\u00e9 philosophique du \u00ab soubassement \u00bb transcendantal de la th\u00e9ologie de Rahner"},"content":{"rendered":"<p>L&rsquo;acte philosophique, tel qu&rsquo;il est convoqu\u00e9 par la mani\u00e8re dont Rahner fait de la th\u00e9ologie&nbsp;: tel sera le champ explor\u00e9. L&rsquo;enjeu en para\u00eet actuel, car il interroge le mode de pr\u00e9sence du discours th\u00e9ologique dans l&rsquo;ensemble des discours rendant compte de l&rsquo;homme et de ses visions du monde. Des d\u00e9bats r\u00e9cents et non encore d\u00e9pass\u00e9s s&rsquo;en trouvent convoqu\u00e9s, comme les clivages du d\u00e9but du XXe si\u00e8cle \u00e0 propos de la m\u00e9thode d&rsquo;immanence, ou le destin du transcendantal dans la philosophie contemporaine.<\/p>\n","protected":false},"excerpt":{"rendered":"<p>L&rsquo;acte philosophique, tel qu&rsquo;il est convoqu\u00e9 par la mani\u00e8re dont Rahner fait de la th\u00e9ologie&nbsp;: tel sera le champ explor\u00e9. L&rsquo;enjeu en para\u00eet actuel, car il interroge le mode de pr\u00e9sence du discours th\u00e9ologique dans l&rsquo;ensemble des discours rendant compte de l&rsquo;homme et de ses visions du monde. Des d\u00e9bats r\u00e9cents et non encore d\u00e9pass\u00e9s s&rsquo;en trouvent convoqu\u00e9s, comme les clivages du d\u00e9but du XXe si\u00e8cle \u00e0 propos de la m\u00e9thode d&rsquo;immanence, ou le destin du transcendantal dans la philosophie contemporaine.<\/p>\n","protected":false},"author":2,"featured_media":0,"comment_status":"closed","ping_status":"closed","sticky":false,"template":"","format":"standard","meta":{"_acf_changed":false,"footnotes":""},"categories":[6],"tags":[787,146,661,584,786,788,645,38,785,65],"keywords":[1237],"class_list":["post-13036","post","type-post","status-publish","format-standard","hentry","category-article","tag-alfred-loisy","tag-analogie","tag-experience-transcendantale","tag-hannah-arendt","tag-idealisme-allemand","tag-jean-luc-marion","tag-karl-rahner","tag-philosophie","tag-preuve-de-dieu","tag-theologie-fondamentale","keywords-rahner-karl"],"acf":[],"yoast_head":"<!-- This site is optimized with the Yoast SEO plugin v27.2 - https:\/\/yoast.com\/product\/yoast-seo-wordpress\/ -->\n<title>La f\u00e9condit\u00e9 philosophique du \u00ab soubassement \u00bb transcendantal de la th\u00e9ologie de Rahner - Recherches de Science Religieuse<\/title>\n<meta name=\"robots\" content=\"index, follow, max-snippet:-1, max-image-preview:large, max-video-preview:-1\" \/>\n<link rel=\"canonical\" href=\"https:\/\/dev.centtreize.com\/rsr\/article\/la-fecondite-philosophique-du-soubassement-transcendantal-de-la-theologie-de-rahner\/\" \/>\n<meta property=\"og:locale\" content=\"fr_FR\" \/>\n<meta property=\"og:type\" content=\"article\" \/>\n<meta property=\"og:title\" content=\"La f\u00e9condit\u00e9 philosophique du \u00ab soubassement \u00bb transcendantal de la th\u00e9ologie de Rahner - Recherches de Science Religieuse\" \/>\n<meta property=\"og:description\" content=\"L&rsquo;acte philosophique, tel qu&rsquo;il est convoqu\u00e9 par la mani\u00e8re dont Rahner fait de la th\u00e9ologie&nbsp;: tel sera le champ explor\u00e9. L&rsquo;enjeu en para\u00eet actuel, car il interroge le mode de pr\u00e9sence du discours th\u00e9ologique dans l&rsquo;ensemble des discours rendant compte de l&rsquo;homme et de ses visions du monde. Des d\u00e9bats r\u00e9cents et non encore d\u00e9pass\u00e9s s&rsquo;en trouvent convoqu\u00e9s, comme les clivages du d\u00e9but du XXe si\u00e8cle \u00e0 propos de la m\u00e9thode d&rsquo;immanence, ou le destin du transcendantal dans la philosophie contemporaine.\" \/>\n<meta property=\"og:url\" content=\"https:\/\/dev.centtreize.com\/rsr\/article\/la-fecondite-philosophique-du-soubassement-transcendantal-de-la-theologie-de-rahner\/\" \/>\n<meta property=\"og:site_name\" content=\"Recherches de Science Religieuse\" \/>\n<meta property=\"article:published_time\" content=\"2021-07-14T23:12:49+00:00\" \/>\n<meta property=\"article:modified_time\" content=\"2025-06-13T07:09:28+00:00\" \/>\n<meta name=\"author\" content=\"H\u00e9l\u00e8ne\" \/>\n<meta name=\"twitter:card\" content=\"summary_large_image\" \/>\n<meta name=\"twitter:label1\" content=\"\u00c9crit par\" \/>\n\t<meta name=\"twitter:data1\" content=\"H\u00e9l\u00e8ne\" \/>\n<script type=\"application\/ld+json\" class=\"yoast-schema-graph\">{\"@context\":\"https:\/\/schema.org\",\"@graph\":[{\"@type\":\"Article\",\"@id\":\"https:\/\/dev.centtreize.com\/rsr\/article\/la-fecondite-philosophique-du-soubassement-transcendantal-de-la-theologie-de-rahner\/#article\",\"isPartOf\":{\"@id\":\"https:\/\/dev.centtreize.com\/rsr\/article\/la-fecondite-philosophique-du-soubassement-transcendantal-de-la-theologie-de-rahner\/\"},\"author\":{\"name\":\"H\u00e9l\u00e8ne\",\"@id\":\"https:\/\/dev.centtreize.com\/rsr\/#\/schema\/person\/eb039ce63dcbc3fec0a6b81e43e29ad3\"},\"headline\":\"La f\u00e9condit\u00e9 philosophique du \u00ab soubassement \u00bb transcendantal de la th\u00e9ologie de Rahner\",\"datePublished\":\"2021-07-14T23:12:49+00:00\",\"dateModified\":\"2025-06-13T07:09:28+00:00\",\"mainEntityOfPage\":{\"@id\":\"https:\/\/dev.centtreize.com\/rsr\/article\/la-fecondite-philosophique-du-soubassement-transcendantal-de-la-theologie-de-rahner\/\"},\"wordCount\":113,\"publisher\":{\"@id\":\"https:\/\/dev.centtreize.com\/rsr\/#organization\"},\"keywords\":[\"Alfred Loisy\",\"analogie\",\"exp\u00e9rience transcendantale\",\"Hannah Arendt\",\"Id\u00e9alisme allemand\",\"Jean-Luc Marion\",\"Karl Rahner\",\"philosophie\",\"Preuve de Dieu\",\"th\u00e9ologie fondamentale\"],\"articleSection\":[\"article\"],\"inLanguage\":\"fr-FR\"},{\"@type\":\"WebPage\",\"@id\":\"https:\/\/dev.centtreize.com\/rsr\/article\/la-fecondite-philosophique-du-soubassement-transcendantal-de-la-theologie-de-rahner\/\",\"url\":\"https:\/\/dev.centtreize.com\/rsr\/article\/la-fecondite-philosophique-du-soubassement-transcendantal-de-la-theologie-de-rahner\/\",\"name\":\"La f\u00e9condit\u00e9 philosophique du \u00ab soubassement \u00bb transcendantal de la th\u00e9ologie de Rahner - Recherches de Science Religieuse\",\"isPartOf\":{\"@id\":\"https:\/\/dev.centtreize.com\/rsr\/#website\"},\"datePublished\":\"2021-07-14T23:12:49+00:00\",\"dateModified\":\"2025-06-13T07:09:28+00:00\",\"breadcrumb\":{\"@id\":\"https:\/\/dev.centtreize.com\/rsr\/article\/la-fecondite-philosophique-du-soubassement-transcendantal-de-la-theologie-de-rahner\/#breadcrumb\"},\"inLanguage\":\"fr-FR\",\"potentialAction\":[{\"@type\":\"ReadAction\",\"target\":[\"https:\/\/dev.centtreize.com\/rsr\/article\/la-fecondite-philosophique-du-soubassement-transcendantal-de-la-theologie-de-rahner\/\"]}]},{\"@type\":\"BreadcrumbList\",\"@id\":\"https:\/\/dev.centtreize.com\/rsr\/article\/la-fecondite-philosophique-du-soubassement-transcendantal-de-la-theologie-de-rahner\/#breadcrumb\",\"itemListElement\":[{\"@type\":\"ListItem\",\"position\":1,\"name\":\"Accueil\",\"item\":\"https:\/\/dev.centtreize.com\/rsr\/\"},{\"@type\":\"ListItem\",\"position\":2,\"name\":\"La f\u00e9condit\u00e9 philosophique du \u00ab soubassement \u00bb transcendantal de la th\u00e9ologie de Rahner\"}]},{\"@type\":\"WebSite\",\"@id\":\"https:\/\/dev.centtreize.com\/rsr\/#website\",\"url\":\"https:\/\/dev.centtreize.com\/rsr\/\",\"name\":\"Recherches de Science Religieuse\",\"description\":\"Recherches de Science Religieuse\",\"publisher\":{\"@id\":\"https:\/\/dev.centtreize.com\/rsr\/#organization\"},\"potentialAction\":[{\"@type\":\"SearchAction\",\"target\":{\"@type\":\"EntryPoint\",\"urlTemplate\":\"https:\/\/dev.centtreize.com\/rsr\/?s={search_term_string}\"},\"query-input\":{\"@type\":\"PropertyValueSpecification\",\"valueRequired\":true,\"valueName\":\"search_term_string\"}}],\"inLanguage\":\"fr-FR\"},{\"@type\":\"Organization\",\"@id\":\"https:\/\/dev.centtreize.com\/rsr\/#organization\",\"name\":\"Recherches de Science Religieuse\",\"url\":\"https:\/\/dev.centtreize.com\/rsr\/\",\"logo\":{\"@type\":\"ImageObject\",\"inLanguage\":\"fr-FR\",\"@id\":\"https:\/\/dev.centtreize.com\/rsr\/#\/schema\/logo\/image\/\",\"url\":\"https:\/\/dev.centtreize.com\/rsr\/wp-content\/uploads\/2024\/10\/logo_rsr.png\",\"contentUrl\":\"https:\/\/dev.centtreize.com\/rsr\/wp-content\/uploads\/2024\/10\/logo_rsr.png\",\"width\":300,\"height\":225,\"caption\":\"Recherches de Science Religieuse\"},\"image\":{\"@id\":\"https:\/\/dev.centtreize.com\/rsr\/#\/schema\/logo\/image\/\"}},{\"@type\":\"Person\",\"@id\":\"https:\/\/dev.centtreize.com\/rsr\/#\/schema\/person\/eb039ce63dcbc3fec0a6b81e43e29ad3\",\"name\":\"H\u00e9l\u00e8ne\",\"url\":\"https:\/\/dev.centtreize.com\/rsr\/author\/rsr\/\"}]}<\/script>\n<!-- \/ Yoast SEO plugin. -->","yoast_head_json":{"title":"La f\u00e9condit\u00e9 philosophique du \u00ab soubassement \u00bb transcendantal de la th\u00e9ologie de Rahner - Recherches de Science Religieuse","robots":{"index":"index","follow":"follow","max-snippet":"max-snippet:-1","max-image-preview":"max-image-preview:large","max-video-preview":"max-video-preview:-1"},"canonical":"https:\/\/dev.centtreize.com\/rsr\/article\/la-fecondite-philosophique-du-soubassement-transcendantal-de-la-theologie-de-rahner\/","og_locale":"fr_FR","og_type":"article","og_title":"La f\u00e9condit\u00e9 philosophique du \u00ab soubassement \u00bb transcendantal de la th\u00e9ologie de Rahner - Recherches de Science Religieuse","og_description":"L&rsquo;acte philosophique, tel qu&rsquo;il est convoqu\u00e9 par la mani\u00e8re dont Rahner fait de la th\u00e9ologie&nbsp;: tel sera le champ explor\u00e9. L&rsquo;enjeu en para\u00eet actuel, car il interroge le mode de pr\u00e9sence du discours th\u00e9ologique dans l&rsquo;ensemble des discours rendant compte de l&rsquo;homme et de ses visions du monde. Des d\u00e9bats r\u00e9cents et non encore d\u00e9pass\u00e9s s&rsquo;en trouvent convoqu\u00e9s, comme les clivages du d\u00e9but du XXe si\u00e8cle \u00e0 propos de la m\u00e9thode d&rsquo;immanence, ou le destin du transcendantal dans la philosophie contemporaine.","og_url":"https:\/\/dev.centtreize.com\/rsr\/article\/la-fecondite-philosophique-du-soubassement-transcendantal-de-la-theologie-de-rahner\/","og_site_name":"Recherches de Science Religieuse","article_published_time":"2021-07-14T23:12:49+00:00","article_modified_time":"2025-06-13T07:09:28+00:00","author":"H\u00e9l\u00e8ne","twitter_card":"summary_large_image","twitter_misc":{"\u00c9crit par":"H\u00e9l\u00e8ne"},"schema":{"@context":"https:\/\/schema.org","@graph":[{"@type":"Article","@id":"https:\/\/dev.centtreize.com\/rsr\/article\/la-fecondite-philosophique-du-soubassement-transcendantal-de-la-theologie-de-rahner\/#article","isPartOf":{"@id":"https:\/\/dev.centtreize.com\/rsr\/article\/la-fecondite-philosophique-du-soubassement-transcendantal-de-la-theologie-de-rahner\/"},"author":{"name":"H\u00e9l\u00e8ne","@id":"https:\/\/dev.centtreize.com\/rsr\/#\/schema\/person\/eb039ce63dcbc3fec0a6b81e43e29ad3"},"headline":"La f\u00e9condit\u00e9 philosophique du \u00ab soubassement \u00bb transcendantal de la th\u00e9ologie de Rahner","datePublished":"2021-07-14T23:12:49+00:00","dateModified":"2025-06-13T07:09:28+00:00","mainEntityOfPage":{"@id":"https:\/\/dev.centtreize.com\/rsr\/article\/la-fecondite-philosophique-du-soubassement-transcendantal-de-la-theologie-de-rahner\/"},"wordCount":113,"publisher":{"@id":"https:\/\/dev.centtreize.com\/rsr\/#organization"},"keywords":["Alfred Loisy","analogie","exp\u00e9rience transcendantale","Hannah Arendt","Id\u00e9alisme allemand","Jean-Luc Marion","Karl Rahner","philosophie","Preuve de Dieu","th\u00e9ologie fondamentale"],"articleSection":["article"],"inLanguage":"fr-FR"},{"@type":"WebPage","@id":"https:\/\/dev.centtreize.com\/rsr\/article\/la-fecondite-philosophique-du-soubassement-transcendantal-de-la-theologie-de-rahner\/","url":"https:\/\/dev.centtreize.com\/rsr\/article\/la-fecondite-philosophique-du-soubassement-transcendantal-de-la-theologie-de-rahner\/","name":"La f\u00e9condit\u00e9 philosophique du \u00ab soubassement \u00bb transcendantal de la th\u00e9ologie de Rahner - Recherches de Science Religieuse","isPartOf":{"@id":"https:\/\/dev.centtreize.com\/rsr\/#website"},"datePublished":"2021-07-14T23:12:49+00:00","dateModified":"2025-06-13T07:09:28+00:00","breadcrumb":{"@id":"https:\/\/dev.centtreize.com\/rsr\/article\/la-fecondite-philosophique-du-soubassement-transcendantal-de-la-theologie-de-rahner\/#breadcrumb"},"inLanguage":"fr-FR","potentialAction":[{"@type":"ReadAction","target":["https:\/\/dev.centtreize.com\/rsr\/article\/la-fecondite-philosophique-du-soubassement-transcendantal-de-la-theologie-de-rahner\/"]}]},{"@type":"BreadcrumbList","@id":"https:\/\/dev.centtreize.com\/rsr\/article\/la-fecondite-philosophique-du-soubassement-transcendantal-de-la-theologie-de-rahner\/#breadcrumb","itemListElement":[{"@type":"ListItem","position":1,"name":"Accueil","item":"https:\/\/dev.centtreize.com\/rsr\/"},{"@type":"ListItem","position":2,"name":"La f\u00e9condit\u00e9 philosophique du \u00ab soubassement \u00bb transcendantal de la th\u00e9ologie de Rahner"}]},{"@type":"WebSite","@id":"https:\/\/dev.centtreize.com\/rsr\/#website","url":"https:\/\/dev.centtreize.com\/rsr\/","name":"Recherches de Science Religieuse","description":"Recherches de Science Religieuse","publisher":{"@id":"https:\/\/dev.centtreize.com\/rsr\/#organization"},"potentialAction":[{"@type":"SearchAction","target":{"@type":"EntryPoint","urlTemplate":"https:\/\/dev.centtreize.com\/rsr\/?s={search_term_string}"},"query-input":{"@type":"PropertyValueSpecification","valueRequired":true,"valueName":"search_term_string"}}],"inLanguage":"fr-FR"},{"@type":"Organization","@id":"https:\/\/dev.centtreize.com\/rsr\/#organization","name":"Recherches de Science Religieuse","url":"https:\/\/dev.centtreize.com\/rsr\/","logo":{"@type":"ImageObject","inLanguage":"fr-FR","@id":"https:\/\/dev.centtreize.com\/rsr\/#\/schema\/logo\/image\/","url":"https:\/\/dev.centtreize.com\/rsr\/wp-content\/uploads\/2024\/10\/logo_rsr.png","contentUrl":"https:\/\/dev.centtreize.com\/rsr\/wp-content\/uploads\/2024\/10\/logo_rsr.png","width":300,"height":225,"caption":"Recherches de Science Religieuse"},"image":{"@id":"https:\/\/dev.centtreize.com\/rsr\/#\/schema\/logo\/image\/"}},{"@type":"Person","@id":"https:\/\/dev.centtreize.com\/rsr\/#\/schema\/person\/eb039ce63dcbc3fec0a6b81e43e29ad3","name":"H\u00e9l\u00e8ne","url":"https:\/\/dev.centtreize.com\/rsr\/author\/rsr\/"}]}},"_links":{"self":[{"href":"https:\/\/dev.centtreize.com\/rsr\/wp-json\/wp\/v2\/posts\/13036","targetHints":{"allow":["GET"]}}],"collection":[{"href":"https:\/\/dev.centtreize.com\/rsr\/wp-json\/wp\/v2\/posts"}],"about":[{"href":"https:\/\/dev.centtreize.com\/rsr\/wp-json\/wp\/v2\/types\/post"}],"author":[{"embeddable":true,"href":"https:\/\/dev.centtreize.com\/rsr\/wp-json\/wp\/v2\/users\/2"}],"replies":[{"embeddable":true,"href":"https:\/\/dev.centtreize.com\/rsr\/wp-json\/wp\/v2\/comments?post=13036"}],"version-history":[{"count":10,"href":"https:\/\/dev.centtreize.com\/rsr\/wp-json\/wp\/v2\/posts\/13036\/revisions"}],"predecessor-version":[{"id":17733,"href":"https:\/\/dev.centtreize.com\/rsr\/wp-json\/wp\/v2\/posts\/13036\/revisions\/17733"}],"wp:attachment":[{"href":"https:\/\/dev.centtreize.com\/rsr\/wp-json\/wp\/v2\/media?parent=13036"}],"wp:term":[{"taxonomy":"category","embeddable":true,"href":"https:\/\/dev.centtreize.com\/rsr\/wp-json\/wp\/v2\/categories?post=13036"},{"taxonomy":"post_tag","embeddable":true,"href":"https:\/\/dev.centtreize.com\/rsr\/wp-json\/wp\/v2\/tags?post=13036"},{"taxonomy":"keywords","embeddable":true,"href":"https:\/\/dev.centtreize.com\/rsr\/wp-json\/wp\/v2\/keywords?post=13036"}],"curies":[{"name":"wp","href":"https:\/\/api.w.org\/{rel}","templated":true}]}}