{"id":13033,"date":"2021-07-15T00:11:36","date_gmt":"2021-07-14T23:11:36","guid":{"rendered":"http:\/\/www.revue-rsr.com\/?p=13033"},"modified":"2025-06-13T08:09:25","modified_gmt":"2025-06-13T07:09:25","slug":"etre-et-sujet-pour-une-interpretation-non-immanentiste-de-leur-correlation","status":"publish","type":"post","link":"https:\/\/dev.centtreize.com\/rsr\/article\/etre-et-sujet-pour-une-interpretation-non-immanentiste-de-leur-correlation\/","title":{"rendered":"\u00catre et sujet. Pour une interpr\u00e9tation non immanentiste de leur corr\u00e9lation"},"content":{"rendered":"<p>Pour v\u00e9rifier la force d\u2019inspiration de la pens\u00e9e rahn\u00e9rienne, l\u2019article examine l\u2019\u00e9l\u00e9ment philosophique consid\u00e9r\u00e9 comme une pr\u00e9supposition transcendantale au sein du discours th\u00e9ologique. En discutant l\u2019accusation d\u2019immanentisme que Cornelio Fabro adresse au Vorgriff rahn\u00e9rien, on peut atteindre l\u2019&nbsp;\u00ab&nbsp;intentio profundior&nbsp;\u00bb de Rahner et montrer comment la question ontologique est d\u2019embl\u00e9e consid\u00e9r\u00e9e comme question anthropologique. Pour surmonter une conception de la v\u00e9rit\u00e9, comprise comme a priori de\u00a0 l\u2019autor\u00e9alisation du sujet, on doit reconna\u00eetre le r\u00f4le constitutif du dynamisme de la libert\u00e9 dans l\u2019acc\u00e8s effectif \u00e0 l\u2019\u00eatre. Sur cette base, sera esquiss\u00e9 le caract\u00e8re \u00e9v\u00e9nementiel de la v\u00e9rit\u00e9, donc de son historicit\u00e9.<\/p>\n","protected":false},"excerpt":{"rendered":"<p>Pour v\u00e9rifier la force d\u2019inspiration de la pens\u00e9e rahn\u00e9rienne, l\u2019article examine l\u2019\u00e9l\u00e9ment philosophique consid\u00e9r\u00e9 comme une pr\u00e9supposition transcendantale au sein du discours th\u00e9ologique. En discutant l\u2019accusation d\u2019immanentisme que Cornelio Fabro adresse au Vorgriff rahn\u00e9rien, on peut atteindre l\u2019&nbsp;\u00ab&nbsp;intentio profundior&nbsp;\u00bb de Rahner et montrer comment la question ontologique est d\u2019embl\u00e9e consid\u00e9r\u00e9e comme question anthropologique. Pour surmonter une conception de la v\u00e9rit\u00e9, comprise comme a priori de\u00a0 l\u2019autor\u00e9alisation du sujet, on doit reconna\u00eetre le r\u00f4le constitutif du dynamisme de la libert\u00e9 dans l\u2019acc\u00e8s effectif \u00e0 l\u2019\u00eatre. Sur cette base, sera esquiss\u00e9 le caract\u00e8re \u00e9v\u00e9nementiel de la v\u00e9rit\u00e9, donc de son historicit\u00e9.<\/p>\n","protected":false},"author":2,"featured_media":0,"comment_status":"closed","ping_status":"closed","sticky":false,"template":"","format":"standard","meta":{"_acf_changed":false,"footnotes":""},"categories":[6],"tags":[784,781,645,783,276,782],"keywords":[1237],"class_list":["post-13033","post","type-post","status-publish","format-standard","hentry","category-article","tag-etre-et-connaitre","tag-immanentisme","tag-karl-rahner","tag-ontologie","tag-sujet","tag-vorgriff","keywords-rahner-karl"],"acf":[],"yoast_head":"<!-- This site is optimized with the Yoast SEO plugin v27.2 - https:\/\/yoast.com\/product\/yoast-seo-wordpress\/ -->\n<title>\u00catre et sujet. Pour une interpr\u00e9tation non immanentiste de leur corr\u00e9lation - Recherches de Science Religieuse<\/title>\n<meta name=\"robots\" content=\"index, follow, max-snippet:-1, max-image-preview:large, max-video-preview:-1\" \/>\n<link rel=\"canonical\" href=\"https:\/\/dev.centtreize.com\/rsr\/article\/etre-et-sujet-pour-une-interpretation-non-immanentiste-de-leur-correlation\/\" \/>\n<meta property=\"og:locale\" content=\"fr_FR\" \/>\n<meta property=\"og:type\" content=\"article\" \/>\n<meta property=\"og:title\" content=\"\u00catre et sujet. Pour une interpr\u00e9tation non immanentiste de leur corr\u00e9lation - Recherches de Science Religieuse\" \/>\n<meta property=\"og:description\" content=\"Pour v\u00e9rifier la force d\u2019inspiration de la pens\u00e9e rahn\u00e9rienne, l\u2019article examine l\u2019\u00e9l\u00e9ment philosophique consid\u00e9r\u00e9 comme une pr\u00e9supposition transcendantale au sein du discours th\u00e9ologique. En discutant l\u2019accusation d\u2019immanentisme que Cornelio Fabro adresse au Vorgriff rahn\u00e9rien, on peut atteindre l\u2019&nbsp;\u00ab&nbsp;intentio profundior&nbsp;\u00bb de Rahner et montrer comment la question ontologique est d\u2019embl\u00e9e consid\u00e9r\u00e9e comme question anthropologique. Pour surmonter une conception de la v\u00e9rit\u00e9, comprise comme a priori de\u00a0 l\u2019autor\u00e9alisation du sujet, on doit reconna\u00eetre le r\u00f4le constitutif du dynamisme de la libert\u00e9 dans l\u2019acc\u00e8s effectif \u00e0 l\u2019\u00eatre. Sur cette base, sera esquiss\u00e9 le caract\u00e8re \u00e9v\u00e9nementiel de la v\u00e9rit\u00e9, donc de son historicit\u00e9.\" \/>\n<meta property=\"og:url\" content=\"https:\/\/dev.centtreize.com\/rsr\/article\/etre-et-sujet-pour-une-interpretation-non-immanentiste-de-leur-correlation\/\" \/>\n<meta property=\"og:site_name\" content=\"Recherches de Science Religieuse\" \/>\n<meta property=\"article:published_time\" content=\"2021-07-14T23:11:36+00:00\" \/>\n<meta property=\"article:modified_time\" content=\"2025-06-13T07:09:25+00:00\" \/>\n<meta name=\"author\" content=\"H\u00e9l\u00e8ne\" \/>\n<meta name=\"twitter:card\" content=\"summary_large_image\" \/>\n<meta name=\"twitter:label1\" content=\"\u00c9crit par\" \/>\n\t<meta name=\"twitter:data1\" content=\"H\u00e9l\u00e8ne\" \/>\n\t<meta name=\"twitter:label2\" content=\"Dur\u00e9e de lecture estim\u00e9e\" \/>\n\t<meta name=\"twitter:data2\" content=\"1 minute\" \/>\n<script type=\"application\/ld+json\" class=\"yoast-schema-graph\">{\"@context\":\"https:\/\/schema.org\",\"@graph\":[{\"@type\":\"Article\",\"@id\":\"https:\/\/dev.centtreize.com\/rsr\/article\/etre-et-sujet-pour-une-interpretation-non-immanentiste-de-leur-correlation\/#article\",\"isPartOf\":{\"@id\":\"https:\/\/dev.centtreize.com\/rsr\/article\/etre-et-sujet-pour-une-interpretation-non-immanentiste-de-leur-correlation\/\"},\"author\":{\"name\":\"H\u00e9l\u00e8ne\",\"@id\":\"https:\/\/dev.centtreize.com\/rsr\/#\/schema\/person\/eb039ce63dcbc3fec0a6b81e43e29ad3\"},\"headline\":\"\u00catre et sujet. Pour une interpr\u00e9tation non immanentiste de leur corr\u00e9lation\",\"datePublished\":\"2021-07-14T23:11:36+00:00\",\"dateModified\":\"2025-06-13T07:09:25+00:00\",\"mainEntityOfPage\":{\"@id\":\"https:\/\/dev.centtreize.com\/rsr\/article\/etre-et-sujet-pour-une-interpretation-non-immanentiste-de-leur-correlation\/\"},\"wordCount\":140,\"publisher\":{\"@id\":\"https:\/\/dev.centtreize.com\/rsr\/#organization\"},\"keywords\":[\"\u00catre et conna\u00eetre\",\"Immanentisme\",\"Karl Rahner\",\"Ontologie\",\"sujet\",\"Vorgriff\"],\"articleSection\":[\"article\"],\"inLanguage\":\"fr-FR\"},{\"@type\":\"WebPage\",\"@id\":\"https:\/\/dev.centtreize.com\/rsr\/article\/etre-et-sujet-pour-une-interpretation-non-immanentiste-de-leur-correlation\/\",\"url\":\"https:\/\/dev.centtreize.com\/rsr\/article\/etre-et-sujet-pour-une-interpretation-non-immanentiste-de-leur-correlation\/\",\"name\":\"\u00catre et sujet. Pour une interpr\u00e9tation non immanentiste de leur corr\u00e9lation - Recherches de Science Religieuse\",\"isPartOf\":{\"@id\":\"https:\/\/dev.centtreize.com\/rsr\/#website\"},\"datePublished\":\"2021-07-14T23:11:36+00:00\",\"dateModified\":\"2025-06-13T07:09:25+00:00\",\"breadcrumb\":{\"@id\":\"https:\/\/dev.centtreize.com\/rsr\/article\/etre-et-sujet-pour-une-interpretation-non-immanentiste-de-leur-correlation\/#breadcrumb\"},\"inLanguage\":\"fr-FR\",\"potentialAction\":[{\"@type\":\"ReadAction\",\"target\":[\"https:\/\/dev.centtreize.com\/rsr\/article\/etre-et-sujet-pour-une-interpretation-non-immanentiste-de-leur-correlation\/\"]}]},{\"@type\":\"BreadcrumbList\",\"@id\":\"https:\/\/dev.centtreize.com\/rsr\/article\/etre-et-sujet-pour-une-interpretation-non-immanentiste-de-leur-correlation\/#breadcrumb\",\"itemListElement\":[{\"@type\":\"ListItem\",\"position\":1,\"name\":\"Accueil\",\"item\":\"https:\/\/dev.centtreize.com\/rsr\/\"},{\"@type\":\"ListItem\",\"position\":2,\"name\":\"\u00catre et sujet. Pour une interpr\u00e9tation non immanentiste de leur corr\u00e9lation\"}]},{\"@type\":\"WebSite\",\"@id\":\"https:\/\/dev.centtreize.com\/rsr\/#website\",\"url\":\"https:\/\/dev.centtreize.com\/rsr\/\",\"name\":\"Recherches de Science Religieuse\",\"description\":\"Recherches de Science Religieuse\",\"publisher\":{\"@id\":\"https:\/\/dev.centtreize.com\/rsr\/#organization\"},\"potentialAction\":[{\"@type\":\"SearchAction\",\"target\":{\"@type\":\"EntryPoint\",\"urlTemplate\":\"https:\/\/dev.centtreize.com\/rsr\/?s={search_term_string}\"},\"query-input\":{\"@type\":\"PropertyValueSpecification\",\"valueRequired\":true,\"valueName\":\"search_term_string\"}}],\"inLanguage\":\"fr-FR\"},{\"@type\":\"Organization\",\"@id\":\"https:\/\/dev.centtreize.com\/rsr\/#organization\",\"name\":\"Recherches de Science Religieuse\",\"url\":\"https:\/\/dev.centtreize.com\/rsr\/\",\"logo\":{\"@type\":\"ImageObject\",\"inLanguage\":\"fr-FR\",\"@id\":\"https:\/\/dev.centtreize.com\/rsr\/#\/schema\/logo\/image\/\",\"url\":\"https:\/\/dev.centtreize.com\/rsr\/wp-content\/uploads\/2024\/10\/logo_rsr.png\",\"contentUrl\":\"https:\/\/dev.centtreize.com\/rsr\/wp-content\/uploads\/2024\/10\/logo_rsr.png\",\"width\":300,\"height\":225,\"caption\":\"Recherches de Science Religieuse\"},\"image\":{\"@id\":\"https:\/\/dev.centtreize.com\/rsr\/#\/schema\/logo\/image\/\"}},{\"@type\":\"Person\",\"@id\":\"https:\/\/dev.centtreize.com\/rsr\/#\/schema\/person\/eb039ce63dcbc3fec0a6b81e43e29ad3\",\"name\":\"H\u00e9l\u00e8ne\",\"url\":\"https:\/\/dev.centtreize.com\/rsr\/author\/rsr\/\"}]}<\/script>\n<!-- \/ Yoast SEO plugin. -->","yoast_head_json":{"title":"\u00catre et sujet. Pour une interpr\u00e9tation non immanentiste de leur corr\u00e9lation - Recherches de Science Religieuse","robots":{"index":"index","follow":"follow","max-snippet":"max-snippet:-1","max-image-preview":"max-image-preview:large","max-video-preview":"max-video-preview:-1"},"canonical":"https:\/\/dev.centtreize.com\/rsr\/article\/etre-et-sujet-pour-une-interpretation-non-immanentiste-de-leur-correlation\/","og_locale":"fr_FR","og_type":"article","og_title":"\u00catre et sujet. Pour une interpr\u00e9tation non immanentiste de leur corr\u00e9lation - Recherches de Science Religieuse","og_description":"Pour v\u00e9rifier la force d\u2019inspiration de la pens\u00e9e rahn\u00e9rienne, l\u2019article examine l\u2019\u00e9l\u00e9ment philosophique consid\u00e9r\u00e9 comme une pr\u00e9supposition transcendantale au sein du discours th\u00e9ologique. En discutant l\u2019accusation d\u2019immanentisme que Cornelio Fabro adresse au Vorgriff rahn\u00e9rien, on peut atteindre l\u2019&nbsp;\u00ab&nbsp;intentio profundior&nbsp;\u00bb de Rahner et montrer comment la question ontologique est d\u2019embl\u00e9e consid\u00e9r\u00e9e comme question anthropologique. Pour surmonter une conception de la v\u00e9rit\u00e9, comprise comme a priori de\u00a0 l\u2019autor\u00e9alisation du sujet, on doit reconna\u00eetre le r\u00f4le constitutif du dynamisme de la libert\u00e9 dans l\u2019acc\u00e8s effectif \u00e0 l\u2019\u00eatre. Sur cette base, sera esquiss\u00e9 le caract\u00e8re \u00e9v\u00e9nementiel de la v\u00e9rit\u00e9, donc de son historicit\u00e9.","og_url":"https:\/\/dev.centtreize.com\/rsr\/article\/etre-et-sujet-pour-une-interpretation-non-immanentiste-de-leur-correlation\/","og_site_name":"Recherches de Science Religieuse","article_published_time":"2021-07-14T23:11:36+00:00","article_modified_time":"2025-06-13T07:09:25+00:00","author":"H\u00e9l\u00e8ne","twitter_card":"summary_large_image","twitter_misc":{"\u00c9crit par":"H\u00e9l\u00e8ne","Dur\u00e9e de lecture estim\u00e9e":"1 minute"},"schema":{"@context":"https:\/\/schema.org","@graph":[{"@type":"Article","@id":"https:\/\/dev.centtreize.com\/rsr\/article\/etre-et-sujet-pour-une-interpretation-non-immanentiste-de-leur-correlation\/#article","isPartOf":{"@id":"https:\/\/dev.centtreize.com\/rsr\/article\/etre-et-sujet-pour-une-interpretation-non-immanentiste-de-leur-correlation\/"},"author":{"name":"H\u00e9l\u00e8ne","@id":"https:\/\/dev.centtreize.com\/rsr\/#\/schema\/person\/eb039ce63dcbc3fec0a6b81e43e29ad3"},"headline":"\u00catre et sujet. Pour une interpr\u00e9tation non immanentiste de leur corr\u00e9lation","datePublished":"2021-07-14T23:11:36+00:00","dateModified":"2025-06-13T07:09:25+00:00","mainEntityOfPage":{"@id":"https:\/\/dev.centtreize.com\/rsr\/article\/etre-et-sujet-pour-une-interpretation-non-immanentiste-de-leur-correlation\/"},"wordCount":140,"publisher":{"@id":"https:\/\/dev.centtreize.com\/rsr\/#organization"},"keywords":["\u00catre et conna\u00eetre","Immanentisme","Karl Rahner","Ontologie","sujet","Vorgriff"],"articleSection":["article"],"inLanguage":"fr-FR"},{"@type":"WebPage","@id":"https:\/\/dev.centtreize.com\/rsr\/article\/etre-et-sujet-pour-une-interpretation-non-immanentiste-de-leur-correlation\/","url":"https:\/\/dev.centtreize.com\/rsr\/article\/etre-et-sujet-pour-une-interpretation-non-immanentiste-de-leur-correlation\/","name":"\u00catre et sujet. Pour une interpr\u00e9tation non immanentiste de leur corr\u00e9lation - Recherches de Science Religieuse","isPartOf":{"@id":"https:\/\/dev.centtreize.com\/rsr\/#website"},"datePublished":"2021-07-14T23:11:36+00:00","dateModified":"2025-06-13T07:09:25+00:00","breadcrumb":{"@id":"https:\/\/dev.centtreize.com\/rsr\/article\/etre-et-sujet-pour-une-interpretation-non-immanentiste-de-leur-correlation\/#breadcrumb"},"inLanguage":"fr-FR","potentialAction":[{"@type":"ReadAction","target":["https:\/\/dev.centtreize.com\/rsr\/article\/etre-et-sujet-pour-une-interpretation-non-immanentiste-de-leur-correlation\/"]}]},{"@type":"BreadcrumbList","@id":"https:\/\/dev.centtreize.com\/rsr\/article\/etre-et-sujet-pour-une-interpretation-non-immanentiste-de-leur-correlation\/#breadcrumb","itemListElement":[{"@type":"ListItem","position":1,"name":"Accueil","item":"https:\/\/dev.centtreize.com\/rsr\/"},{"@type":"ListItem","position":2,"name":"\u00catre et sujet. Pour une interpr\u00e9tation non immanentiste de leur corr\u00e9lation"}]},{"@type":"WebSite","@id":"https:\/\/dev.centtreize.com\/rsr\/#website","url":"https:\/\/dev.centtreize.com\/rsr\/","name":"Recherches de Science Religieuse","description":"Recherches de Science Religieuse","publisher":{"@id":"https:\/\/dev.centtreize.com\/rsr\/#organization"},"potentialAction":[{"@type":"SearchAction","target":{"@type":"EntryPoint","urlTemplate":"https:\/\/dev.centtreize.com\/rsr\/?s={search_term_string}"},"query-input":{"@type":"PropertyValueSpecification","valueRequired":true,"valueName":"search_term_string"}}],"inLanguage":"fr-FR"},{"@type":"Organization","@id":"https:\/\/dev.centtreize.com\/rsr\/#organization","name":"Recherches de Science Religieuse","url":"https:\/\/dev.centtreize.com\/rsr\/","logo":{"@type":"ImageObject","inLanguage":"fr-FR","@id":"https:\/\/dev.centtreize.com\/rsr\/#\/schema\/logo\/image\/","url":"https:\/\/dev.centtreize.com\/rsr\/wp-content\/uploads\/2024\/10\/logo_rsr.png","contentUrl":"https:\/\/dev.centtreize.com\/rsr\/wp-content\/uploads\/2024\/10\/logo_rsr.png","width":300,"height":225,"caption":"Recherches de Science Religieuse"},"image":{"@id":"https:\/\/dev.centtreize.com\/rsr\/#\/schema\/logo\/image\/"}},{"@type":"Person","@id":"https:\/\/dev.centtreize.com\/rsr\/#\/schema\/person\/eb039ce63dcbc3fec0a6b81e43e29ad3","name":"H\u00e9l\u00e8ne","url":"https:\/\/dev.centtreize.com\/rsr\/author\/rsr\/"}]}},"_links":{"self":[{"href":"https:\/\/dev.centtreize.com\/rsr\/wp-json\/wp\/v2\/posts\/13033","targetHints":{"allow":["GET"]}}],"collection":[{"href":"https:\/\/dev.centtreize.com\/rsr\/wp-json\/wp\/v2\/posts"}],"about":[{"href":"https:\/\/dev.centtreize.com\/rsr\/wp-json\/wp\/v2\/types\/post"}],"author":[{"embeddable":true,"href":"https:\/\/dev.centtreize.com\/rsr\/wp-json\/wp\/v2\/users\/2"}],"replies":[{"embeddable":true,"href":"https:\/\/dev.centtreize.com\/rsr\/wp-json\/wp\/v2\/comments?post=13033"}],"version-history":[{"count":9,"href":"https:\/\/dev.centtreize.com\/rsr\/wp-json\/wp\/v2\/posts\/13033\/revisions"}],"predecessor-version":[{"id":17731,"href":"https:\/\/dev.centtreize.com\/rsr\/wp-json\/wp\/v2\/posts\/13033\/revisions\/17731"}],"wp:attachment":[{"href":"https:\/\/dev.centtreize.com\/rsr\/wp-json\/wp\/v2\/media?parent=13033"}],"wp:term":[{"taxonomy":"category","embeddable":true,"href":"https:\/\/dev.centtreize.com\/rsr\/wp-json\/wp\/v2\/categories?post=13033"},{"taxonomy":"post_tag","embeddable":true,"href":"https:\/\/dev.centtreize.com\/rsr\/wp-json\/wp\/v2\/tags?post=13033"},{"taxonomy":"keywords","embeddable":true,"href":"https:\/\/dev.centtreize.com\/rsr\/wp-json\/wp\/v2\/keywords?post=13033"}],"curies":[{"name":"wp","href":"https:\/\/api.w.org\/{rel}","templated":true}]}}