{"id":13027,"date":"2021-07-15T00:09:21","date_gmt":"2021-07-14T23:09:21","guid":{"rendered":"http:\/\/www.revue-rsr.com\/?p=13027"},"modified":"2025-06-13T08:08:55","modified_gmt":"2025-06-13T07:08:55","slug":"les-sacrements-et-leglise-sacrement","status":"publish","type":"post","link":"https:\/\/dev.centtreize.com\/rsr\/article\/les-sacrements-et-leglise-sacrement\/","title":{"rendered":"Les sacrements et l\u2019\u00c9glise-sacrement"},"content":{"rendered":"<p>Les \u00e9crits de Rahner sur les sacrements et sur l\u2019\u00c9glise t\u00e9moignent d\u2019une attention aigu\u00eb&nbsp;aux questions pastorales de son temps. \u00c0 travers les r\u00e9ponses donn\u00e9es \u00e0 celles-ci, ils refl\u00e8tent surtout quelques orientations essentielles que l\u2019article s\u2019efforce de mettre en \u00e9vidence. Parmi les th\u00e8mes centraux figure celui de l\u2019\u00c9glise comme sacrement. Les objections que ce th\u00e8me a suscit\u00e9es sont \u00e0 entendre, mais ne doivent pas emp\u00eacher de retrouver, en amont des d\u00e9bats sur la sacramentalit\u00e9 de l\u2019\u00c9glise, les vues profondes de Rahner sur la Parole sacramentelle et sur le symbolisme sacramentel. Sans doute est-ce \u00e0 cette condition que l\u2019on peut au mieux \u00e9prouver la puissance d\u2019inspiration dont la th\u00e9ologie rahn\u00e9rienne est porteuse \u00e0 propos de l\u2019\u00c9glise et des sacrements&nbsp;\u2013 une th\u00e9ologie qui est \u00e0 comprendre avant tout comme une th\u00e9ologie de la gr\u00e2ce et de son incarnation dans l\u2019histoire du monde.<\/p>\n","protected":false},"excerpt":{"rendered":"<p>Les \u00e9crits de Rahner sur les sacrements et sur l\u2019\u00c9glise t\u00e9moignent d\u2019une attention aigu\u00eb&nbsp;aux questions pastorales de son temps. \u00c0 travers les r\u00e9ponses donn\u00e9es \u00e0 celles-ci, ils refl\u00e8tent surtout quelques orientations essentielles que l\u2019article s\u2019efforce de mettre en \u00e9vidence. Parmi les th\u00e8mes centraux figure celui de l\u2019\u00c9glise comme sacrement. Les objections que ce th\u00e8me a suscit\u00e9es sont \u00e0 entendre, mais ne doivent pas emp\u00eacher de retrouver, en amont des d\u00e9bats sur la sacramentalit\u00e9 de l\u2019\u00c9glise, les vues profondes de Rahner sur la Parole sacramentelle et sur le symbolisme sacramentel. Sans doute est-ce \u00e0 cette condition que l\u2019on peut au mieux \u00e9prouver la puissance d\u2019inspiration dont la th\u00e9ologie rahn\u00e9rienne est porteuse \u00e0 propos de l\u2019\u00c9glise et des sacrements&nbsp;\u2013 une th\u00e9ologie qui est \u00e0 comprendre avant tout comme une th\u00e9ologie de la gr\u00e2ce et de son incarnation dans l\u2019histoire du monde.<\/p>\n","protected":false},"author":2,"featured_media":0,"comment_status":"closed","ping_status":"closed","sticky":false,"template":"","format":"standard","meta":{"_acf_changed":false,"footnotes":""},"categories":[6],"tags":[432,22,775,776,777,419,117],"keywords":[1137,1237,1171],"class_list":["post-13027","post","type-post","status-publish","format-standard","hentry","category-article","tag-communion","tag-eglise","tag-eglise-sacrement","tag-messes","tag-parole-de-dieu","tag-sacrements","tag-symbole","keywords-eglise","keywords-rahner-karl","keywords-sacrement"],"acf":[],"yoast_head":"<!-- This site is optimized with the Yoast SEO plugin v27.2 - https:\/\/yoast.com\/product\/yoast-seo-wordpress\/ -->\n<title>Les sacrements et l\u2019\u00c9glise-sacrement - Recherches de Science Religieuse<\/title>\n<meta name=\"robots\" content=\"index, follow, max-snippet:-1, max-image-preview:large, max-video-preview:-1\" \/>\n<link rel=\"canonical\" href=\"https:\/\/dev.centtreize.com\/rsr\/article\/les-sacrements-et-leglise-sacrement\/\" \/>\n<meta property=\"og:locale\" content=\"fr_FR\" \/>\n<meta property=\"og:type\" content=\"article\" \/>\n<meta property=\"og:title\" content=\"Les sacrements et l\u2019\u00c9glise-sacrement - Recherches de Science Religieuse\" \/>\n<meta property=\"og:description\" content=\"Les \u00e9crits de Rahner sur les sacrements et sur l\u2019\u00c9glise t\u00e9moignent d\u2019une attention aigu\u00eb&nbsp;aux questions pastorales de son temps. \u00c0 travers les r\u00e9ponses donn\u00e9es \u00e0 celles-ci, ils refl\u00e8tent surtout quelques orientations essentielles que l\u2019article s\u2019efforce de mettre en \u00e9vidence. Parmi les th\u00e8mes centraux figure celui de l\u2019\u00c9glise comme sacrement. Les objections que ce th\u00e8me a suscit\u00e9es sont \u00e0 entendre, mais ne doivent pas emp\u00eacher de retrouver, en amont des d\u00e9bats sur la sacramentalit\u00e9 de l\u2019\u00c9glise, les vues profondes de Rahner sur la Parole sacramentelle et sur le symbolisme sacramentel. Sans doute est-ce \u00e0 cette condition que l\u2019on peut au mieux \u00e9prouver la puissance d\u2019inspiration dont la th\u00e9ologie rahn\u00e9rienne est porteuse \u00e0 propos de l\u2019\u00c9glise et des sacrements&nbsp;\u2013 une th\u00e9ologie qui est \u00e0 comprendre avant tout comme une th\u00e9ologie de la gr\u00e2ce et de son incarnation dans l\u2019histoire du monde.\" \/>\n<meta property=\"og:url\" content=\"https:\/\/dev.centtreize.com\/rsr\/article\/les-sacrements-et-leglise-sacrement\/\" \/>\n<meta property=\"og:site_name\" content=\"Recherches de Science Religieuse\" \/>\n<meta property=\"article:published_time\" content=\"2021-07-14T23:09:21+00:00\" \/>\n<meta property=\"article:modified_time\" content=\"2025-06-13T07:08:55+00:00\" \/>\n<meta name=\"author\" content=\"H\u00e9l\u00e8ne\" \/>\n<meta name=\"twitter:card\" content=\"summary_large_image\" \/>\n<meta name=\"twitter:label1\" content=\"\u00c9crit par\" \/>\n\t<meta name=\"twitter:data1\" content=\"H\u00e9l\u00e8ne\" \/>\n\t<meta name=\"twitter:label2\" content=\"Dur\u00e9e de lecture estim\u00e9e\" \/>\n\t<meta name=\"twitter:data2\" content=\"1 minute\" \/>\n<script type=\"application\/ld+json\" class=\"yoast-schema-graph\">{\"@context\":\"https:\/\/schema.org\",\"@graph\":[{\"@type\":\"Article\",\"@id\":\"https:\/\/dev.centtreize.com\/rsr\/article\/les-sacrements-et-leglise-sacrement\/#article\",\"isPartOf\":{\"@id\":\"https:\/\/dev.centtreize.com\/rsr\/article\/les-sacrements-et-leglise-sacrement\/\"},\"author\":{\"name\":\"H\u00e9l\u00e8ne\",\"@id\":\"https:\/\/dev.centtreize.com\/rsr\/#\/schema\/person\/eb039ce63dcbc3fec0a6b81e43e29ad3\"},\"headline\":\"Les sacrements et l\u2019\u00c9glise-sacrement\",\"datePublished\":\"2021-07-14T23:09:21+00:00\",\"dateModified\":\"2025-06-13T07:08:55+00:00\",\"mainEntityOfPage\":{\"@id\":\"https:\/\/dev.centtreize.com\/rsr\/article\/les-sacrements-et-leglise-sacrement\/\"},\"wordCount\":163,\"publisher\":{\"@id\":\"https:\/\/dev.centtreize.com\/rsr\/#organization\"},\"keywords\":[\"communion\",\"Eglise\",\"\u00c9glise-sacrement\",\"Messes\",\"Parole de Dieu\",\"sacrements\",\"symbole\"],\"articleSection\":[\"article\"],\"inLanguage\":\"fr-FR\"},{\"@type\":\"WebPage\",\"@id\":\"https:\/\/dev.centtreize.com\/rsr\/article\/les-sacrements-et-leglise-sacrement\/\",\"url\":\"https:\/\/dev.centtreize.com\/rsr\/article\/les-sacrements-et-leglise-sacrement\/\",\"name\":\"Les sacrements et l\u2019\u00c9glise-sacrement - Recherches de Science Religieuse\",\"isPartOf\":{\"@id\":\"https:\/\/dev.centtreize.com\/rsr\/#website\"},\"datePublished\":\"2021-07-14T23:09:21+00:00\",\"dateModified\":\"2025-06-13T07:08:55+00:00\",\"breadcrumb\":{\"@id\":\"https:\/\/dev.centtreize.com\/rsr\/article\/les-sacrements-et-leglise-sacrement\/#breadcrumb\"},\"inLanguage\":\"fr-FR\",\"potentialAction\":[{\"@type\":\"ReadAction\",\"target\":[\"https:\/\/dev.centtreize.com\/rsr\/article\/les-sacrements-et-leglise-sacrement\/\"]}]},{\"@type\":\"BreadcrumbList\",\"@id\":\"https:\/\/dev.centtreize.com\/rsr\/article\/les-sacrements-et-leglise-sacrement\/#breadcrumb\",\"itemListElement\":[{\"@type\":\"ListItem\",\"position\":1,\"name\":\"Accueil\",\"item\":\"https:\/\/dev.centtreize.com\/rsr\/\"},{\"@type\":\"ListItem\",\"position\":2,\"name\":\"Les sacrements et l\u2019\u00c9glise-sacrement\"}]},{\"@type\":\"WebSite\",\"@id\":\"https:\/\/dev.centtreize.com\/rsr\/#website\",\"url\":\"https:\/\/dev.centtreize.com\/rsr\/\",\"name\":\"Recherches de Science Religieuse\",\"description\":\"Recherches de Science Religieuse\",\"publisher\":{\"@id\":\"https:\/\/dev.centtreize.com\/rsr\/#organization\"},\"potentialAction\":[{\"@type\":\"SearchAction\",\"target\":{\"@type\":\"EntryPoint\",\"urlTemplate\":\"https:\/\/dev.centtreize.com\/rsr\/?s={search_term_string}\"},\"query-input\":{\"@type\":\"PropertyValueSpecification\",\"valueRequired\":true,\"valueName\":\"search_term_string\"}}],\"inLanguage\":\"fr-FR\"},{\"@type\":\"Organization\",\"@id\":\"https:\/\/dev.centtreize.com\/rsr\/#organization\",\"name\":\"Recherches de Science Religieuse\",\"url\":\"https:\/\/dev.centtreize.com\/rsr\/\",\"logo\":{\"@type\":\"ImageObject\",\"inLanguage\":\"fr-FR\",\"@id\":\"https:\/\/dev.centtreize.com\/rsr\/#\/schema\/logo\/image\/\",\"url\":\"https:\/\/dev.centtreize.com\/rsr\/wp-content\/uploads\/2024\/10\/logo_rsr.png\",\"contentUrl\":\"https:\/\/dev.centtreize.com\/rsr\/wp-content\/uploads\/2024\/10\/logo_rsr.png\",\"width\":300,\"height\":225,\"caption\":\"Recherches de Science Religieuse\"},\"image\":{\"@id\":\"https:\/\/dev.centtreize.com\/rsr\/#\/schema\/logo\/image\/\"}},{\"@type\":\"Person\",\"@id\":\"https:\/\/dev.centtreize.com\/rsr\/#\/schema\/person\/eb039ce63dcbc3fec0a6b81e43e29ad3\",\"name\":\"H\u00e9l\u00e8ne\",\"url\":\"https:\/\/dev.centtreize.com\/rsr\/author\/rsr\/\"}]}<\/script>\n<!-- \/ Yoast SEO plugin. -->","yoast_head_json":{"title":"Les sacrements et l\u2019\u00c9glise-sacrement - Recherches de Science Religieuse","robots":{"index":"index","follow":"follow","max-snippet":"max-snippet:-1","max-image-preview":"max-image-preview:large","max-video-preview":"max-video-preview:-1"},"canonical":"https:\/\/dev.centtreize.com\/rsr\/article\/les-sacrements-et-leglise-sacrement\/","og_locale":"fr_FR","og_type":"article","og_title":"Les sacrements et l\u2019\u00c9glise-sacrement - Recherches de Science Religieuse","og_description":"Les \u00e9crits de Rahner sur les sacrements et sur l\u2019\u00c9glise t\u00e9moignent d\u2019une attention aigu\u00eb&nbsp;aux questions pastorales de son temps. \u00c0 travers les r\u00e9ponses donn\u00e9es \u00e0 celles-ci, ils refl\u00e8tent surtout quelques orientations essentielles que l\u2019article s\u2019efforce de mettre en \u00e9vidence. Parmi les th\u00e8mes centraux figure celui de l\u2019\u00c9glise comme sacrement. Les objections que ce th\u00e8me a suscit\u00e9es sont \u00e0 entendre, mais ne doivent pas emp\u00eacher de retrouver, en amont des d\u00e9bats sur la sacramentalit\u00e9 de l\u2019\u00c9glise, les vues profondes de Rahner sur la Parole sacramentelle et sur le symbolisme sacramentel. Sans doute est-ce \u00e0 cette condition que l\u2019on peut au mieux \u00e9prouver la puissance d\u2019inspiration dont la th\u00e9ologie rahn\u00e9rienne est porteuse \u00e0 propos de l\u2019\u00c9glise et des sacrements&nbsp;\u2013 une th\u00e9ologie qui est \u00e0 comprendre avant tout comme une th\u00e9ologie de la gr\u00e2ce et de son incarnation dans l\u2019histoire du monde.","og_url":"https:\/\/dev.centtreize.com\/rsr\/article\/les-sacrements-et-leglise-sacrement\/","og_site_name":"Recherches de Science Religieuse","article_published_time":"2021-07-14T23:09:21+00:00","article_modified_time":"2025-06-13T07:08:55+00:00","author":"H\u00e9l\u00e8ne","twitter_card":"summary_large_image","twitter_misc":{"\u00c9crit par":"H\u00e9l\u00e8ne","Dur\u00e9e de lecture estim\u00e9e":"1 minute"},"schema":{"@context":"https:\/\/schema.org","@graph":[{"@type":"Article","@id":"https:\/\/dev.centtreize.com\/rsr\/article\/les-sacrements-et-leglise-sacrement\/#article","isPartOf":{"@id":"https:\/\/dev.centtreize.com\/rsr\/article\/les-sacrements-et-leglise-sacrement\/"},"author":{"name":"H\u00e9l\u00e8ne","@id":"https:\/\/dev.centtreize.com\/rsr\/#\/schema\/person\/eb039ce63dcbc3fec0a6b81e43e29ad3"},"headline":"Les sacrements et l\u2019\u00c9glise-sacrement","datePublished":"2021-07-14T23:09:21+00:00","dateModified":"2025-06-13T07:08:55+00:00","mainEntityOfPage":{"@id":"https:\/\/dev.centtreize.com\/rsr\/article\/les-sacrements-et-leglise-sacrement\/"},"wordCount":163,"publisher":{"@id":"https:\/\/dev.centtreize.com\/rsr\/#organization"},"keywords":["communion","Eglise","\u00c9glise-sacrement","Messes","Parole de Dieu","sacrements","symbole"],"articleSection":["article"],"inLanguage":"fr-FR"},{"@type":"WebPage","@id":"https:\/\/dev.centtreize.com\/rsr\/article\/les-sacrements-et-leglise-sacrement\/","url":"https:\/\/dev.centtreize.com\/rsr\/article\/les-sacrements-et-leglise-sacrement\/","name":"Les sacrements et l\u2019\u00c9glise-sacrement - Recherches de Science Religieuse","isPartOf":{"@id":"https:\/\/dev.centtreize.com\/rsr\/#website"},"datePublished":"2021-07-14T23:09:21+00:00","dateModified":"2025-06-13T07:08:55+00:00","breadcrumb":{"@id":"https:\/\/dev.centtreize.com\/rsr\/article\/les-sacrements-et-leglise-sacrement\/#breadcrumb"},"inLanguage":"fr-FR","potentialAction":[{"@type":"ReadAction","target":["https:\/\/dev.centtreize.com\/rsr\/article\/les-sacrements-et-leglise-sacrement\/"]}]},{"@type":"BreadcrumbList","@id":"https:\/\/dev.centtreize.com\/rsr\/article\/les-sacrements-et-leglise-sacrement\/#breadcrumb","itemListElement":[{"@type":"ListItem","position":1,"name":"Accueil","item":"https:\/\/dev.centtreize.com\/rsr\/"},{"@type":"ListItem","position":2,"name":"Les sacrements et l\u2019\u00c9glise-sacrement"}]},{"@type":"WebSite","@id":"https:\/\/dev.centtreize.com\/rsr\/#website","url":"https:\/\/dev.centtreize.com\/rsr\/","name":"Recherches de Science Religieuse","description":"Recherches de Science Religieuse","publisher":{"@id":"https:\/\/dev.centtreize.com\/rsr\/#organization"},"potentialAction":[{"@type":"SearchAction","target":{"@type":"EntryPoint","urlTemplate":"https:\/\/dev.centtreize.com\/rsr\/?s={search_term_string}"},"query-input":{"@type":"PropertyValueSpecification","valueRequired":true,"valueName":"search_term_string"}}],"inLanguage":"fr-FR"},{"@type":"Organization","@id":"https:\/\/dev.centtreize.com\/rsr\/#organization","name":"Recherches de Science Religieuse","url":"https:\/\/dev.centtreize.com\/rsr\/","logo":{"@type":"ImageObject","inLanguage":"fr-FR","@id":"https:\/\/dev.centtreize.com\/rsr\/#\/schema\/logo\/image\/","url":"https:\/\/dev.centtreize.com\/rsr\/wp-content\/uploads\/2024\/10\/logo_rsr.png","contentUrl":"https:\/\/dev.centtreize.com\/rsr\/wp-content\/uploads\/2024\/10\/logo_rsr.png","width":300,"height":225,"caption":"Recherches de Science Religieuse"},"image":{"@id":"https:\/\/dev.centtreize.com\/rsr\/#\/schema\/logo\/image\/"}},{"@type":"Person","@id":"https:\/\/dev.centtreize.com\/rsr\/#\/schema\/person\/eb039ce63dcbc3fec0a6b81e43e29ad3","name":"H\u00e9l\u00e8ne","url":"https:\/\/dev.centtreize.com\/rsr\/author\/rsr\/"}]}},"_links":{"self":[{"href":"https:\/\/dev.centtreize.com\/rsr\/wp-json\/wp\/v2\/posts\/13027","targetHints":{"allow":["GET"]}}],"collection":[{"href":"https:\/\/dev.centtreize.com\/rsr\/wp-json\/wp\/v2\/posts"}],"about":[{"href":"https:\/\/dev.centtreize.com\/rsr\/wp-json\/wp\/v2\/types\/post"}],"author":[{"embeddable":true,"href":"https:\/\/dev.centtreize.com\/rsr\/wp-json\/wp\/v2\/users\/2"}],"replies":[{"embeddable":true,"href":"https:\/\/dev.centtreize.com\/rsr\/wp-json\/wp\/v2\/comments?post=13027"}],"version-history":[{"count":9,"href":"https:\/\/dev.centtreize.com\/rsr\/wp-json\/wp\/v2\/posts\/13027\/revisions"}],"predecessor-version":[{"id":17729,"href":"https:\/\/dev.centtreize.com\/rsr\/wp-json\/wp\/v2\/posts\/13027\/revisions\/17729"}],"wp:attachment":[{"href":"https:\/\/dev.centtreize.com\/rsr\/wp-json\/wp\/v2\/media?parent=13027"}],"wp:term":[{"taxonomy":"category","embeddable":true,"href":"https:\/\/dev.centtreize.com\/rsr\/wp-json\/wp\/v2\/categories?post=13027"},{"taxonomy":"post_tag","embeddable":true,"href":"https:\/\/dev.centtreize.com\/rsr\/wp-json\/wp\/v2\/tags?post=13027"},{"taxonomy":"keywords","embeddable":true,"href":"https:\/\/dev.centtreize.com\/rsr\/wp-json\/wp\/v2\/keywords?post=13027"}],"curies":[{"name":"wp","href":"https:\/\/api.w.org\/{rel}","templated":true}]}}