{"id":12867,"date":"2021-04-15T00:06:30","date_gmt":"2021-04-14T23:06:30","guid":{"rendered":"http:\/\/www.revue-rsr.com\/?p=12867"},"modified":"2026-02-04T11:41:40","modified_gmt":"2026-02-04T10:41:40","slug":"ministere-episcopal-et-presbyteral-en-perspective","status":"publish","type":"post","link":"https:\/\/dev.centtreize.com\/rsr\/article\/ministere-episcopal-et-presbyteral-en-perspective\/","title":{"rendered":"Minist\u00e8re \u00e9piscopal et presbyt\u00e9ral en perspective"},"content":{"rendered":"<p>Des th\u00e9ologiens tels Moingt, Kehl, K\u00fcng, Rahner ou Schillebeeckx, se sont int\u00e9ress\u00e9s \u00e0 plusieurs reprises au minist\u00e8re ordonn\u00e9, offrant des contributions qui peuvent stimuler, encore aujourd\u2019hui, une r\u00e9flexion sur le minist\u00e8re \u00e9piscopal et presbyt\u00e9ral en perspective. En les relisant de mani\u00e8re critique et sur la base de cet int\u00e9r\u00eat, cet essai propose de revisiter le concept de pr\u00e9sidence, la r\u00e9forme des paroisses et des nouveaux styles de communaut\u00e9, une red\u00e9finition plus pr\u00e9cise des t\u00e2ches du diaconat, une avanc\u00e9e th\u00e9ologique sur l\u2019\u00e9piscopat et le presbyt\u00e9rat, des \u00e9l\u00e9ments de r\u00e9flexion concernant le processus de formation des presbytres et le d\u00e9bat autour de la question des viri probati et de l\u2019acc\u00e8s des femmes au minist\u00e8re.<\/p>\n","protected":false},"excerpt":{"rendered":"<p>Des th\u00e9ologiens tels Moingt, Kehl, K\u00fcng, Rahner ou Schillebeeckx, se sont int\u00e9ress\u00e9s \u00e0 plusieurs reprises au minist\u00e8re ordonn\u00e9, offrant des contributions qui peuvent stimuler, encore aujourd\u2019hui, une r\u00e9flexion sur le minist\u00e8re \u00e9piscopal et presbyt\u00e9ral en perspective. En les relisant de mani\u00e8re critique et sur la base de cet int\u00e9r\u00eat, cet essai propose de revisiter le concept de pr\u00e9sidence, la r\u00e9forme des paroisses et des nouveaux styles de communaut\u00e9, une red\u00e9finition plus pr\u00e9cise des t\u00e2ches du diaconat, une avanc\u00e9e th\u00e9ologique sur l\u2019\u00e9piscopat et le presbyt\u00e9rat, des \u00e9l\u00e9ments de r\u00e9flexion concernant le processus de formation des presbytres et le d\u00e9bat autour de la question des viri probati et de l\u2019acc\u00e8s des femmes au minist\u00e8re.<\/p>\n","protected":false},"author":2,"featured_media":0,"comment_status":"closed","ping_status":"closed","sticky":false,"template":"","format":"standard","meta":{"_acf_changed":false,"footnotes":""},"categories":[6],"tags":[750,752,744,747,749,745,751,746,748,730],"keywords":[1228],"class_list":["post-12867","post","type-post","status-publish","format-standard","hentry","category-article","tag-diaconat-permanent","tag-ministere-des-femmes","tag-ministere-episcopal-et-presbyteral","tag-ministeres-des-laics","tag-presbyterium","tag-presidence-de-la-communaute-chretienne","tag-processus-de-formation-des-pretres","tag-reforme-de-la-paroisse","tag-theologie-de-lepiscopat","tag-viri-probati","keywords-ministere"],"acf":[],"yoast_head":"<!-- This site is optimized with the Yoast SEO plugin v27.2 - https:\/\/yoast.com\/product\/yoast-seo-wordpress\/ -->\n<title>Minist\u00e8re \u00e9piscopal et presbyt\u00e9ral en perspective - Recherches de Science Religieuse<\/title>\n<meta name=\"robots\" content=\"index, follow, max-snippet:-1, max-image-preview:large, max-video-preview:-1\" \/>\n<link rel=\"canonical\" href=\"https:\/\/dev.centtreize.com\/rsr\/article\/ministere-episcopal-et-presbyteral-en-perspective\/\" \/>\n<meta property=\"og:locale\" content=\"fr_FR\" \/>\n<meta property=\"og:type\" content=\"article\" \/>\n<meta property=\"og:title\" content=\"Minist\u00e8re \u00e9piscopal et presbyt\u00e9ral en perspective - Recherches de Science Religieuse\" \/>\n<meta property=\"og:description\" content=\"Des th\u00e9ologiens tels Moingt, Kehl, K\u00fcng, Rahner ou Schillebeeckx, se sont int\u00e9ress\u00e9s \u00e0 plusieurs reprises au minist\u00e8re ordonn\u00e9, offrant des contributions qui peuvent stimuler, encore aujourd\u2019hui, une r\u00e9flexion sur le minist\u00e8re \u00e9piscopal et presbyt\u00e9ral en perspective. En les relisant de mani\u00e8re critique et sur la base de cet int\u00e9r\u00eat, cet essai propose de revisiter le concept de pr\u00e9sidence, la r\u00e9forme des paroisses et des nouveaux styles de communaut\u00e9, une red\u00e9finition plus pr\u00e9cise des t\u00e2ches du diaconat, une avanc\u00e9e th\u00e9ologique sur l\u2019\u00e9piscopat et le presbyt\u00e9rat, des \u00e9l\u00e9ments de r\u00e9flexion concernant le processus de formation des presbytres et le d\u00e9bat autour de la question des viri probati et de l\u2019acc\u00e8s des femmes au minist\u00e8re.\" \/>\n<meta property=\"og:url\" content=\"https:\/\/dev.centtreize.com\/rsr\/article\/ministere-episcopal-et-presbyteral-en-perspective\/\" \/>\n<meta property=\"og:site_name\" content=\"Recherches de Science Religieuse\" \/>\n<meta property=\"article:published_time\" content=\"2021-04-14T23:06:30+00:00\" \/>\n<meta property=\"article:modified_time\" content=\"2026-02-04T10:41:40+00:00\" \/>\n<meta name=\"author\" content=\"H\u00e9l\u00e8ne\" \/>\n<meta name=\"twitter:card\" content=\"summary_large_image\" \/>\n<meta name=\"twitter:label1\" content=\"\u00c9crit par\" \/>\n\t<meta name=\"twitter:data1\" content=\"H\u00e9l\u00e8ne\" \/>\n\t<meta name=\"twitter:label2\" content=\"Dur\u00e9e de lecture estim\u00e9e\" \/>\n\t<meta name=\"twitter:data2\" content=\"1 minute\" \/>\n<script type=\"application\/ld+json\" class=\"yoast-schema-graph\">{\"@context\":\"https:\/\/schema.org\",\"@graph\":[{\"@type\":\"Article\",\"@id\":\"https:\/\/dev.centtreize.com\/rsr\/article\/ministere-episcopal-et-presbyteral-en-perspective\/#article\",\"isPartOf\":{\"@id\":\"https:\/\/dev.centtreize.com\/rsr\/article\/ministere-episcopal-et-presbyteral-en-perspective\/\"},\"author\":{\"name\":\"H\u00e9l\u00e8ne\",\"@id\":\"https:\/\/dev.centtreize.com\/rsr\/#\/schema\/person\/eb039ce63dcbc3fec0a6b81e43e29ad3\"},\"headline\":\"Minist\u00e8re \u00e9piscopal et presbyt\u00e9ral en perspective\",\"datePublished\":\"2021-04-14T23:06:30+00:00\",\"dateModified\":\"2026-02-04T10:41:40+00:00\",\"mainEntityOfPage\":{\"@id\":\"https:\/\/dev.centtreize.com\/rsr\/article\/ministere-episcopal-et-presbyteral-en-perspective\/\"},\"wordCount\":146,\"publisher\":{\"@id\":\"https:\/\/dev.centtreize.com\/rsr\/#organization\"},\"keywords\":[\"Diaconat permanent\",\"Minist\u00e8re des femmes\",\"Minist\u00e8re \u00e9piscopal et presbyt\u00e9ral\",\"Minist\u00e8res des la\u00efcs\",\"Presbyterium\",\"Pr\u00e9sidence de la communaut\u00e9 chr\u00e9tienne\",\"Processus de formation des pr\u00eatres\",\"R\u00e9forme de la paroisse\",\"Th\u00e9ologie de l\u2019\u00e9piscopat\",\"viri probati\"],\"articleSection\":[\"article\"],\"inLanguage\":\"fr-FR\"},{\"@type\":\"WebPage\",\"@id\":\"https:\/\/dev.centtreize.com\/rsr\/article\/ministere-episcopal-et-presbyteral-en-perspective\/\",\"url\":\"https:\/\/dev.centtreize.com\/rsr\/article\/ministere-episcopal-et-presbyteral-en-perspective\/\",\"name\":\"Minist\u00e8re \u00e9piscopal et presbyt\u00e9ral en perspective - Recherches de Science Religieuse\",\"isPartOf\":{\"@id\":\"https:\/\/dev.centtreize.com\/rsr\/#website\"},\"datePublished\":\"2021-04-14T23:06:30+00:00\",\"dateModified\":\"2026-02-04T10:41:40+00:00\",\"breadcrumb\":{\"@id\":\"https:\/\/dev.centtreize.com\/rsr\/article\/ministere-episcopal-et-presbyteral-en-perspective\/#breadcrumb\"},\"inLanguage\":\"fr-FR\",\"potentialAction\":[{\"@type\":\"ReadAction\",\"target\":[\"https:\/\/dev.centtreize.com\/rsr\/article\/ministere-episcopal-et-presbyteral-en-perspective\/\"]}]},{\"@type\":\"BreadcrumbList\",\"@id\":\"https:\/\/dev.centtreize.com\/rsr\/article\/ministere-episcopal-et-presbyteral-en-perspective\/#breadcrumb\",\"itemListElement\":[{\"@type\":\"ListItem\",\"position\":1,\"name\":\"Accueil\",\"item\":\"https:\/\/dev.centtreize.com\/rsr\/\"},{\"@type\":\"ListItem\",\"position\":2,\"name\":\"Minist\u00e8re \u00e9piscopal et presbyt\u00e9ral en perspective\"}]},{\"@type\":\"WebSite\",\"@id\":\"https:\/\/dev.centtreize.com\/rsr\/#website\",\"url\":\"https:\/\/dev.centtreize.com\/rsr\/\",\"name\":\"Recherches de Science Religieuse\",\"description\":\"Recherches de Science Religieuse\",\"publisher\":{\"@id\":\"https:\/\/dev.centtreize.com\/rsr\/#organization\"},\"potentialAction\":[{\"@type\":\"SearchAction\",\"target\":{\"@type\":\"EntryPoint\",\"urlTemplate\":\"https:\/\/dev.centtreize.com\/rsr\/?s={search_term_string}\"},\"query-input\":{\"@type\":\"PropertyValueSpecification\",\"valueRequired\":true,\"valueName\":\"search_term_string\"}}],\"inLanguage\":\"fr-FR\"},{\"@type\":\"Organization\",\"@id\":\"https:\/\/dev.centtreize.com\/rsr\/#organization\",\"name\":\"Recherches de Science Religieuse\",\"url\":\"https:\/\/dev.centtreize.com\/rsr\/\",\"logo\":{\"@type\":\"ImageObject\",\"inLanguage\":\"fr-FR\",\"@id\":\"https:\/\/dev.centtreize.com\/rsr\/#\/schema\/logo\/image\/\",\"url\":\"https:\/\/dev.centtreize.com\/rsr\/wp-content\/uploads\/2024\/10\/logo_rsr.png\",\"contentUrl\":\"https:\/\/dev.centtreize.com\/rsr\/wp-content\/uploads\/2024\/10\/logo_rsr.png\",\"width\":300,\"height\":225,\"caption\":\"Recherches de Science Religieuse\"},\"image\":{\"@id\":\"https:\/\/dev.centtreize.com\/rsr\/#\/schema\/logo\/image\/\"}},{\"@type\":\"Person\",\"@id\":\"https:\/\/dev.centtreize.com\/rsr\/#\/schema\/person\/eb039ce63dcbc3fec0a6b81e43e29ad3\",\"name\":\"H\u00e9l\u00e8ne\",\"url\":\"https:\/\/dev.centtreize.com\/rsr\/author\/rsr\/\"}]}<\/script>\n<!-- \/ Yoast SEO plugin. -->","yoast_head_json":{"title":"Minist\u00e8re \u00e9piscopal et presbyt\u00e9ral en perspective - Recherches de Science Religieuse","robots":{"index":"index","follow":"follow","max-snippet":"max-snippet:-1","max-image-preview":"max-image-preview:large","max-video-preview":"max-video-preview:-1"},"canonical":"https:\/\/dev.centtreize.com\/rsr\/article\/ministere-episcopal-et-presbyteral-en-perspective\/","og_locale":"fr_FR","og_type":"article","og_title":"Minist\u00e8re \u00e9piscopal et presbyt\u00e9ral en perspective - Recherches de Science Religieuse","og_description":"Des th\u00e9ologiens tels Moingt, Kehl, K\u00fcng, Rahner ou Schillebeeckx, se sont int\u00e9ress\u00e9s \u00e0 plusieurs reprises au minist\u00e8re ordonn\u00e9, offrant des contributions qui peuvent stimuler, encore aujourd\u2019hui, une r\u00e9flexion sur le minist\u00e8re \u00e9piscopal et presbyt\u00e9ral en perspective. En les relisant de mani\u00e8re critique et sur la base de cet int\u00e9r\u00eat, cet essai propose de revisiter le concept de pr\u00e9sidence, la r\u00e9forme des paroisses et des nouveaux styles de communaut\u00e9, une red\u00e9finition plus pr\u00e9cise des t\u00e2ches du diaconat, une avanc\u00e9e th\u00e9ologique sur l\u2019\u00e9piscopat et le presbyt\u00e9rat, des \u00e9l\u00e9ments de r\u00e9flexion concernant le processus de formation des presbytres et le d\u00e9bat autour de la question des viri probati et de l\u2019acc\u00e8s des femmes au minist\u00e8re.","og_url":"https:\/\/dev.centtreize.com\/rsr\/article\/ministere-episcopal-et-presbyteral-en-perspective\/","og_site_name":"Recherches de Science Religieuse","article_published_time":"2021-04-14T23:06:30+00:00","article_modified_time":"2026-02-04T10:41:40+00:00","author":"H\u00e9l\u00e8ne","twitter_card":"summary_large_image","twitter_misc":{"\u00c9crit par":"H\u00e9l\u00e8ne","Dur\u00e9e de lecture estim\u00e9e":"1 minute"},"schema":{"@context":"https:\/\/schema.org","@graph":[{"@type":"Article","@id":"https:\/\/dev.centtreize.com\/rsr\/article\/ministere-episcopal-et-presbyteral-en-perspective\/#article","isPartOf":{"@id":"https:\/\/dev.centtreize.com\/rsr\/article\/ministere-episcopal-et-presbyteral-en-perspective\/"},"author":{"name":"H\u00e9l\u00e8ne","@id":"https:\/\/dev.centtreize.com\/rsr\/#\/schema\/person\/eb039ce63dcbc3fec0a6b81e43e29ad3"},"headline":"Minist\u00e8re \u00e9piscopal et presbyt\u00e9ral en perspective","datePublished":"2021-04-14T23:06:30+00:00","dateModified":"2026-02-04T10:41:40+00:00","mainEntityOfPage":{"@id":"https:\/\/dev.centtreize.com\/rsr\/article\/ministere-episcopal-et-presbyteral-en-perspective\/"},"wordCount":146,"publisher":{"@id":"https:\/\/dev.centtreize.com\/rsr\/#organization"},"keywords":["Diaconat permanent","Minist\u00e8re des femmes","Minist\u00e8re \u00e9piscopal et presbyt\u00e9ral","Minist\u00e8res des la\u00efcs","Presbyterium","Pr\u00e9sidence de la communaut\u00e9 chr\u00e9tienne","Processus de formation des pr\u00eatres","R\u00e9forme de la paroisse","Th\u00e9ologie de l\u2019\u00e9piscopat","viri probati"],"articleSection":["article"],"inLanguage":"fr-FR"},{"@type":"WebPage","@id":"https:\/\/dev.centtreize.com\/rsr\/article\/ministere-episcopal-et-presbyteral-en-perspective\/","url":"https:\/\/dev.centtreize.com\/rsr\/article\/ministere-episcopal-et-presbyteral-en-perspective\/","name":"Minist\u00e8re \u00e9piscopal et presbyt\u00e9ral en perspective - Recherches de Science Religieuse","isPartOf":{"@id":"https:\/\/dev.centtreize.com\/rsr\/#website"},"datePublished":"2021-04-14T23:06:30+00:00","dateModified":"2026-02-04T10:41:40+00:00","breadcrumb":{"@id":"https:\/\/dev.centtreize.com\/rsr\/article\/ministere-episcopal-et-presbyteral-en-perspective\/#breadcrumb"},"inLanguage":"fr-FR","potentialAction":[{"@type":"ReadAction","target":["https:\/\/dev.centtreize.com\/rsr\/article\/ministere-episcopal-et-presbyteral-en-perspective\/"]}]},{"@type":"BreadcrumbList","@id":"https:\/\/dev.centtreize.com\/rsr\/article\/ministere-episcopal-et-presbyteral-en-perspective\/#breadcrumb","itemListElement":[{"@type":"ListItem","position":1,"name":"Accueil","item":"https:\/\/dev.centtreize.com\/rsr\/"},{"@type":"ListItem","position":2,"name":"Minist\u00e8re \u00e9piscopal et presbyt\u00e9ral en perspective"}]},{"@type":"WebSite","@id":"https:\/\/dev.centtreize.com\/rsr\/#website","url":"https:\/\/dev.centtreize.com\/rsr\/","name":"Recherches de Science Religieuse","description":"Recherches de Science Religieuse","publisher":{"@id":"https:\/\/dev.centtreize.com\/rsr\/#organization"},"potentialAction":[{"@type":"SearchAction","target":{"@type":"EntryPoint","urlTemplate":"https:\/\/dev.centtreize.com\/rsr\/?s={search_term_string}"},"query-input":{"@type":"PropertyValueSpecification","valueRequired":true,"valueName":"search_term_string"}}],"inLanguage":"fr-FR"},{"@type":"Organization","@id":"https:\/\/dev.centtreize.com\/rsr\/#organization","name":"Recherches de Science Religieuse","url":"https:\/\/dev.centtreize.com\/rsr\/","logo":{"@type":"ImageObject","inLanguage":"fr-FR","@id":"https:\/\/dev.centtreize.com\/rsr\/#\/schema\/logo\/image\/","url":"https:\/\/dev.centtreize.com\/rsr\/wp-content\/uploads\/2024\/10\/logo_rsr.png","contentUrl":"https:\/\/dev.centtreize.com\/rsr\/wp-content\/uploads\/2024\/10\/logo_rsr.png","width":300,"height":225,"caption":"Recherches de Science Religieuse"},"image":{"@id":"https:\/\/dev.centtreize.com\/rsr\/#\/schema\/logo\/image\/"}},{"@type":"Person","@id":"https:\/\/dev.centtreize.com\/rsr\/#\/schema\/person\/eb039ce63dcbc3fec0a6b81e43e29ad3","name":"H\u00e9l\u00e8ne","url":"https:\/\/dev.centtreize.com\/rsr\/author\/rsr\/"}]}},"_links":{"self":[{"href":"https:\/\/dev.centtreize.com\/rsr\/wp-json\/wp\/v2\/posts\/12867","targetHints":{"allow":["GET"]}}],"collection":[{"href":"https:\/\/dev.centtreize.com\/rsr\/wp-json\/wp\/v2\/posts"}],"about":[{"href":"https:\/\/dev.centtreize.com\/rsr\/wp-json\/wp\/v2\/types\/post"}],"author":[{"embeddable":true,"href":"https:\/\/dev.centtreize.com\/rsr\/wp-json\/wp\/v2\/users\/2"}],"replies":[{"embeddable":true,"href":"https:\/\/dev.centtreize.com\/rsr\/wp-json\/wp\/v2\/comments?post=12867"}],"version-history":[{"count":13,"href":"https:\/\/dev.centtreize.com\/rsr\/wp-json\/wp\/v2\/posts\/12867\/revisions"}],"predecessor-version":[{"id":17716,"href":"https:\/\/dev.centtreize.com\/rsr\/wp-json\/wp\/v2\/posts\/12867\/revisions\/17716"}],"wp:attachment":[{"href":"https:\/\/dev.centtreize.com\/rsr\/wp-json\/wp\/v2\/media?parent=12867"}],"wp:term":[{"taxonomy":"category","embeddable":true,"href":"https:\/\/dev.centtreize.com\/rsr\/wp-json\/wp\/v2\/categories?post=12867"},{"taxonomy":"post_tag","embeddable":true,"href":"https:\/\/dev.centtreize.com\/rsr\/wp-json\/wp\/v2\/tags?post=12867"},{"taxonomy":"keywords","embeddable":true,"href":"https:\/\/dev.centtreize.com\/rsr\/wp-json\/wp\/v2\/keywords?post=12867"}],"curies":[{"name":"wp","href":"https:\/\/api.w.org\/{rel}","templated":true}]}}