{"id":12848,"date":"2021-04-15T00:03:51","date_gmt":"2021-04-14T23:03:51","guid":{"rendered":"http:\/\/www.revue-rsr.com\/?p=12848"},"modified":"2026-02-04T11:40:26","modified_gmt":"2026-02-04T10:40:26","slug":"le-sacerdoce-dans-le-discours-catholique-avant-vatican-ii","status":"publish","type":"post","link":"https:\/\/dev.centtreize.com\/rsr\/article\/le-sacerdoce-dans-le-discours-catholique-avant-vatican-ii\/","title":{"rendered":"Le \u00ab sacerdoce \u00bb dans le discours catholique avant Vatican II"},"content":{"rendered":"<p>Le discours catholique sur le sacerdoce minist\u00e9riel avant Vatican II peut \u00eatre \u00e9tudi\u00e9 \u00e0 partir des textes pontificaux de la premi\u00e8re moiti\u00e9 du XXe si\u00e8cle et d\u2019une lettre pastorale du cardinal Suhard. Ces documents repr\u00e9sentent les \u00e9tats ultimes d\u2019une tradition qui fait du pr\u00eatre un homme s\u00e9par\u00e9 du peuple, m\u00e9diateur entre Dieu et les hommes, dans une perspective christologique qui finit par d\u00e9finir son sacerdoce comme participation au sacerdoce du Christ. La prise de conscience, dans les d\u00e9cennies pr\u00e9c\u00e9dant le concile, de la n\u00e9cessit\u00e9 d\u2019un r\u00f4le&nbsp;\u00ab&nbsp;missionnaire&nbsp;\u00bb conduisit \u00e0 vouloir faire du pr\u00eatre, homme s\u00e9par\u00e9, un homme immerg\u00e9 dans le monde qu\u2019il doit \u00e9vang\u00e9liser. Il n\u2019est pas s\u00fbr que le recours, alors renforc\u00e9, \u00e0 la th\u00e9matique de la m\u00e9diation sacerdotale ait suffi \u00e0 honorer un programme aussi ambitieux, sinon contradictoire.<\/p>\n","protected":false},"excerpt":{"rendered":"<p>Le discours catholique sur le sacerdoce minist\u00e9riel avant Vatican II peut \u00eatre \u00e9tudi\u00e9 \u00e0 partir des textes pontificaux de la premi\u00e8re moiti\u00e9 du XXe si\u00e8cle et d\u2019une lettre pastorale du cardinal Suhard. Ces documents repr\u00e9sentent les \u00e9tats ultimes d\u2019une tradition qui fait du pr\u00eatre un homme s\u00e9par\u00e9 du peuple, m\u00e9diateur entre Dieu et les hommes, dans une perspective christologique qui finit par d\u00e9finir son sacerdoce comme participation au sacerdoce du Christ. La prise de conscience, dans les d\u00e9cennies pr\u00e9c\u00e9dant le concile, de la n\u00e9cessit\u00e9 d\u2019un r\u00f4le&nbsp;\u00ab&nbsp;missionnaire&nbsp;\u00bb conduisit \u00e0 vouloir faire du pr\u00eatre, homme s\u00e9par\u00e9, un homme immerg\u00e9 dans le monde qu\u2019il doit \u00e9vang\u00e9liser. Il n\u2019est pas s\u00fbr que le recours, alors renforc\u00e9, \u00e0 la th\u00e9matique de la m\u00e9diation sacerdotale ait suffi \u00e0 honorer un programme aussi ambitieux, sinon contradictoire.<\/p>\n","protected":false},"author":2,"featured_media":0,"comment_status":"closed","ping_status":"closed","sticky":false,"template":"","format":"standard","meta":{"_acf_changed":false,"footnotes":""},"categories":[6],"tags":[725,213,724,707,727,726],"keywords":[1228],"class_list":["post-12848","post","type-post","status-publish","format-standard","hentry","category-article","tag-laicat","tag-magistere","tag-mission","tag-sacerdoce","tag-suhard","tag-vocations","keywords-ministere"],"acf":[],"yoast_head":"<!-- This site is optimized with the Yoast SEO plugin v27.2 - https:\/\/yoast.com\/product\/yoast-seo-wordpress\/ -->\n<title>Le \u00ab sacerdoce \u00bb dans le discours catholique avant Vatican II - Recherches de Science Religieuse<\/title>\n<meta name=\"robots\" content=\"index, follow, max-snippet:-1, max-image-preview:large, max-video-preview:-1\" \/>\n<link rel=\"canonical\" href=\"https:\/\/dev.centtreize.com\/rsr\/article\/le-sacerdoce-dans-le-discours-catholique-avant-vatican-ii\/\" \/>\n<meta property=\"og:locale\" content=\"fr_FR\" \/>\n<meta property=\"og:type\" content=\"article\" \/>\n<meta property=\"og:title\" content=\"Le \u00ab sacerdoce \u00bb dans le discours catholique avant Vatican II - Recherches de Science Religieuse\" \/>\n<meta property=\"og:description\" content=\"Le discours catholique sur le sacerdoce minist\u00e9riel avant Vatican II peut \u00eatre \u00e9tudi\u00e9 \u00e0 partir des textes pontificaux de la premi\u00e8re moiti\u00e9 du XXe si\u00e8cle et d\u2019une lettre pastorale du cardinal Suhard. Ces documents repr\u00e9sentent les \u00e9tats ultimes d\u2019une tradition qui fait du pr\u00eatre un homme s\u00e9par\u00e9 du peuple, m\u00e9diateur entre Dieu et les hommes, dans une perspective christologique qui finit par d\u00e9finir son sacerdoce comme participation au sacerdoce du Christ. La prise de conscience, dans les d\u00e9cennies pr\u00e9c\u00e9dant le concile, de la n\u00e9cessit\u00e9 d\u2019un r\u00f4le&nbsp;\u00ab&nbsp;missionnaire&nbsp;\u00bb conduisit \u00e0 vouloir faire du pr\u00eatre, homme s\u00e9par\u00e9, un homme immerg\u00e9 dans le monde qu\u2019il doit \u00e9vang\u00e9liser. Il n\u2019est pas s\u00fbr que le recours, alors renforc\u00e9, \u00e0 la th\u00e9matique de la m\u00e9diation sacerdotale ait suffi \u00e0 honorer un programme aussi ambitieux, sinon contradictoire.\" \/>\n<meta property=\"og:url\" content=\"https:\/\/dev.centtreize.com\/rsr\/article\/le-sacerdoce-dans-le-discours-catholique-avant-vatican-ii\/\" \/>\n<meta property=\"og:site_name\" content=\"Recherches de Science Religieuse\" \/>\n<meta property=\"article:published_time\" content=\"2021-04-14T23:03:51+00:00\" \/>\n<meta property=\"article:modified_time\" content=\"2026-02-04T10:40:26+00:00\" \/>\n<meta name=\"author\" content=\"H\u00e9l\u00e8ne\" \/>\n<meta name=\"twitter:card\" content=\"summary_large_image\" \/>\n<meta name=\"twitter:label1\" content=\"\u00c9crit par\" \/>\n\t<meta name=\"twitter:data1\" content=\"H\u00e9l\u00e8ne\" \/>\n\t<meta name=\"twitter:label2\" content=\"Dur\u00e9e de lecture estim\u00e9e\" \/>\n\t<meta name=\"twitter:data2\" content=\"1 minute\" \/>\n<script type=\"application\/ld+json\" class=\"yoast-schema-graph\">{\"@context\":\"https:\/\/schema.org\",\"@graph\":[{\"@type\":\"Article\",\"@id\":\"https:\/\/dev.centtreize.com\/rsr\/article\/le-sacerdoce-dans-le-discours-catholique-avant-vatican-ii\/#article\",\"isPartOf\":{\"@id\":\"https:\/\/dev.centtreize.com\/rsr\/article\/le-sacerdoce-dans-le-discours-catholique-avant-vatican-ii\/\"},\"author\":{\"name\":\"H\u00e9l\u00e8ne\",\"@id\":\"https:\/\/dev.centtreize.com\/rsr\/#\/schema\/person\/eb039ce63dcbc3fec0a6b81e43e29ad3\"},\"headline\":\"Le \u00ab sacerdoce \u00bb dans le discours catholique avant Vatican II\",\"datePublished\":\"2021-04-14T23:03:51+00:00\",\"dateModified\":\"2026-02-04T10:40:26+00:00\",\"mainEntityOfPage\":{\"@id\":\"https:\/\/dev.centtreize.com\/rsr\/article\/le-sacerdoce-dans-le-discours-catholique-avant-vatican-ii\/\"},\"wordCount\":159,\"publisher\":{\"@id\":\"https:\/\/dev.centtreize.com\/rsr\/#organization\"},\"keywords\":[\"la\u00efcat\",\"magist\u00e8re\",\"mission\",\"sacerdoce\",\"Suhard\",\"vocations\"],\"articleSection\":[\"article\"],\"inLanguage\":\"fr-FR\"},{\"@type\":\"WebPage\",\"@id\":\"https:\/\/dev.centtreize.com\/rsr\/article\/le-sacerdoce-dans-le-discours-catholique-avant-vatican-ii\/\",\"url\":\"https:\/\/dev.centtreize.com\/rsr\/article\/le-sacerdoce-dans-le-discours-catholique-avant-vatican-ii\/\",\"name\":\"Le \u00ab sacerdoce \u00bb dans le discours catholique avant Vatican II - Recherches de Science Religieuse\",\"isPartOf\":{\"@id\":\"https:\/\/dev.centtreize.com\/rsr\/#website\"},\"datePublished\":\"2021-04-14T23:03:51+00:00\",\"dateModified\":\"2026-02-04T10:40:26+00:00\",\"breadcrumb\":{\"@id\":\"https:\/\/dev.centtreize.com\/rsr\/article\/le-sacerdoce-dans-le-discours-catholique-avant-vatican-ii\/#breadcrumb\"},\"inLanguage\":\"fr-FR\",\"potentialAction\":[{\"@type\":\"ReadAction\",\"target\":[\"https:\/\/dev.centtreize.com\/rsr\/article\/le-sacerdoce-dans-le-discours-catholique-avant-vatican-ii\/\"]}]},{\"@type\":\"BreadcrumbList\",\"@id\":\"https:\/\/dev.centtreize.com\/rsr\/article\/le-sacerdoce-dans-le-discours-catholique-avant-vatican-ii\/#breadcrumb\",\"itemListElement\":[{\"@type\":\"ListItem\",\"position\":1,\"name\":\"Accueil\",\"item\":\"https:\/\/dev.centtreize.com\/rsr\/\"},{\"@type\":\"ListItem\",\"position\":2,\"name\":\"Le \u00ab sacerdoce \u00bb dans le discours catholique avant Vatican II\"}]},{\"@type\":\"WebSite\",\"@id\":\"https:\/\/dev.centtreize.com\/rsr\/#website\",\"url\":\"https:\/\/dev.centtreize.com\/rsr\/\",\"name\":\"Recherches de Science Religieuse\",\"description\":\"Recherches de Science Religieuse\",\"publisher\":{\"@id\":\"https:\/\/dev.centtreize.com\/rsr\/#organization\"},\"potentialAction\":[{\"@type\":\"SearchAction\",\"target\":{\"@type\":\"EntryPoint\",\"urlTemplate\":\"https:\/\/dev.centtreize.com\/rsr\/?s={search_term_string}\"},\"query-input\":{\"@type\":\"PropertyValueSpecification\",\"valueRequired\":true,\"valueName\":\"search_term_string\"}}],\"inLanguage\":\"fr-FR\"},{\"@type\":\"Organization\",\"@id\":\"https:\/\/dev.centtreize.com\/rsr\/#organization\",\"name\":\"Recherches de Science Religieuse\",\"url\":\"https:\/\/dev.centtreize.com\/rsr\/\",\"logo\":{\"@type\":\"ImageObject\",\"inLanguage\":\"fr-FR\",\"@id\":\"https:\/\/dev.centtreize.com\/rsr\/#\/schema\/logo\/image\/\",\"url\":\"https:\/\/dev.centtreize.com\/rsr\/wp-content\/uploads\/2024\/10\/logo_rsr.png\",\"contentUrl\":\"https:\/\/dev.centtreize.com\/rsr\/wp-content\/uploads\/2024\/10\/logo_rsr.png\",\"width\":300,\"height\":225,\"caption\":\"Recherches de Science Religieuse\"},\"image\":{\"@id\":\"https:\/\/dev.centtreize.com\/rsr\/#\/schema\/logo\/image\/\"}},{\"@type\":\"Person\",\"@id\":\"https:\/\/dev.centtreize.com\/rsr\/#\/schema\/person\/eb039ce63dcbc3fec0a6b81e43e29ad3\",\"name\":\"H\u00e9l\u00e8ne\",\"url\":\"https:\/\/dev.centtreize.com\/rsr\/author\/rsr\/\"}]}<\/script>\n<!-- \/ Yoast SEO plugin. -->","yoast_head_json":{"title":"Le \u00ab sacerdoce \u00bb dans le discours catholique avant Vatican II - Recherches de Science Religieuse","robots":{"index":"index","follow":"follow","max-snippet":"max-snippet:-1","max-image-preview":"max-image-preview:large","max-video-preview":"max-video-preview:-1"},"canonical":"https:\/\/dev.centtreize.com\/rsr\/article\/le-sacerdoce-dans-le-discours-catholique-avant-vatican-ii\/","og_locale":"fr_FR","og_type":"article","og_title":"Le \u00ab sacerdoce \u00bb dans le discours catholique avant Vatican II - Recherches de Science Religieuse","og_description":"Le discours catholique sur le sacerdoce minist\u00e9riel avant Vatican II peut \u00eatre \u00e9tudi\u00e9 \u00e0 partir des textes pontificaux de la premi\u00e8re moiti\u00e9 du XXe si\u00e8cle et d\u2019une lettre pastorale du cardinal Suhard. Ces documents repr\u00e9sentent les \u00e9tats ultimes d\u2019une tradition qui fait du pr\u00eatre un homme s\u00e9par\u00e9 du peuple, m\u00e9diateur entre Dieu et les hommes, dans une perspective christologique qui finit par d\u00e9finir son sacerdoce comme participation au sacerdoce du Christ. La prise de conscience, dans les d\u00e9cennies pr\u00e9c\u00e9dant le concile, de la n\u00e9cessit\u00e9 d\u2019un r\u00f4le&nbsp;\u00ab&nbsp;missionnaire&nbsp;\u00bb conduisit \u00e0 vouloir faire du pr\u00eatre, homme s\u00e9par\u00e9, un homme immerg\u00e9 dans le monde qu\u2019il doit \u00e9vang\u00e9liser. Il n\u2019est pas s\u00fbr que le recours, alors renforc\u00e9, \u00e0 la th\u00e9matique de la m\u00e9diation sacerdotale ait suffi \u00e0 honorer un programme aussi ambitieux, sinon contradictoire.","og_url":"https:\/\/dev.centtreize.com\/rsr\/article\/le-sacerdoce-dans-le-discours-catholique-avant-vatican-ii\/","og_site_name":"Recherches de Science Religieuse","article_published_time":"2021-04-14T23:03:51+00:00","article_modified_time":"2026-02-04T10:40:26+00:00","author":"H\u00e9l\u00e8ne","twitter_card":"summary_large_image","twitter_misc":{"\u00c9crit par":"H\u00e9l\u00e8ne","Dur\u00e9e de lecture estim\u00e9e":"1 minute"},"schema":{"@context":"https:\/\/schema.org","@graph":[{"@type":"Article","@id":"https:\/\/dev.centtreize.com\/rsr\/article\/le-sacerdoce-dans-le-discours-catholique-avant-vatican-ii\/#article","isPartOf":{"@id":"https:\/\/dev.centtreize.com\/rsr\/article\/le-sacerdoce-dans-le-discours-catholique-avant-vatican-ii\/"},"author":{"name":"H\u00e9l\u00e8ne","@id":"https:\/\/dev.centtreize.com\/rsr\/#\/schema\/person\/eb039ce63dcbc3fec0a6b81e43e29ad3"},"headline":"Le \u00ab sacerdoce \u00bb dans le discours catholique avant Vatican II","datePublished":"2021-04-14T23:03:51+00:00","dateModified":"2026-02-04T10:40:26+00:00","mainEntityOfPage":{"@id":"https:\/\/dev.centtreize.com\/rsr\/article\/le-sacerdoce-dans-le-discours-catholique-avant-vatican-ii\/"},"wordCount":159,"publisher":{"@id":"https:\/\/dev.centtreize.com\/rsr\/#organization"},"keywords":["la\u00efcat","magist\u00e8re","mission","sacerdoce","Suhard","vocations"],"articleSection":["article"],"inLanguage":"fr-FR"},{"@type":"WebPage","@id":"https:\/\/dev.centtreize.com\/rsr\/article\/le-sacerdoce-dans-le-discours-catholique-avant-vatican-ii\/","url":"https:\/\/dev.centtreize.com\/rsr\/article\/le-sacerdoce-dans-le-discours-catholique-avant-vatican-ii\/","name":"Le \u00ab sacerdoce \u00bb dans le discours catholique avant Vatican II - Recherches de Science Religieuse","isPartOf":{"@id":"https:\/\/dev.centtreize.com\/rsr\/#website"},"datePublished":"2021-04-14T23:03:51+00:00","dateModified":"2026-02-04T10:40:26+00:00","breadcrumb":{"@id":"https:\/\/dev.centtreize.com\/rsr\/article\/le-sacerdoce-dans-le-discours-catholique-avant-vatican-ii\/#breadcrumb"},"inLanguage":"fr-FR","potentialAction":[{"@type":"ReadAction","target":["https:\/\/dev.centtreize.com\/rsr\/article\/le-sacerdoce-dans-le-discours-catholique-avant-vatican-ii\/"]}]},{"@type":"BreadcrumbList","@id":"https:\/\/dev.centtreize.com\/rsr\/article\/le-sacerdoce-dans-le-discours-catholique-avant-vatican-ii\/#breadcrumb","itemListElement":[{"@type":"ListItem","position":1,"name":"Accueil","item":"https:\/\/dev.centtreize.com\/rsr\/"},{"@type":"ListItem","position":2,"name":"Le \u00ab sacerdoce \u00bb dans le discours catholique avant Vatican II"}]},{"@type":"WebSite","@id":"https:\/\/dev.centtreize.com\/rsr\/#website","url":"https:\/\/dev.centtreize.com\/rsr\/","name":"Recherches de Science Religieuse","description":"Recherches de Science Religieuse","publisher":{"@id":"https:\/\/dev.centtreize.com\/rsr\/#organization"},"potentialAction":[{"@type":"SearchAction","target":{"@type":"EntryPoint","urlTemplate":"https:\/\/dev.centtreize.com\/rsr\/?s={search_term_string}"},"query-input":{"@type":"PropertyValueSpecification","valueRequired":true,"valueName":"search_term_string"}}],"inLanguage":"fr-FR"},{"@type":"Organization","@id":"https:\/\/dev.centtreize.com\/rsr\/#organization","name":"Recherches de Science Religieuse","url":"https:\/\/dev.centtreize.com\/rsr\/","logo":{"@type":"ImageObject","inLanguage":"fr-FR","@id":"https:\/\/dev.centtreize.com\/rsr\/#\/schema\/logo\/image\/","url":"https:\/\/dev.centtreize.com\/rsr\/wp-content\/uploads\/2024\/10\/logo_rsr.png","contentUrl":"https:\/\/dev.centtreize.com\/rsr\/wp-content\/uploads\/2024\/10\/logo_rsr.png","width":300,"height":225,"caption":"Recherches de Science Religieuse"},"image":{"@id":"https:\/\/dev.centtreize.com\/rsr\/#\/schema\/logo\/image\/"}},{"@type":"Person","@id":"https:\/\/dev.centtreize.com\/rsr\/#\/schema\/person\/eb039ce63dcbc3fec0a6b81e43e29ad3","name":"H\u00e9l\u00e8ne","url":"https:\/\/dev.centtreize.com\/rsr\/author\/rsr\/"}]}},"_links":{"self":[{"href":"https:\/\/dev.centtreize.com\/rsr\/wp-json\/wp\/v2\/posts\/12848","targetHints":{"allow":["GET"]}}],"collection":[{"href":"https:\/\/dev.centtreize.com\/rsr\/wp-json\/wp\/v2\/posts"}],"about":[{"href":"https:\/\/dev.centtreize.com\/rsr\/wp-json\/wp\/v2\/types\/post"}],"author":[{"embeddable":true,"href":"https:\/\/dev.centtreize.com\/rsr\/wp-json\/wp\/v2\/users\/2"}],"replies":[{"embeddable":true,"href":"https:\/\/dev.centtreize.com\/rsr\/wp-json\/wp\/v2\/comments?post=12848"}],"version-history":[{"count":11,"href":"https:\/\/dev.centtreize.com\/rsr\/wp-json\/wp\/v2\/posts\/12848\/revisions"}],"predecessor-version":[{"id":17710,"href":"https:\/\/dev.centtreize.com\/rsr\/wp-json\/wp\/v2\/posts\/12848\/revisions\/17710"}],"wp:attachment":[{"href":"https:\/\/dev.centtreize.com\/rsr\/wp-json\/wp\/v2\/media?parent=12848"}],"wp:term":[{"taxonomy":"category","embeddable":true,"href":"https:\/\/dev.centtreize.com\/rsr\/wp-json\/wp\/v2\/categories?post=12848"},{"taxonomy":"post_tag","embeddable":true,"href":"https:\/\/dev.centtreize.com\/rsr\/wp-json\/wp\/v2\/tags?post=12848"},{"taxonomy":"keywords","embeddable":true,"href":"https:\/\/dev.centtreize.com\/rsr\/wp-json\/wp\/v2\/keywords?post=12848"}],"curies":[{"name":"wp","href":"https:\/\/api.w.org\/{rel}","templated":true}]}}