{"id":12843,"date":"2021-04-15T00:02:11","date_gmt":"2021-04-14T23:02:11","guid":{"rendered":"http:\/\/www.revue-rsr.com\/?p=12843"},"modified":"2026-02-04T11:39:50","modified_gmt":"2026-02-04T10:39:50","slug":"ordonner-des-pasteurs","status":"publish","type":"post","link":"https:\/\/dev.centtreize.com\/rsr\/article\/ordonner-des-pasteurs\/","title":{"rendered":"Ordonner des pasteurs"},"content":{"rendered":"<p>Les d\u00e9s\u00e9quilibres doctrinaux de la th\u00e9ologie courante de l\u2019ordination aggravent la crise actuelle du clerg\u00e9. Selon la Tradition, les pasteurs \u00e9taient situ\u00e9s dans leur \u00c9glise et en vis-\u00e0-vis d\u2019elle. Actuellement, pr\u00eatres et \u00e9v\u00eaques sont surtout envoy\u00e9s \u00e0 leur \u00c9glise, apr\u00e8s une ordination qui les fait personnellement pr\u00eatres ou \u00e9v\u00eaques, et en second lieu pasteurs d\u2019une \u00c9glise, apr\u00e8s coup. Cet accent sur la personne individuelle des ministres (vocation ant\u00e9rieure \u00e0 l\u2019appel de l\u2019\u00c9glise&nbsp;; pouvoirs personnellement poss\u00e9d\u00e9s&nbsp;; identification au Christ), gr\u00e8ve l\u2019eccl\u00e9siologie de communion et met l\u2019accent sur l\u2019\u00c9glise comme organisation. L\u2019\u00e9vang\u00e9lisation b\u00e9n\u00e9ficierait du retour aux \u00e9quilibres traditionnels analys\u00e9s dans l\u2019article.<\/p>\n","protected":false},"excerpt":{"rendered":"<p>Les d\u00e9s\u00e9quilibres doctrinaux de la th\u00e9ologie courante de l\u2019ordination aggravent la crise actuelle du clerg\u00e9. Selon la Tradition, les pasteurs \u00e9taient situ\u00e9s dans leur \u00c9glise et en vis-\u00e0-vis d\u2019elle. Actuellement, pr\u00eatres et \u00e9v\u00eaques sont surtout envoy\u00e9s \u00e0 leur \u00c9glise, apr\u00e8s une ordination qui les fait personnellement pr\u00eatres ou \u00e9v\u00eaques, et en second lieu pasteurs d\u2019une \u00c9glise, apr\u00e8s coup. Cet accent sur la personne individuelle des ministres (vocation ant\u00e9rieure \u00e0 l\u2019appel de l\u2019\u00c9glise&nbsp;; pouvoirs personnellement poss\u00e9d\u00e9s&nbsp;; identification au Christ), gr\u00e8ve l\u2019eccl\u00e9siologie de communion et met l\u2019accent sur l\u2019\u00c9glise comme organisation. L\u2019\u00e9vang\u00e9lisation b\u00e9n\u00e9ficierait du retour aux \u00e9quilibres traditionnels analys\u00e9s dans l\u2019article.<\/p>\n","protected":false},"author":2,"featured_media":0,"comment_status":"closed","ping_status":"closed","sticky":false,"template":"","format":"standard","meta":{"_acf_changed":false,"footnotes":""},"categories":[6],"tags":[719,720,721,714,722,559,718,560,723,626,717,716,715,707,186],"keywords":[1137,1228],"class_list":["post-12843","post","type-post","status-publish","format-standard","hentry","category-article","tag-caractere-indelebile","tag-catechisme-de-leglise-catholique","tag-codex-iuris-canonici","tag-crise-du-clerge","tag-directoire-pour-la-vie-et-le-ministere-des-pretres","tag-eglise-locale","tag-elections-ecclesiastiques","tag-episcopat","tag-ivan-illich","tag-methode-theologique","tag-ordre-et-juridiction","tag-pastorat","tag-presbyterat","tag-sacerdoce","tag-tradition","keywords-eglise","keywords-ministere"],"acf":[],"yoast_head":"<!-- This site is optimized with the Yoast SEO plugin v27.2 - https:\/\/yoast.com\/product\/yoast-seo-wordpress\/ -->\n<title>Ordonner des pasteurs - Recherches de Science Religieuse<\/title>\n<meta name=\"robots\" content=\"index, follow, max-snippet:-1, max-image-preview:large, max-video-preview:-1\" \/>\n<link rel=\"canonical\" href=\"https:\/\/dev.centtreize.com\/rsr\/article\/ordonner-des-pasteurs\/\" \/>\n<meta property=\"og:locale\" content=\"fr_FR\" \/>\n<meta property=\"og:type\" content=\"article\" \/>\n<meta property=\"og:title\" content=\"Ordonner des pasteurs - Recherches de Science Religieuse\" \/>\n<meta property=\"og:description\" content=\"Les d\u00e9s\u00e9quilibres doctrinaux de la th\u00e9ologie courante de l\u2019ordination aggravent la crise actuelle du clerg\u00e9. Selon la Tradition, les pasteurs \u00e9taient situ\u00e9s dans leur \u00c9glise et en vis-\u00e0-vis d\u2019elle. Actuellement, pr\u00eatres et \u00e9v\u00eaques sont surtout envoy\u00e9s \u00e0 leur \u00c9glise, apr\u00e8s une ordination qui les fait personnellement pr\u00eatres ou \u00e9v\u00eaques, et en second lieu pasteurs d\u2019une \u00c9glise, apr\u00e8s coup. Cet accent sur la personne individuelle des ministres (vocation ant\u00e9rieure \u00e0 l\u2019appel de l\u2019\u00c9glise&nbsp;; pouvoirs personnellement poss\u00e9d\u00e9s&nbsp;; identification au Christ), gr\u00e8ve l\u2019eccl\u00e9siologie de communion et met l\u2019accent sur l\u2019\u00c9glise comme organisation. L\u2019\u00e9vang\u00e9lisation b\u00e9n\u00e9ficierait du retour aux \u00e9quilibres traditionnels analys\u00e9s dans l\u2019article.\" \/>\n<meta property=\"og:url\" content=\"https:\/\/dev.centtreize.com\/rsr\/article\/ordonner-des-pasteurs\/\" \/>\n<meta property=\"og:site_name\" content=\"Recherches de Science Religieuse\" \/>\n<meta property=\"article:published_time\" content=\"2021-04-14T23:02:11+00:00\" \/>\n<meta property=\"article:modified_time\" content=\"2026-02-04T10:39:50+00:00\" \/>\n<meta name=\"author\" content=\"H\u00e9l\u00e8ne\" \/>\n<meta name=\"twitter:card\" content=\"summary_large_image\" \/>\n<meta name=\"twitter:label1\" content=\"\u00c9crit par\" \/>\n\t<meta name=\"twitter:data1\" content=\"H\u00e9l\u00e8ne\" \/>\n\t<meta name=\"twitter:label2\" content=\"Dur\u00e9e de lecture estim\u00e9e\" \/>\n\t<meta name=\"twitter:data2\" content=\"1 minute\" \/>\n<script type=\"application\/ld+json\" class=\"yoast-schema-graph\">{\"@context\":\"https:\/\/schema.org\",\"@graph\":[{\"@type\":\"Article\",\"@id\":\"https:\/\/dev.centtreize.com\/rsr\/article\/ordonner-des-pasteurs\/#article\",\"isPartOf\":{\"@id\":\"https:\/\/dev.centtreize.com\/rsr\/article\/ordonner-des-pasteurs\/\"},\"author\":{\"name\":\"H\u00e9l\u00e8ne\",\"@id\":\"https:\/\/dev.centtreize.com\/rsr\/#\/schema\/person\/eb039ce63dcbc3fec0a6b81e43e29ad3\"},\"headline\":\"Ordonner des pasteurs\",\"datePublished\":\"2021-04-14T23:02:11+00:00\",\"dateModified\":\"2026-02-04T10:39:50+00:00\",\"mainEntityOfPage\":{\"@id\":\"https:\/\/dev.centtreize.com\/rsr\/article\/ordonner-des-pasteurs\/\"},\"wordCount\":131,\"publisher\":{\"@id\":\"https:\/\/dev.centtreize.com\/rsr\/#organization\"},\"keywords\":[\"caract\u00e8re ind\u00e9l\u00e9bile\",\"Cat\u00e9chisme de l\u2019\u00c9glise catholique\",\"Codex Iuris Canonici\",\"Crise du clerg\u00e9\",\"Directoire pour la vie et le minist\u00e8re des pr\u00eatres\",\"\u00e9glise locale\",\"\u00e9lections eccl\u00e9siastiques\",\"\u00e9piscopat\",\"Ivan Illich\",\"m\u00e9thode th\u00e9ologique\",\"ordre et juridiction\",\"pastorat\",\"presbyt\u00e9rat\",\"sacerdoce\",\"tradition\"],\"articleSection\":[\"article\"],\"inLanguage\":\"fr-FR\"},{\"@type\":\"WebPage\",\"@id\":\"https:\/\/dev.centtreize.com\/rsr\/article\/ordonner-des-pasteurs\/\",\"url\":\"https:\/\/dev.centtreize.com\/rsr\/article\/ordonner-des-pasteurs\/\",\"name\":\"Ordonner des pasteurs - Recherches de Science Religieuse\",\"isPartOf\":{\"@id\":\"https:\/\/dev.centtreize.com\/rsr\/#website\"},\"datePublished\":\"2021-04-14T23:02:11+00:00\",\"dateModified\":\"2026-02-04T10:39:50+00:00\",\"breadcrumb\":{\"@id\":\"https:\/\/dev.centtreize.com\/rsr\/article\/ordonner-des-pasteurs\/#breadcrumb\"},\"inLanguage\":\"fr-FR\",\"potentialAction\":[{\"@type\":\"ReadAction\",\"target\":[\"https:\/\/dev.centtreize.com\/rsr\/article\/ordonner-des-pasteurs\/\"]}]},{\"@type\":\"BreadcrumbList\",\"@id\":\"https:\/\/dev.centtreize.com\/rsr\/article\/ordonner-des-pasteurs\/#breadcrumb\",\"itemListElement\":[{\"@type\":\"ListItem\",\"position\":1,\"name\":\"Accueil\",\"item\":\"https:\/\/dev.centtreize.com\/rsr\/\"},{\"@type\":\"ListItem\",\"position\":2,\"name\":\"Ordonner des pasteurs\"}]},{\"@type\":\"WebSite\",\"@id\":\"https:\/\/dev.centtreize.com\/rsr\/#website\",\"url\":\"https:\/\/dev.centtreize.com\/rsr\/\",\"name\":\"Recherches de Science Religieuse\",\"description\":\"Recherches de Science Religieuse\",\"publisher\":{\"@id\":\"https:\/\/dev.centtreize.com\/rsr\/#organization\"},\"potentialAction\":[{\"@type\":\"SearchAction\",\"target\":{\"@type\":\"EntryPoint\",\"urlTemplate\":\"https:\/\/dev.centtreize.com\/rsr\/?s={search_term_string}\"},\"query-input\":{\"@type\":\"PropertyValueSpecification\",\"valueRequired\":true,\"valueName\":\"search_term_string\"}}],\"inLanguage\":\"fr-FR\"},{\"@type\":\"Organization\",\"@id\":\"https:\/\/dev.centtreize.com\/rsr\/#organization\",\"name\":\"Recherches de Science Religieuse\",\"url\":\"https:\/\/dev.centtreize.com\/rsr\/\",\"logo\":{\"@type\":\"ImageObject\",\"inLanguage\":\"fr-FR\",\"@id\":\"https:\/\/dev.centtreize.com\/rsr\/#\/schema\/logo\/image\/\",\"url\":\"https:\/\/dev.centtreize.com\/rsr\/wp-content\/uploads\/2024\/10\/logo_rsr.png\",\"contentUrl\":\"https:\/\/dev.centtreize.com\/rsr\/wp-content\/uploads\/2024\/10\/logo_rsr.png\",\"width\":300,\"height\":225,\"caption\":\"Recherches de Science Religieuse\"},\"image\":{\"@id\":\"https:\/\/dev.centtreize.com\/rsr\/#\/schema\/logo\/image\/\"}},{\"@type\":\"Person\",\"@id\":\"https:\/\/dev.centtreize.com\/rsr\/#\/schema\/person\/eb039ce63dcbc3fec0a6b81e43e29ad3\",\"name\":\"H\u00e9l\u00e8ne\",\"url\":\"https:\/\/dev.centtreize.com\/rsr\/author\/rsr\/\"}]}<\/script>\n<!-- \/ Yoast SEO plugin. -->","yoast_head_json":{"title":"Ordonner des pasteurs - Recherches de Science Religieuse","robots":{"index":"index","follow":"follow","max-snippet":"max-snippet:-1","max-image-preview":"max-image-preview:large","max-video-preview":"max-video-preview:-1"},"canonical":"https:\/\/dev.centtreize.com\/rsr\/article\/ordonner-des-pasteurs\/","og_locale":"fr_FR","og_type":"article","og_title":"Ordonner des pasteurs - Recherches de Science Religieuse","og_description":"Les d\u00e9s\u00e9quilibres doctrinaux de la th\u00e9ologie courante de l\u2019ordination aggravent la crise actuelle du clerg\u00e9. Selon la Tradition, les pasteurs \u00e9taient situ\u00e9s dans leur \u00c9glise et en vis-\u00e0-vis d\u2019elle. Actuellement, pr\u00eatres et \u00e9v\u00eaques sont surtout envoy\u00e9s \u00e0 leur \u00c9glise, apr\u00e8s une ordination qui les fait personnellement pr\u00eatres ou \u00e9v\u00eaques, et en second lieu pasteurs d\u2019une \u00c9glise, apr\u00e8s coup. Cet accent sur la personne individuelle des ministres (vocation ant\u00e9rieure \u00e0 l\u2019appel de l\u2019\u00c9glise&nbsp;; pouvoirs personnellement poss\u00e9d\u00e9s&nbsp;; identification au Christ), gr\u00e8ve l\u2019eccl\u00e9siologie de communion et met l\u2019accent sur l\u2019\u00c9glise comme organisation. L\u2019\u00e9vang\u00e9lisation b\u00e9n\u00e9ficierait du retour aux \u00e9quilibres traditionnels analys\u00e9s dans l\u2019article.","og_url":"https:\/\/dev.centtreize.com\/rsr\/article\/ordonner-des-pasteurs\/","og_site_name":"Recherches de Science Religieuse","article_published_time":"2021-04-14T23:02:11+00:00","article_modified_time":"2026-02-04T10:39:50+00:00","author":"H\u00e9l\u00e8ne","twitter_card":"summary_large_image","twitter_misc":{"\u00c9crit par":"H\u00e9l\u00e8ne","Dur\u00e9e de lecture estim\u00e9e":"1 minute"},"schema":{"@context":"https:\/\/schema.org","@graph":[{"@type":"Article","@id":"https:\/\/dev.centtreize.com\/rsr\/article\/ordonner-des-pasteurs\/#article","isPartOf":{"@id":"https:\/\/dev.centtreize.com\/rsr\/article\/ordonner-des-pasteurs\/"},"author":{"name":"H\u00e9l\u00e8ne","@id":"https:\/\/dev.centtreize.com\/rsr\/#\/schema\/person\/eb039ce63dcbc3fec0a6b81e43e29ad3"},"headline":"Ordonner des pasteurs","datePublished":"2021-04-14T23:02:11+00:00","dateModified":"2026-02-04T10:39:50+00:00","mainEntityOfPage":{"@id":"https:\/\/dev.centtreize.com\/rsr\/article\/ordonner-des-pasteurs\/"},"wordCount":131,"publisher":{"@id":"https:\/\/dev.centtreize.com\/rsr\/#organization"},"keywords":["caract\u00e8re ind\u00e9l\u00e9bile","Cat\u00e9chisme de l\u2019\u00c9glise catholique","Codex Iuris Canonici","Crise du clerg\u00e9","Directoire pour la vie et le minist\u00e8re des pr\u00eatres","\u00e9glise locale","\u00e9lections eccl\u00e9siastiques","\u00e9piscopat","Ivan Illich","m\u00e9thode th\u00e9ologique","ordre et juridiction","pastorat","presbyt\u00e9rat","sacerdoce","tradition"],"articleSection":["article"],"inLanguage":"fr-FR"},{"@type":"WebPage","@id":"https:\/\/dev.centtreize.com\/rsr\/article\/ordonner-des-pasteurs\/","url":"https:\/\/dev.centtreize.com\/rsr\/article\/ordonner-des-pasteurs\/","name":"Ordonner des pasteurs - Recherches de Science Religieuse","isPartOf":{"@id":"https:\/\/dev.centtreize.com\/rsr\/#website"},"datePublished":"2021-04-14T23:02:11+00:00","dateModified":"2026-02-04T10:39:50+00:00","breadcrumb":{"@id":"https:\/\/dev.centtreize.com\/rsr\/article\/ordonner-des-pasteurs\/#breadcrumb"},"inLanguage":"fr-FR","potentialAction":[{"@type":"ReadAction","target":["https:\/\/dev.centtreize.com\/rsr\/article\/ordonner-des-pasteurs\/"]}]},{"@type":"BreadcrumbList","@id":"https:\/\/dev.centtreize.com\/rsr\/article\/ordonner-des-pasteurs\/#breadcrumb","itemListElement":[{"@type":"ListItem","position":1,"name":"Accueil","item":"https:\/\/dev.centtreize.com\/rsr\/"},{"@type":"ListItem","position":2,"name":"Ordonner des pasteurs"}]},{"@type":"WebSite","@id":"https:\/\/dev.centtreize.com\/rsr\/#website","url":"https:\/\/dev.centtreize.com\/rsr\/","name":"Recherches de Science Religieuse","description":"Recherches de Science Religieuse","publisher":{"@id":"https:\/\/dev.centtreize.com\/rsr\/#organization"},"potentialAction":[{"@type":"SearchAction","target":{"@type":"EntryPoint","urlTemplate":"https:\/\/dev.centtreize.com\/rsr\/?s={search_term_string}"},"query-input":{"@type":"PropertyValueSpecification","valueRequired":true,"valueName":"search_term_string"}}],"inLanguage":"fr-FR"},{"@type":"Organization","@id":"https:\/\/dev.centtreize.com\/rsr\/#organization","name":"Recherches de Science Religieuse","url":"https:\/\/dev.centtreize.com\/rsr\/","logo":{"@type":"ImageObject","inLanguage":"fr-FR","@id":"https:\/\/dev.centtreize.com\/rsr\/#\/schema\/logo\/image\/","url":"https:\/\/dev.centtreize.com\/rsr\/wp-content\/uploads\/2024\/10\/logo_rsr.png","contentUrl":"https:\/\/dev.centtreize.com\/rsr\/wp-content\/uploads\/2024\/10\/logo_rsr.png","width":300,"height":225,"caption":"Recherches de Science Religieuse"},"image":{"@id":"https:\/\/dev.centtreize.com\/rsr\/#\/schema\/logo\/image\/"}},{"@type":"Person","@id":"https:\/\/dev.centtreize.com\/rsr\/#\/schema\/person\/eb039ce63dcbc3fec0a6b81e43e29ad3","name":"H\u00e9l\u00e8ne","url":"https:\/\/dev.centtreize.com\/rsr\/author\/rsr\/"}]}},"_links":{"self":[{"href":"https:\/\/dev.centtreize.com\/rsr\/wp-json\/wp\/v2\/posts\/12843","targetHints":{"allow":["GET"]}}],"collection":[{"href":"https:\/\/dev.centtreize.com\/rsr\/wp-json\/wp\/v2\/posts"}],"about":[{"href":"https:\/\/dev.centtreize.com\/rsr\/wp-json\/wp\/v2\/types\/post"}],"author":[{"embeddable":true,"href":"https:\/\/dev.centtreize.com\/rsr\/wp-json\/wp\/v2\/users\/2"}],"replies":[{"embeddable":true,"href":"https:\/\/dev.centtreize.com\/rsr\/wp-json\/wp\/v2\/comments?post=12843"}],"version-history":[{"count":10,"href":"https:\/\/dev.centtreize.com\/rsr\/wp-json\/wp\/v2\/posts\/12843\/revisions"}],"predecessor-version":[{"id":17709,"href":"https:\/\/dev.centtreize.com\/rsr\/wp-json\/wp\/v2\/posts\/12843\/revisions\/17709"}],"wp:attachment":[{"href":"https:\/\/dev.centtreize.com\/rsr\/wp-json\/wp\/v2\/media?parent=12843"}],"wp:term":[{"taxonomy":"category","embeddable":true,"href":"https:\/\/dev.centtreize.com\/rsr\/wp-json\/wp\/v2\/categories?post=12843"},{"taxonomy":"post_tag","embeddable":true,"href":"https:\/\/dev.centtreize.com\/rsr\/wp-json\/wp\/v2\/tags?post=12843"},{"taxonomy":"keywords","embeddable":true,"href":"https:\/\/dev.centtreize.com\/rsr\/wp-json\/wp\/v2\/keywords?post=12843"}],"curies":[{"name":"wp","href":"https:\/\/api.w.org\/{rel}","templated":true}]}}