{"id":12789,"date":"2021-01-16T00:31:20","date_gmt":"2021-01-15T23:31:20","guid":{"rendered":"http:\/\/www.revue-rsr.com\/?p=12789"},"modified":"2026-02-04T11:38:56","modified_gmt":"2026-02-04T10:38:56","slug":"le-ministere-dans-et-pour-la-communaute","status":"publish","type":"post","link":"https:\/\/dev.centtreize.com\/rsr\/article\/le-ministere-dans-et-pour-la-communaute\/","title":{"rendered":"Le minist\u00e8re dans et pour la communaut\u00e9"},"content":{"rendered":"<p>Au plan \u0153cum\u00e9nique, quelles sont les difficult\u00e9s en th\u00e9ologie du minist\u00e8re, ordonn\u00e9 plus sp\u00e9cifiquement, au sein et au service de la communaut\u00e9\u00a0? Pour recenser et analyser consensus et divergences, l\u2019\u00e9tude explore trois types de dialogue particuli\u00e8rement significatifs\u00a0: (I) un dialogue multilat\u00e9ral de Foi et Constitution du COE, le BEM (Bapt\u00eame, Eucharistie, Minist\u00e8re, 1982)\u00a0; (II) un dialogue bilat\u00e9ral international de la Commission luth\u00e9ro-catholique sur L\u2019Apostolicit\u00e9 de l\u2019\u00c9glise (2006)\u00a0; (III) le dialogue bilat\u00e9ral non officiel du Groupe des Dombes, aboutissant en 1972 \u00e0 l\u2019accord audacieux Pour une r\u00e9conciliation des minist\u00e8res.<\/p>\n","protected":false},"excerpt":{"rendered":"<p>Au plan \u0153cum\u00e9nique, quelles sont les difficult\u00e9s en th\u00e9ologie du minist\u00e8re, ordonn\u00e9 plus sp\u00e9cifiquement, au sein et au service de la communaut\u00e9\u00a0? Pour recenser et analyser consensus et divergences, l\u2019\u00e9tude explore trois types de dialogue particuli\u00e8rement significatifs\u00a0: (I) un dialogue multilat\u00e9ral de Foi et Constitution du COE, le BEM (Bapt\u00eame, Eucharistie, Minist\u00e8re, 1982)\u00a0; (II) un dialogue bilat\u00e9ral international de la Commission luth\u00e9ro-catholique sur L\u2019Apostolicit\u00e9 de l\u2019\u00c9glise (2006)\u00a0; (III) le dialogue bilat\u00e9ral non officiel du Groupe des Dombes, aboutissant en 1972 \u00e0 l\u2019accord audacieux Pour une r\u00e9conciliation des minist\u00e8res.<\/p>\n","protected":false},"author":2,"featured_media":0,"comment_status":"closed","ping_status":"closed","sticky":false,"template":"","format":"standard","meta":{"_acf_changed":false,"footnotes":""},"categories":[6],"tags":[711,710,566,713,712,214,209,433,84,434],"keywords":[1228,1222,1142],"class_list":["post-12789","post","type-post","status-publish","format-standard","hentry","category-article","tag-bem","tag-communauteeglise","tag-conversion","tag-evequeepiscope","tag-groupe-des-dombes","tag-ministere","tag-oecumenisme","tag-reconciliation","tag-sacrement","tag-succession-apostolique","keywords-ministere","keywords-orthodoxie","keywords-protestantisme"],"acf":[],"yoast_head":"<!-- This site is optimized with the Yoast SEO plugin v27.2 - https:\/\/yoast.com\/product\/yoast-seo-wordpress\/ -->\n<title>Le minist\u00e8re dans et pour la communaut\u00e9 - Recherches de Science Religieuse<\/title>\n<meta name=\"robots\" content=\"index, follow, max-snippet:-1, max-image-preview:large, max-video-preview:-1\" \/>\n<link rel=\"canonical\" href=\"https:\/\/dev.centtreize.com\/rsr\/article\/le-ministere-dans-et-pour-la-communaute\/\" \/>\n<meta property=\"og:locale\" content=\"fr_FR\" \/>\n<meta property=\"og:type\" content=\"article\" \/>\n<meta property=\"og:title\" content=\"Le minist\u00e8re dans et pour la communaut\u00e9 - Recherches de Science Religieuse\" \/>\n<meta property=\"og:description\" content=\"Au plan \u0153cum\u00e9nique, quelles sont les difficult\u00e9s en th\u00e9ologie du minist\u00e8re, ordonn\u00e9 plus sp\u00e9cifiquement, au sein et au service de la communaut\u00e9\u00a0? Pour recenser et analyser consensus et divergences, l\u2019\u00e9tude explore trois types de dialogue particuli\u00e8rement significatifs\u00a0: (I) un dialogue multilat\u00e9ral de Foi et Constitution du COE, le BEM (Bapt\u00eame, Eucharistie, Minist\u00e8re, 1982)\u00a0; (II) un dialogue bilat\u00e9ral international de la Commission luth\u00e9ro-catholique sur L\u2019Apostolicit\u00e9 de l\u2019\u00c9glise (2006)\u00a0; (III) le dialogue bilat\u00e9ral non officiel du Groupe des Dombes, aboutissant en 1972 \u00e0 l\u2019accord audacieux Pour une r\u00e9conciliation des minist\u00e8res.\" \/>\n<meta property=\"og:url\" content=\"https:\/\/dev.centtreize.com\/rsr\/article\/le-ministere-dans-et-pour-la-communaute\/\" \/>\n<meta property=\"og:site_name\" content=\"Recherches de Science Religieuse\" \/>\n<meta property=\"article:published_time\" content=\"2021-01-15T23:31:20+00:00\" \/>\n<meta property=\"article:modified_time\" content=\"2026-02-04T10:38:56+00:00\" \/>\n<meta name=\"author\" content=\"H\u00e9l\u00e8ne\" \/>\n<meta name=\"twitter:card\" content=\"summary_large_image\" \/>\n<meta name=\"twitter:label1\" content=\"\u00c9crit par\" \/>\n\t<meta name=\"twitter:data1\" content=\"H\u00e9l\u00e8ne\" \/>\n\t<meta name=\"twitter:label2\" content=\"Dur\u00e9e de lecture estim\u00e9e\" \/>\n\t<meta name=\"twitter:data2\" content=\"1 minute\" \/>\n<script type=\"application\/ld+json\" class=\"yoast-schema-graph\">{\"@context\":\"https:\/\/schema.org\",\"@graph\":[{\"@type\":\"Article\",\"@id\":\"https:\/\/dev.centtreize.com\/rsr\/article\/le-ministere-dans-et-pour-la-communaute\/#article\",\"isPartOf\":{\"@id\":\"https:\/\/dev.centtreize.com\/rsr\/article\/le-ministere-dans-et-pour-la-communaute\/\"},\"author\":{\"name\":\"H\u00e9l\u00e8ne\",\"@id\":\"https:\/\/dev.centtreize.com\/rsr\/#\/schema\/person\/eb039ce63dcbc3fec0a6b81e43e29ad3\"},\"headline\":\"Le minist\u00e8re dans et pour la communaut\u00e9\",\"datePublished\":\"2021-01-15T23:31:20+00:00\",\"dateModified\":\"2026-02-04T10:38:56+00:00\",\"mainEntityOfPage\":{\"@id\":\"https:\/\/dev.centtreize.com\/rsr\/article\/le-ministere-dans-et-pour-la-communaute\/\"},\"wordCount\":110,\"publisher\":{\"@id\":\"https:\/\/dev.centtreize.com\/rsr\/#organization\"},\"keywords\":[\"BEM\",\"communaut\u00e9\/\u00c9glise\",\"Conversion\",\"\u00e9v\u00eaque\/episcop\u00e8\",\"Groupe des Dombes\",\"minist\u00e8re\",\"oecum\u00e9nisme\",\"r\u00e9conciliation\",\"sacrement\",\"succession apostolique\"],\"articleSection\":[\"article\"],\"inLanguage\":\"fr-FR\"},{\"@type\":\"WebPage\",\"@id\":\"https:\/\/dev.centtreize.com\/rsr\/article\/le-ministere-dans-et-pour-la-communaute\/\",\"url\":\"https:\/\/dev.centtreize.com\/rsr\/article\/le-ministere-dans-et-pour-la-communaute\/\",\"name\":\"Le minist\u00e8re dans et pour la communaut\u00e9 - Recherches de Science Religieuse\",\"isPartOf\":{\"@id\":\"https:\/\/dev.centtreize.com\/rsr\/#website\"},\"datePublished\":\"2021-01-15T23:31:20+00:00\",\"dateModified\":\"2026-02-04T10:38:56+00:00\",\"breadcrumb\":{\"@id\":\"https:\/\/dev.centtreize.com\/rsr\/article\/le-ministere-dans-et-pour-la-communaute\/#breadcrumb\"},\"inLanguage\":\"fr-FR\",\"potentialAction\":[{\"@type\":\"ReadAction\",\"target\":[\"https:\/\/dev.centtreize.com\/rsr\/article\/le-ministere-dans-et-pour-la-communaute\/\"]}]},{\"@type\":\"BreadcrumbList\",\"@id\":\"https:\/\/dev.centtreize.com\/rsr\/article\/le-ministere-dans-et-pour-la-communaute\/#breadcrumb\",\"itemListElement\":[{\"@type\":\"ListItem\",\"position\":1,\"name\":\"Accueil\",\"item\":\"https:\/\/dev.centtreize.com\/rsr\/\"},{\"@type\":\"ListItem\",\"position\":2,\"name\":\"Le minist\u00e8re dans et pour la communaut\u00e9\"}]},{\"@type\":\"WebSite\",\"@id\":\"https:\/\/dev.centtreize.com\/rsr\/#website\",\"url\":\"https:\/\/dev.centtreize.com\/rsr\/\",\"name\":\"Recherches de Science Religieuse\",\"description\":\"Recherches de Science Religieuse\",\"publisher\":{\"@id\":\"https:\/\/dev.centtreize.com\/rsr\/#organization\"},\"potentialAction\":[{\"@type\":\"SearchAction\",\"target\":{\"@type\":\"EntryPoint\",\"urlTemplate\":\"https:\/\/dev.centtreize.com\/rsr\/?s={search_term_string}\"},\"query-input\":{\"@type\":\"PropertyValueSpecification\",\"valueRequired\":true,\"valueName\":\"search_term_string\"}}],\"inLanguage\":\"fr-FR\"},{\"@type\":\"Organization\",\"@id\":\"https:\/\/dev.centtreize.com\/rsr\/#organization\",\"name\":\"Recherches de Science Religieuse\",\"url\":\"https:\/\/dev.centtreize.com\/rsr\/\",\"logo\":{\"@type\":\"ImageObject\",\"inLanguage\":\"fr-FR\",\"@id\":\"https:\/\/dev.centtreize.com\/rsr\/#\/schema\/logo\/image\/\",\"url\":\"https:\/\/dev.centtreize.com\/rsr\/wp-content\/uploads\/2024\/10\/logo_rsr.png\",\"contentUrl\":\"https:\/\/dev.centtreize.com\/rsr\/wp-content\/uploads\/2024\/10\/logo_rsr.png\",\"width\":300,\"height\":225,\"caption\":\"Recherches de Science Religieuse\"},\"image\":{\"@id\":\"https:\/\/dev.centtreize.com\/rsr\/#\/schema\/logo\/image\/\"}},{\"@type\":\"Person\",\"@id\":\"https:\/\/dev.centtreize.com\/rsr\/#\/schema\/person\/eb039ce63dcbc3fec0a6b81e43e29ad3\",\"name\":\"H\u00e9l\u00e8ne\",\"url\":\"https:\/\/dev.centtreize.com\/rsr\/author\/rsr\/\"}]}<\/script>\n<!-- \/ Yoast SEO plugin. -->","yoast_head_json":{"title":"Le minist\u00e8re dans et pour la communaut\u00e9 - Recherches de Science Religieuse","robots":{"index":"index","follow":"follow","max-snippet":"max-snippet:-1","max-image-preview":"max-image-preview:large","max-video-preview":"max-video-preview:-1"},"canonical":"https:\/\/dev.centtreize.com\/rsr\/article\/le-ministere-dans-et-pour-la-communaute\/","og_locale":"fr_FR","og_type":"article","og_title":"Le minist\u00e8re dans et pour la communaut\u00e9 - Recherches de Science Religieuse","og_description":"Au plan \u0153cum\u00e9nique, quelles sont les difficult\u00e9s en th\u00e9ologie du minist\u00e8re, ordonn\u00e9 plus sp\u00e9cifiquement, au sein et au service de la communaut\u00e9\u00a0? Pour recenser et analyser consensus et divergences, l\u2019\u00e9tude explore trois types de dialogue particuli\u00e8rement significatifs\u00a0: (I) un dialogue multilat\u00e9ral de Foi et Constitution du COE, le BEM (Bapt\u00eame, Eucharistie, Minist\u00e8re, 1982)\u00a0; (II) un dialogue bilat\u00e9ral international de la Commission luth\u00e9ro-catholique sur L\u2019Apostolicit\u00e9 de l\u2019\u00c9glise (2006)\u00a0; (III) le dialogue bilat\u00e9ral non officiel du Groupe des Dombes, aboutissant en 1972 \u00e0 l\u2019accord audacieux Pour une r\u00e9conciliation des minist\u00e8res.","og_url":"https:\/\/dev.centtreize.com\/rsr\/article\/le-ministere-dans-et-pour-la-communaute\/","og_site_name":"Recherches de Science Religieuse","article_published_time":"2021-01-15T23:31:20+00:00","article_modified_time":"2026-02-04T10:38:56+00:00","author":"H\u00e9l\u00e8ne","twitter_card":"summary_large_image","twitter_misc":{"\u00c9crit par":"H\u00e9l\u00e8ne","Dur\u00e9e de lecture estim\u00e9e":"1 minute"},"schema":{"@context":"https:\/\/schema.org","@graph":[{"@type":"Article","@id":"https:\/\/dev.centtreize.com\/rsr\/article\/le-ministere-dans-et-pour-la-communaute\/#article","isPartOf":{"@id":"https:\/\/dev.centtreize.com\/rsr\/article\/le-ministere-dans-et-pour-la-communaute\/"},"author":{"name":"H\u00e9l\u00e8ne","@id":"https:\/\/dev.centtreize.com\/rsr\/#\/schema\/person\/eb039ce63dcbc3fec0a6b81e43e29ad3"},"headline":"Le minist\u00e8re dans et pour la communaut\u00e9","datePublished":"2021-01-15T23:31:20+00:00","dateModified":"2026-02-04T10:38:56+00:00","mainEntityOfPage":{"@id":"https:\/\/dev.centtreize.com\/rsr\/article\/le-ministere-dans-et-pour-la-communaute\/"},"wordCount":110,"publisher":{"@id":"https:\/\/dev.centtreize.com\/rsr\/#organization"},"keywords":["BEM","communaut\u00e9\/\u00c9glise","Conversion","\u00e9v\u00eaque\/episcop\u00e8","Groupe des Dombes","minist\u00e8re","oecum\u00e9nisme","r\u00e9conciliation","sacrement","succession apostolique"],"articleSection":["article"],"inLanguage":"fr-FR"},{"@type":"WebPage","@id":"https:\/\/dev.centtreize.com\/rsr\/article\/le-ministere-dans-et-pour-la-communaute\/","url":"https:\/\/dev.centtreize.com\/rsr\/article\/le-ministere-dans-et-pour-la-communaute\/","name":"Le minist\u00e8re dans et pour la communaut\u00e9 - Recherches de Science Religieuse","isPartOf":{"@id":"https:\/\/dev.centtreize.com\/rsr\/#website"},"datePublished":"2021-01-15T23:31:20+00:00","dateModified":"2026-02-04T10:38:56+00:00","breadcrumb":{"@id":"https:\/\/dev.centtreize.com\/rsr\/article\/le-ministere-dans-et-pour-la-communaute\/#breadcrumb"},"inLanguage":"fr-FR","potentialAction":[{"@type":"ReadAction","target":["https:\/\/dev.centtreize.com\/rsr\/article\/le-ministere-dans-et-pour-la-communaute\/"]}]},{"@type":"BreadcrumbList","@id":"https:\/\/dev.centtreize.com\/rsr\/article\/le-ministere-dans-et-pour-la-communaute\/#breadcrumb","itemListElement":[{"@type":"ListItem","position":1,"name":"Accueil","item":"https:\/\/dev.centtreize.com\/rsr\/"},{"@type":"ListItem","position":2,"name":"Le minist\u00e8re dans et pour la communaut\u00e9"}]},{"@type":"WebSite","@id":"https:\/\/dev.centtreize.com\/rsr\/#website","url":"https:\/\/dev.centtreize.com\/rsr\/","name":"Recherches de Science Religieuse","description":"Recherches de Science Religieuse","publisher":{"@id":"https:\/\/dev.centtreize.com\/rsr\/#organization"},"potentialAction":[{"@type":"SearchAction","target":{"@type":"EntryPoint","urlTemplate":"https:\/\/dev.centtreize.com\/rsr\/?s={search_term_string}"},"query-input":{"@type":"PropertyValueSpecification","valueRequired":true,"valueName":"search_term_string"}}],"inLanguage":"fr-FR"},{"@type":"Organization","@id":"https:\/\/dev.centtreize.com\/rsr\/#organization","name":"Recherches de Science Religieuse","url":"https:\/\/dev.centtreize.com\/rsr\/","logo":{"@type":"ImageObject","inLanguage":"fr-FR","@id":"https:\/\/dev.centtreize.com\/rsr\/#\/schema\/logo\/image\/","url":"https:\/\/dev.centtreize.com\/rsr\/wp-content\/uploads\/2024\/10\/logo_rsr.png","contentUrl":"https:\/\/dev.centtreize.com\/rsr\/wp-content\/uploads\/2024\/10\/logo_rsr.png","width":300,"height":225,"caption":"Recherches de Science Religieuse"},"image":{"@id":"https:\/\/dev.centtreize.com\/rsr\/#\/schema\/logo\/image\/"}},{"@type":"Person","@id":"https:\/\/dev.centtreize.com\/rsr\/#\/schema\/person\/eb039ce63dcbc3fec0a6b81e43e29ad3","name":"H\u00e9l\u00e8ne","url":"https:\/\/dev.centtreize.com\/rsr\/author\/rsr\/"}]}},"_links":{"self":[{"href":"https:\/\/dev.centtreize.com\/rsr\/wp-json\/wp\/v2\/posts\/12789","targetHints":{"allow":["GET"]}}],"collection":[{"href":"https:\/\/dev.centtreize.com\/rsr\/wp-json\/wp\/v2\/posts"}],"about":[{"href":"https:\/\/dev.centtreize.com\/rsr\/wp-json\/wp\/v2\/types\/post"}],"author":[{"embeddable":true,"href":"https:\/\/dev.centtreize.com\/rsr\/wp-json\/wp\/v2\/users\/2"}],"replies":[{"embeddable":true,"href":"https:\/\/dev.centtreize.com\/rsr\/wp-json\/wp\/v2\/comments?post=12789"}],"version-history":[{"count":11,"href":"https:\/\/dev.centtreize.com\/rsr\/wp-json\/wp\/v2\/posts\/12789\/revisions"}],"predecessor-version":[{"id":17706,"href":"https:\/\/dev.centtreize.com\/rsr\/wp-json\/wp\/v2\/posts\/12789\/revisions\/17706"}],"wp:attachment":[{"href":"https:\/\/dev.centtreize.com\/rsr\/wp-json\/wp\/v2\/media?parent=12789"}],"wp:term":[{"taxonomy":"category","embeddable":true,"href":"https:\/\/dev.centtreize.com\/rsr\/wp-json\/wp\/v2\/categories?post=12789"},{"taxonomy":"post_tag","embeddable":true,"href":"https:\/\/dev.centtreize.com\/rsr\/wp-json\/wp\/v2\/tags?post=12789"},{"taxonomy":"keywords","embeddable":true,"href":"https:\/\/dev.centtreize.com\/rsr\/wp-json\/wp\/v2\/keywords?post=12789"}],"curies":[{"name":"wp","href":"https:\/\/api.w.org\/{rel}","templated":true}]}}