{"id":12773,"date":"2021-01-16T00:30:05","date_gmt":"2021-01-15T23:30:05","guid":{"rendered":"http:\/\/www.revue-rsr.com\/?p=12773"},"modified":"2026-02-04T11:37:48","modified_gmt":"2026-02-04T10:37:48","slug":"ministeres-et-charismes-dans-les-principales-traditions-chretiennes","status":"publish","type":"post","link":"https:\/\/dev.centtreize.com\/rsr\/article\/ministeres-et-charismes-dans-les-principales-traditions-chretiennes\/","title":{"rendered":"Minist\u00e8res et charismes dans les principales traditions chr\u00e9tiennes"},"content":{"rendered":"<p>Penser tout&nbsp;\u00ab&nbsp;minist\u00e8re&nbsp;\u00bb en \u00c9glise comme un&nbsp;\u00ab&nbsp;charisme&nbsp;\u00bb, c\u2019est-\u00e0-dire comme une r\u00e9alit\u00e9 donn\u00e9e par l\u2019Esprit-Saint en vue de l\u2019\u00e9dification de l&rsquo;\u00c9glise, voil\u00e0 l\u2019un des enjeux importants de la th\u00e9ologie des minist\u00e8res, aujourd\u2019hui comme hier, \u00e0 la suite notamment des \u00e9crits pauliniens. Cela peut nous conduire \u00e0 mettre en \u00e9vidence, avant de nous int\u00e9resser \u00e0 ce qui distingue les la\u00efcs des clercs, le socle commun que repr\u00e9sente le sacerdoce (ou le minist\u00e8re, compris ici au sens de&nbsp;\u00ab&nbsp;service&nbsp;\u00bb) de tous les fid\u00e8les. Malgr\u00e9 tout ce qui s\u00e9pare encore les protestants des catholiques-romains et des orthodoxes sur les questions qui ont trait aux minist\u00e8res, d\u2019importantes avanc\u00e9es ont \u00e9t\u00e9 faites depuis le milieu du 20e si\u00e8cle sur la dimension&nbsp;\u00ab&nbsp;charismatique&nbsp;\u00bb des minist\u00e8res. Le pr\u00e9sent article met en lumi\u00e8re certaines de ces avanc\u00e9es, comme aussi certaines sp\u00e9cificit\u00e9s propres \u00e0 chacun de ces trois traditions eccl\u00e9siales.<\/p>\n","protected":false},"excerpt":{"rendered":"<p>Penser tout&nbsp;\u00ab&nbsp;minist\u00e8re&nbsp;\u00bb en \u00c9glise comme un&nbsp;\u00ab&nbsp;charisme&nbsp;\u00bb, c\u2019est-\u00e0-dire comme une r\u00e9alit\u00e9 donn\u00e9e par l\u2019Esprit-Saint en vue de l\u2019\u00e9dification de l&rsquo;\u00c9glise, voil\u00e0 l\u2019un des enjeux importants de la th\u00e9ologie des minist\u00e8res, aujourd\u2019hui comme hier, \u00e0 la suite notamment des \u00e9crits pauliniens. Cela peut nous conduire \u00e0 mettre en \u00e9vidence, avant de nous int\u00e9resser \u00e0 ce qui distingue les la\u00efcs des clercs, le socle commun que repr\u00e9sente le sacerdoce (ou le minist\u00e8re, compris ici au sens de&nbsp;\u00ab&nbsp;service&nbsp;\u00bb) de tous les fid\u00e8les. Malgr\u00e9 tout ce qui s\u00e9pare encore les protestants des catholiques-romains et des orthodoxes sur les questions qui ont trait aux minist\u00e8res, d\u2019importantes avanc\u00e9es ont \u00e9t\u00e9 faites depuis le milieu du 20e si\u00e8cle sur la dimension&nbsp;\u00ab&nbsp;charismatique&nbsp;\u00bb des minist\u00e8res. Le pr\u00e9sent article met en lumi\u00e8re certaines de ces avanc\u00e9es, comme aussi certaines sp\u00e9cificit\u00e9s propres \u00e0 chacun de ces trois traditions eccl\u00e9siales.<\/p>\n","protected":false},"author":2,"featured_media":0,"comment_status":"closed","ping_status":"closed","sticky":false,"template":"","format":"standard","meta":{"_acf_changed":false,"footnotes":""},"categories":[6],"tags":[697,692,694,696,693,80,214,695,691],"keywords":[1249,1228],"class_list":["post-12773","post","type-post","status-publish","format-standard","hentry","category-article","tag-abus","tag-diacre-permanent","tag-femmes","tag-genre","tag-laic","tag-liturgie","tag-ministere","tag-paroisse","tag-pretre","keywords-charisme","keywords-ministere"],"acf":[],"yoast_head":"<!-- This site is optimized with the Yoast SEO plugin v27.2 - https:\/\/yoast.com\/product\/yoast-seo-wordpress\/ -->\n<title>Minist\u00e8res et charismes dans les principales traditions chr\u00e9tiennes - Recherches de Science Religieuse<\/title>\n<meta name=\"robots\" content=\"index, follow, max-snippet:-1, max-image-preview:large, max-video-preview:-1\" \/>\n<link rel=\"canonical\" href=\"https:\/\/dev.centtreize.com\/rsr\/article\/ministeres-et-charismes-dans-les-principales-traditions-chretiennes\/\" \/>\n<meta property=\"og:locale\" content=\"fr_FR\" \/>\n<meta property=\"og:type\" content=\"article\" \/>\n<meta property=\"og:title\" content=\"Minist\u00e8res et charismes dans les principales traditions chr\u00e9tiennes - Recherches de Science Religieuse\" \/>\n<meta property=\"og:description\" content=\"Penser tout&nbsp;\u00ab&nbsp;minist\u00e8re&nbsp;\u00bb en \u00c9glise comme un&nbsp;\u00ab&nbsp;charisme&nbsp;\u00bb, c\u2019est-\u00e0-dire comme une r\u00e9alit\u00e9 donn\u00e9e par l\u2019Esprit-Saint en vue de l\u2019\u00e9dification de l&rsquo;\u00c9glise, voil\u00e0 l\u2019un des enjeux importants de la th\u00e9ologie des minist\u00e8res, aujourd\u2019hui comme hier, \u00e0 la suite notamment des \u00e9crits pauliniens. Cela peut nous conduire \u00e0 mettre en \u00e9vidence, avant de nous int\u00e9resser \u00e0 ce qui distingue les la\u00efcs des clercs, le socle commun que repr\u00e9sente le sacerdoce (ou le minist\u00e8re, compris ici au sens de&nbsp;\u00ab&nbsp;service&nbsp;\u00bb) de tous les fid\u00e8les. Malgr\u00e9 tout ce qui s\u00e9pare encore les protestants des catholiques-romains et des orthodoxes sur les questions qui ont trait aux minist\u00e8res, d\u2019importantes avanc\u00e9es ont \u00e9t\u00e9 faites depuis le milieu du 20e si\u00e8cle sur la dimension&nbsp;\u00ab&nbsp;charismatique&nbsp;\u00bb des minist\u00e8res. Le pr\u00e9sent article met en lumi\u00e8re certaines de ces avanc\u00e9es, comme aussi certaines sp\u00e9cificit\u00e9s propres \u00e0 chacun de ces trois traditions eccl\u00e9siales.\" \/>\n<meta property=\"og:url\" content=\"https:\/\/dev.centtreize.com\/rsr\/article\/ministeres-et-charismes-dans-les-principales-traditions-chretiennes\/\" \/>\n<meta property=\"og:site_name\" content=\"Recherches de Science Religieuse\" \/>\n<meta property=\"article:published_time\" content=\"2021-01-15T23:30:05+00:00\" \/>\n<meta property=\"article:modified_time\" content=\"2026-02-04T10:37:48+00:00\" \/>\n<meta name=\"author\" content=\"H\u00e9l\u00e8ne\" \/>\n<meta name=\"twitter:card\" content=\"summary_large_image\" \/>\n<meta name=\"twitter:label1\" content=\"\u00c9crit par\" \/>\n\t<meta name=\"twitter:data1\" content=\"H\u00e9l\u00e8ne\" \/>\n\t<meta name=\"twitter:label2\" content=\"Dur\u00e9e de lecture estim\u00e9e\" \/>\n\t<meta name=\"twitter:data2\" content=\"1 minute\" \/>\n<script type=\"application\/ld+json\" class=\"yoast-schema-graph\">{\"@context\":\"https:\/\/schema.org\",\"@graph\":[{\"@type\":\"Article\",\"@id\":\"https:\/\/dev.centtreize.com\/rsr\/article\/ministeres-et-charismes-dans-les-principales-traditions-chretiennes\/#article\",\"isPartOf\":{\"@id\":\"https:\/\/dev.centtreize.com\/rsr\/article\/ministeres-et-charismes-dans-les-principales-traditions-chretiennes\/\"},\"author\":{\"name\":\"H\u00e9l\u00e8ne\",\"@id\":\"https:\/\/dev.centtreize.com\/rsr\/#\/schema\/person\/eb039ce63dcbc3fec0a6b81e43e29ad3\"},\"headline\":\"Minist\u00e8res et charismes dans les principales traditions chr\u00e9tiennes\",\"datePublished\":\"2021-01-15T23:30:05+00:00\",\"dateModified\":\"2026-02-04T10:37:48+00:00\",\"mainEntityOfPage\":{\"@id\":\"https:\/\/dev.centtreize.com\/rsr\/article\/ministeres-et-charismes-dans-les-principales-traditions-chretiennes\/\"},\"wordCount\":176,\"publisher\":{\"@id\":\"https:\/\/dev.centtreize.com\/rsr\/#organization\"},\"keywords\":[\"abus\",\"diacre permanent\",\"femmes\",\"genre\",\"la\u00efc\",\"liturgie\",\"minist\u00e8re\",\"paroisse\",\"pr\u00eatre\"],\"articleSection\":[\"article\"],\"inLanguage\":\"fr-FR\"},{\"@type\":\"WebPage\",\"@id\":\"https:\/\/dev.centtreize.com\/rsr\/article\/ministeres-et-charismes-dans-les-principales-traditions-chretiennes\/\",\"url\":\"https:\/\/dev.centtreize.com\/rsr\/article\/ministeres-et-charismes-dans-les-principales-traditions-chretiennes\/\",\"name\":\"Minist\u00e8res et charismes dans les principales traditions chr\u00e9tiennes - Recherches de Science Religieuse\",\"isPartOf\":{\"@id\":\"https:\/\/dev.centtreize.com\/rsr\/#website\"},\"datePublished\":\"2021-01-15T23:30:05+00:00\",\"dateModified\":\"2026-02-04T10:37:48+00:00\",\"breadcrumb\":{\"@id\":\"https:\/\/dev.centtreize.com\/rsr\/article\/ministeres-et-charismes-dans-les-principales-traditions-chretiennes\/#breadcrumb\"},\"inLanguage\":\"fr-FR\",\"potentialAction\":[{\"@type\":\"ReadAction\",\"target\":[\"https:\/\/dev.centtreize.com\/rsr\/article\/ministeres-et-charismes-dans-les-principales-traditions-chretiennes\/\"]}]},{\"@type\":\"BreadcrumbList\",\"@id\":\"https:\/\/dev.centtreize.com\/rsr\/article\/ministeres-et-charismes-dans-les-principales-traditions-chretiennes\/#breadcrumb\",\"itemListElement\":[{\"@type\":\"ListItem\",\"position\":1,\"name\":\"Accueil\",\"item\":\"https:\/\/dev.centtreize.com\/rsr\/\"},{\"@type\":\"ListItem\",\"position\":2,\"name\":\"Minist\u00e8res et charismes dans les principales traditions chr\u00e9tiennes\"}]},{\"@type\":\"WebSite\",\"@id\":\"https:\/\/dev.centtreize.com\/rsr\/#website\",\"url\":\"https:\/\/dev.centtreize.com\/rsr\/\",\"name\":\"Recherches de Science Religieuse\",\"description\":\"Recherches de Science Religieuse\",\"publisher\":{\"@id\":\"https:\/\/dev.centtreize.com\/rsr\/#organization\"},\"potentialAction\":[{\"@type\":\"SearchAction\",\"target\":{\"@type\":\"EntryPoint\",\"urlTemplate\":\"https:\/\/dev.centtreize.com\/rsr\/?s={search_term_string}\"},\"query-input\":{\"@type\":\"PropertyValueSpecification\",\"valueRequired\":true,\"valueName\":\"search_term_string\"}}],\"inLanguage\":\"fr-FR\"},{\"@type\":\"Organization\",\"@id\":\"https:\/\/dev.centtreize.com\/rsr\/#organization\",\"name\":\"Recherches de Science Religieuse\",\"url\":\"https:\/\/dev.centtreize.com\/rsr\/\",\"logo\":{\"@type\":\"ImageObject\",\"inLanguage\":\"fr-FR\",\"@id\":\"https:\/\/dev.centtreize.com\/rsr\/#\/schema\/logo\/image\/\",\"url\":\"https:\/\/dev.centtreize.com\/rsr\/wp-content\/uploads\/2024\/10\/logo_rsr.png\",\"contentUrl\":\"https:\/\/dev.centtreize.com\/rsr\/wp-content\/uploads\/2024\/10\/logo_rsr.png\",\"width\":300,\"height\":225,\"caption\":\"Recherches de Science Religieuse\"},\"image\":{\"@id\":\"https:\/\/dev.centtreize.com\/rsr\/#\/schema\/logo\/image\/\"}},{\"@type\":\"Person\",\"@id\":\"https:\/\/dev.centtreize.com\/rsr\/#\/schema\/person\/eb039ce63dcbc3fec0a6b81e43e29ad3\",\"name\":\"H\u00e9l\u00e8ne\",\"url\":\"https:\/\/dev.centtreize.com\/rsr\/author\/rsr\/\"}]}<\/script>\n<!-- \/ Yoast SEO plugin. -->","yoast_head_json":{"title":"Minist\u00e8res et charismes dans les principales traditions chr\u00e9tiennes - Recherches de Science Religieuse","robots":{"index":"index","follow":"follow","max-snippet":"max-snippet:-1","max-image-preview":"max-image-preview:large","max-video-preview":"max-video-preview:-1"},"canonical":"https:\/\/dev.centtreize.com\/rsr\/article\/ministeres-et-charismes-dans-les-principales-traditions-chretiennes\/","og_locale":"fr_FR","og_type":"article","og_title":"Minist\u00e8res et charismes dans les principales traditions chr\u00e9tiennes - Recherches de Science Religieuse","og_description":"Penser tout&nbsp;\u00ab&nbsp;minist\u00e8re&nbsp;\u00bb en \u00c9glise comme un&nbsp;\u00ab&nbsp;charisme&nbsp;\u00bb, c\u2019est-\u00e0-dire comme une r\u00e9alit\u00e9 donn\u00e9e par l\u2019Esprit-Saint en vue de l\u2019\u00e9dification de l&rsquo;\u00c9glise, voil\u00e0 l\u2019un des enjeux importants de la th\u00e9ologie des minist\u00e8res, aujourd\u2019hui comme hier, \u00e0 la suite notamment des \u00e9crits pauliniens. Cela peut nous conduire \u00e0 mettre en \u00e9vidence, avant de nous int\u00e9resser \u00e0 ce qui distingue les la\u00efcs des clercs, le socle commun que repr\u00e9sente le sacerdoce (ou le minist\u00e8re, compris ici au sens de&nbsp;\u00ab&nbsp;service&nbsp;\u00bb) de tous les fid\u00e8les. Malgr\u00e9 tout ce qui s\u00e9pare encore les protestants des catholiques-romains et des orthodoxes sur les questions qui ont trait aux minist\u00e8res, d\u2019importantes avanc\u00e9es ont \u00e9t\u00e9 faites depuis le milieu du 20e si\u00e8cle sur la dimension&nbsp;\u00ab&nbsp;charismatique&nbsp;\u00bb des minist\u00e8res. Le pr\u00e9sent article met en lumi\u00e8re certaines de ces avanc\u00e9es, comme aussi certaines sp\u00e9cificit\u00e9s propres \u00e0 chacun de ces trois traditions eccl\u00e9siales.","og_url":"https:\/\/dev.centtreize.com\/rsr\/article\/ministeres-et-charismes-dans-les-principales-traditions-chretiennes\/","og_site_name":"Recherches de Science Religieuse","article_published_time":"2021-01-15T23:30:05+00:00","article_modified_time":"2026-02-04T10:37:48+00:00","author":"H\u00e9l\u00e8ne","twitter_card":"summary_large_image","twitter_misc":{"\u00c9crit par":"H\u00e9l\u00e8ne","Dur\u00e9e de lecture estim\u00e9e":"1 minute"},"schema":{"@context":"https:\/\/schema.org","@graph":[{"@type":"Article","@id":"https:\/\/dev.centtreize.com\/rsr\/article\/ministeres-et-charismes-dans-les-principales-traditions-chretiennes\/#article","isPartOf":{"@id":"https:\/\/dev.centtreize.com\/rsr\/article\/ministeres-et-charismes-dans-les-principales-traditions-chretiennes\/"},"author":{"name":"H\u00e9l\u00e8ne","@id":"https:\/\/dev.centtreize.com\/rsr\/#\/schema\/person\/eb039ce63dcbc3fec0a6b81e43e29ad3"},"headline":"Minist\u00e8res et charismes dans les principales traditions chr\u00e9tiennes","datePublished":"2021-01-15T23:30:05+00:00","dateModified":"2026-02-04T10:37:48+00:00","mainEntityOfPage":{"@id":"https:\/\/dev.centtreize.com\/rsr\/article\/ministeres-et-charismes-dans-les-principales-traditions-chretiennes\/"},"wordCount":176,"publisher":{"@id":"https:\/\/dev.centtreize.com\/rsr\/#organization"},"keywords":["abus","diacre permanent","femmes","genre","la\u00efc","liturgie","minist\u00e8re","paroisse","pr\u00eatre"],"articleSection":["article"],"inLanguage":"fr-FR"},{"@type":"WebPage","@id":"https:\/\/dev.centtreize.com\/rsr\/article\/ministeres-et-charismes-dans-les-principales-traditions-chretiennes\/","url":"https:\/\/dev.centtreize.com\/rsr\/article\/ministeres-et-charismes-dans-les-principales-traditions-chretiennes\/","name":"Minist\u00e8res et charismes dans les principales traditions chr\u00e9tiennes - Recherches de Science Religieuse","isPartOf":{"@id":"https:\/\/dev.centtreize.com\/rsr\/#website"},"datePublished":"2021-01-15T23:30:05+00:00","dateModified":"2026-02-04T10:37:48+00:00","breadcrumb":{"@id":"https:\/\/dev.centtreize.com\/rsr\/article\/ministeres-et-charismes-dans-les-principales-traditions-chretiennes\/#breadcrumb"},"inLanguage":"fr-FR","potentialAction":[{"@type":"ReadAction","target":["https:\/\/dev.centtreize.com\/rsr\/article\/ministeres-et-charismes-dans-les-principales-traditions-chretiennes\/"]}]},{"@type":"BreadcrumbList","@id":"https:\/\/dev.centtreize.com\/rsr\/article\/ministeres-et-charismes-dans-les-principales-traditions-chretiennes\/#breadcrumb","itemListElement":[{"@type":"ListItem","position":1,"name":"Accueil","item":"https:\/\/dev.centtreize.com\/rsr\/"},{"@type":"ListItem","position":2,"name":"Minist\u00e8res et charismes dans les principales traditions chr\u00e9tiennes"}]},{"@type":"WebSite","@id":"https:\/\/dev.centtreize.com\/rsr\/#website","url":"https:\/\/dev.centtreize.com\/rsr\/","name":"Recherches de Science Religieuse","description":"Recherches de Science Religieuse","publisher":{"@id":"https:\/\/dev.centtreize.com\/rsr\/#organization"},"potentialAction":[{"@type":"SearchAction","target":{"@type":"EntryPoint","urlTemplate":"https:\/\/dev.centtreize.com\/rsr\/?s={search_term_string}"},"query-input":{"@type":"PropertyValueSpecification","valueRequired":true,"valueName":"search_term_string"}}],"inLanguage":"fr-FR"},{"@type":"Organization","@id":"https:\/\/dev.centtreize.com\/rsr\/#organization","name":"Recherches de Science Religieuse","url":"https:\/\/dev.centtreize.com\/rsr\/","logo":{"@type":"ImageObject","inLanguage":"fr-FR","@id":"https:\/\/dev.centtreize.com\/rsr\/#\/schema\/logo\/image\/","url":"https:\/\/dev.centtreize.com\/rsr\/wp-content\/uploads\/2024\/10\/logo_rsr.png","contentUrl":"https:\/\/dev.centtreize.com\/rsr\/wp-content\/uploads\/2024\/10\/logo_rsr.png","width":300,"height":225,"caption":"Recherches de Science Religieuse"},"image":{"@id":"https:\/\/dev.centtreize.com\/rsr\/#\/schema\/logo\/image\/"}},{"@type":"Person","@id":"https:\/\/dev.centtreize.com\/rsr\/#\/schema\/person\/eb039ce63dcbc3fec0a6b81e43e29ad3","name":"H\u00e9l\u00e8ne","url":"https:\/\/dev.centtreize.com\/rsr\/author\/rsr\/"}]}},"_links":{"self":[{"href":"https:\/\/dev.centtreize.com\/rsr\/wp-json\/wp\/v2\/posts\/12773","targetHints":{"allow":["GET"]}}],"collection":[{"href":"https:\/\/dev.centtreize.com\/rsr\/wp-json\/wp\/v2\/posts"}],"about":[{"href":"https:\/\/dev.centtreize.com\/rsr\/wp-json\/wp\/v2\/types\/post"}],"author":[{"embeddable":true,"href":"https:\/\/dev.centtreize.com\/rsr\/wp-json\/wp\/v2\/users\/2"}],"replies":[{"embeddable":true,"href":"https:\/\/dev.centtreize.com\/rsr\/wp-json\/wp\/v2\/comments?post=12773"}],"version-history":[{"count":12,"href":"https:\/\/dev.centtreize.com\/rsr\/wp-json\/wp\/v2\/posts\/12773\/revisions"}],"predecessor-version":[{"id":17700,"href":"https:\/\/dev.centtreize.com\/rsr\/wp-json\/wp\/v2\/posts\/12773\/revisions\/17700"}],"wp:attachment":[{"href":"https:\/\/dev.centtreize.com\/rsr\/wp-json\/wp\/v2\/media?parent=12773"}],"wp:term":[{"taxonomy":"category","embeddable":true,"href":"https:\/\/dev.centtreize.com\/rsr\/wp-json\/wp\/v2\/categories?post=12773"},{"taxonomy":"post_tag","embeddable":true,"href":"https:\/\/dev.centtreize.com\/rsr\/wp-json\/wp\/v2\/tags?post=12773"},{"taxonomy":"keywords","embeddable":true,"href":"https:\/\/dev.centtreize.com\/rsr\/wp-json\/wp\/v2\/keywords?post=12773"}],"curies":[{"name":"wp","href":"https:\/\/api.w.org\/{rel}","templated":true}]}}