{"id":12692,"date":"2020-10-15T00:18:19","date_gmt":"2020-10-14T23:18:19","guid":{"rendered":"http:\/\/www.revue-rsr.com\/?p=12692"},"modified":"2025-06-13T08:07:35","modified_gmt":"2025-06-13T07:07:35","slug":"les-metamorphoses-de-la-liturgie-et-de-la-pastorale-des-funerailles","status":"publish","type":"post","link":"https:\/\/dev.centtreize.com\/rsr\/article\/les-metamorphoses-de-la-liturgie-et-de-la-pastorale-des-funerailles\/","title":{"rendered":"Les m\u00e9tamorphoses de la liturgie et de la pastorale des fun\u00e9railles"},"content":{"rendered":"<p>La profonde transformation des pratiques et de la pastorale des fun\u00e9railles ne peut s\u2019expliquer sur le seul registre de la d\u00e9christianisation. Les transformations culturelles interrogent l\u2019esp\u00e9rance chr\u00e9tienne sous un triple rapport\u00a0: \u00e0 la mort, au corps et \u00e0 la m\u00e9moire. La r\u00e9cente crise sanitaire de la Covid 19, en suscitant une nouvelle prise de conscience de la fragilit\u00e9 de notre humanit\u00e9 commune, appelle \u00e0 reconsid\u00e9rer ces questions. Dans ce contexte, l\u2019article s\u2019interroge \u00e0 nouveaux frais sur les ressources qu\u2019apporte la ritualit\u00e9 chr\u00e9tienne pour r\u00e9pondre aux aspirations et aux angoisses d\u2019un monde qui a profond\u00e9ment chang\u00e9.<\/p>\n","protected":false},"excerpt":{"rendered":"<p>La profonde transformation des pratiques et de la pastorale des fun\u00e9railles ne peut s\u2019expliquer sur le seul registre de la d\u00e9christianisation. Les transformations culturelles interrogent l\u2019esp\u00e9rance chr\u00e9tienne sous un triple rapport\u00a0: \u00e0 la mort, au corps et \u00e0 la m\u00e9moire. La r\u00e9cente crise sanitaire de la Covid 19, en suscitant une nouvelle prise de conscience de la fragilit\u00e9 de notre humanit\u00e9 commune, appelle \u00e0 reconsid\u00e9rer ces questions. Dans ce contexte, l\u2019article s\u2019interroge \u00e0 nouveaux frais sur les ressources qu\u2019apporte la ritualit\u00e9 chr\u00e9tienne pour r\u00e9pondre aux aspirations et aux angoisses d\u2019un monde qui a profond\u00e9ment chang\u00e9.<\/p>\n","protected":false},"author":2,"featured_media":0,"comment_status":"closed","ping_status":"closed","sticky":false,"template":"","format":"standard","meta":{"_acf_changed":false,"footnotes":""},"categories":[6],"tags":[52,274,67,686,684,463,632,685],"keywords":[1203,1242],"class_list":["post-12692","post","type-post","status-publish","format-standard","hentry","category-article","tag-anthropologie","tag-corps","tag-eschatologie","tag-esperance-chretienne","tag-funerailles","tag-mort","tag-resurrection","tag-ritualite-chretienne","keywords-liturgie","keywords-mort"],"acf":[],"yoast_head":"<!-- This site is optimized with the Yoast SEO plugin v27.2 - https:\/\/yoast.com\/product\/yoast-seo-wordpress\/ -->\n<title>Les m\u00e9tamorphoses de la liturgie et de la pastorale des fun\u00e9railles - Recherches de Science Religieuse<\/title>\n<meta name=\"robots\" content=\"index, follow, max-snippet:-1, max-image-preview:large, max-video-preview:-1\" \/>\n<link rel=\"canonical\" href=\"https:\/\/dev.centtreize.com\/rsr\/article\/les-metamorphoses-de-la-liturgie-et-de-la-pastorale-des-funerailles\/\" \/>\n<meta property=\"og:locale\" content=\"fr_FR\" \/>\n<meta property=\"og:type\" content=\"article\" \/>\n<meta property=\"og:title\" content=\"Les m\u00e9tamorphoses de la liturgie et de la pastorale des fun\u00e9railles - Recherches de Science Religieuse\" \/>\n<meta property=\"og:description\" content=\"La profonde transformation des pratiques et de la pastorale des fun\u00e9railles ne peut s\u2019expliquer sur le seul registre de la d\u00e9christianisation. Les transformations culturelles interrogent l\u2019esp\u00e9rance chr\u00e9tienne sous un triple rapport\u00a0: \u00e0 la mort, au corps et \u00e0 la m\u00e9moire. La r\u00e9cente crise sanitaire de la Covid 19, en suscitant une nouvelle prise de conscience de la fragilit\u00e9 de notre humanit\u00e9 commune, appelle \u00e0 reconsid\u00e9rer ces questions. Dans ce contexte, l\u2019article s\u2019interroge \u00e0 nouveaux frais sur les ressources qu\u2019apporte la ritualit\u00e9 chr\u00e9tienne pour r\u00e9pondre aux aspirations et aux angoisses d\u2019un monde qui a profond\u00e9ment chang\u00e9.\" \/>\n<meta property=\"og:url\" content=\"https:\/\/dev.centtreize.com\/rsr\/article\/les-metamorphoses-de-la-liturgie-et-de-la-pastorale-des-funerailles\/\" \/>\n<meta property=\"og:site_name\" content=\"Recherches de Science Religieuse\" \/>\n<meta property=\"article:published_time\" content=\"2020-10-14T23:18:19+00:00\" \/>\n<meta property=\"article:modified_time\" content=\"2025-06-13T07:07:35+00:00\" \/>\n<meta name=\"author\" content=\"H\u00e9l\u00e8ne\" \/>\n<meta name=\"twitter:card\" content=\"summary_large_image\" \/>\n<meta name=\"twitter:label1\" content=\"\u00c9crit par\" \/>\n\t<meta name=\"twitter:data1\" content=\"H\u00e9l\u00e8ne\" \/>\n\t<meta name=\"twitter:label2\" content=\"Dur\u00e9e de lecture estim\u00e9e\" \/>\n\t<meta name=\"twitter:data2\" content=\"1 minute\" \/>\n<script type=\"application\/ld+json\" class=\"yoast-schema-graph\">{\"@context\":\"https:\/\/schema.org\",\"@graph\":[{\"@type\":\"Article\",\"@id\":\"https:\/\/dev.centtreize.com\/rsr\/article\/les-metamorphoses-de-la-liturgie-et-de-la-pastorale-des-funerailles\/#article\",\"isPartOf\":{\"@id\":\"https:\/\/dev.centtreize.com\/rsr\/article\/les-metamorphoses-de-la-liturgie-et-de-la-pastorale-des-funerailles\/\"},\"author\":{\"name\":\"H\u00e9l\u00e8ne\",\"@id\":\"https:\/\/dev.centtreize.com\/rsr\/#\/schema\/person\/eb039ce63dcbc3fec0a6b81e43e29ad3\"},\"headline\":\"Les m\u00e9tamorphoses de la liturgie et de la pastorale des fun\u00e9railles\",\"datePublished\":\"2020-10-14T23:18:19+00:00\",\"dateModified\":\"2025-06-13T07:07:35+00:00\",\"mainEntityOfPage\":{\"@id\":\"https:\/\/dev.centtreize.com\/rsr\/article\/les-metamorphoses-de-la-liturgie-et-de-la-pastorale-des-funerailles\/\"},\"wordCount\":119,\"publisher\":{\"@id\":\"https:\/\/dev.centtreize.com\/rsr\/#organization\"},\"keywords\":[\"anthropologie\",\"corps\",\"eschatologie\",\"esp\u00e9rance chr\u00e9tienne\",\"Fun\u00e9railles\",\"mort\",\"R\u00e9surrection\",\"ritualit\u00e9 chr\u00e9tienne\"],\"articleSection\":[\"article\"],\"inLanguage\":\"fr-FR\"},{\"@type\":\"WebPage\",\"@id\":\"https:\/\/dev.centtreize.com\/rsr\/article\/les-metamorphoses-de-la-liturgie-et-de-la-pastorale-des-funerailles\/\",\"url\":\"https:\/\/dev.centtreize.com\/rsr\/article\/les-metamorphoses-de-la-liturgie-et-de-la-pastorale-des-funerailles\/\",\"name\":\"Les m\u00e9tamorphoses de la liturgie et de la pastorale des fun\u00e9railles - Recherches de Science Religieuse\",\"isPartOf\":{\"@id\":\"https:\/\/dev.centtreize.com\/rsr\/#website\"},\"datePublished\":\"2020-10-14T23:18:19+00:00\",\"dateModified\":\"2025-06-13T07:07:35+00:00\",\"breadcrumb\":{\"@id\":\"https:\/\/dev.centtreize.com\/rsr\/article\/les-metamorphoses-de-la-liturgie-et-de-la-pastorale-des-funerailles\/#breadcrumb\"},\"inLanguage\":\"fr-FR\",\"potentialAction\":[{\"@type\":\"ReadAction\",\"target\":[\"https:\/\/dev.centtreize.com\/rsr\/article\/les-metamorphoses-de-la-liturgie-et-de-la-pastorale-des-funerailles\/\"]}]},{\"@type\":\"BreadcrumbList\",\"@id\":\"https:\/\/dev.centtreize.com\/rsr\/article\/les-metamorphoses-de-la-liturgie-et-de-la-pastorale-des-funerailles\/#breadcrumb\",\"itemListElement\":[{\"@type\":\"ListItem\",\"position\":1,\"name\":\"Accueil\",\"item\":\"https:\/\/dev.centtreize.com\/rsr\/\"},{\"@type\":\"ListItem\",\"position\":2,\"name\":\"Les m\u00e9tamorphoses de la liturgie et de la pastorale des fun\u00e9railles\"}]},{\"@type\":\"WebSite\",\"@id\":\"https:\/\/dev.centtreize.com\/rsr\/#website\",\"url\":\"https:\/\/dev.centtreize.com\/rsr\/\",\"name\":\"Recherches de Science Religieuse\",\"description\":\"Recherches de Science Religieuse\",\"publisher\":{\"@id\":\"https:\/\/dev.centtreize.com\/rsr\/#organization\"},\"potentialAction\":[{\"@type\":\"SearchAction\",\"target\":{\"@type\":\"EntryPoint\",\"urlTemplate\":\"https:\/\/dev.centtreize.com\/rsr\/?s={search_term_string}\"},\"query-input\":{\"@type\":\"PropertyValueSpecification\",\"valueRequired\":true,\"valueName\":\"search_term_string\"}}],\"inLanguage\":\"fr-FR\"},{\"@type\":\"Organization\",\"@id\":\"https:\/\/dev.centtreize.com\/rsr\/#organization\",\"name\":\"Recherches de Science Religieuse\",\"url\":\"https:\/\/dev.centtreize.com\/rsr\/\",\"logo\":{\"@type\":\"ImageObject\",\"inLanguage\":\"fr-FR\",\"@id\":\"https:\/\/dev.centtreize.com\/rsr\/#\/schema\/logo\/image\/\",\"url\":\"https:\/\/dev.centtreize.com\/rsr\/wp-content\/uploads\/2024\/10\/logo_rsr.png\",\"contentUrl\":\"https:\/\/dev.centtreize.com\/rsr\/wp-content\/uploads\/2024\/10\/logo_rsr.png\",\"width\":300,\"height\":225,\"caption\":\"Recherches de Science Religieuse\"},\"image\":{\"@id\":\"https:\/\/dev.centtreize.com\/rsr\/#\/schema\/logo\/image\/\"}},{\"@type\":\"Person\",\"@id\":\"https:\/\/dev.centtreize.com\/rsr\/#\/schema\/person\/eb039ce63dcbc3fec0a6b81e43e29ad3\",\"name\":\"H\u00e9l\u00e8ne\",\"url\":\"https:\/\/dev.centtreize.com\/rsr\/author\/rsr\/\"}]}<\/script>\n<!-- \/ Yoast SEO plugin. -->","yoast_head_json":{"title":"Les m\u00e9tamorphoses de la liturgie et de la pastorale des fun\u00e9railles - Recherches de Science Religieuse","robots":{"index":"index","follow":"follow","max-snippet":"max-snippet:-1","max-image-preview":"max-image-preview:large","max-video-preview":"max-video-preview:-1"},"canonical":"https:\/\/dev.centtreize.com\/rsr\/article\/les-metamorphoses-de-la-liturgie-et-de-la-pastorale-des-funerailles\/","og_locale":"fr_FR","og_type":"article","og_title":"Les m\u00e9tamorphoses de la liturgie et de la pastorale des fun\u00e9railles - Recherches de Science Religieuse","og_description":"La profonde transformation des pratiques et de la pastorale des fun\u00e9railles ne peut s\u2019expliquer sur le seul registre de la d\u00e9christianisation. Les transformations culturelles interrogent l\u2019esp\u00e9rance chr\u00e9tienne sous un triple rapport\u00a0: \u00e0 la mort, au corps et \u00e0 la m\u00e9moire. La r\u00e9cente crise sanitaire de la Covid 19, en suscitant une nouvelle prise de conscience de la fragilit\u00e9 de notre humanit\u00e9 commune, appelle \u00e0 reconsid\u00e9rer ces questions. Dans ce contexte, l\u2019article s\u2019interroge \u00e0 nouveaux frais sur les ressources qu\u2019apporte la ritualit\u00e9 chr\u00e9tienne pour r\u00e9pondre aux aspirations et aux angoisses d\u2019un monde qui a profond\u00e9ment chang\u00e9.","og_url":"https:\/\/dev.centtreize.com\/rsr\/article\/les-metamorphoses-de-la-liturgie-et-de-la-pastorale-des-funerailles\/","og_site_name":"Recherches de Science Religieuse","article_published_time":"2020-10-14T23:18:19+00:00","article_modified_time":"2025-06-13T07:07:35+00:00","author":"H\u00e9l\u00e8ne","twitter_card":"summary_large_image","twitter_misc":{"\u00c9crit par":"H\u00e9l\u00e8ne","Dur\u00e9e de lecture estim\u00e9e":"1 minute"},"schema":{"@context":"https:\/\/schema.org","@graph":[{"@type":"Article","@id":"https:\/\/dev.centtreize.com\/rsr\/article\/les-metamorphoses-de-la-liturgie-et-de-la-pastorale-des-funerailles\/#article","isPartOf":{"@id":"https:\/\/dev.centtreize.com\/rsr\/article\/les-metamorphoses-de-la-liturgie-et-de-la-pastorale-des-funerailles\/"},"author":{"name":"H\u00e9l\u00e8ne","@id":"https:\/\/dev.centtreize.com\/rsr\/#\/schema\/person\/eb039ce63dcbc3fec0a6b81e43e29ad3"},"headline":"Les m\u00e9tamorphoses de la liturgie et de la pastorale des fun\u00e9railles","datePublished":"2020-10-14T23:18:19+00:00","dateModified":"2025-06-13T07:07:35+00:00","mainEntityOfPage":{"@id":"https:\/\/dev.centtreize.com\/rsr\/article\/les-metamorphoses-de-la-liturgie-et-de-la-pastorale-des-funerailles\/"},"wordCount":119,"publisher":{"@id":"https:\/\/dev.centtreize.com\/rsr\/#organization"},"keywords":["anthropologie","corps","eschatologie","esp\u00e9rance chr\u00e9tienne","Fun\u00e9railles","mort","R\u00e9surrection","ritualit\u00e9 chr\u00e9tienne"],"articleSection":["article"],"inLanguage":"fr-FR"},{"@type":"WebPage","@id":"https:\/\/dev.centtreize.com\/rsr\/article\/les-metamorphoses-de-la-liturgie-et-de-la-pastorale-des-funerailles\/","url":"https:\/\/dev.centtreize.com\/rsr\/article\/les-metamorphoses-de-la-liturgie-et-de-la-pastorale-des-funerailles\/","name":"Les m\u00e9tamorphoses de la liturgie et de la pastorale des fun\u00e9railles - Recherches de Science Religieuse","isPartOf":{"@id":"https:\/\/dev.centtreize.com\/rsr\/#website"},"datePublished":"2020-10-14T23:18:19+00:00","dateModified":"2025-06-13T07:07:35+00:00","breadcrumb":{"@id":"https:\/\/dev.centtreize.com\/rsr\/article\/les-metamorphoses-de-la-liturgie-et-de-la-pastorale-des-funerailles\/#breadcrumb"},"inLanguage":"fr-FR","potentialAction":[{"@type":"ReadAction","target":["https:\/\/dev.centtreize.com\/rsr\/article\/les-metamorphoses-de-la-liturgie-et-de-la-pastorale-des-funerailles\/"]}]},{"@type":"BreadcrumbList","@id":"https:\/\/dev.centtreize.com\/rsr\/article\/les-metamorphoses-de-la-liturgie-et-de-la-pastorale-des-funerailles\/#breadcrumb","itemListElement":[{"@type":"ListItem","position":1,"name":"Accueil","item":"https:\/\/dev.centtreize.com\/rsr\/"},{"@type":"ListItem","position":2,"name":"Les m\u00e9tamorphoses de la liturgie et de la pastorale des fun\u00e9railles"}]},{"@type":"WebSite","@id":"https:\/\/dev.centtreize.com\/rsr\/#website","url":"https:\/\/dev.centtreize.com\/rsr\/","name":"Recherches de Science Religieuse","description":"Recherches de Science Religieuse","publisher":{"@id":"https:\/\/dev.centtreize.com\/rsr\/#organization"},"potentialAction":[{"@type":"SearchAction","target":{"@type":"EntryPoint","urlTemplate":"https:\/\/dev.centtreize.com\/rsr\/?s={search_term_string}"},"query-input":{"@type":"PropertyValueSpecification","valueRequired":true,"valueName":"search_term_string"}}],"inLanguage":"fr-FR"},{"@type":"Organization","@id":"https:\/\/dev.centtreize.com\/rsr\/#organization","name":"Recherches de Science Religieuse","url":"https:\/\/dev.centtreize.com\/rsr\/","logo":{"@type":"ImageObject","inLanguage":"fr-FR","@id":"https:\/\/dev.centtreize.com\/rsr\/#\/schema\/logo\/image\/","url":"https:\/\/dev.centtreize.com\/rsr\/wp-content\/uploads\/2024\/10\/logo_rsr.png","contentUrl":"https:\/\/dev.centtreize.com\/rsr\/wp-content\/uploads\/2024\/10\/logo_rsr.png","width":300,"height":225,"caption":"Recherches de Science Religieuse"},"image":{"@id":"https:\/\/dev.centtreize.com\/rsr\/#\/schema\/logo\/image\/"}},{"@type":"Person","@id":"https:\/\/dev.centtreize.com\/rsr\/#\/schema\/person\/eb039ce63dcbc3fec0a6b81e43e29ad3","name":"H\u00e9l\u00e8ne","url":"https:\/\/dev.centtreize.com\/rsr\/author\/rsr\/"}]}},"_links":{"self":[{"href":"https:\/\/dev.centtreize.com\/rsr\/wp-json\/wp\/v2\/posts\/12692","targetHints":{"allow":["GET"]}}],"collection":[{"href":"https:\/\/dev.centtreize.com\/rsr\/wp-json\/wp\/v2\/posts"}],"about":[{"href":"https:\/\/dev.centtreize.com\/rsr\/wp-json\/wp\/v2\/types\/post"}],"author":[{"embeddable":true,"href":"https:\/\/dev.centtreize.com\/rsr\/wp-json\/wp\/v2\/users\/2"}],"replies":[{"embeddable":true,"href":"https:\/\/dev.centtreize.com\/rsr\/wp-json\/wp\/v2\/comments?post=12692"}],"version-history":[{"count":11,"href":"https:\/\/dev.centtreize.com\/rsr\/wp-json\/wp\/v2\/posts\/12692\/revisions"}],"predecessor-version":[{"id":17697,"href":"https:\/\/dev.centtreize.com\/rsr\/wp-json\/wp\/v2\/posts\/12692\/revisions\/17697"}],"wp:attachment":[{"href":"https:\/\/dev.centtreize.com\/rsr\/wp-json\/wp\/v2\/media?parent=12692"}],"wp:term":[{"taxonomy":"category","embeddable":true,"href":"https:\/\/dev.centtreize.com\/rsr\/wp-json\/wp\/v2\/categories?post=12692"},{"taxonomy":"post_tag","embeddable":true,"href":"https:\/\/dev.centtreize.com\/rsr\/wp-json\/wp\/v2\/tags?post=12692"},{"taxonomy":"keywords","embeddable":true,"href":"https:\/\/dev.centtreize.com\/rsr\/wp-json\/wp\/v2\/keywords?post=12692"}],"curies":[{"name":"wp","href":"https:\/\/api.w.org\/{rel}","templated":true}]}}